{"id":10065,"date":"2021-07-04T12:37:29","date_gmt":"2021-07-04T11:37:29","guid":{"rendered":"https:\/\/echta-derminga.de\/?p=10065"},"modified":"2021-07-04T12:44:27","modified_gmt":"2021-07-04T11:44:27","slug":"in-sachen-ortsvorsteher-von-einer-noblen-spende-einem-grossartigen-zeichen-und-einer-langersehenten-ankunft","status":"publish","type":"post","link":"https:\/\/echta-derminga.de\/?p=10065","title":{"rendered":"In Sachen Ortsvorsteher: Von einer noblen Spende, einem gro\u00dfartigen Zeichen und einer langersehenten Ankunft"},"content":{"rendered":"\n<p class=\"has-medium-font-size wp-block-paragraph\">Hoher Besuch in unserem Heimatort Dirmingen. In der vergangenen Woche besuchte der saarl\u00e4ndische Ministerpr\u00e4sident Tobias Hans auf seiner Sommertour unser Lebensmittelgesch\u00e4ft \u201eCham Saar\u201c, in der Ortsmitte. Auf Einladung des Gesch\u00e4ftsinhabers durfte ich als Ortsvorsteher dem Besuch des Ministerpr\u00e4sidenten beiwohnen. Im Laufe seiner Visite erkundigte sich der Ministerpr\u00e4sident bei mir nach der vorhandenen Infrastruktur. Dabei wurde in einem kurzen Gespr\u00e4ch insbesondere die Dirminger Gesch\u00e4ftswelt thematisiert. Die K\u00e4serei von \u201eCham Saar\u201c betreibt wichtige Werbung in eigener Sache. Immerhin wird der in der K\u00e4serei Wustweiler hergestellte K\u00e4se in ganz Europa verkauft.<\/p>\n\n\n\n<p class=\"has-medium-font-size wp-block-paragraph\"><strong>Vivi\u2019s Dorfautomat kurz vor der Inbetriebnahme<\/strong><\/p>\n\n\n\n<p class=\"has-medium-font-size wp-block-paragraph\">In den letzten Wochen vermehrten sich auch bei mir die Anfragen nach Vivi\u2019s Dorfautomaten. Aufgrund einiger Lieferengp\u00e4sse wurde der Automat etwas sp\u00e4ter als zun\u00e4chst angedacht angeliefert. Am Samstag, den 03.07.2021 war es nun endlich so weit. Der Warenautomat kam endlich an seinen Bestimmungsort an und soll in K\u00fcrze in Betrieb genommen werden. Nach R\u00fccksprache mit J\u00fcrgen Lautemann und seiner Ehefrau und Gesch\u00e4ftsinhaberin Vivi soll am 09.07.2021 das Kapitel Dorfautomat er\u00f6ffnet werden. In dem Sortiment findet man unter anderem: Wurst, Fleisch, Antipasti und Salate von der Firma Fleischwaren Schmitt Thalexweiler, Cola, Limo, Eistee von der FA. Piranja aus Neunkirchen, Eier vom Dirminger Gefl\u00fcgelhof, Nudeln vom Wendelinushof, Frische Fertigprodukte von Kurt und Christian aus Obersalbach sowie Vegane und vegetarische Produkte. Der Automat wird vor der Lagerhalle IT Kr\u00e4mer (ehemaliger Prima-Markt) aufgestellt werden. In diesem Zusammenhang m\u00f6chte ich es nicht vers\u00e4umen Herrn Michael Kr\u00e4mer f\u00fcr seine Unterst\u00fctzung zu danken. Ich pers\u00f6nlich setze gro\u00dfe Hoffnung in dieses Projekt und bin \u00fcberzeugt davon, dass dieser Automat uns allen weiterhelfen kann.<\/p>\n\n\n\n<div class=\"wp-block-image\"><figure class=\"aligncenter size-large\"><img loading=\"lazy\" decoding=\"async\" width=\"700\" height=\"617\" src=\"https:\/\/echta-derminga.de\/wp-content\/uploads\/2021\/07\/auto-700x617.jpg\" alt=\"\" class=\"wp-image-10068\" srcset=\"https:\/\/echta-derminga.de\/wp-content\/uploads\/2021\/07\/auto-700x617.jpg 700w, https:\/\/echta-derminga.de\/wp-content\/uploads\/2021\/07\/auto-300x264.jpg 300w, https:\/\/echta-derminga.de\/wp-content\/uploads\/2021\/07\/auto-768x677.jpg 768w, https:\/\/echta-derminga.de\/wp-content\/uploads\/2021\/07\/auto.jpg 1000w\" sizes=\"auto, (max-width: 700px) 100vw, 700px\" \/><figcaption>Vivi&#8217;s Dorfautomat verpackt !<\/figcaption><\/figure><\/div>\n\n\n\n<p class=\"has-medium-font-size wp-block-paragraph\"><strong>Noble Geste des Gewerbevereins Dirmingen<\/strong><\/p>\n\n\n\n<p class=\"has-medium-font-size wp-block-paragraph\">In der vergangenen Woche \u00fcberreichte der Vorsitzende des Gewerbevereins Dirmingen J\u00fcrgen Gordner und sein Vorstandsmitglied Stefan Schaefer ein Notstromaggregat f\u00fcr das ehrenamtliche Patenschaftsprojekt in Dirmingen. Schon im vergangenen Jahr \u00fcberreichte der Vereine eine beachtliche Geldspende an das Bankpatenprojekt. Laut dem Vorsitzenden J\u00fcrgen Gordner ist es dem Gewerbeverein wichtig, die Dorfgemeinschaft, deren Vereine und Ehren\u00e4mtler zu st\u00e4rken. Das gestiftete Notstromaggregat soll die ehrenamtlichen Mitarbeiter bei ihrer Arbeit im Dorf unterst\u00fctzen. J\u00fcrgen Gordner und Stefan Schaefer lobten das aktuelle Engagement in unserer Dorfgemeinschaft und reichten ihre Hand zur weiteren Zusammenarbeit. Ich pers\u00f6nlich habe mich unheimlich \u00fcber diese noble Geste des Gewerbevereins gefreut. Es zeigt mir, dass unsere Vereine eng zusammenstehen und dabei das gro\u00dfe Ganze im Blick behalten. Auch an dieser Stelle m\u00f6chte ich dem Gewerbeverein Dirmingen ganz herzlich f\u00fcr die wichtige Unterst\u00fctzung danken. Dieser Notstromaggregat hilft uns enorm bei unserer Arbeit f\u00fcr unseren Heimatort.<\/p>\n\n\n\n<div class=\"wp-block-image\"><figure class=\"aligncenter size-large\"><img loading=\"lazy\" decoding=\"async\" width=\"700\" height=\"537\" src=\"https:\/\/echta-derminga.de\/wp-content\/uploads\/2021\/07\/gewr-700x537.jpg\" alt=\"\" class=\"wp-image-10070\" srcset=\"https:\/\/echta-derminga.de\/wp-content\/uploads\/2021\/07\/gewr-700x537.jpg 700w, https:\/\/echta-derminga.de\/wp-content\/uploads\/2021\/07\/gewr-300x230.jpg 300w, https:\/\/echta-derminga.de\/wp-content\/uploads\/2021\/07\/gewr-768x589.jpg 768w, https:\/\/echta-derminga.de\/wp-content\/uploads\/2021\/07\/gewr.jpg 1200w\" sizes=\"auto, (max-width: 700px) 100vw, 700px\" \/><figcaption>OV Klein, Vors. Gewerbeverein Gordner, Stellv. OV Polotzek<\/figcaption><\/figure><\/div>\n\n\n\n<p class=\"has-medium-font-size wp-block-paragraph\"><strong>Rudolf Wohlfart setzt ein Zeichen gegen das Vergessen<\/strong><\/p>\n\n\n\n<p class=\"has-medium-font-size wp-block-paragraph\">Der Dirminger Rudi Wohlfart hat auf beeindruckende Weise ein Zeichen gegen das Vergessen gesetzt. Am 28.02.1941 wurde der Vater von Rudolf Wohlfart im KZ Hadamar von den Nazis ermordet. Der Vater, ebenfalls Rudolf Wohlfart, wohnte bis zu seiner Gefangennahme und Ermordung in dem Wohnhaus in der Illingerstrasse in Dirmingen. Der Sohn Rudolf Wohlfart hat nun vor seinem Haus auf einem Stein eine Gedenktafel anbringen lassen. Die Tafel erinnert an das Leben und die Ermordung, des am 08. April 1902 geborenen Dirminger Rudolf Wohlfart. Gemeinsam mit seiner Familie setzt der Sohn Rudolf Wohlfart somit ein deutliches Zeichen gegen Terror, Krieg und Gewalt. Inzwischen hat die Familie von Rudolf Wohlfart Kontakt zu dem K\u00fcnstler Gunter Demnig aufgenommen. Seit dem Jahre 1992 verlegt der K\u00fcnstler kleine Gedenktafeln, sogenannten Stolpersteinen, die an das Schicksal der Menschen erinnern, die in der Zeit des Nationalsozialismus (NS-Zeit) verfolgt, ermordet, deportiert, vertrieben oder in den Suizid getrieben wurden. Mit Zustimmung der Gemeindeverwaltung und B\u00fcrgermeister Dr. Andreas Feld k\u00f6nnen wir davon ausgehen, dass vielleicht schon im kommenden Jahr ein solcher Stein vor dem Haus der Familie Wohlfart verlegt wird. Die Stolpersteine werden meistens vor den Wohnh\u00e4usern der NS-Opfer niveaugleich in das Pflaster oder den Belag des jeweiligen Gehwegs eingelassen. In der Gemeinde Eppelborn gibt es derzeit noch keinen Stolperstein. Das Haus von Rudi Wohlfart k\u00f6nnte also das erste Anwesen mit einer solchen Gedenkplakette werden. Ich m\u00f6chte mich an dieser Stelle bei Rudi Wohlfart und seiner Familie bedanken. Mit der angebrachten Gedenkplakette, vor dem eigenen Anwesen, wurde ein wichtiges Signal gegen das Vergessen gesetzt. Diese Plakette sollte uns allen eine Mahnung sein.<\/p>\n\n\n\n<div class=\"wp-block-image\"><figure class=\"aligncenter size-large\"><img loading=\"lazy\" decoding=\"async\" width=\"700\" height=\"709\" src=\"https:\/\/echta-derminga.de\/wp-content\/uploads\/2021\/07\/1-700x709.jpg\" alt=\"\" class=\"wp-image-10074\" srcset=\"https:\/\/echta-derminga.de\/wp-content\/uploads\/2021\/07\/1-700x709.jpg 700w, https:\/\/echta-derminga.de\/wp-content\/uploads\/2021\/07\/1-296x300.jpg 296w, https:\/\/echta-derminga.de\/wp-content\/uploads\/2021\/07\/1-90x90.jpg 90w, https:\/\/echta-derminga.de\/wp-content\/uploads\/2021\/07\/1-75x75.jpg 75w, https:\/\/echta-derminga.de\/wp-content\/uploads\/2021\/07\/1.jpg 706w\" sizes=\"auto, (max-width: 700px) 100vw, 700px\" \/><figcaption>Rudi Wohlfart und seine Familie an dem Gedenkstein<\/figcaption><\/figure><\/div>\n\n\n\n<p class=\"has-medium-font-size wp-block-paragraph\"><strong>Bewegung in Sachen Br\u00fchlpark<\/strong><\/p>\n\n\n\n<p class=\"has-medium-font-size wp-block-paragraph\">Vor der, vom Naturpark Saar Hunsr\u00fcck gestifteten Winterlinde, wurde in der vergangenen Woche eine Stele mit Insektenhotel angebracht. Mit dieser kleinen, aber feinen Ma\u00dfnahme geht es weiter mit kleinen Schritten in Richtung Aufwertung Br\u00fchlpark. In der vergangenen Woche hat unser B\u00fcrgermeister Dr. Andreas Feld und seine Mitarbeiter des Bauamtes den Antrag auf ELER-F\u00f6rderung bei zust\u00e4ndigem Umweltministerium eingereicht. An der Erarbeitung dieses Antrages haben sich auch B\u00fcrgerinnen und B\u00fcrger unseres Heimatortes beteiligt. Ich m\u00f6chte mich an dieser Stelle bei allen bedanken die bis hierhin unser Bestreben unterst\u00fctzt haben. Mein Dank geht auch an unseren B\u00fcrgermeister Dr. Andreas Feld und seine Verwaltung aber auch an den Ortsrat und alle ehrenamtlichen Mitstreiter. In naher Zukunft wird unser Br\u00fchlpark eine weitere Aufwertung erfahren. Lassen Sie sich \u00fcberraschen.<\/p>\n\n\n\n<figure class=\"wp-block-gallery columns-2 is-cropped wp-block-gallery-1 is-layout-flex wp-block-gallery-is-layout-flex\"><ul class=\"blocks-gallery-grid\"><li class=\"blocks-gallery-item\"><figure><img loading=\"lazy\" decoding=\"async\" width=\"700\" height=\"769\" src=\"https:\/\/echta-derminga.de\/wp-content\/uploads\/2021\/07\/20210629_164702-700x769.jpg\" alt=\"\" data-id=\"10078\" data-link=\"https:\/\/echta-derminga.de\/?attachment_id=10078\" class=\"wp-image-10078\" srcset=\"https:\/\/echta-derminga.de\/wp-content\/uploads\/2021\/07\/20210629_164702-700x769.jpg 700w, https:\/\/echta-derminga.de\/wp-content\/uploads\/2021\/07\/20210629_164702-273x300.jpg 273w, https:\/\/echta-derminga.de\/wp-content\/uploads\/2021\/07\/20210629_164702-768x843.jpg 768w, https:\/\/echta-derminga.de\/wp-content\/uploads\/2021\/07\/20210629_164702.jpg 1000w\" sizes=\"auto, (max-width: 700px) 100vw, 700px\" \/><\/figure><\/li><li class=\"blocks-gallery-item\"><figure><img loading=\"lazy\" decoding=\"async\" width=\"700\" height=\"525\" src=\"https:\/\/echta-derminga.de\/wp-content\/uploads\/2021\/07\/bank-700x525.jpg\" alt=\"\" data-id=\"10079\" data-full-url=\"https:\/\/echta-derminga.de\/wp-content\/uploads\/2021\/07\/bank.jpg\" data-link=\"https:\/\/echta-derminga.de\/?attachment_id=10079\" class=\"wp-image-10079\" srcset=\"https:\/\/echta-derminga.de\/wp-content\/uploads\/2021\/07\/bank-700x525.jpg 700w, https:\/\/echta-derminga.de\/wp-content\/uploads\/2021\/07\/bank-300x225.jpg 300w, https:\/\/echta-derminga.de\/wp-content\/uploads\/2021\/07\/bank-768x576.jpg 768w, https:\/\/echta-derminga.de\/wp-content\/uploads\/2021\/07\/bank.jpg 1000w\" sizes=\"auto, (max-width: 700px) 100vw, 700px\" \/><\/figure><\/li><\/ul><\/figure>\n\n\n\n<p class=\"has-medium-font-size wp-block-paragraph\"><strong>Heimat- und Verkehrsverein unterst\u00fctzt Arbeitseinsatz an Ortseingangsschildern<\/strong><\/p>\n\n\n\n<p class=\"has-medium-font-size wp-block-paragraph\">Seit dem vergangenen Jahr bem\u00fchen sich zahlreiche ehrenamtliche Mitstreiter um die, in die Jahre gekommene Ortseingangsbeschilderung. Nachdem das Schild von Wustweiler kommend bereits erfolgreich saniert wurde, nahmen wir in der vergangenen Woche das Ortseingangschild von Eppelborn herkommenden in Angriff. Bei dieser Ma\u00dfnahme bekamen wir wertvolle Unterst\u00fctzung von Rainer Kiefer, dem Vorsitzenden des Heimat- und Verkehrsvereins Dirmingen. Sch\u00f6n, dass sich der Heimat-und Verkehrsverein bei dieser Aktion einbringt. Immerhin hat dieser Verein gro\u00dfartiges f\u00fcr unser Dorf geleistet wobei auch die damalige Beschaffung der besagten Ortseingangschilder zu diesen Errungenschaften z\u00e4hlt. Das Ortseingangsschild von Eppelborn kommend wurde abgeschliffen und frisch gestrichen. Auch das Dach wurde von Stefan Resch \u00fcberarbeitet und repariert. Mein Stellvertreter Michael Polotzek hingegen k\u00fcmmert sich in liebevoller Kleinarbeit um das eigentliche Willkommensschild. F\u00fcr die Pflege der wundersch\u00f6nen Blumenpracht hat, wie bereits erw\u00e4hnt, Familie Utter dankenswerterweise die Verantwortung \u00fcbernommen. Allen beteiligten m\u00f6chte ich an dieser Stelle herzlich f\u00fcr das gemeinsame Miteinander danken. &nbsp;<\/p>\n\n\n\n<figure class=\"wp-block-gallery columns-3 is-cropped wp-block-gallery-2 is-layout-flex wp-block-gallery-is-layout-flex\"><ul class=\"blocks-gallery-grid\"><li class=\"blocks-gallery-item\"><figure><img loading=\"lazy\" decoding=\"async\" width=\"700\" height=\"933\" src=\"https:\/\/echta-derminga.de\/wp-content\/uploads\/2021\/07\/IMG-20210702-WA0020-Kopie-700x933.jpg\" alt=\"\" data-id=\"10081\" data-link=\"https:\/\/echta-derminga.de\/?attachment_id=10081\" class=\"wp-image-10081\" srcset=\"https:\/\/echta-derminga.de\/wp-content\/uploads\/2021\/07\/IMG-20210702-WA0020-Kopie-700x933.jpg 700w, https:\/\/echta-derminga.de\/wp-content\/uploads\/2021\/07\/IMG-20210702-WA0020-Kopie-225x300.jpg 225w, https:\/\/echta-derminga.de\/wp-content\/uploads\/2021\/07\/IMG-20210702-WA0020-Kopie-768x1024.jpg 768w, https:\/\/echta-derminga.de\/wp-content\/uploads\/2021\/07\/IMG-20210702-WA0020-Kopie.jpg 900w\" sizes=\"auto, (max-width: 700px) 100vw, 700px\" \/><\/figure><\/li><li class=\"blocks-gallery-item\"><figure><img loading=\"lazy\" decoding=\"async\" width=\"700\" height=\"525\" src=\"https:\/\/echta-derminga.de\/wp-content\/uploads\/2021\/07\/IMG-20210702-WA0018-Kopie-700x525.jpg\" alt=\"\" data-id=\"10082\" data-link=\"https:\/\/echta-derminga.de\/?attachment_id=10082\" class=\"wp-image-10082\" srcset=\"https:\/\/echta-derminga.de\/wp-content\/uploads\/2021\/07\/IMG-20210702-WA0018-Kopie-700x525.jpg 700w, https:\/\/echta-derminga.de\/wp-content\/uploads\/2021\/07\/IMG-20210702-WA0018-Kopie-300x225.jpg 300w, https:\/\/echta-derminga.de\/wp-content\/uploads\/2021\/07\/IMG-20210702-WA0018-Kopie-768x576.jpg 768w, https:\/\/echta-derminga.de\/wp-content\/uploads\/2021\/07\/IMG-20210702-WA0018-Kopie.jpg 900w\" sizes=\"auto, (max-width: 700px) 100vw, 700px\" \/><\/figure><\/li><li class=\"blocks-gallery-item\"><figure><img loading=\"lazy\" decoding=\"async\" width=\"700\" height=\"525\" src=\"https:\/\/echta-derminga.de\/wp-content\/uploads\/2021\/07\/IMG-20210702-WA0019-Kopie-700x525.jpg\" alt=\"\" data-id=\"10083\" data-full-url=\"https:\/\/echta-derminga.de\/wp-content\/uploads\/2021\/07\/IMG-20210702-WA0019-Kopie.jpg\" data-link=\"https:\/\/echta-derminga.de\/?attachment_id=10083\" class=\"wp-image-10083\" srcset=\"https:\/\/echta-derminga.de\/wp-content\/uploads\/2021\/07\/IMG-20210702-WA0019-Kopie-700x525.jpg 700w, https:\/\/echta-derminga.de\/wp-content\/uploads\/2021\/07\/IMG-20210702-WA0019-Kopie-300x225.jpg 300w, https:\/\/echta-derminga.de\/wp-content\/uploads\/2021\/07\/IMG-20210702-WA0019-Kopie-768x576.jpg 768w, https:\/\/echta-derminga.de\/wp-content\/uploads\/2021\/07\/IMG-20210702-WA0019-Kopie.jpg 900w\" sizes=\"auto, (max-width: 700px) 100vw, 700px\" \/><\/figure><\/li><\/ul><\/figure>\n\n\n\n<p class=\"has-medium-font-size wp-block-paragraph\"><strong>Herzlichen Gl\u00fcckwunsch zur Hochzeit<\/strong><\/p>\n\n\n\n<p class=\"has-medium-font-size wp-block-paragraph\">Am Samstag, 03. Juli heiratete der Vorsitzende des SV Dirmingen seine langj\u00e4hrige Lebensgef\u00e4hrtin Johanna. Schon aus alter Verbundenheit war es f\u00fcr mich eine Selbstverst\u00e4ndlichkeit meine Gl\u00fcckw\u00fcnsche zu \u00fcberbringen. Nicht nur als Ortsvorsteher, sondern auch als Freund w\u00fcnsche ich dem frischverm\u00e4hlten Ehepaar auch an dieser Stelle alles erdenklich Gute. Ich w\u00fcnsche dem Ehepaar auf dem gemeinsamen Lebensweg viel Liebe, Respekt und Verst\u00e4ndnis. Die Hochzeit wurde im engsten Familienkreis durchgef\u00fchrt. Liebe Johanna, lieber Bjorn passt auf Euch auf !<\/p>\n\n\n\n<div class=\"wp-block-image\"><figure class=\"aligncenter size-large\"><img loading=\"lazy\" decoding=\"async\" width=\"700\" height=\"640\" src=\"https:\/\/echta-derminga.de\/wp-content\/uploads\/2021\/07\/212204819_4112648872163140_9117016987438543121_n-700x640.jpg\" alt=\"\" class=\"wp-image-10085\" srcset=\"https:\/\/echta-derminga.de\/wp-content\/uploads\/2021\/07\/212204819_4112648872163140_9117016987438543121_n-700x640.jpg 700w, https:\/\/echta-derminga.de\/wp-content\/uploads\/2021\/07\/212204819_4112648872163140_9117016987438543121_n-300x274.jpg 300w, https:\/\/echta-derminga.de\/wp-content\/uploads\/2021\/07\/212204819_4112648872163140_9117016987438543121_n.jpg 758w\" sizes=\"auto, (max-width: 700px) 100vw, 700px\" \/><figcaption>Herzlichen Gl\u00fcckwunsch an Johanna und Bjorn Krabbe<\/figcaption><\/figure><\/div>\n\n\n\n<p class=\"has-medium-font-size wp-block-paragraph\"><strong>Sanierungsarbeiten am Dirminger Bahnhof<\/strong><\/p>\n\n\n\n<p class=\"has-medium-font-size wp-block-paragraph\">Am 19. Juli 2021 soll es nun endg\u00fcltig am Dirminger Bahnhof losgehen. Die Deutsche Bahn Station und Service informierte in einem Schreiben: \u201c Die Ma\u00dfnahme umfasst den Umbau des barrierefreien Au\u00dfenbahnsteiges incl. Blindenleitsystem und Aufh\u00f6hung sowie der R\u00fcckbau der \u00dcberl\u00e4nge. Die Ausstattung auf dem Bahnsteig wird ebenfalls erneuert. Die Umbauarbeiten enden voraussichtlich Ende des Jahres 2021. Diese erfolgen in mehreren unterschiedlichen Bauphasen. F\u00fcr die verschiedenen Bauphasen werden die entsprechenden Zugpausen genutzt. In der zweiten Bauphase ab dem 19. Juli 2021 bis Anfang August ist jedoch eine durchgehende Gleissperre erforderlich. In dieser Bauphase soll der R\u00fcck und Neubau des Bahnsteigs erfolgen\u201c. Im Rahmen dieser Arbeiten soll auch ein provisorischer Behelfsbahnsteig entstehen. Dieser ist ab dem 03.August bis zum 10. September 2021 f\u00fcr die reisenden nutzbar. In der Zwischenzeit soll ein Schienenersatzverkehr eingerichtet werden. Im Anschluss daran sollen die abschlie\u00dfenden Restarbeiten bis zum Jahresende vorgenommen werden. Die Arbeiten sind teilweise mit erh\u00f6hten L\u00e4rmemissionen, Umwegen und Sperrungen verbunden. Die Bahn bem\u00fcht sich aber die St\u00f6rungen so gering wie m\u00f6glich zu halten.<\/p>\n\n\n\n<div class=\"wp-block-image\"><figure class=\"aligncenter size-large\"><img loading=\"lazy\" decoding=\"async\" width=\"700\" height=\"466\" src=\"https:\/\/echta-derminga.de\/wp-content\/uploads\/2021\/02\/16463140_266276657118629_5494951243551615275_o-700x466.jpg\" alt=\"\" class=\"wp-image-9065\" srcset=\"https:\/\/echta-derminga.de\/wp-content\/uploads\/2021\/02\/16463140_266276657118629_5494951243551615275_o-700x466.jpg 700w, https:\/\/echta-derminga.de\/wp-content\/uploads\/2021\/02\/16463140_266276657118629_5494951243551615275_o-300x200.jpg 300w, https:\/\/echta-derminga.de\/wp-content\/uploads\/2021\/02\/16463140_266276657118629_5494951243551615275_o-768x511.jpg 768w, https:\/\/echta-derminga.de\/wp-content\/uploads\/2021\/02\/16463140_266276657118629_5494951243551615275_o.jpg 900w\" sizes=\"auto, (max-width: 700px) 100vw, 700px\" \/><\/figure><\/div>\n\n\n\n<p class=\"has-medium-font-size wp-block-paragraph\">Sie sehen also, es bewegt sich etwas in unserem Dorf. Wir alle sind gut beraten genau dort weiterzumachen. Ich pers\u00f6nlich sp\u00fcre eine gewisse Aufbruchstimmung in unserem Heimatort. Machen Sie mit und bringen Sie sich mit ein. Ich freue mich \u00fcber jede helfende Hand. In den n\u00e4chsten Wochen werden wir im Rahmen der gegebenen M\u00f6glichkeiten weitere Schritte in Richtung Normalit\u00e4t einschlagen. Lassen Sie sich \u00fcberraschen.<\/p>\n\n\n\n<p class=\"has-medium-font-size wp-block-paragraph\"><strong>Denken Sie daran: &#8222;Es \u00e4ndert sich hier \u00fcberhaupt nichts, wenn wir es nicht \u00e4ndern&#8220;.<\/strong><\/p>\n\n\n\n<p class=\"has-medium-font-size wp-block-paragraph\">Ihr Ortsvorsteher<\/p>\n\n\n\n<p class=\"has-medium-font-size wp-block-paragraph\"><em>Frank Klein<\/em><\/p>\n","protected":false},"excerpt":{"rendered":"<p>Hoher Besuch in unserem Heimatort Dirmingen. In der vergangenen Woche besuchte der saarl\u00e4ndische Ministerpr\u00e4sident Tobias Hans auf seiner Sommertour unser Lebensmittelgesch\u00e4ft \u201eCham Saar\u201c, in der Ortsmitte. Auf Einladung des Gesch\u00e4ftsinhabers durfte ich als Ortsvorsteher dem Besuch des Ministerpr\u00e4sidenten beiwohnen. Im Laufe seiner Visite erkundigte sich der Ministerpr\u00e4sident bei mir nach der vorhandenen Infrastruktur. Dabei wurde in einem kurzen Gespr\u00e4ch insbesondere<\/p>\n","protected":false},"author":1,"featured_media":10066,"comment_status":"closed","ping_status":"closed","sticky":false,"template":"","format":"standard","meta":{"_crdt_document":"","footnotes":""},"categories":[1,9,812],"tags":[5,618,127,634,795,310],"class_list":["post-10065","post","type-post","status-publish","format-standard","has-post-thumbnail","hentry","category-allgemein","category-dorfgetratsche","category-ortsvorsteher-dirmingen","tag-dirmingen","tag-gemeinde-eppelborn","tag-landkreis-neunkirchen","tag-ortsvorsteher","tag-ortsvorsteher-dirmingen","tag-saarland"],"_links":{"self":[{"href":"https:\/\/echta-derminga.de\/index.php?rest_route=\/wp\/v2\/posts\/10065","targetHints":{"allow":["GET"]}}],"collection":[{"href":"https:\/\/echta-derminga.de\/index.php?rest_route=\/wp\/v2\/posts"}],"about":[{"href":"https:\/\/echta-derminga.de\/index.php?rest_route=\/wp\/v2\/types\/post"}],"author":[{"embeddable":true,"href":"https:\/\/echta-derminga.de\/index.php?rest_route=\/wp\/v2\/users\/1"}],"replies":[{"embeddable":true,"href":"https:\/\/echta-derminga.de\/index.php?rest_route=%2Fwp%2Fv2%2Fcomments&post=10065"}],"version-history":[{"count":23,"href":"https:\/\/echta-derminga.de\/index.php?rest_route=\/wp\/v2\/posts\/10065\/revisions"}],"predecessor-version":[{"id":10100,"href":"https:\/\/echta-derminga.de\/index.php?rest_route=\/wp\/v2\/posts\/10065\/revisions\/10100"}],"wp:featuredmedia":[{"embeddable":true,"href":"https:\/\/echta-derminga.de\/index.php?rest_route=\/wp\/v2\/media\/10066"}],"wp:attachment":[{"href":"https:\/\/echta-derminga.de\/index.php?rest_route=%2Fwp%2Fv2%2Fmedia&parent=10065"}],"wp:term":[{"taxonomy":"category","embeddable":true,"href":"https:\/\/echta-derminga.de\/index.php?rest_route=%2Fwp%2Fv2%2Fcategories&post=10065"},{"taxonomy":"post_tag","embeddable":true,"href":"https:\/\/echta-derminga.de\/index.php?rest_route=%2Fwp%2Fv2%2Ftags&post=10065"}],"curies":[{"name":"wp","href":"https:\/\/api.w.org\/{rel}","templated":true}]}}