{"id":10113,"date":"2021-07-10T13:11:57","date_gmt":"2021-07-10T12:11:57","guid":{"rendered":"https:\/\/echta-derminga.de\/?p=10113"},"modified":"2021-07-10T13:23:05","modified_gmt":"2021-07-10T12:23:05","slug":"in-sachen-ortsvorsteher-von-guten-entscheidungen-tollen-geschaeftsideen-und-einem-krankenbesuch","status":"publish","type":"post","link":"https:\/\/echta-derminga.de\/?p=10113","title":{"rendered":"In Sachen Ortsvorsteher: Von guten Entscheidungen, tollen Gesch\u00e4ftsideen und einem Krankenbesuch"},"content":{"rendered":"\n<p class=\"has-medium-font-size wp-block-paragraph\">Immer \u00f6fter werden Antworten auf die Auswirkungen der Pandemie gefunden. Die neuesten Hygienerichtlinien geben Grund zur Hoffnung, dass wir uns auf einem guten Weg befinden. In der vergangenen Woche durfte ich gemeinsam mit B\u00fcrgermeister Feld unsere Dirminger Grundschule besuchen. Vor einigen Wochen wurden kleine Luftreinigungsger\u00e4te in den Klassenr\u00e4umen angebracht. Die auf Ionentechnologie arbeiteten Ger\u00e4te wurden in unserer Schule getestet und sollen nun auch in den Kindertagesst\u00e4tten Hierscheid, Dirmingen und Bubach-Calmesweiler sowie in unseren Grundschulen f\u00fcr ein gesundes Raumklima sorgen. Die Luftreinigungsger\u00e4te \u00fcberzeugen durch eine sehr geringe Ger\u00e4uschentwicklung und einen geringen Energieverbrauch. Laut B\u00fcrgermeister Feld wird mit den Luftreinigungsger\u00e4ten das Infektionsrisiko deutlich verringert. Ich freue mich \u00fcber diese Ma\u00dfnahme und hoffe, dass unsere Kinder mit ihrem Lehr- und Erziehungspersonal endlich in eine bessere Zeit durchstarten k\u00f6nnen. <\/p>\n\n\n\n<p class=\"has-medium-font-size wp-block-paragraph\"><strong>Gemeinderat fasst wichtige Beschl\u00fcsse f\u00fcr Dirmingen<\/strong><\/p>\n\n\n\n<p class=\"has-medium-font-size wp-block-paragraph\">Der Eppelborner Gemeinderat hat in seiner letzten Sitzung wichtige Entscheidungen getroffen. Dabei wurde ein neuer Weg zum Glasfaserausbau in unserer Gemeinde eingeschlagen. Der Rat beschloss einen Kooperationsvertrag mit dem Unternehmen  saarL.Y.T.E, aus Bubach\/Calmesweiler. Der Glasfaserausbau soll schon ab dem  kommenden Jahr fl\u00e4chendeckend in unserer Gemeinde ausgebaut werden. Das Unternehmen saarL.Y.T.E investiert rund 10 Mio. Euro in die  Ma\u00dfnahmen. Wenn der Vertrag unterzeichnet ist, sollen bereits  Anfang 2022 die erste Bauphase beginnen. Viele Dirmingerinnen und Dirminger d\u00fcrften sich \u00fcber dieser Nachricht freuen. In der letzten Zeit erreichten uns immer h\u00e4ufiger klagen \u00fcber mangelnde Internetverbindungen. Im weiteren Verlauf der Sitzung beschloss der Gemeinderat die \u00c4nderung des Bebauungsplans f\u00fcr den Bau einer Boulehalle in Dirmingen. In diesem Fall wurden bereits in der j\u00fcngsten Vergangenheit erste richtungsweisende Beschl\u00fcsse gefasst. Ich freue mich \u00fcber diese positive Entwicklung und w\u00fcnsche dem neuen Bouleverein Dirmingen viel Gl\u00fcck. In einer weiteren wichtigen Entscheidung wurde der Neubau zweier Br\u00fccken in Dirmingen beschlossen. Die Ill-Br\u00fccke zum Bahnhof und die Alsbachbr\u00fccke an der Grundschule sollen in absehbarer Zeit erneuert werden. Abschlie\u00dfend wurde mit einem Fraktionsantrag der SPD die Einf\u00fchrung einer DorfFunk-App einstimmig beschlossen. Ich pers\u00f6nlich setze viel Hoffnung in die Einf\u00fchrung einer solchen App. Die Digitalisierung kann auch unserem Heimatort viele Vorteile bringen.<\/p>\n\n\n\n<div class=\"wp-block-image\"><figure class=\"aligncenter size-large\"><img loading=\"lazy\" decoding=\"async\" width=\"700\" height=\"467\" src=\"https:\/\/echta-derminga.de\/wp-content\/uploads\/2021\/07\/FB_IMG_1625817888032-700x467.jpg\" alt=\"\" class=\"wp-image-10118\" srcset=\"https:\/\/echta-derminga.de\/wp-content\/uploads\/2021\/07\/FB_IMG_1625817888032-700x467.jpg 700w, https:\/\/echta-derminga.de\/wp-content\/uploads\/2021\/07\/FB_IMG_1625817888032-300x200.jpg 300w, https:\/\/echta-derminga.de\/wp-content\/uploads\/2021\/07\/FB_IMG_1625817888032-768x512.jpg 768w, https:\/\/echta-derminga.de\/wp-content\/uploads\/2021\/07\/FB_IMG_1625817888032.jpg 1080w\" sizes=\"auto, (max-width: 700px) 100vw, 700px\" \/><\/figure><\/div>\n\n\n\n<p class=\"has-medium-font-size wp-block-paragraph\"><strong>Neue Wohlf\u00fchlbank im Dirminger Br\u00fchlpark<\/strong><\/p>\n\n\n\n<p class=\"has-medium-font-size wp-block-paragraph\">Unser Br\u00fchlpark verf\u00fcgt seit der vergangenen Woche \u00fcber eine neue Wohlf\u00fchlbank. Der Bankpate Rudi Konetzka hat diese Bank in m\u00fchevoller Arbeit fertiggestellt und schlie\u00dflich aufgebaut. B\u00fcrgermeister Dr. Andreas Feld folgte gerne meiner Einladung und verschaffte sich ein eigenes Bild von unserem Bankpatenprojekt. Mittlerweile haben Josef Wilhelm und Rudi Konetzka 33 B\u00e4nke auf dem Dirminger Bann fertiggestellt oder saniert. B\u00fcrgermeister Dr. Andreas Feld dankte nicht nur den beiden Bankpaten sondern auch unserem &#8222;B\u00fcttelseck&#8220;- Paten Harald Gerstner. Vieles wird in unserem Dorf ehrenamtlich geleistet. Die neuerrichtete Bank soll f\u00fcr einen gewissen Neubeginn stehen. Ich m\u00f6chte das Verh\u00e4ltnis der Dirmingerinnen und Dirminger zu ihrem Park auffrischen. Dabei lege ich gro\u00dfe Hoffnung in den von uns gestellten Antrag auf ELER-F\u00f6rderma\u00dfnahmen. Ich freue mich, dass ich diesbez\u00fcglich auf die Unterst\u00fctzung des B\u00fcrgermeisters und des Ortsrates setzen kann. Das Bankpatenprojekt schreibt seine eigene Erfolgsgeschichte. In der vergangenen Wochen wurde in  der SZ und im Wochenspiegel ausgiebig \u00fcber die Arbeit der Paten berichtet. Ich bin sehr stolz auf meine Landleute und freue mich auf weitere interessante Projekte im &#8222;Derminga&#8220; D\u00f6rfche.<\/p>\n\n\n\n<figure class=\"wp-block-gallery columns-2 is-cropped wp-block-gallery-1 is-layout-flex wp-block-gallery-is-layout-flex\"><ul class=\"blocks-gallery-grid\"><li class=\"blocks-gallery-item\"><figure><img loading=\"lazy\" decoding=\"async\" width=\"700\" height=\"466\" src=\"https:\/\/echta-derminga.de\/wp-content\/uploads\/2021\/07\/FB_IMG_1625906599137-700x466.jpg\" alt=\"\" data-id=\"10119\" data-link=\"https:\/\/echta-derminga.de\/?attachment_id=10119\" class=\"wp-image-10119\" srcset=\"https:\/\/echta-derminga.de\/wp-content\/uploads\/2021\/07\/FB_IMG_1625906599137-700x466.jpg 700w, https:\/\/echta-derminga.de\/wp-content\/uploads\/2021\/07\/FB_IMG_1625906599137-300x200.jpg 300w, https:\/\/echta-derminga.de\/wp-content\/uploads\/2021\/07\/FB_IMG_1625906599137-768x512.jpg 768w, https:\/\/echta-derminga.de\/wp-content\/uploads\/2021\/07\/FB_IMG_1625906599137.jpg 1081w\" sizes=\"auto, (max-width: 700px) 100vw, 700px\" \/><\/figure><\/li><li class=\"blocks-gallery-item\"><figure><img loading=\"lazy\" decoding=\"async\" width=\"700\" height=\"445\" src=\"https:\/\/echta-derminga.de\/wp-content\/uploads\/2021\/07\/FB_IMG_1625906603571-700x445.jpg\" alt=\"\" data-id=\"10120\" data-link=\"https:\/\/echta-derminga.de\/?attachment_id=10120\" class=\"wp-image-10120\" srcset=\"https:\/\/echta-derminga.de\/wp-content\/uploads\/2021\/07\/FB_IMG_1625906603571-700x445.jpg 700w, https:\/\/echta-derminga.de\/wp-content\/uploads\/2021\/07\/FB_IMG_1625906603571-300x191.jpg 300w, https:\/\/echta-derminga.de\/wp-content\/uploads\/2021\/07\/FB_IMG_1625906603571-768x489.jpg 768w, https:\/\/echta-derminga.de\/wp-content\/uploads\/2021\/07\/FB_IMG_1625906603571.jpg 1080w\" sizes=\"auto, (max-width: 700px) 100vw, 700px\" \/><\/figure><\/li><\/ul><\/figure>\n\n\n\n<p class=\"has-medium-font-size wp-block-paragraph\"><strong>Vivi&#8217;s Dorfautomat bereichert unseren Heimatort<\/strong><\/p>\n\n\n\n<p class=\"has-medium-font-size wp-block-paragraph\">Gemeinsam mit B\u00fcrgermeister Feld durfte ich am Freitag, 09. Juli der offiziellen Gesch\u00e4ftser\u00f6ffnung von Vivi&#8217;s Dorfautomaten beiwohnen. Von der ersten Kontaktaufnahme bis zur Aufstellung des Automaten sind nun ca 3 Monate vergangen. In dieser Zeit wurde von der Gesch\u00e4ftsf\u00fchrerin Silvia Lautemann und ihrem Ehemann J\u00fcrgen so einiges auf die Beine gestellt. Vivi\u00b4s Dorfautomat steht am ehemaligen &#8222;Prima-Markt&#8220; der heutigen Lagerhalle IT Kr\u00e4mer und ist best\u00fcckt mit Wurst, Fleisch, Grillgut, Nudeln, Eier, Getr\u00e4nke und S\u00fc\u00dfigkeiten. An dem  Verkaufsautomaten kann man mit Karte, Bargeld und Handy gezahlt werden. Silvia und J\u00fcrgen Lautemann setzen auf regionale Produkte mit besonderer Qualit\u00e4t. Dabei wird das Angebot der Jahreszeiten angepasst werden. Ich freue mich sehr \u00fcber diese neue Gesch\u00e4ftsidee und w\u00fcnsche Silvia und J\u00fcrgen Lautemann alles erdenklich Gute. Dieser Automat bereichert die Infrastruktur in unserem Heimatort. Ein besonderer Dank geht an Michael Kr\u00e4mer der dieses Projekt mit der Bereitstellung eines Aufstellplatzes ma\u00dfgeblich unterst\u00fctzt.<\/p>\n\n\n\n<figure class=\"wp-block-gallery aligncenter columns-1 is-cropped wp-block-gallery-2 is-layout-flex wp-block-gallery-is-layout-flex\"><ul class=\"blocks-gallery-grid\"><li class=\"blocks-gallery-item\"><figure><img loading=\"lazy\" decoding=\"async\" width=\"700\" height=\"378\" src=\"https:\/\/echta-derminga.de\/wp-content\/uploads\/2021\/07\/212264162_4128756190552408_7358659026072224070_n-700x378.jpg\" alt=\"\" data-id=\"10123\" data-full-url=\"https:\/\/echta-derminga.de\/wp-content\/uploads\/2021\/07\/212264162_4128756190552408_7358659026072224070_n.jpg\" data-link=\"https:\/\/echta-derminga.de\/?attachment_id=10123\" class=\"wp-image-10123\" srcset=\"https:\/\/echta-derminga.de\/wp-content\/uploads\/2021\/07\/212264162_4128756190552408_7358659026072224070_n-700x378.jpg 700w, https:\/\/echta-derminga.de\/wp-content\/uploads\/2021\/07\/212264162_4128756190552408_7358659026072224070_n-300x162.jpg 300w, https:\/\/echta-derminga.de\/wp-content\/uploads\/2021\/07\/212264162_4128756190552408_7358659026072224070_n-768x414.jpg 768w, https:\/\/echta-derminga.de\/wp-content\/uploads\/2021\/07\/212264162_4128756190552408_7358659026072224070_n.jpg 960w\" sizes=\"auto, (max-width: 700px) 100vw, 700px\" \/><\/figure><\/li><\/ul><\/figure>\n\n\n\n<p class=\"has-medium-font-size wp-block-paragraph\"><strong>TFM-Truck von Stefan Schneble auf Tour<\/strong><\/p>\n\n\n\n<p class=\"has-medium-font-size wp-block-paragraph\">Eine weitere tolle Gesch\u00e4ftsidee hatte das Dirminger Ehepaar Gislinde und Stefan Schneble. Seit einigen Jahren betreiben die Beiden sehr erfolgreich die Imbissbude in der Dirminger Ortsmitte. F\u00fcr mich pers\u00f6nlich gibt es dort die beste Currywurst der Welt. Mit ihrem neuen Projekt dem TFM-Truck geht Stefan Schneble nun einen v\u00f6llig neuen Weg. In der vergangenen Woche durfte ich mich von der Qualit\u00e4t seiner Produkte \u00fcberzeugen. Im TFM Truck &#8222;Der Dicke Paul&#8220; werden verschiedene Varianten von Burgern und Wraps angeboten. Alles Hand gemacht und mit viel Liebe zubereitet. Als Ortsvorsteher freue ich mich \u00fcber diese innovative Gesch\u00e4ftsidee meiner beiden Mitb\u00fcrger\/innen. Der dicke Paul steht dienstags von 11 Uhr 30 bis 19 Uhr an der Tankstelle in Illingen und donnerstags von 11 Uhr 30 bis 19 Uhr auf dem Marktplatz in Merchweiler. Ein Besuch lohnt sich in jedem Fall! Bleibt zu hoffen, dass wir den &#8222;Dicken Paul&#8220; irgendwann einmal auch in Dirmingen genie\u00dfen d\u00fcrfen. Guten Appetit.<\/p>\n\n\n\n<figure class=\"wp-block-gallery columns-3 is-cropped wp-block-gallery-3 is-layout-flex wp-block-gallery-is-layout-flex\"><ul class=\"blocks-gallery-grid\"><li class=\"blocks-gallery-item\"><figure><img loading=\"lazy\" decoding=\"async\" width=\"700\" height=\"933\" src=\"https:\/\/echta-derminga.de\/wp-content\/uploads\/2021\/07\/212452852_4119942158100478_4647652840748706538_n-700x933.jpg\" alt=\"\" data-id=\"10125\" data-link=\"https:\/\/echta-derminga.de\/?attachment_id=10125\" class=\"wp-image-10125\" srcset=\"https:\/\/echta-derminga.de\/wp-content\/uploads\/2021\/07\/212452852_4119942158100478_4647652840748706538_n-700x933.jpg 700w, https:\/\/echta-derminga.de\/wp-content\/uploads\/2021\/07\/212452852_4119942158100478_4647652840748706538_n-225x300.jpg 225w, https:\/\/echta-derminga.de\/wp-content\/uploads\/2021\/07\/212452852_4119942158100478_4647652840748706538_n.jpg 720w\" sizes=\"auto, (max-width: 700px) 100vw, 700px\" \/><\/figure><\/li><li class=\"blocks-gallery-item\"><figure><img loading=\"lazy\" decoding=\"async\" width=\"700\" height=\"933\" src=\"https:\/\/echta-derminga.de\/wp-content\/uploads\/2021\/07\/213806981_4119941984767162_6249620910637027451_n-700x933.jpg\" alt=\"\" data-id=\"10126\" data-link=\"https:\/\/echta-derminga.de\/?attachment_id=10126\" class=\"wp-image-10126\" srcset=\"https:\/\/echta-derminga.de\/wp-content\/uploads\/2021\/07\/213806981_4119941984767162_6249620910637027451_n-700x933.jpg 700w, https:\/\/echta-derminga.de\/wp-content\/uploads\/2021\/07\/213806981_4119941984767162_6249620910637027451_n-225x300.jpg 225w, https:\/\/echta-derminga.de\/wp-content\/uploads\/2021\/07\/213806981_4119941984767162_6249620910637027451_n.jpg 720w\" sizes=\"auto, (max-width: 700px) 100vw, 700px\" \/><\/figure><\/li><li class=\"blocks-gallery-item\"><figure><img loading=\"lazy\" decoding=\"async\" width=\"700\" height=\"331\" src=\"https:\/\/echta-derminga.de\/wp-content\/uploads\/2021\/07\/211445835_4119942378100456_3870422940381694675_n-700x331.jpg\" alt=\"\" data-id=\"10127\" data-full-url=\"https:\/\/echta-derminga.de\/wp-content\/uploads\/2021\/07\/211445835_4119942378100456_3870422940381694675_n.jpg\" data-link=\"https:\/\/echta-derminga.de\/?attachment_id=10127\" class=\"wp-image-10127\" srcset=\"https:\/\/echta-derminga.de\/wp-content\/uploads\/2021\/07\/211445835_4119942378100456_3870422940381694675_n-700x331.jpg 700w, https:\/\/echta-derminga.de\/wp-content\/uploads\/2021\/07\/211445835_4119942378100456_3870422940381694675_n-300x142.jpg 300w, https:\/\/echta-derminga.de\/wp-content\/uploads\/2021\/07\/211445835_4119942378100456_3870422940381694675_n-768x364.jpg 768w, https:\/\/echta-derminga.de\/wp-content\/uploads\/2021\/07\/211445835_4119942378100456_3870422940381694675_n.jpg 1352w\" sizes=\"auto, (max-width: 700px) 100vw, 700px\" \/><\/figure><\/li><\/ul><\/figure>\n\n\n\n<h3 class=\"has-medium-font-size wp-block-heading\">Gute Besserung an &#8222;Schuhannesse&#8220; Rita<\/h3>\n\n\n\n<p class=\"has-medium-font-size wp-block-paragraph\">Die Menschen in unserem Dorf befinden sich in der Warteschleife. T\u00e4glich erkundigen sich Freunde und Kunden nach dem Wohlergehen von &#8222;Schuhhannesse&#8220; Rita. Viele warten darauf, dass die alteingessene Wirtschaft in der Dirminger Ortsmitte endlich wieder ihre Pforten \u00f6ffnet. In der vergangenen Woche stattete ich, mit einem negativen Corona-Test in der Tasche, &#8222;Schuhhannesse&#8220; Rita und &#8222;Schuhhannesse&#8220; Otto einen Besuch ab. Nach einer Operation f\u00fchlt sich Rita noch nicht in der Lage wieder durchzustarten. Nach eigener Aussage ben\u00f6tigt die &#8222;Kult-Wirtin&#8220; noch etwas Zeit. Nach den Sommerferien wird man sehen wohin die Reise geht. Nach unserem gemeinsamen Gespr\u00e4ch waren wir jedoch sehr optimistisch. Hingegen packt &#8222;Schuhhannesse&#8220; Otto kr\u00e4ftig mit an. Mit gro\u00dfem Engagement hat Otto die Br\u00fccke zur &#8222;Alten M\u00fchle&#8220;mit neuen Blumenk\u00e4sten und einer herrlichen Bl\u00fctenpracht versch\u00f6nert. Ich w\u00fcnsche Rita Guth\u00f6rl alles erdenklich Gute. Liebe Rita komm schnell wieder zur\u00fcck, du wirst gebraucht! Otto Giese danke ich f\u00fcr sein ehrenamtliches Engagement zum Wohle unserer Dorfgemeinschaft.<\/p>\n\n\n\n<div class=\"wp-block-image\"><figure class=\"aligncenter size-large\"><img loading=\"lazy\" decoding=\"async\" width=\"700\" height=\"467\" src=\"https:\/\/echta-derminga.de\/wp-content\/uploads\/2021\/07\/P1000776-700x467.jpg\" alt=\"\" class=\"wp-image-10129\" srcset=\"https:\/\/echta-derminga.de\/wp-content\/uploads\/2021\/07\/P1000776-700x467.jpg 700w, https:\/\/echta-derminga.de\/wp-content\/uploads\/2021\/07\/P1000776-300x200.jpg 300w, https:\/\/echta-derminga.de\/wp-content\/uploads\/2021\/07\/P1000776-768x512.jpg 768w, https:\/\/echta-derminga.de\/wp-content\/uploads\/2021\/07\/P1000776-1536x1024.jpg 1536w, https:\/\/echta-derminga.de\/wp-content\/uploads\/2021\/07\/P1000776-2048x1365.jpg 2048w\" sizes=\"auto, (max-width: 700px) 100vw, 700px\" \/><figcaption>Alles Gute Rita !<\/figcaption><\/figure><\/div>\n\n\n\n<p class=\"has-medium-font-size wp-block-paragraph\"><strong>Die Dirmingerin Katja Pick verfolgt seit geraumer Zeit die ehrenamtlichen Aktivit\u00e4ten in unserem Heimatort. Begeistert vom Engagement unserer Ehren\u00e4mtler entschied Sie sich ein kleines Dankesch\u00f6n zu basteln. In der vergangenen Woche durfte ich unseren Helferinnen und Helfern sowie allen Paten ein kleines Dankesch\u00f6n \u00fcberreichen. Ich finde es gro\u00dfartige wie sich die Menschen erkenntlich zeigen und ihren Dank \u00e4u\u00dfern. An dieser Stelle m\u00f6chte ich mich bei Katja Pick ganz herzlich f\u00fcr die wundervolle Geste bedanken.<\/strong><\/p>\n\n\n\n<p class=\"has-medium-font-size wp-block-paragraph\">Unsere Dorfgemeinschaft nimmt Fahrt auf. Ich sp\u00fcre eine gewisse Aufbruchstimmung. Auch wenn diese noch immer unter den Einwirkungen der Pandemie stehen gibt dies allen Grund zur Hoffnung. Nehmen Sie wieder am Leben teil und nutzen Sie die Angebote in unserem Dorf. Unterst\u00fctzen Sie die Gastronomie und unsere Vereine. Demn\u00e4chst werden wieder die ersten Veranstaltungen angeboten. Dabei l\u00e4dt unser L\u00f6schbezirk Dirmingen zum &#8222;Suppen- und Spie\u00dfbratentag&#8220; ein. Der TV 04 Dirmingen veranstaltet auf seinem Kleinfeld ein Konzert mit der Band &#8222;Doktor Azzurro&#8220;. Gehen sie hin und genie\u00dfen Sie ihr Leben. Selbstverst\u00e4ndlich wird bei allen Veranstaltungen auf die bestehenden Hygieneverordnung geachtet. Dabei sollten Sie immer einen negativen Test, einen Impfnachweis oder einen Nachweis \u00fcber ihre Genesung in der Tasche haben. Viel Spa\u00df bei allem was Sie machen ! Bleiben Sie gesund !<\/p>\n\n\n\n<figure class=\"wp-block-gallery columns-2 is-cropped wp-block-gallery-4 is-layout-flex wp-block-gallery-is-layout-flex\"><ul class=\"blocks-gallery-grid\"><li class=\"blocks-gallery-item\"><figure><img loading=\"lazy\" decoding=\"async\" width=\"700\" height=\"990\" src=\"https:\/\/echta-derminga.de\/wp-content\/uploads\/2021\/07\/216718574_4130565720371455_185014428553142796_n-700x990.jpg\" alt=\"\" data-id=\"10135\" data-link=\"https:\/\/echta-derminga.de\/?attachment_id=10135\" class=\"wp-image-10135\" srcset=\"https:\/\/echta-derminga.de\/wp-content\/uploads\/2021\/07\/216718574_4130565720371455_185014428553142796_n-700x990.jpg 700w, https:\/\/echta-derminga.de\/wp-content\/uploads\/2021\/07\/216718574_4130565720371455_185014428553142796_n-212x300.jpg 212w, https:\/\/echta-derminga.de\/wp-content\/uploads\/2021\/07\/216718574_4130565720371455_185014428553142796_n-768x1086.jpg 768w, https:\/\/echta-derminga.de\/wp-content\/uploads\/2021\/07\/216718574_4130565720371455_185014428553142796_n.jpg 794w\" sizes=\"auto, (max-width: 700px) 100vw, 700px\" \/><\/figure><\/li><li class=\"blocks-gallery-item\"><figure><img loading=\"lazy\" decoding=\"async\" width=\"700\" height=\"987\" src=\"https:\/\/echta-derminga.de\/wp-content\/uploads\/2021\/07\/210917884_4111790195582341_2988752190621929976_n-700x987.jpg\" alt=\"\" data-id=\"10136\" data-full-url=\"https:\/\/echta-derminga.de\/wp-content\/uploads\/2021\/07\/210917884_4111790195582341_2988752190621929976_n.jpg\" data-link=\"https:\/\/echta-derminga.de\/?attachment_id=10136\" class=\"wp-image-10136\" srcset=\"https:\/\/echta-derminga.de\/wp-content\/uploads\/2021\/07\/210917884_4111790195582341_2988752190621929976_n-700x987.jpg 700w, https:\/\/echta-derminga.de\/wp-content\/uploads\/2021\/07\/210917884_4111790195582341_2988752190621929976_n-213x300.jpg 213w, https:\/\/echta-derminga.de\/wp-content\/uploads\/2021\/07\/210917884_4111790195582341_2988752190621929976_n-768x1083.jpg 768w, https:\/\/echta-derminga.de\/wp-content\/uploads\/2021\/07\/210917884_4111790195582341_2988752190621929976_n-1090x1536.jpg 1090w, https:\/\/echta-derminga.de\/wp-content\/uploads\/2021\/07\/210917884_4111790195582341_2988752190621929976_n.jpg 1135w\" sizes=\"auto, (max-width: 700px) 100vw, 700px\" \/><\/figure><\/li><\/ul><\/figure>\n\n\n\n<p class=\"has-medium-font-size wp-block-paragraph\">&#8222;<strong>Musik im Br\u00fchlpark&#8220; &#8211; Kulturaner starten in eine bessere Zukunft !<\/strong><\/p>\n\n\n\n<p class=\"has-medium-font-size wp-block-paragraph\">Aufatmen bei den Kulturanern. Nach einer schweren und sehr emotionalen Zeit voller Verluste und Entbehrungen m\u00f6chte unsere Dachorganisation endlich wieder durchstarten. Der Verein plant unter neuer F\u00fchrung seine erste Veranstaltung &#8222;Musik im Br\u00fchlpark&#8220;. Dabei sind die G\u00e4ste zu einem Picknick im Br\u00fchlpark eingeladen. Live-Musik mit der Gruppe AVA und den &#8222;Hot Dogs&#8220; dazu k\u00fchle Getr\u00e4nke und leckere Burger und Wraps vom TFM-Truck von Stefan Schneble. Die Menschen k\u00f6nnen im wundersch\u00f6nen Br\u00fchlpark die Seele baumeln lassen, am Strand ihre F\u00fc\u00dfe in die Ill strecken und das Leben genie\u00dfen. Anmeldungen werden mittwochs im B\u00fcro des Ortsvorstehers entgegengenommen. Demn\u00e4chst starten wir in die gro\u00dfe Vorank\u00fcndigung mit vielen Informationen. Selbstverst\u00e4ndlich wird das Fest als sogenannte statische Veranstaltung unter den gegebenen Hygienerichtlinien durchgef\u00fchrt. Einen negativen Test, einen Genesungsnachweis oder einen Impfnachweis sollten Sie mitf\u00fchren. Sp\u00fcren Sie die Aufbruchstimmung ?<\/p>\n\n\n\n<div class=\"wp-block-image\"><figure class=\"aligncenter size-full\"><img loading=\"lazy\" decoding=\"async\" width=\"576\" height=\"795\" src=\"https:\/\/echta-derminga.de\/wp-content\/uploads\/2021\/07\/Plakat-.png\" alt=\"\" class=\"wp-image-10139\" srcset=\"https:\/\/echta-derminga.de\/wp-content\/uploads\/2021\/07\/Plakat-.png 576w, https:\/\/echta-derminga.de\/wp-content\/uploads\/2021\/07\/Plakat--217x300.png 217w\" sizes=\"auto, (max-width: 576px) 100vw, 576px\" \/><figcaption>Veranstalter : Kulturverein Dirmingen<\/figcaption><\/figure><\/div>\n\n\n\n<p class=\"has-medium-font-size wp-block-paragraph\">Ich pers\u00f6nlich setze viel Hoffnung in die kommenden Wochen. Ich m\u00f6chte Sie weiterhin einladen mitzumachen. Ehrenamtliches Engagement in einer funktionierenden Dorfgemeinschaft kann sehr erf\u00fcllend sein. Es ist unser Dorf und unsere Heimat. Wir alle sind eingeladen das Beste daraus zu machen. Wie Sie wissen, \u00e4ndert sich in diesen Zeiten \u00fcberhaupt nichts, wenn WIR es nicht \u00e4ndern.<\/p>\n\n\n\n<p class=\"has-medium-font-size wp-block-paragraph\"><strong>In diesem Sinne w\u00fcnsche ich Ihnen eine sch\u00f6ne Zeit im Derminga D\u00f6rfche.<\/strong><\/p>\n\n\n\n<p class=\"has-medium-font-size wp-block-paragraph\"><strong>Ihr Ortsvorsteher <\/strong><\/p>\n\n\n\n<p class=\"has-medium-font-size wp-block-paragraph\"><em>Frank Klein<\/em><\/p>\n\n\n\n<div class=\"wp-block-image\"><figure class=\"aligncenter size-large\"><img loading=\"lazy\" decoding=\"async\" width=\"700\" height=\"1300\" src=\"https:\/\/echta-derminga.de\/wp-content\/uploads\/2021\/07\/11-700x1300.jpg\" alt=\"\" class=\"wp-image-10133\" srcset=\"https:\/\/echta-derminga.de\/wp-content\/uploads\/2021\/07\/11-700x1300.jpg 700w, https:\/\/echta-derminga.de\/wp-content\/uploads\/2021\/07\/11-162x300.jpg 162w, https:\/\/echta-derminga.de\/wp-content\/uploads\/2021\/07\/11-768x1426.jpg 768w, https:\/\/echta-derminga.de\/wp-content\/uploads\/2021\/07\/11-827x1536.jpg 827w, https:\/\/echta-derminga.de\/wp-content\/uploads\/2021\/07\/11.jpg 1080w\" sizes=\"auto, (max-width: 700px) 100vw, 700px\" \/><\/figure><\/div>\n","protected":false},"excerpt":{"rendered":"<p>Immer \u00f6fter werden Antworten auf die Auswirkungen der Pandemie gefunden. Die neuesten Hygienerichtlinien geben Grund zur Hoffnung, dass wir uns auf einem guten Weg befinden. In der vergangenen Woche durfte ich gemeinsam mit B\u00fcrgermeister Feld unsere Dirminger Grundschule besuchen. Vor einigen Wochen wurden kleine Luftreinigungsger\u00e4te in den Klassenr\u00e4umen angebracht. Die auf Ionentechnologie arbeiteten Ger\u00e4te wurden in unserer Schule getestet und<\/p>\n","protected":false},"author":1,"featured_media":10117,"comment_status":"open","ping_status":"closed","sticky":false,"template":"","format":"standard","meta":{"_crdt_document":"","footnotes":""},"categories":[1,9,812],"tags":[5,618,127,634,795,310],"class_list":["post-10113","post","type-post","status-publish","format-standard","has-post-thumbnail","hentry","category-allgemein","category-dorfgetratsche","category-ortsvorsteher-dirmingen","tag-dirmingen","tag-gemeinde-eppelborn","tag-landkreis-neunkirchen","tag-ortsvorsteher","tag-ortsvorsteher-dirmingen","tag-saarland"],"_links":{"self":[{"href":"https:\/\/echta-derminga.de\/index.php?rest_route=\/wp\/v2\/posts\/10113","targetHints":{"allow":["GET"]}}],"collection":[{"href":"https:\/\/echta-derminga.de\/index.php?rest_route=\/wp\/v2\/posts"}],"about":[{"href":"https:\/\/echta-derminga.de\/index.php?rest_route=\/wp\/v2\/types\/post"}],"author":[{"embeddable":true,"href":"https:\/\/echta-derminga.de\/index.php?rest_route=\/wp\/v2\/users\/1"}],"replies":[{"embeddable":true,"href":"https:\/\/echta-derminga.de\/index.php?rest_route=%2Fwp%2Fv2%2Fcomments&post=10113"}],"version-history":[{"count":22,"href":"https:\/\/echta-derminga.de\/index.php?rest_route=\/wp\/v2\/posts\/10113\/revisions"}],"predecessor-version":[{"id":10155,"href":"https:\/\/echta-derminga.de\/index.php?rest_route=\/wp\/v2\/posts\/10113\/revisions\/10155"}],"wp:featuredmedia":[{"embeddable":true,"href":"https:\/\/echta-derminga.de\/index.php?rest_route=\/wp\/v2\/media\/10117"}],"wp:attachment":[{"href":"https:\/\/echta-derminga.de\/index.php?rest_route=%2Fwp%2Fv2%2Fmedia&parent=10113"}],"wp:term":[{"taxonomy":"category","embeddable":true,"href":"https:\/\/echta-derminga.de\/index.php?rest_route=%2Fwp%2Fv2%2Fcategories&post=10113"},{"taxonomy":"post_tag","embeddable":true,"href":"https:\/\/echta-derminga.de\/index.php?rest_route=%2Fwp%2Fv2%2Ftags&post=10113"}],"curies":[{"name":"wp","href":"https:\/\/api.w.org\/{rel}","templated":true}]}}