{"id":10158,"date":"2021-07-18T13:15:54","date_gmt":"2021-07-18T12:15:54","guid":{"rendered":"https:\/\/echta-derminga.de\/?p=10158"},"modified":"2021-07-18T13:21:11","modified_gmt":"2021-07-18T12:21:11","slug":"in-sachen-ortsvorsteher-von-einem-verkehrschaos-einer-noblen-geste-einem-traurigen-abschied-und-einer-solidaritaetswelle","status":"publish","type":"post","link":"https:\/\/echta-derminga.de\/?p=10158","title":{"rendered":"In Sachen Ortsvorsteher: Von einem Verkehrschaos, einer noblen Geste, einem traurigen Abschied und einer Solidarit\u00e4tswelle"},"content":{"rendered":"\n<p class=\"has-medium-font-size wp-block-paragraph\"><strong>Ich w\u00fcnsche besonders allen Kindern und Jugendlichen, Sch\u00fclerinnen und Sch\u00fclern sch\u00f6ne erholsame Sommerferien.<\/strong><\/p>\n\n\n\n<p class=\"has-medium-font-size wp-block-paragraph\">Mitten in die Vorfreude zu den bevorstehenden Sommerferien platze die Nachricht von dem schrecklichen Naturereignis im Westen Deutschlands. Diese Hochwasserkatastrophe hat besonders in Dirmingen gro\u00dfe Trauer und Mitgef\u00fchl hinterlassen. Bisher gibt es 141 Opfer zu beklagen und immer noch werden etliche Menschen vermisst. Besonders in Dirmingen kann man sich sehr gut in die Lage der Menschen in Rheinland-Pfalz und Nordrhein-Westfalen versetzen. Im Jahre 2016 wurde auch unser Dorf von einem schrecklichen Starkregenereignis heimgesucht. Nicht nur aus diesem Grunde antwortet unsere Dorfgemeinschaft nun mit einer eindeutigen Solidarit\u00e4tsbekundung. Unser L\u00f6schbezirk Dirmingen organisierte sofort eine Sammelaktion von Sachspenden f\u00fcr die Opfer der Hochwasserkatastrophe. Zun\u00e4chst sollten die Spenden am Sonntag, 18.07. und am Montag, 19.07. eingesammelt und in die Krisengebiete gebracht. Aufgrund der enormen Spendenbereitschaft und eines einberufenen Sammelstopps beschr\u00e4nkte man sich darauf die Aktion lediglich am Sonntag durchzuf\u00fchren. Mein Dank geht an den L\u00f6schbezirk Dirmingen f\u00fcr die Initiative und die Organisation der Spendenaktion. Ein besonderer Dank geht an unsere Dorfgemeinschaft die mit ihren Spenden eine wahre Solidarit\u00e4tswelle ausl\u00f6ste.<\/p>\n\n\n\n<figure class=\"wp-block-gallery columns-2 is-cropped wp-block-gallery-1 is-layout-flex wp-block-gallery-is-layout-flex\"><ul class=\"blocks-gallery-grid\"><li class=\"blocks-gallery-item\"><figure><img loading=\"lazy\" decoding=\"async\" width=\"700\" height=\"331\" src=\"https:\/\/echta-derminga.de\/wp-content\/uploads\/2021\/07\/20210718_132748-700x331.jpg\" alt=\"\" data-id=\"10174\" data-link=\"https:\/\/echta-derminga.de\/?attachment_id=10174\" class=\"wp-image-10174\" srcset=\"https:\/\/echta-derminga.de\/wp-content\/uploads\/2021\/07\/20210718_132748-700x331.jpg 700w, https:\/\/echta-derminga.de\/wp-content\/uploads\/2021\/07\/20210718_132748-300x142.jpg 300w, https:\/\/echta-derminga.de\/wp-content\/uploads\/2021\/07\/20210718_132748-768x363.jpg 768w, https:\/\/echta-derminga.de\/wp-content\/uploads\/2021\/07\/20210718_132748-1536x727.jpg 1536w, https:\/\/echta-derminga.de\/wp-content\/uploads\/2021\/07\/20210718_132748-2048x969.jpg 2048w\" sizes=\"auto, (max-width: 700px) 100vw, 700px\" \/><\/figure><\/li><li class=\"blocks-gallery-item\"><figure><img loading=\"lazy\" decoding=\"async\" width=\"700\" height=\"331\" src=\"https:\/\/echta-derminga.de\/wp-content\/uploads\/2021\/07\/20210718_132252-700x331.jpg\" alt=\"\" data-id=\"10176\" data-link=\"https:\/\/echta-derminga.de\/?attachment_id=10176\" class=\"wp-image-10176\" srcset=\"https:\/\/echta-derminga.de\/wp-content\/uploads\/2021\/07\/20210718_132252-700x331.jpg 700w, https:\/\/echta-derminga.de\/wp-content\/uploads\/2021\/07\/20210718_132252-300x142.jpg 300w, https:\/\/echta-derminga.de\/wp-content\/uploads\/2021\/07\/20210718_132252-768x363.jpg 768w, https:\/\/echta-derminga.de\/wp-content\/uploads\/2021\/07\/20210718_132252-1536x727.jpg 1536w, https:\/\/echta-derminga.de\/wp-content\/uploads\/2021\/07\/20210718_132252-2048x969.jpg 2048w\" sizes=\"auto, (max-width: 700px) 100vw, 700px\" \/><\/figure><\/li><\/ul><\/figure>\n\n\n\n<p class=\"has-medium-font-size wp-block-paragraph\"><strong>Kolpingfamilie Dirmingen spendet f\u00fcr Hochwasseropfer<\/strong><\/p>\n\n\n\n<p class=\"has-medium-font-size wp-block-paragraph\">Eine weitere wunderbare Nachricht kommt von der Kolpingfamilie Dirmingen. Die f\u00fcrchterliche Hochwasserkatastrophe hat unsere Kolpingsfamilie Dirmingen emotional hart getroffen. Gem\u00e4\u00df ihrer naturgem\u00e4\u00dfen solidarischen Grundeinstellung f\u00fchlte sich der Verein sofort verpflichtet zu helfen. Laut dem Vorsitzenden Hans-Peter Hoffmann muss sofort in vollem Umfang geholfen werden. Aus diesem Grunde spendet die Kolpingfamilie eine Soforthilfe von 1000,00 \u20ac. Ich bin sehr stolz auf unsere Kolpingfamilie. Wiedermal hat diese Organisation gezeigt, wie schnell und unkompliziert Hilfe von statten gehen kann. Der Landkreis Neunkirchen hat ein Hilfskonto er\u00f6ffnet. Wenn Sie m\u00f6chten, k\u00f6nnen sie gerne spenden.<\/p>\n\n\n\n<div class=\"wp-block-image\"><figure class=\"aligncenter size-large\"><img loading=\"lazy\" decoding=\"async\" width=\"700\" height=\"424\" src=\"https:\/\/echta-derminga.de\/wp-content\/uploads\/2021\/07\/20210718_130050-700x424.jpg\" alt=\"\" class=\"wp-image-10180\" srcset=\"https:\/\/echta-derminga.de\/wp-content\/uploads\/2021\/07\/20210718_130050-700x424.jpg 700w, https:\/\/echta-derminga.de\/wp-content\/uploads\/2021\/07\/20210718_130050-300x182.jpg 300w, https:\/\/echta-derminga.de\/wp-content\/uploads\/2021\/07\/20210718_130050-768x465.jpg 768w, https:\/\/echta-derminga.de\/wp-content\/uploads\/2021\/07\/20210718_130050.jpg 1000w\" sizes=\"auto, (max-width: 700px) 100vw, 700px\" \/><\/figure><\/div>\n\n\n\n<p class=\"has-medium-font-size wp-block-paragraph\"><strong>TFM-Truck \u201eDer Dicke Paul\u201c kommt nach Dirmingen<\/strong><\/p>\n\n\n\n<p class=\"has-medium-font-size wp-block-paragraph\">Der TFM-Truck &#8222;Der Dicke Paul&#8220; von Stefan Schneble wird zuk\u00fcnftig immer mittwochs von 11.30 bis 19.00 Uhr an der Kreuzung Illingerstr.\/Berschweilerstra\u00dfe, vor der evangelischen Kirche in Dirmingen, stehen. Dieses Angebot wird eine echte Bereicherung f\u00fcr unseren Heimatort werden. Am Food Truck &#8222;Dicker Paul&#8220; bekommt man verschiedene Varianten von Wraps und von Burgern gereicht. Das alles handgemacht in guter Qualit\u00e4t! Machen Sie davon Gebrauch! Als Ortsvorsteher freue ich mich \u00fcber diese kulinarische Aufwertung in unserer Ortsmitte.<\/p>\n\n\n\n<div class=\"wp-block-image\"><figure class=\"aligncenter size-large\"><img loading=\"lazy\" decoding=\"async\" width=\"700\" height=\"395\" src=\"https:\/\/echta-derminga.de\/wp-content\/uploads\/2021\/07\/100-700x395.jpg\" alt=\"\" class=\"wp-image-10160\" srcset=\"https:\/\/echta-derminga.de\/wp-content\/uploads\/2021\/07\/100-700x395.jpg 700w, https:\/\/echta-derminga.de\/wp-content\/uploads\/2021\/07\/100-300x169.jpg 300w, https:\/\/echta-derminga.de\/wp-content\/uploads\/2021\/07\/100-768x433.jpg 768w, https:\/\/echta-derminga.de\/wp-content\/uploads\/2021\/07\/100.jpg 1440w\" sizes=\"auto, (max-width: 700px) 100vw, 700px\" \/><\/figure><\/div>\n\n\n\n<p class=\"has-medium-font-size wp-block-paragraph\"><strong>Gro\u00dfe Trauer um Pfarrer Hartmut Brandt<\/strong><\/p>\n\n\n\n<p class=\"has-medium-font-size wp-block-paragraph\">Die Evangelische Kirchengemeinde Dirmingen und mit ihr zahlreiche Menschen in unserem Heimatort trauert um ihren ehemaligen Pfarrer Hartmut Brandt. Gemeinsam mit seiner Ehefrau Pfarrerin Iris Brandt und ihren Kindern lebte und wirkte das Ehepaar Brandt viele Jahre in Dirmingen. Pfarrer Hartmut Brandt begann seinen Dienst am 01.Juli 1991 in der Evangelischen Kirchengemeinde Dirmingen. Im Laufe der Jahre r\u00fcckte seine Arbeit in vielen verschiedenen Schulen u.a auch in der Grundschule Dirmingen in den Vordergrund. Hartmut Brandt liebte die Arbeit mit Kindern und Jugendlichen. W\u00e4hrend seiner Arbeit als Vorsitzender des Presbyteriums wurden wichtige innergemeindliche Bauma\u00dfnahmen beschlossen und durchgef\u00fchrt.\u00a0Besondere Verdienste hat sich das Pfarrerehepaar Brandt w\u00e4hrend der Vakanzzeit der Evangelischen Kirchengemeinde Dirmingen erworben. Ich pers\u00f6nlich bin stolz darauf einen so gro\u00dfartigen Menschen kennengelernt haben zu d\u00fcrfen. Die Evangelische Kirchengemeinde Dirmingen wird Pfarrer Hartmut Brandt ein w\u00fcrdiges Andenken bewahren. Am Dienstag, 20. Juli 2021 k\u00f6nnen sich die Menschen in der evangelischen Kirche in ein Kondolenzbuch eintragen und im leisen Gebet abschied nehmen. Die Trauerfeier findet am Dienstag, 26.07. um 14:00 Uhr in der katholischen Kirche in Sotzweiler statt. Anschlie\u00dfend findet auf dem dortigen Friedhof die Beerdigung durchgef\u00fchrt.<\/p>\n\n\n\n<p class=\"has-medium-font-size wp-block-paragraph\"><strong>Rotary-Club Eppelborn-Illtal spendet Defibrillator f\u00fcr die Borrwieshalle<\/strong><\/p>\n\n\n\n<p class=\"has-medium-font-size wp-block-paragraph\">Der Rotary Club Eppelborn Illtal hat bereits im Juni einen Defibrillator f\u00fcr unsere Borrwieshalle gestiftet. Nun hat die neue Vorsitzende Dr. Ingrid Madert- Gro\u00df des Rotary Clubs das Ger\u00e4t offiziell \u00fcberreicht. Ich m\u00f6chte mich im Namen unserer Bev\u00f6lkerung herzlich bei dem Rotary Club Eppelborn Illtal bedanken. B\u00fcrgermeister Dr Andreas Feld fand in einer kurzen Ansprache die passenden Dankesworte und w\u00fcnsche dem Verein viel Gl\u00fcck. Der Defibrillator kann in Notsituationen Leben retten und ist im Grund sehr einfach zu bedienen. Nachdem der Rotary Club Eppelborn Illtal bereits im vergangenen Jahr eine gro\u00dfangelegte Sachspende f\u00fcr unsere Grundschule machte, ist dies nun die zweite karikative Aktion f\u00fcr unseren Heimatort.<\/p>\n\n\n\n<div class=\"wp-block-image\"><figure class=\"aligncenter size-large\"><img loading=\"lazy\" decoding=\"async\" width=\"700\" height=\"448\" src=\"https:\/\/echta-derminga.de\/wp-content\/uploads\/2021\/07\/200-700x448.jpg\" alt=\"\" class=\"wp-image-10162\" srcset=\"https:\/\/echta-derminga.de\/wp-content\/uploads\/2021\/07\/200-700x448.jpg 700w, https:\/\/echta-derminga.de\/wp-content\/uploads\/2021\/07\/200-300x192.jpg 300w, https:\/\/echta-derminga.de\/wp-content\/uploads\/2021\/07\/200-768x492.jpg 768w, https:\/\/echta-derminga.de\/wp-content\/uploads\/2021\/07\/200.jpg 1000w\" sizes=\"auto, (max-width: 700px) 100vw, 700px\" \/><\/figure><\/div>\n\n\n\n<p class=\"has-medium-font-size wp-block-paragraph\"><strong>Verkehrschaos rund um Dirmingen<\/strong><\/p>\n\n\n\n<p class=\"has-medium-font-size wp-block-paragraph\">Im Laufe der vergangenen Woche meldeten sich zahlreiche ver\u00e4rgerte und besorgte Mitb\u00fcrgerinnen und Mitb\u00fcrger bei mir, um ihren Unmut zu \u00e4u\u00dfern. Das aktuelle Verkehrschaos in und rund um unseren Heimatort verursacht vielerorts nur Kopfsch\u00fctteln. Nat\u00fcrlich ist es wichtig, dass diese Arbeiten vollzogen werden. Es entsteht jedoch der Eindruck, dass keine besonders gute Absprache stattgefunden hat. Dabei bleibt festzustellen, dass die Gemeinde Eppelborn kaum M\u00f6glichkeiten hat in die verschiedenen Sanierungsarbeiten einzuwirken. Von Freitag, den 16. Juli, 16 Uhr, bis Sonntag, den 08. August 2021 werden nun also die Sanierungsarbeiten unter der A 1 \u2013 Illtalbr\u00fccke an der Anschlussstelle durchgef\u00fchrt. Daf\u00fcr ist eine Vollsperrung der B 10 \u2013 L 112 unter der Autobahnbr\u00fccke notwendig. Die Abfahrt der A 1 \u2013 AS Eppelborn an der Richtungsfahrbahn Saarbr\u00fccken wird in der Zeit vom 16. bis 25. Juli 2021 gesperrt werden. Der Landesbetrieb f\u00fcr Stra\u00dfenbau f\u00fchrt zeitgleich eine Bauma\u00dfnahme in der Ortsdurchfahrt Eppelborn durch. Der Verkehr auf der A 1 aus Richtung Trier in Richtung Eppelborn wird in diesem Zeitraum bereits an der AS Tholey abgeleitet und dort auf dem Landes- und Bundesstra\u00dfennetz \u00fcber Thalexweiler-Aschbach nach Eppelborn gef\u00fchrt. Der Verkehr auf der A 1 aus Richtung Saarbr\u00fccken wird bereits an der an der Anschlussstelle Illingen abgeleitet und dort \u00fcber Humes und Hierschied in Richtung Eppelborn sowie \u00fcber Wustweiler in Richtung Dirmingen gef\u00fchrt. Aus Richtung Trier ist die Ausfahrt nach Eppelborn ab dem 26. Juli wieder verf\u00fcgbar. Der Verkehr in Richtung Dirmingen wird von dort bis zum 08. August \u00fcber Hierscheid und Humes umgeleitet. Aus Richtung Saarbr\u00fccken wird der Verkehr weiterhin an der Anschlussstelle Illingen abgeleitet und wie oben beschrieben weitergef\u00fchrt. Ab dem 19.07.2021 wird mit den Arbeiten im Bereich der Ortsdurchfahrt Eppelborn unter Vollsperrung begonnen. Zu den Arbeiten geh\u00f6ren neben den Fr\u00e4s-und Asphaltarbeiten unter anderem die Herstellung der neuen Fahrbahnteiler, das Aufbringen der neuen Markierung und gegebenenfalls die Erneuerung von Rinnenplatten und Borde in beengten Bereichen. Kurz vor den Herbstferien wird die Stra\u00dfe zwischen Einm\u00fcndung \u201eLoss\u201c und der Gastst\u00e4tte \u201eDestille\u201c saniert. In den Herbstferien wird aus diesem Grund eine Vollsperrung im Zeitraum einer Woche vollzogen. Die Arbeiten an der Baustelle in der Dirminger Ortsmitte haben sich ebenfalls verschoben und werden nun aller Voraussicht nach erst Ende Juli beendet werden k\u00f6nnen.<\/p>\n\n\n\n<div class=\"wp-block-image\"><figure class=\"aligncenter size-large\"><img loading=\"lazy\" decoding=\"async\" width=\"700\" height=\"331\" src=\"https:\/\/echta-derminga.de\/wp-content\/uploads\/2021\/04\/222-700x331.jpg\" alt=\"\" class=\"wp-image-9459\" srcset=\"https:\/\/echta-derminga.de\/wp-content\/uploads\/2021\/04\/222-700x331.jpg 700w, https:\/\/echta-derminga.de\/wp-content\/uploads\/2021\/04\/222-300x142.jpg 300w, https:\/\/echta-derminga.de\/wp-content\/uploads\/2021\/04\/222-768x363.jpg 768w, https:\/\/echta-derminga.de\/wp-content\/uploads\/2021\/04\/222.jpg 1000w\" sizes=\"auto, (max-width: 700px) 100vw, 700px\" \/><\/figure><\/div>\n\n\n\n<p class=\"has-medium-font-size wp-block-paragraph\"><strong>Sanierungsma\u00dfnahmen am Dirminger Bahnhof<\/strong><\/p>\n\n\n\n<p class=\"has-medium-font-size wp-block-paragraph\">Mitten in das aktuelle Verkehrschaos rund um unseren Heimatort fallen die Sanierungsarbeiten am Dirminger Bahnhof. Aufgrund von Bahnsteigarbeiten in Dirmingen durch die DB Netz AG kommt es im Zeitraum vom 19. Juli bis 2. August 2021 zu erheblichen Einschr\u00e4nkungen die zeitweise zu einer kompletten Sperrung der vlexx-Linie RB 72, Gennweiler und Lebach-Jabach, f\u00fchrt. Ein Ersatzverkehr mit Bussen ist zwischen Gennweiler und Lebach eingerichtet. Die Haltestelle Lebach-Jabach entf\u00e4llt w\u00e4hrend der Dauer der Bauma\u00dfnahme. Wegen parallel stattfindender Stra\u00dfenbaustellen k\u00f6nnen die Halte Wustweiler und Dirmingen nur durch einen separaten Bus aus Gennweiler angefahren werden. Fahrg\u00e4ste von Lebach, Bubach und Eppelborn m\u00fcssen erst nach Gennweiler fahren, um von dort nach Dirmingen oder Wustweiler zu kommen. In Gennweiler besteht Anschluss mit dem Zug in Richtung Saarbr\u00fccken.<\/p>\n\n\n\n<div class=\"wp-block-image\"><figure class=\"aligncenter size-large\"><img loading=\"lazy\" decoding=\"async\" width=\"700\" height=\"394\" src=\"https:\/\/echta-derminga.de\/wp-content\/uploads\/2021\/07\/IMG-20210717-WA0008-700x394.jpg\" alt=\"\" class=\"wp-image-10165\" srcset=\"https:\/\/echta-derminga.de\/wp-content\/uploads\/2021\/07\/IMG-20210717-WA0008-700x394.jpg 700w, https:\/\/echta-derminga.de\/wp-content\/uploads\/2021\/07\/IMG-20210717-WA0008-300x169.jpg 300w, https:\/\/echta-derminga.de\/wp-content\/uploads\/2021\/07\/IMG-20210717-WA0008-768x432.jpg 768w, https:\/\/echta-derminga.de\/wp-content\/uploads\/2021\/07\/IMG-20210717-WA0008-1536x864.jpg 1536w, https:\/\/echta-derminga.de\/wp-content\/uploads\/2021\/07\/IMG-20210717-WA0008.jpg 1600w\" sizes=\"auto, (max-width: 700px) 100vw, 700px\" \/><\/figure><\/div>\n\n\n\n<div class=\"wp-block-image\"><figure class=\"aligncenter size-large\"><img loading=\"lazy\" decoding=\"async\" width=\"700\" height=\"207\" src=\"https:\/\/echta-derminga.de\/wp-content\/uploads\/2021\/07\/11-700x207.png\" alt=\"\" class=\"wp-image-10166\" srcset=\"https:\/\/echta-derminga.de\/wp-content\/uploads\/2021\/07\/11-700x207.png 700w, https:\/\/echta-derminga.de\/wp-content\/uploads\/2021\/07\/11-300x89.png 300w, https:\/\/echta-derminga.de\/wp-content\/uploads\/2021\/07\/11-768x227.png 768w, https:\/\/echta-derminga.de\/wp-content\/uploads\/2021\/07\/11-880x260.png 880w, https:\/\/echta-derminga.de\/wp-content\/uploads\/2021\/07\/11.png 1430w\" sizes=\"auto, (max-width: 700px) 100vw, 700px\" \/><\/figure><\/div>\n\n\n\n<div class=\"wp-block-image\"><figure class=\"aligncenter size-large\"><img loading=\"lazy\" decoding=\"async\" width=\"700\" height=\"207\" src=\"https:\/\/echta-derminga.de\/wp-content\/uploads\/2021\/07\/12-700x207.png\" alt=\"\" class=\"wp-image-10167\" srcset=\"https:\/\/echta-derminga.de\/wp-content\/uploads\/2021\/07\/12-700x207.png 700w, https:\/\/echta-derminga.de\/wp-content\/uploads\/2021\/07\/12-300x89.png 300w, https:\/\/echta-derminga.de\/wp-content\/uploads\/2021\/07\/12-768x227.png 768w, https:\/\/echta-derminga.de\/wp-content\/uploads\/2021\/07\/12-880x260.png 880w, https:\/\/echta-derminga.de\/wp-content\/uploads\/2021\/07\/12.png 1398w\" sizes=\"auto, (max-width: 700px) 100vw, 700px\" \/><\/figure><\/div>\n\n\n\n<p class=\"has-medium-font-size wp-block-paragraph\"><strong>Musik im Br\u00fchlpark<\/strong><\/p>\n\n\n\n<p class=\"has-medium-font-size wp-block-paragraph\">Der Kulturverein Dirmingen e.V. startet mit der Veranstaltung \u201cMusik im Br\u00fchlpark\u201d endlich wieder durch! Dabei werden am 21. August ab 17:00 Uhr in der Natur des Br\u00fchlparks Getr\u00e4nke und Essen angeboten. Der Eintritt ist nach Voranmeldung im Ortsvorsteherb\u00fcro, jeden Mittwoch von 18:00 bis 19:30 Uhr, in der Dorfmitte kostenlos. Bringen Sie Sitzgelegenheiten, ihre Gl\u00e4ser und gute Laune mit. Der Getr\u00e4nkeverkauf findet \u00fcber den Kulturverein statt. F\u00fcr das Essensangebot sorgen Stefan und Gislinde Schneble mit Ihrem Burger Mobil \u201cDer Dicker Paul\u201d. Musik kommt von den Dirminger Bands AVA und von \u201eHangdogs\u201c. Ich freue mich \u00fcber diese Veranstaltung und einem weiteren Schritt zur\u00fcck in eine Normalit\u00e4t.<\/p>\n\n\n\n<div class=\"wp-block-image\"><figure class=\"aligncenter size-large\"><img loading=\"lazy\" decoding=\"async\" width=\"700\" height=\"466\" src=\"https:\/\/echta-derminga.de\/wp-content\/uploads\/2021\/07\/AVA-700x466.jpg\" alt=\"\" class=\"wp-image-10170\" srcset=\"https:\/\/echta-derminga.de\/wp-content\/uploads\/2021\/07\/AVA-700x466.jpg 700w, https:\/\/echta-derminga.de\/wp-content\/uploads\/2021\/07\/AVA-300x200.jpg 300w, https:\/\/echta-derminga.de\/wp-content\/uploads\/2021\/07\/AVA-768x511.jpg 768w, https:\/\/echta-derminga.de\/wp-content\/uploads\/2021\/07\/AVA.jpg 1500w\" sizes=\"auto, (max-width: 700px) 100vw, 700px\" \/><\/figure><\/div>\n\n\n\n<p class=\"has-medium-font-size wp-block-paragraph\"><strong>Liebe Mitb\u00fcrgerinnen, liebe Mitb\u00fcrger, wie Sie feststellen k\u00f6nnen, stecken wir weiterhin in unruhigen Zeiten fest. Wenn man sich jedoch das Engagement unserer Vereine und Organisationen anschaut, kommt man schnell zu einer gewissen Zuversicht. Ich w\u00fcnsche Ihnen, dass Sie trotz aller Unannehmlichkeiten die nun beginnenden Sommerferien genie\u00dfen k\u00f6nnen. Bleiben Sie entspannt und gelassen.<\/strong><\/p>\n\n\n\n<p class=\"has-medium-font-size wp-block-paragraph\"><strong>Am Ende wird immer alles gut, wenn es noch nicht gut ist, ist es noch nicht am Ende.<\/strong><\/p>\n\n\n\n<p class=\"has-medium-font-size wp-block-paragraph\">In diesem Sinne w\u00fcnsche ich ihnen alles Gute.<\/p>\n\n\n\n<p class=\"has-medium-font-size wp-block-paragraph\">Ihr Ortsvorsteher<\/p>\n\n\n\n<p class=\"has-medium-font-size wp-block-paragraph\">Frank Klein<\/p>\n","protected":false},"excerpt":{"rendered":"<p>Ich w\u00fcnsche besonders allen Kindern und Jugendlichen, Sch\u00fclerinnen und Sch\u00fclern sch\u00f6ne erholsame Sommerferien. Mitten in die Vorfreude zu den bevorstehenden Sommerferien platze die Nachricht von dem schrecklichen Naturereignis im Westen Deutschlands. Diese Hochwasserkatastrophe hat besonders in Dirmingen gro\u00dfe Trauer und Mitgef\u00fchl hinterlassen. Bisher gibt es 141 Opfer zu beklagen und immer noch werden etliche Menschen vermisst. Besonders in Dirmingen kann<\/p>\n","protected":false},"author":1,"featured_media":10174,"comment_status":"open","ping_status":"closed","sticky":false,"template":"","format":"standard","meta":{"_crdt_document":"","footnotes":""},"categories":[1,9,812],"tags":[5,618,127,634,795,310],"class_list":["post-10158","post","type-post","status-publish","format-standard","has-post-thumbnail","hentry","category-allgemein","category-dorfgetratsche","category-ortsvorsteher-dirmingen","tag-dirmingen","tag-gemeinde-eppelborn","tag-landkreis-neunkirchen","tag-ortsvorsteher","tag-ortsvorsteher-dirmingen","tag-saarland"],"_links":{"self":[{"href":"https:\/\/echta-derminga.de\/index.php?rest_route=\/wp\/v2\/posts\/10158","targetHints":{"allow":["GET"]}}],"collection":[{"href":"https:\/\/echta-derminga.de\/index.php?rest_route=\/wp\/v2\/posts"}],"about":[{"href":"https:\/\/echta-derminga.de\/index.php?rest_route=\/wp\/v2\/types\/post"}],"author":[{"embeddable":true,"href":"https:\/\/echta-derminga.de\/index.php?rest_route=\/wp\/v2\/users\/1"}],"replies":[{"embeddable":true,"href":"https:\/\/echta-derminga.de\/index.php?rest_route=%2Fwp%2Fv2%2Fcomments&post=10158"}],"version-history":[{"count":16,"href":"https:\/\/echta-derminga.de\/index.php?rest_route=\/wp\/v2\/posts\/10158\/revisions"}],"predecessor-version":[{"id":10189,"href":"https:\/\/echta-derminga.de\/index.php?rest_route=\/wp\/v2\/posts\/10158\/revisions\/10189"}],"wp:featuredmedia":[{"embeddable":true,"href":"https:\/\/echta-derminga.de\/index.php?rest_route=\/wp\/v2\/media\/10174"}],"wp:attachment":[{"href":"https:\/\/echta-derminga.de\/index.php?rest_route=%2Fwp%2Fv2%2Fmedia&parent=10158"}],"wp:term":[{"taxonomy":"category","embeddable":true,"href":"https:\/\/echta-derminga.de\/index.php?rest_route=%2Fwp%2Fv2%2Fcategories&post=10158"},{"taxonomy":"post_tag","embeddable":true,"href":"https:\/\/echta-derminga.de\/index.php?rest_route=%2Fwp%2Fv2%2Ftags&post=10158"}],"curies":[{"name":"wp","href":"https:\/\/api.w.org\/{rel}","templated":true}]}}