{"id":10220,"date":"2021-07-24T13:48:46","date_gmt":"2021-07-24T12:48:46","guid":{"rendered":"https:\/\/echta-derminga.de\/?p=10220"},"modified":"2021-07-24T15:06:21","modified_gmt":"2021-07-24T14:06:21","slug":"eine-hand-waescht-die-andere-dirmigen-fuehlt-mit-und-packt-an","status":"publish","type":"post","link":"https:\/\/echta-derminga.de\/?p=10220","title":{"rendered":"Eine Hand w\u00e4scht die Andere &#8211; Dirmigen f\u00fchlt mit und packt an !"},"content":{"rendered":"\n<p class=\"has-medium-font-size wp-block-paragraph\"><strong>Wisst ihr wie viele Menschen aus unserem Dorf aktuell, in den von der Sturzflut zerst\u00f6rten Gebieten, anpacken und wichtige Arbeit leisten? So ganz genau l\u00e4sst sich das nicht feststellen, wobei sich in der letzten Woche wirklich sehr viele Landsleute auf den Weg in die entsprechenden Krisengebiete gemacht haben. Ich kann nicht verhehlen, dass ich unheimlich stolz auf meine Landsleute bin.<\/strong><\/p>\n\n\n\n<p class=\"has-medium-font-size wp-block-paragraph\">Nach der verheerenden Unwetter-Katastrophe ist die Hilfsbereitschaft riesengro\u00df. Deutschland erlebte die schwerste Hochwasser-Katastrophe seit Jahrzehnten. In Rheinland-Pfalz, Nordrhein-Westfalen und Bayern haben durch die Flut mindestens 170 Menschen ihr Leben verloren. Zahlreiche Menschen gelten weiterhin als vermisst. Ganze D\u00f6rfer und Gemeinden gleichen einem Tr\u00fcmmerfeld. Menschen, die sich rechtzeitig retten konnten, stehen nun vor dem Neuanfang. Unz\u00e4hlige Freiwillige haben keine Sekunde gez\u00f6gert, um den Opfern vor Ort zu helfen. Dabei ist es wichtig sich zuvor zu informieren, wie und wo man am besten helfen kann. Beh\u00f6rden und Hilfsorganisationen raten davon ab, einfach mal so auf eigene Faust ins Hochwassergebiet zu fahren. Wenn man helfen m\u00f6chte, sollte man sein Vorhaben gut organisieren und vorher abkl\u00e4ren.<\/p>\n\n\n\n<div class=\"wp-block-image\"><figure class=\"aligncenter size-large\"><img loading=\"lazy\" decoding=\"async\" width=\"700\" height=\"525\" src=\"https:\/\/echta-derminga.de\/wp-content\/uploads\/2021\/07\/100-1-700x525.jpg\" alt=\"\" class=\"wp-image-10225\" srcset=\"https:\/\/echta-derminga.de\/wp-content\/uploads\/2021\/07\/100-1-700x525.jpg 700w, https:\/\/echta-derminga.de\/wp-content\/uploads\/2021\/07\/100-1-300x225.jpg 300w, https:\/\/echta-derminga.de\/wp-content\/uploads\/2021\/07\/100-1-768x576.jpg 768w, https:\/\/echta-derminga.de\/wp-content\/uploads\/2021\/07\/100-1.jpg 1000w\" sizes=\"auto, (max-width: 700px) 100vw, 700px\" \/><\/figure><\/div>\n\n\n\n<p class=\"has-medium-font-size wp-block-paragraph\"><strong>Genauso haben es zahlreiche Dirmingerinnen und Dirminger und sogar die Elektro-Firma SYKO-GmbH aus Dirmingen gemacht. Hinzu kommen viele Landsleute die in Hilfsorganisationen wie THW, DRK oder der Feuerwehr t\u00e4tig sind und in den Krisenherden ihren wichtigen ehrenamtlichen Dienst verrichten. Dabei steht nicht nur die Unterst\u00fctzung der betroffenen Menschen vor Ort im Vordergrund sondern auch die Verpflegung der Hilfskr\u00e4fte. Eine Hand w\u00e4scht die andere! Nach dem schrecklichen Starkregenereignis 2016 hat unser Dorf gro\u00dfe Solidarit\u00e4t erfahren. Nun ist es scheinbar an der Zeit, dass wir unsere Hilfe anbieten.<\/strong><\/p>\n\n\n\n<figure class=\"wp-block-gallery columns-3 is-cropped wp-block-gallery-1 is-layout-flex wp-block-gallery-is-layout-flex\"><ul class=\"blocks-gallery-grid\"><li class=\"blocks-gallery-item\"><figure><img loading=\"lazy\" decoding=\"async\" width=\"700\" height=\"331\" src=\"https:\/\/echta-derminga.de\/wp-content\/uploads\/2021\/07\/218346151_4153238241437536_5662926009325817672_n-700x331.jpg\" alt=\"\" data-id=\"10226\" data-link=\"https:\/\/echta-derminga.de\/?attachment_id=10226\" class=\"wp-image-10226\" srcset=\"https:\/\/echta-derminga.de\/wp-content\/uploads\/2021\/07\/218346151_4153238241437536_5662926009325817672_n-700x331.jpg 700w, https:\/\/echta-derminga.de\/wp-content\/uploads\/2021\/07\/218346151_4153238241437536_5662926009325817672_n-300x142.jpg 300w, https:\/\/echta-derminga.de\/wp-content\/uploads\/2021\/07\/218346151_4153238241437536_5662926009325817672_n-768x363.jpg 768w, https:\/\/echta-derminga.de\/wp-content\/uploads\/2021\/07\/218346151_4153238241437536_5662926009325817672_n-1536x727.jpg 1536w, https:\/\/echta-derminga.de\/wp-content\/uploads\/2021\/07\/218346151_4153238241437536_5662926009325817672_n.jpg 2016w\" sizes=\"auto, (max-width: 700px) 100vw, 700px\" \/><\/figure><\/li><li class=\"blocks-gallery-item\"><figure><img loading=\"lazy\" decoding=\"async\" width=\"700\" height=\"525\" src=\"https:\/\/echta-derminga.de\/wp-content\/uploads\/2021\/07\/0v3-700x525.jpg\" alt=\"\" data-id=\"10227\" data-link=\"https:\/\/echta-derminga.de\/?attachment_id=10227\" class=\"wp-image-10227\" srcset=\"https:\/\/echta-derminga.de\/wp-content\/uploads\/2021\/07\/0v3-700x525.jpg 700w, https:\/\/echta-derminga.de\/wp-content\/uploads\/2021\/07\/0v3-300x225.jpg 300w, https:\/\/echta-derminga.de\/wp-content\/uploads\/2021\/07\/0v3-768x576.jpg 768w, https:\/\/echta-derminga.de\/wp-content\/uploads\/2021\/07\/0v3-1536x1152.jpg 1536w, https:\/\/echta-derminga.de\/wp-content\/uploads\/2021\/07\/0v3.jpg 1600w\" sizes=\"auto, (max-width: 700px) 100vw, 700px\" \/><\/figure><\/li><li class=\"blocks-gallery-item\"><figure><img loading=\"lazy\" decoding=\"async\" width=\"700\" height=\"933\" src=\"https:\/\/echta-derminga.de\/wp-content\/uploads\/2021\/07\/218853119_937422033482659_7858306354429986685_n-700x933.jpg\" alt=\"\" data-id=\"10228\" data-full-url=\"https:\/\/echta-derminga.de\/wp-content\/uploads\/2021\/07\/218853119_937422033482659_7858306354429986685_n.jpg\" data-link=\"https:\/\/echta-derminga.de\/?attachment_id=10228\" class=\"wp-image-10228\" srcset=\"https:\/\/echta-derminga.de\/wp-content\/uploads\/2021\/07\/218853119_937422033482659_7858306354429986685_n-700x933.jpg 700w, https:\/\/echta-derminga.de\/wp-content\/uploads\/2021\/07\/218853119_937422033482659_7858306354429986685_n-225x300.jpg 225w, https:\/\/echta-derminga.de\/wp-content\/uploads\/2021\/07\/218853119_937422033482659_7858306354429986685_n.jpg 720w\" sizes=\"auto, (max-width: 700px) 100vw, 700px\" \/><\/figure><\/li><\/ul><\/figure>\n\n\n\n<p class=\"has-medium-font-size wp-block-paragraph\">Bereits unmittelbar nach der Katastrophe sammelten unsere B\u00fcrger Sachspenden, um diese in den zentralen Lagerst\u00e4tten abzugeben. In m\u00fchevoller Kleinarbeit wurden Sachen abgeholt, aufgeladen und entsprechend transportiert. Unser L\u00f6schbezirk Dirmingen organisierte eine gro\u00dfangelegte Sachspendenaktion am Feuerwehrger\u00e4tehaus. Bis zum sp\u00e4ten Abend wurden mehrere Transporter und LKWs voller Sachspenden eingesammelt und anschlie\u00dfend an den N\u00fcrburgring zu einer Lagerstelle gebracht. Unsere Feuerwehr leistete gro\u00dfartiges und setzte mit ihrer Aktion ein echtes Solidarit\u00e4tszeichen.<\/p>\n\n\n\n<figure class=\"wp-block-gallery columns-2 is-cropped wp-block-gallery-2 is-layout-flex wp-block-gallery-is-layout-flex\"><ul class=\"blocks-gallery-grid\"><li class=\"blocks-gallery-item\"><figure><img loading=\"lazy\" decoding=\"async\" width=\"700\" height=\"331\" src=\"https:\/\/echta-derminga.de\/wp-content\/uploads\/2021\/07\/20210718_132748-700x331.jpg\" alt=\"\" data-id=\"10174\" data-full-url=\"https:\/\/echta-derminga.de\/wp-content\/uploads\/2021\/07\/20210718_132748-scaled.jpg\" data-link=\"https:\/\/echta-derminga.de\/?attachment_id=10174\" class=\"wp-image-10174\" srcset=\"https:\/\/echta-derminga.de\/wp-content\/uploads\/2021\/07\/20210718_132748-700x331.jpg 700w, https:\/\/echta-derminga.de\/wp-content\/uploads\/2021\/07\/20210718_132748-300x142.jpg 300w, https:\/\/echta-derminga.de\/wp-content\/uploads\/2021\/07\/20210718_132748-768x363.jpg 768w, https:\/\/echta-derminga.de\/wp-content\/uploads\/2021\/07\/20210718_132748-1536x727.jpg 1536w, https:\/\/echta-derminga.de\/wp-content\/uploads\/2021\/07\/20210718_132748-2048x969.jpg 2048w\" sizes=\"auto, (max-width: 700px) 100vw, 700px\" \/><\/figure><\/li><li class=\"blocks-gallery-item\"><figure><img loading=\"lazy\" decoding=\"async\" width=\"700\" height=\"394\" src=\"https:\/\/echta-derminga.de\/wp-content\/uploads\/2021\/07\/IMG-20210723-WA0006-700x394.jpg\" alt=\"\" data-id=\"10230\" data-full-url=\"https:\/\/echta-derminga.de\/wp-content\/uploads\/2021\/07\/IMG-20210723-WA0006.jpg\" data-link=\"https:\/\/echta-derminga.de\/?attachment_id=10230\" class=\"wp-image-10230\" srcset=\"https:\/\/echta-derminga.de\/wp-content\/uploads\/2021\/07\/IMG-20210723-WA0006-700x394.jpg 700w, https:\/\/echta-derminga.de\/wp-content\/uploads\/2021\/07\/IMG-20210723-WA0006-300x169.jpg 300w, https:\/\/echta-derminga.de\/wp-content\/uploads\/2021\/07\/IMG-20210723-WA0006-768x432.jpg 768w, https:\/\/echta-derminga.de\/wp-content\/uploads\/2021\/07\/IMG-20210723-WA0006-1536x864.jpg 1536w, https:\/\/echta-derminga.de\/wp-content\/uploads\/2021\/07\/IMG-20210723-WA0006.jpg 1600w\" sizes=\"auto, (max-width: 700px) 100vw, 700px\" \/><\/figure><\/li><\/ul><\/figure>\n\n\n\n<p class=\"has-medium-font-size wp-block-paragraph\"><strong>Die Lage in den entsprechenden Krisengebieten ist verheerend. Den Helferinnen und Helfern bietet sich vielerorts ein Bild des Schreckens. Ganze Stra\u00dfen voller M\u00fcll, zerst\u00f6rte H\u00e4user, kontaminiertes Wasser und Berge voller Schrott und Ger\u00f6ll. Zudem m\u00fcssen die Helferinnen und Helfer bei ihrer ehrenamtlichen T\u00e4tigkeit auf ihre Gesundheit zu achten. Das alles ist weitaus schlimmer als die Ereignisse in unserem Dorf. Gottlob hatten wir im Jahre 2016 keine Schwerverletzte und auch keine Menschenleben zu beklagen. In den entsprechenden Gebieten in der Eifel und in Nordrhein- Westfalen stehen die Menschen verzweifelt vor den Tr\u00fcmmern ihres Lebens. Wir m\u00fcssen davon ausgehen, dass es lange dauern wird, bis das schlimmste \u00fcberstanden ist. H\u00e4user m\u00fcssen wieder aufgebaut und die Infrastruktur ganzer D\u00f6rfer wieder hergestellt werden. Unsere Firma SYKO hilft mit der Aktion &#8222;Strom f\u00fcr Ahrweiler&#8220; genau bei diesem Unterfangen. Dabei ist es wichtig, dass wir diese Katastrophe und ihre Folgen nicht in ein paar Wochen vergessen werden. Bewahrt eure Eindr\u00fccke und Erlebnisse!<\/strong><\/p>\n\n\n\n<figure class=\"wp-block-gallery columns-2 is-cropped wp-block-gallery-3 is-layout-flex wp-block-gallery-is-layout-flex\"><ul class=\"blocks-gallery-grid\"><li class=\"blocks-gallery-item\"><figure><img loading=\"lazy\" decoding=\"async\" width=\"700\" height=\"546\" src=\"https:\/\/echta-derminga.de\/wp-content\/uploads\/2021\/07\/11-1-700x546.jpg\" alt=\"\" data-id=\"10232\" data-link=\"https:\/\/echta-derminga.de\/?attachment_id=10232\" class=\"wp-image-10232\" srcset=\"https:\/\/echta-derminga.de\/wp-content\/uploads\/2021\/07\/11-1-700x546.jpg 700w, https:\/\/echta-derminga.de\/wp-content\/uploads\/2021\/07\/11-1-300x234.jpg 300w, https:\/\/echta-derminga.de\/wp-content\/uploads\/2021\/07\/11-1-768x599.jpg 768w, https:\/\/echta-derminga.de\/wp-content\/uploads\/2021\/07\/11-1.jpg 911w\" sizes=\"auto, (max-width: 700px) 100vw, 700px\" \/><\/figure><\/li><li class=\"blocks-gallery-item\"><figure><img loading=\"lazy\" decoding=\"async\" width=\"700\" height=\"470\" src=\"https:\/\/echta-derminga.de\/wp-content\/uploads\/2021\/07\/12-3-700x470.jpg\" alt=\"\" data-id=\"10233\" data-full-url=\"https:\/\/echta-derminga.de\/wp-content\/uploads\/2021\/07\/12-3.jpg\" data-link=\"https:\/\/echta-derminga.de\/?attachment_id=10233\" class=\"wp-image-10233\" srcset=\"https:\/\/echta-derminga.de\/wp-content\/uploads\/2021\/07\/12-3-700x470.jpg 700w, https:\/\/echta-derminga.de\/wp-content\/uploads\/2021\/07\/12-3-300x200.jpg 300w, https:\/\/echta-derminga.de\/wp-content\/uploads\/2021\/07\/12-3-768x516.jpg 768w, https:\/\/echta-derminga.de\/wp-content\/uploads\/2021\/07\/12-3.jpg 811w\" sizes=\"auto, (max-width: 700px) 100vw, 700px\" \/><\/figure><\/li><\/ul><figcaption class=\"blocks-gallery-caption\">Strom f\u00fcr Ahrweiler<\/figcaption><\/figure>\n\n\n\n<p class=\"has-medium-font-size wp-block-paragraph\">Ich bin unheimlich stolz auf die Menschen in meinem Dorf. Mit einer solchen Solidarit\u00e4tswelle habe ich nicht gerechnet. Wieder mal beweisen die Menschen aus meinem Heimatort, dass sie aus besonderem Holz geschnitzt sind. Auch viele junge Leute haben sich zum Helfen gemeldet. In unserem Dorf gibt es unheimlich viel Potential. Wir m\u00fcssen uns nur auf unsere St\u00e4rken konzentrieren und den Zusammenhalt f\u00f6rdern.<\/p>\n\n\n\n<p class=\"has-medium-font-size wp-block-paragraph\"><strong>Ich m\u00f6chte allen Freundinnen und Freunden sowie allen ehrenamtlichen \u201eKriegern des Lichts\u201c ganz herzlich danken. Euer ehrenamtliches Engagement ist ein Segen f\u00fcr die Menschen vor Ort sowie f\u00fcr alle Daheimgebliebenen. Kommt gesund Nachhause!<\/strong><\/p>\n\n\n\n<figure class=\"wp-block-gallery columns-2 is-cropped wp-block-gallery-4 is-layout-flex wp-block-gallery-is-layout-flex\"><ul class=\"blocks-gallery-grid\"><li class=\"blocks-gallery-item\"><figure><img loading=\"lazy\" decoding=\"async\" width=\"700\" height=\"750\" src=\"https:\/\/echta-derminga.de\/wp-content\/uploads\/2021\/07\/IMG-20210724-WA0002-700x750.jpg\" alt=\"\" data-id=\"10235\" data-link=\"https:\/\/echta-derminga.de\/?attachment_id=10235\" class=\"wp-image-10235\" srcset=\"https:\/\/echta-derminga.de\/wp-content\/uploads\/2021\/07\/IMG-20210724-WA0002-700x750.jpg 700w, https:\/\/echta-derminga.de\/wp-content\/uploads\/2021\/07\/IMG-20210724-WA0002-280x300.jpg 280w, https:\/\/echta-derminga.de\/wp-content\/uploads\/2021\/07\/IMG-20210724-WA0002-768x823.jpg 768w, https:\/\/echta-derminga.de\/wp-content\/uploads\/2021\/07\/IMG-20210724-WA0002.jpg 1177w\" sizes=\"auto, (max-width: 700px) 100vw, 700px\" \/><\/figure><\/li><li class=\"blocks-gallery-item\"><figure><img loading=\"lazy\" decoding=\"async\" width=\"700\" height=\"777\" src=\"https:\/\/echta-derminga.de\/wp-content\/uploads\/2021\/07\/IMG-20210724-WA0003-700x777.jpg\" alt=\"\" data-id=\"10236\" data-full-url=\"https:\/\/echta-derminga.de\/wp-content\/uploads\/2021\/07\/IMG-20210724-WA0003.jpg\" data-link=\"https:\/\/echta-derminga.de\/?attachment_id=10236\" class=\"wp-image-10236\" srcset=\"https:\/\/echta-derminga.de\/wp-content\/uploads\/2021\/07\/IMG-20210724-WA0003-700x777.jpg 700w, https:\/\/echta-derminga.de\/wp-content\/uploads\/2021\/07\/IMG-20210724-WA0003-270x300.jpg 270w, https:\/\/echta-derminga.de\/wp-content\/uploads\/2021\/07\/IMG-20210724-WA0003-768x853.jpg 768w, https:\/\/echta-derminga.de\/wp-content\/uploads\/2021\/07\/IMG-20210724-WA0003.jpg 1197w\" sizes=\"auto, (max-width: 700px) 100vw, 700px\" \/><\/figure><\/li><\/ul><\/figure>\n\n\n\n<div class=\"wp-block-image\"><figure class=\"aligncenter size-large\"><img loading=\"lazy\" decoding=\"async\" width=\"700\" height=\"495\" src=\"https:\/\/echta-derminga.de\/wp-content\/uploads\/2021\/07\/218877318_4148015558626471_3129294801458545044_n-1-700x495.jpg\" alt=\"\" class=\"wp-image-10238\" srcset=\"https:\/\/echta-derminga.de\/wp-content\/uploads\/2021\/07\/218877318_4148015558626471_3129294801458545044_n-1-700x495.jpg 700w, https:\/\/echta-derminga.de\/wp-content\/uploads\/2021\/07\/218877318_4148015558626471_3129294801458545044_n-1-300x212.jpg 300w, https:\/\/echta-derminga.de\/wp-content\/uploads\/2021\/07\/218877318_4148015558626471_3129294801458545044_n-1-768x543.jpg 768w, https:\/\/echta-derminga.de\/wp-content\/uploads\/2021\/07\/218877318_4148015558626471_3129294801458545044_n-1.jpg 1080w\" sizes=\"auto, (max-width: 700px) 100vw, 700px\" \/><\/figure><\/div>\n","protected":false},"excerpt":{"rendered":"<p>Wisst ihr wie viele Menschen aus unserem Dorf aktuell, in den von der Sturzflut zerst\u00f6rten Gebieten, anpacken und wichtige Arbeit leisten? So ganz genau l\u00e4sst sich das nicht feststellen, wobei sich in der letzten Woche wirklich sehr viele Landsleute auf den Weg in die entsprechenden Krisengebiete gemacht haben. Ich kann nicht verhehlen, dass ich unheimlich stolz auf meine Landsleute bin.<\/p>\n","protected":false},"author":1,"featured_media":10224,"comment_status":"closed","ping_status":"closed","sticky":false,"template":"","format":"standard","meta":{"_crdt_document":"","footnotes":""},"categories":[1,9,902],"tags":[941,5,940,618,939,127,310],"class_list":["post-10220","post","type-post","status-publish","format-standard","has-post-thumbnail","hentry","category-allgemein","category-dorfgetratsche","category-meine-meinung","tag-altenahr","tag-dirmingen","tag-eifel","tag-gemeinde-eppelborn","tag-hochwasserkatastrophe","tag-landkreis-neunkirchen","tag-saarland"],"_links":{"self":[{"href":"https:\/\/echta-derminga.de\/index.php?rest_route=\/wp\/v2\/posts\/10220","targetHints":{"allow":["GET"]}}],"collection":[{"href":"https:\/\/echta-derminga.de\/index.php?rest_route=\/wp\/v2\/posts"}],"about":[{"href":"https:\/\/echta-derminga.de\/index.php?rest_route=\/wp\/v2\/types\/post"}],"author":[{"embeddable":true,"href":"https:\/\/echta-derminga.de\/index.php?rest_route=\/wp\/v2\/users\/1"}],"replies":[{"embeddable":true,"href":"https:\/\/echta-derminga.de\/index.php?rest_route=%2Fwp%2Fv2%2Fcomments&post=10220"}],"version-history":[{"count":11,"href":"https:\/\/echta-derminga.de\/index.php?rest_route=\/wp\/v2\/posts\/10220\/revisions"}],"predecessor-version":[{"id":10243,"href":"https:\/\/echta-derminga.de\/index.php?rest_route=\/wp\/v2\/posts\/10220\/revisions\/10243"}],"wp:featuredmedia":[{"embeddable":true,"href":"https:\/\/echta-derminga.de\/index.php?rest_route=\/wp\/v2\/media\/10224"}],"wp:attachment":[{"href":"https:\/\/echta-derminga.de\/index.php?rest_route=%2Fwp%2Fv2%2Fmedia&parent=10220"}],"wp:term":[{"taxonomy":"category","embeddable":true,"href":"https:\/\/echta-derminga.de\/index.php?rest_route=%2Fwp%2Fv2%2Fcategories&post=10220"},{"taxonomy":"post_tag","embeddable":true,"href":"https:\/\/echta-derminga.de\/index.php?rest_route=%2Fwp%2Fv2%2Ftags&post=10220"}],"curies":[{"name":"wp","href":"https:\/\/api.w.org\/{rel}","templated":true}]}}