{"id":10411,"date":"2021-08-02T18:36:30","date_gmt":"2021-08-02T17:36:30","guid":{"rendered":"https:\/\/echta-derminga.de\/?p=10411"},"modified":"2021-08-02T18:46:02","modified_gmt":"2021-08-02T17:46:02","slug":"stehen-unsere-dorf-und-volksfeste-vor-dem-aus","status":"publish","type":"post","link":"https:\/\/echta-derminga.de\/?p=10411","title":{"rendered":"Sind unsere Dorf &#8211; und Volksfeste vom Aussterben bedroht ?"},"content":{"rendered":"\n<p class=\"has-medium-font-size wp-block-paragraph\"><strong>\u201eFolxfeschd\u201c, Vereinsfest, \u201eKerb\u201c und Partys? Mit Beginn der Corona-Pandemie wurde das kulturelle Leben zum Tabu-Thema. Seit 2019 flie\u00dft aus der geliebten Zapfanlage kein Gerstensaft mehr. Ein Ende dieses tristesten Daseins ist noch lange nicht in Sicht. Kultur, Spa\u00df, Freizeit, Gaudi, Tanzen oder sich einfach mal in den Arm nehmen wird auch in absehbarer Zeit nur bedingt m\u00f6glich sein. Immerhin darf unsere Jugend wieder Nachtclubs und Discos besuchen. Bleibt die Frage, wer bei den strengen Hygienevorschriften mit Maske auf die Tanzfl\u00e4che abfeiern m\u00f6chte.<\/strong><\/p>\n\n\n\n<p class=\"has-medium-font-size wp-block-paragraph\">Die Kultur kommt nur langsam in Schwung wobei zahlreiche D\u00f6rfer auch in diesem Jahr bereits das eigene Dorffest oder ihre Kirmes abgesagt haben. Schon vor der Pandemie wurde es zusehends schwieriger ein Fest zu organisieren. Jetzt, w\u00e4hrend des Bazillus tobt, stehen vielerorts die Dorffeste vor dem Aussterben. Viele Kommunen oder Vereinsvorsitzende haben bereits die wei\u00dfe Fahne gehisst. Immer \u00f6fter h\u00f6ren wir davon, dass erst wieder gestartet wird, wenn die Zeiten besser werden. Dabei steht l\u00e4ngst nicht fest, ob es \u00fcberhaupt irgendwann wieder so sein wird wie fr\u00fcher.<\/p>\n\n\n\n<p class=\"has-medium-font-size wp-block-paragraph\"><strong>Fr\u00fcher, ja fr\u00fcher. Es gab eine Zeit, in der Volksfeste oder Dorffeste eine ganz andere gesellschaftliche Bedeutung hatten. Die Menschen freuten sich schon Wochen vor dem Fest auf die Abwechslung, die solch ein Dorffest mit sich bringt. Damals war es noch etwas Besonderes auf einem Autoscooter oder einem Kettenkarussell zu fahren. Heute locken wir damit keine gro\u00dfen Menschenmassen mehr an. Unsere Jugendliche nehmen lieber den Weg in die n\u00e4chste gro\u00dfe Stadt auf sich, um dort ein Event zu erleben, als dass man sich der eigenen Dorfkirmes oder dem Volksfest hingibt. Die Zeiten haben sich ge\u00e4ndert. Darauf gilt es schnellstm\u00f6glich Antworten zu finden. Wenn man die eigene Dorfjugend wieder vermehrt in die Dorfkultur integrieren m\u00f6chte, muss man Angebote aufzeigen. Genau hier bei\u00dft sich die Katze buchst\u00e4blich in den Allerwertesten. &nbsp;<\/strong><\/p>\n\n\n\n<figure class=\"wp-block-gallery columns-2 is-cropped wp-block-gallery-1 is-layout-flex wp-block-gallery-is-layout-flex\"><ul class=\"blocks-gallery-grid\"><li class=\"blocks-gallery-item\"><figure><img loading=\"lazy\" decoding=\"async\" width=\"700\" height=\"525\" src=\"https:\/\/echta-derminga.de\/wp-content\/uploads\/2021\/08\/16-700x525.jpg\" alt=\"\" data-id=\"10416\" data-link=\"https:\/\/echta-derminga.de\/?attachment_id=10416\" class=\"wp-image-10416\" srcset=\"https:\/\/echta-derminga.de\/wp-content\/uploads\/2021\/08\/16-700x525.jpg 700w, https:\/\/echta-derminga.de\/wp-content\/uploads\/2021\/08\/16-300x225.jpg 300w, https:\/\/echta-derminga.de\/wp-content\/uploads\/2021\/08\/16-768x576.jpg 768w, https:\/\/echta-derminga.de\/wp-content\/uploads\/2021\/08\/16-1536x1152.jpg 1536w, https:\/\/echta-derminga.de\/wp-content\/uploads\/2021\/08\/16-2048x1536.jpg 2048w\" sizes=\"auto, (max-width: 700px) 100vw, 700px\" \/><\/figure><\/li><li class=\"blocks-gallery-item\"><figure><img loading=\"lazy\" decoding=\"async\" width=\"700\" height=\"525\" src=\"https:\/\/echta-derminga.de\/wp-content\/uploads\/2021\/08\/30-700x525.jpg\" alt=\"\" data-id=\"10417\" data-full-url=\"https:\/\/echta-derminga.de\/wp-content\/uploads\/2021\/08\/30.jpg\" data-link=\"https:\/\/echta-derminga.de\/?attachment_id=10417\" class=\"wp-image-10417\" srcset=\"https:\/\/echta-derminga.de\/wp-content\/uploads\/2021\/08\/30-700x525.jpg 700w, https:\/\/echta-derminga.de\/wp-content\/uploads\/2021\/08\/30-300x225.jpg 300w, https:\/\/echta-derminga.de\/wp-content\/uploads\/2021\/08\/30-768x576.jpg 768w, https:\/\/echta-derminga.de\/wp-content\/uploads\/2021\/08\/30.jpg 800w\" sizes=\"auto, (max-width: 700px) 100vw, 700px\" \/><\/figure><\/li><\/ul><\/figure>\n\n\n\n<p class=\"has-medium-font-size wp-block-paragraph\">Obwohl einer Umfrage zufolge weiterhin \u00fcber 80 Prozent der Befragten die Meinung vertreten, dass gerade Volksfeste ein wichtiger Bestandteil von Kultur und Tradition sind, k\u00e4mpft gerade die Dorfkultur ums nackte \u00dcberleben. Wir m\u00fcssen davon ausgehen, dass in absehbarer Zeit viele kleine Volksfeste von der Landkarte verschwinden werden.<\/p>\n\n\n\n<p class=\"has-medium-font-size wp-block-paragraph\"><strong>In unserem Heimatort Dirmingen k\u00e4mpft man mit den gleichen Problemen. Unser Kulturverein hat sich verst\u00e4ndlicherweise sehr schwer getan wieder ein Fest auf die Beine zu stellen. Auch unsere Vereine stehen vor der Frage, wie es bez\u00fcglich ihrer j\u00e4hrlichen Aktivit\u00e4ten weitergehen soll. Obwohl die Hygienevorschriften gelockert wurden, tun sich viele Vereine sehr schwer wieder ein Fest auf die Beine zu stellen. Dabei ist es nicht nur die Pandemie, die unserer Dorfkultur schadet. Auch der Gesetzgeber verlangt immer mehr Eigenverantwortung. Die Kosten f\u00fcr ein gro\u00dfes Volksfest sind gerade in den letzten Jahren enorm angestiegen. Wenn man sich einmal als Beispiel den \u201eMittelalterlicher Weihnachtsmarkt\u201c vor Augen f\u00fchrt, bekommt man leicht Schnappatmung. Allein die Kosten f\u00fcr Halle, GEMA, Verkehrsordnung und die zahlreichen Genehmigungen lassen uns beim Lesen erschaudern. Ja, es wurde schon vorher immer schwerer etwas auf die Beine zu stellen. Die Pandemie gab jedoch vielen Vereinen den Rest. Unsere Kultur liegt am Boden.<\/strong><\/p>\n\n\n\n<p class=\"has-medium-font-size wp-block-paragraph\">Schausteller gehen Bankrott, B\u00fchnentechniker wurden arbeitslos und Bands verzweifeln im Kampf um das \u00dcberleben. Es ist v\u00f6llig verst\u00e4ndlich, dass manche Musiker die Nerven und ihre gute Kinderstube verlieren. Seit Beginn der Pandemie wurde sich um alles und jeden gek\u00fcmmert nur die Musikbranche und unsere Kultur blieb auf der Strecke. Wenn wir so weiter machen, werden wir bei allem Verst\u00e4ndnis f\u00fcr die beschlossene Hygieneverordnung, unsere Kultur an die Wand fahren. Dabei sind es gerade die Hygienevorschriften, die am meisten f\u00fcr Unverst\u00e4ndnis sorgen. Auf der einen Seite feiern \u00fcber 60 000 das EM-Finale in Wembley oder Tausende den CSD in Berlin w\u00e4hrend bei einem kleinen Strandkorb-Konzert verpicht auf die Abstandsregel geachtet wird. Gleichbehandlung sieht anders aus!<\/p>\n\n\n\n<figure class=\"wp-block-gallery columns-3 is-cropped wp-block-gallery-2 is-layout-flex wp-block-gallery-is-layout-flex\"><ul class=\"blocks-gallery-grid\"><li class=\"blocks-gallery-item\"><figure><img loading=\"lazy\" decoding=\"async\" width=\"644\" height=\"483\" src=\"https:\/\/echta-derminga.de\/wp-content\/uploads\/2019\/11\/Blog-4-644x483.jpg\" alt=\"\" data-id=\"4968\" data-full-url=\"https:\/\/echta-derminga.de\/wp-content\/uploads\/2019\/11\/Blog-4.jpg\" data-link=\"https:\/\/echta-derminga.de\/?attachment_id=4968\" class=\"wp-image-4968\" srcset=\"https:\/\/echta-derminga.de\/wp-content\/uploads\/2019\/11\/Blog-4-644x483.jpg 644w, https:\/\/echta-derminga.de\/wp-content\/uploads\/2019\/11\/Blog-4-300x225.jpg 300w, https:\/\/echta-derminga.de\/wp-content\/uploads\/2019\/11\/Blog-4-768x576.jpg 768w, https:\/\/echta-derminga.de\/wp-content\/uploads\/2019\/11\/Blog-4.jpg 800w\" sizes=\"auto, (max-width: 644px) 100vw, 644px\" \/><\/figure><\/li><li class=\"blocks-gallery-item\"><figure><img loading=\"lazy\" decoding=\"async\" width=\"644\" height=\"481\" src=\"https:\/\/echta-derminga.de\/wp-content\/uploads\/2019\/11\/Blog-2-1-644x481.jpg\" alt=\"\" data-id=\"4966\" data-full-url=\"https:\/\/echta-derminga.de\/wp-content\/uploads\/2019\/11\/Blog-2-1.jpg\" data-link=\"https:\/\/echta-derminga.de\/?attachment_id=4966\" class=\"wp-image-4966\" srcset=\"https:\/\/echta-derminga.de\/wp-content\/uploads\/2019\/11\/Blog-2-1-644x481.jpg 644w, https:\/\/echta-derminga.de\/wp-content\/uploads\/2019\/11\/Blog-2-1-300x224.jpg 300w, https:\/\/echta-derminga.de\/wp-content\/uploads\/2019\/11\/Blog-2-1-768x574.jpg 768w, https:\/\/echta-derminga.de\/wp-content\/uploads\/2019\/11\/Blog-2-1.jpg 960w\" sizes=\"auto, (max-width: 644px) 100vw, 644px\" \/><\/figure><\/li><li class=\"blocks-gallery-item\"><figure><img loading=\"lazy\" decoding=\"async\" width=\"644\" height=\"650\" src=\"https:\/\/echta-derminga.de\/wp-content\/uploads\/2019\/11\/Blog-1-1-644x650.jpg\" alt=\"\" data-id=\"4965\" data-full-url=\"https:\/\/echta-derminga.de\/wp-content\/uploads\/2019\/11\/Blog-1-1.jpg\" data-link=\"https:\/\/echta-derminga.de\/?attachment_id=4965\" class=\"wp-image-4965\" srcset=\"https:\/\/echta-derminga.de\/wp-content\/uploads\/2019\/11\/Blog-1-1-644x650.jpg 644w, https:\/\/echta-derminga.de\/wp-content\/uploads\/2019\/11\/Blog-1-1-297x300.jpg 297w, https:\/\/echta-derminga.de\/wp-content\/uploads\/2019\/11\/Blog-1-1-150x150.jpg 150w, https:\/\/echta-derminga.de\/wp-content\/uploads\/2019\/11\/Blog-1-1-768x775.jpg 768w, https:\/\/echta-derminga.de\/wp-content\/uploads\/2019\/11\/Blog-1-1-1522x1536.jpg 1522w, https:\/\/echta-derminga.de\/wp-content\/uploads\/2019\/11\/Blog-1-1.jpg 1728w\" sizes=\"auto, (max-width: 644px) 100vw, 644px\" \/><\/figure><\/li><\/ul><\/figure>\n\n\n\n<p class=\"has-medium-font-size wp-block-paragraph\"><strong>In Dirmingen sucht man verzweifelt nach Antworten und L\u00f6sungen. Ein \u201eIrischer Abend\u201c in der Scheune wird unter diesen Bedingungen nicht m\u00f6glich sein. Genauso ist es verst\u00e4ndlich, dass unser TVD oder auch der SVD ihre Dorfturniere abgesagt haben. Es bleibt die Hoffnung auf eine bessere Zeit. Werden wir in diesem Jahr wieder unseren \u201eMittelalterlichen Weihnachtsmarkt\u201c durchf\u00fchren k\u00f6nnen? Gerade dieses Fest lebt von N\u00e4he, W\u00e4rme und Kontakt. Wie soll das in den verschiedenen Zelten gelingen? Werden wir in diesem Jahr wieder unsere traditionsreiche Kirmes feiern k\u00f6nnen? Bei allem berechtigten Zweifel stirbt die Hoffnung zuletzt.<\/strong><\/p>\n\n\n\n<p class=\"has-medium-font-size wp-block-paragraph\">Was wir brauchen ist ein neuer Anfang. Wir m\u00fcssen unser Herz in die Hand nehmen und sehen was m\u00f6glich ist. Ein Ende kann auch ein Anfang sein. Grunds\u00e4tzlich k\u00f6nnen auch Ver\u00e4nderungen etwas positives mit sich bringen. Nat\u00fcrlich m\u00fcssen wir darauf achten, dass wir niemanden in Gefahr bringen und tunlichst auf die Hygieneverordnung achten. Dabei stehen die Gesundheit und das Leben unserer Mitmenschen immer im Vordergrund. Niemand m\u00f6chte Menschen in Gefahr bringen. Es geht allein darum, darauf zu schauen, was \u00fcberhaupt m\u00f6glich ist. Wenn wir jetzt nicht aufstehen und uns um unsere Dorfkultur k\u00fcmmern, k\u00f6nnte das b\u00f6se Folgen haben. Wir m\u00fcssen uns gemeinsam um L\u00f6sungen bem\u00fchen.<\/p>\n\n\n\n<p class=\"has-medium-font-size wp-block-paragraph\"><strong>Jetzt also endlich ein Neuanfang. Die Veranstaltung \u201eMusik im Park\u201c am 21. August 21 wird, seit fast zwei Jahren, die erste gr\u00f6\u00dfere Veranstaltung in unserem Heimatort. Das Hygienekonzept ist erstellt, alle Sicherheitsvorkehrungen aufgestellt und alle entsprechenden Antr\u00e4ge eingereicht. Der Kulturverein Dirmingen ist aufgestanden und wagt einen Schritt in eine neue Normalit\u00e4t. Viele Menschen haben jedoch immer noch Angst und empfinden gr\u00f6\u00dfere festliche Aktivit\u00e4ten als Gefahr. Diese Angst gilt es zu nehmen. Es muss in kleinen Schritten vorangehen. Dabei m\u00fcssen wir versuchen jeden mitzunehmen.<\/strong><\/p>\n\n\n\n<figure class=\"wp-block-gallery columns-3 is-cropped wp-block-gallery-3 is-layout-flex wp-block-gallery-is-layout-flex\"><ul class=\"blocks-gallery-grid\"><li class=\"blocks-gallery-item\"><figure><img loading=\"lazy\" decoding=\"async\" width=\"644\" height=\"483\" src=\"https:\/\/echta-derminga.de\/wp-content\/uploads\/2019\/07\/Echt-3-644x483.jpg\" alt=\"\" data-id=\"4084\" data-full-url=\"https:\/\/echta-derminga.de\/wp-content\/uploads\/2019\/07\/Echt-3.jpg\" data-link=\"https:\/\/echta-derminga.de\/?attachment_id=4084\" class=\"wp-image-4084\" srcset=\"https:\/\/echta-derminga.de\/wp-content\/uploads\/2019\/07\/Echt-3-644x483.jpg 644w, https:\/\/echta-derminga.de\/wp-content\/uploads\/2019\/07\/Echt-3-300x225.jpg 300w, https:\/\/echta-derminga.de\/wp-content\/uploads\/2019\/07\/Echt-3-768x576.jpg 768w, https:\/\/echta-derminga.de\/wp-content\/uploads\/2019\/07\/Echt-3.jpg 800w\" sizes=\"auto, (max-width: 644px) 100vw, 644px\" \/><figcaption class=\"blocks-gallery-item__caption\">sdr<\/figcaption><\/figure><\/li><li class=\"blocks-gallery-item\"><figure><img loading=\"lazy\" decoding=\"async\" width=\"644\" height=\"483\" src=\"https:\/\/echta-derminga.de\/wp-content\/uploads\/2019\/07\/Echt-5-644x483.jpg\" alt=\"\" data-id=\"4094\" data-full-url=\"https:\/\/echta-derminga.de\/wp-content\/uploads\/2019\/07\/Echt-5.jpg\" data-link=\"https:\/\/echta-derminga.de\/?attachment_id=4094\" class=\"wp-image-4094\" srcset=\"https:\/\/echta-derminga.de\/wp-content\/uploads\/2019\/07\/Echt-5-644x483.jpg 644w, https:\/\/echta-derminga.de\/wp-content\/uploads\/2019\/07\/Echt-5-300x225.jpg 300w, https:\/\/echta-derminga.de\/wp-content\/uploads\/2019\/07\/Echt-5.jpg 700w\" sizes=\"auto, (max-width: 644px) 100vw, 644px\" \/><\/figure><\/li><li class=\"blocks-gallery-item\"><figure><img loading=\"lazy\" decoding=\"async\" width=\"644\" height=\"429\" src=\"https:\/\/echta-derminga.de\/wp-content\/uploads\/2019\/07\/Kultur-Blog-5-644x429.jpg\" alt=\"\" data-id=\"4090\" data-full-url=\"https:\/\/echta-derminga.de\/wp-content\/uploads\/2019\/07\/Kultur-Blog-5.jpg\" data-link=\"https:\/\/echta-derminga.de\/?attachment_id=4090\" class=\"wp-image-4090\" srcset=\"https:\/\/echta-derminga.de\/wp-content\/uploads\/2019\/07\/Kultur-Blog-5-644x429.jpg 644w, https:\/\/echta-derminga.de\/wp-content\/uploads\/2019\/07\/Kultur-Blog-5-300x200.jpg 300w, https:\/\/echta-derminga.de\/wp-content\/uploads\/2019\/07\/Kultur-Blog-5-768x512.jpg 768w, https:\/\/echta-derminga.de\/wp-content\/uploads\/2019\/07\/Kultur-Blog-5.jpg 800w\" sizes=\"auto, (max-width: 644px) 100vw, 644px\" \/><\/figure><\/li><\/ul><\/figure>\n\n\n\n<p class=\"has-medium-font-size wp-block-paragraph\">Die Planungen f\u00fcr die saisonale Veranstaltung \u201eHerbst auf Finkenrech\u201c haben begonnen. Gut, dass sich der TKN des Landkreises traut zumindest die Planungen voranzutreiben. Meinen Informationen zufolge haben bereits zahlreiche Gewerbetreibende, Vereine und Organisationen ihre Teilnahme am Bauernmarkt best\u00e4tigt. Das ge\u00e4nderte Konzept des TKN gibt allen Grund zur Hoffnung, dass wir im September wieder ein Herbstfest mit einem sch\u00f6nen Bauernmarkt erleben d\u00fcrfen.<\/p>\n\n\n\n<p class=\"has-medium-font-size wp-block-paragraph\"><strong>Bleibt die Frage, was man als Einzelner tun und wie man den Vereinen oder Organisationen helfen kann. Ganz einfach: Melden Sie sich zu den verschiedenen Veranstaltungen an und gehen Sie mit uns einen gemeinsamen Schritt in eine zugegebenerma\u00dfen etwas andere Normalit\u00e4t.<\/strong><\/p>\n\n\n\n<p class=\"has-medium-font-size wp-block-paragraph\"><strong>Was wir brauchen ist Mut zur Ver\u00e4nderung &#8211; Stillstand ist der Tod!<\/strong><\/p>\n\n\n\n<div class=\"wp-block-image\"><figure class=\"aligncenter size-full\"><img loading=\"lazy\" decoding=\"async\" width=\"634\" height=\"898\" src=\"https:\/\/echta-derminga.de\/wp-content\/uploads\/2021\/08\/Plakat-2.png\" alt=\"\" class=\"wp-image-10420\" srcset=\"https:\/\/echta-derminga.de\/wp-content\/uploads\/2021\/08\/Plakat-2.png 634w, https:\/\/echta-derminga.de\/wp-content\/uploads\/2021\/08\/Plakat-2-212x300.png 212w\" sizes=\"auto, (max-width: 634px) 100vw, 634px\" \/><\/figure><\/div>\n","protected":false},"excerpt":{"rendered":"<p>\u201eFolxfeschd\u201c, Vereinsfest, \u201eKerb\u201c und Partys? Mit Beginn der Corona-Pandemie wurde das kulturelle Leben zum Tabu-Thema. Seit 2019 flie\u00dft aus der geliebten Zapfanlage kein Gerstensaft mehr. Ein Ende dieses tristesten Daseins ist noch lange nicht in Sicht. Kultur, Spa\u00df, Freizeit, Gaudi, Tanzen oder sich einfach mal in den Arm nehmen wird auch in absehbarer Zeit nur bedingt m\u00f6glich sein. Immerhin darf<\/p>\n","protected":false},"author":1,"featured_media":10415,"comment_status":"open","ping_status":"closed","sticky":false,"template":"","format":"standard","meta":{"_crdt_document":"","footnotes":""},"categories":[1,9,902],"tags":[5,618,943,127,634,795,310],"class_list":["post-10411","post","type-post","status-publish","format-standard","has-post-thumbnail","hentry","category-allgemein","category-dorfgetratsche","category-meine-meinung","tag-dirmingen","tag-gemeinde-eppelborn","tag-landkreis-finkenrech-folxfeschd","tag-landkreis-neunkirchen","tag-ortsvorsteher","tag-ortsvorsteher-dirmingen","tag-saarland"],"_links":{"self":[{"href":"https:\/\/echta-derminga.de\/index.php?rest_route=\/wp\/v2\/posts\/10411","targetHints":{"allow":["GET"]}}],"collection":[{"href":"https:\/\/echta-derminga.de\/index.php?rest_route=\/wp\/v2\/posts"}],"about":[{"href":"https:\/\/echta-derminga.de\/index.php?rest_route=\/wp\/v2\/types\/post"}],"author":[{"embeddable":true,"href":"https:\/\/echta-derminga.de\/index.php?rest_route=\/wp\/v2\/users\/1"}],"replies":[{"embeddable":true,"href":"https:\/\/echta-derminga.de\/index.php?rest_route=%2Fwp%2Fv2%2Fcomments&post=10411"}],"version-history":[{"count":11,"href":"https:\/\/echta-derminga.de\/index.php?rest_route=\/wp\/v2\/posts\/10411\/revisions"}],"predecessor-version":[{"id":10426,"href":"https:\/\/echta-derminga.de\/index.php?rest_route=\/wp\/v2\/posts\/10411\/revisions\/10426"}],"wp:featuredmedia":[{"embeddable":true,"href":"https:\/\/echta-derminga.de\/index.php?rest_route=\/wp\/v2\/media\/10415"}],"wp:attachment":[{"href":"https:\/\/echta-derminga.de\/index.php?rest_route=%2Fwp%2Fv2%2Fmedia&parent=10411"}],"wp:term":[{"taxonomy":"category","embeddable":true,"href":"https:\/\/echta-derminga.de\/index.php?rest_route=%2Fwp%2Fv2%2Fcategories&post=10411"},{"taxonomy":"post_tag","embeddable":true,"href":"https:\/\/echta-derminga.de\/index.php?rest_route=%2Fwp%2Fv2%2Ftags&post=10411"}],"curies":[{"name":"wp","href":"https:\/\/api.w.org\/{rel}","templated":true}]}}