{"id":10511,"date":"2021-08-22T12:59:37","date_gmt":"2021-08-22T11:59:37","guid":{"rendered":"https:\/\/echta-derminga.de\/?p=10511"},"modified":"2021-08-22T13:10:41","modified_gmt":"2021-08-22T12:10:41","slug":"in-sachen-ortsvorsteher-von-einem-neuanfang-einem-prominenten-besuch-und-einem-eistraum","status":"publish","type":"post","link":"https:\/\/echta-derminga.de\/?p=10511","title":{"rendered":"In Sachen Ortsvorsteher: Von einem Neuanfang, einem prominenten Besuch und einem Eistraum"},"content":{"rendered":"\n<blockquote class=\"wp-block-quote is-layout-flow wp-block-quote-is-layout-flow\"><p><strong>Gro\u00dfe Ver\u00e4nderungen in unserem Leben k\u00f6nnen eine zweite Chance sein.<\/strong><\/p><cite> Harrison Ford (Schauspieler)<\/cite><\/blockquote>\n\n\n\n<p class=\"has-medium-font-size wp-block-paragraph\">Mit diesem Zitat des Schauspielers Harrison Ford melde ich mich aus meinem Urlaub zur\u00fcck. In meiner ersten Arbeitswoche durfte ich einige ermutigende Erfahrungen sammeln. Dabei habe ich das Gef\u00fchl gewonnen, dass die Menschen wieder mehr Zuversicht sch\u00f6pfen. Neben der Er\u00f6ffnung unseres neuen Verkaufswagens \u201eEistraum\u201c, in der Ortsmitte, geh\u00f6rte der Besuch der saarl\u00e4ndischen Pop-Duos &#8222;Perlregen&#8220; zu den sch\u00f6nsten Momenten. Die erste Arbeitswoche gipfelte jedoch in einem echten H\u00f6hepunkt. Nach \u00fcber zwei Jahren fand im Br\u00fchlpark endlich wieder eine Veranstaltung des Kulturvereins statt. Am Ende des Tages hatten sich \u00fcber 150 Menschen zu der Veranstaltung \u201eMusik im Br\u00fchlpark\u201c gemeldet. Sch\u00f6n, dass der Kulturverein wieder am Start ist.<\/p>\n\n\n\n<p class=\"has-medium-font-size wp-block-paragraph\"><strong>Ein Traum von einem Eis \u2013 \u201eEistraum\u201c bereichert unsere Ortsmitte<\/strong><\/p>\n\n\n\n<p class=\"has-medium-font-size wp-block-paragraph\">Vor unserer Evangelischen Kirche kann man ab sofort ganz besondere \u201eEistr\u00e4ume\u201c erleben. Der Italiener Antonio Candela bietet gemeinsam mit seinem Vater Carmelo t\u00e4glich von 11:00 bis 21:00 Uhr in seinem Eiswagen \u201eEistraum\u201c leckere italienische Eisspezialit\u00e4ten an. Dabei verwendet der sympathische Gesch\u00e4ftsmann f\u00fcr die eigene Speiseeisherstellung ein Originalrezepte aus seiner Heimat. Die Speiseeisspezialit\u00e4ten sind laktose- und glutenfrei. In seinem Sortiment befinden sich zw\u00f6lf verschiedene Eissorten. Antonio und sein Team f\u00fchlen sich in Dirmingen sichtlich wohl und werden auch im Winter ihren Standort in Dirmingen behalten und Cr\u00eapes, Waffeln, Tiramisu, Kaffee und Kuchen verkaufen. Sch\u00f6n, dass Antonio viel Wert auf die Umwelt legt und dabei auf biologisch abbaubare Verpackungen setzt, Der Verkaufswagen Eistraum ist eine echte Bereicherung f\u00fcr unsere Ortsmitte. Ich bin \u00fcberzeugt davon, dass sich Kinder, ebenso wie Erwachsene, \u00fcber diese neue Attraktion in Dirmingen freuen. Der Beigeordnete der Gemeinde Eppelborn, Sebastian Michel, begleitete mich in Vertretung f\u00fcr B\u00fcrgermeister Andreas Feld bei meinem Antrittsbesuch am Verkaufswagen. Der Beigeordnete Michel lobte die unternehmerische Initiative der Candela\u2019s, die zur Steigerung der Attraktivit\u00e4t und Wohnqualit\u00e4t unserer Heimatgemeinde beitr\u00e4gt. Ich pers\u00f6nlich w\u00fcnsche uns allen einen sch\u00f6nen erfolgreichen Eistraum und dem Team um Antonio Candela viel Erfolg in Dirmingen. <\/p>\n\n\n\n<div class=\"wp-block-image\"><figure class=\"aligncenter size-large\"><img loading=\"lazy\" decoding=\"async\" width=\"700\" height=\"417\" src=\"https:\/\/echta-derminga.de\/wp-content\/uploads\/2021\/08\/20210812_134652-700x417.jpg\" alt=\"\" class=\"wp-image-10520\" srcset=\"https:\/\/echta-derminga.de\/wp-content\/uploads\/2021\/08\/20210812_134652-700x417.jpg 700w, https:\/\/echta-derminga.de\/wp-content\/uploads\/2021\/08\/20210812_134652-300x179.jpg 300w, https:\/\/echta-derminga.de\/wp-content\/uploads\/2021\/08\/20210812_134652-768x457.jpg 768w, https:\/\/echta-derminga.de\/wp-content\/uploads\/2021\/08\/20210812_134652-1536x915.jpg 1536w, https:\/\/echta-derminga.de\/wp-content\/uploads\/2021\/08\/20210812_134652-2048x1220.jpg 2048w\" sizes=\"auto, (max-width: 700px) 100vw, 700px\" \/><figcaption>Ein &#8222;Eistraum&#8220; in Dirmingen<\/figcaption><\/figure><\/div>\n\n\n\n<p class=\"has-medium-font-size wp-block-paragraph\"><strong>Saarl\u00e4ndisches Pop-Duo f\u00fchlt sich Wohl in Dirmingen<\/strong><\/p>\n\n\n\n<p class=\"has-medium-font-size wp-block-paragraph\">Am Mittwoch, 18. August bekam ich gro\u00dfen Besuch in meinem kleinen Ortsvorsteherb\u00fcro. Das Pop-Duo &#8222;Perlregen&#8220; folgte meiner Einladung auf eine Tasse Kaffee. Es war h\u00f6chste Zeit um das Duo &#8222;Perlregen&#8220;, um Martina Schlaucher und Thomas Lapp, in unserem Dorf offiziell Willkommen zu hei\u00dfen. Die beiden wohnen schlie\u00dflich schon einige Zeit in unserem Heimatort und f\u00fchlen sich  laut eigener Aussage pudelwohl. Am 13 August erschien das nunmehr 3. Album, mit dem Titel &#8222;3&#8220; ,auf dem Markt. Martina Schlaucher \u00fcberreichte mir ein Exemplar dieses Albums mit pers\u00f6nlicher Widmung. Im Gegenzug durfte ich den Beiden das Heimatbuch &#8222;Dirminger Hausnamen&#8220; und eine gute Flasche Wein eines Dirminger Verk\u00e4ufers \u00fcberreichen, Nachdem ich mir das Album angeh\u00f6rt habe, m\u00f6chte ich es Ihnen gerne ans Herz legen. Einf\u00fchlsame und sch\u00f6ne Popsongs in deutscher Sprache. &#8222;Perlregen&#8220; nahm sich viel Zeit f\u00fcr unser gemeinsames Treffen. Dabei habe ich habe zwei bodenst\u00e4ndige, liebenswerte K\u00fcnstler kennengelernt. Im gemeinsamen Gespr\u00e4ch habe ich dem Duo meine Unterst\u00fctzung angeboten. Auch an dieser Stelle m\u00f6chte ich Martina und Thomas alles erdenklich Gute und viel Gl\u00fcck auf dem Weg w\u00fcnschen. Wenn Sie noch ein Geschenk suchen oder Interesse an neuer Musik haben, sollten Sie sich unbedingt f\u00fcr das neue Album von &#8222;Perlregen&#8220; entscheiden. Ich bin \u00fcberzeugt davon, dass es Ihnen gefallen wird. Informationen \u00fcber das Pop-Duo &#8222;Perlregen&#8220; und auch Hinweise zum neuen Album finden Sie auf  www.perlregen.de. Viel Spa\u00df beim h\u00f6ren ! <\/p>\n\n\n\n<div class=\"wp-block-image\"><figure class=\"aligncenter size-large\"><img loading=\"lazy\" decoding=\"async\" width=\"700\" height=\"728\" src=\"https:\/\/echta-derminga.de\/wp-content\/uploads\/2021\/08\/00-700x728.jpg\" alt=\"\" class=\"wp-image-10518\" srcset=\"https:\/\/echta-derminga.de\/wp-content\/uploads\/2021\/08\/00-700x728.jpg 700w, https:\/\/echta-derminga.de\/wp-content\/uploads\/2021\/08\/00-288x300.jpg 288w, https:\/\/echta-derminga.de\/wp-content\/uploads\/2021\/08\/00-768x799.jpg 768w, https:\/\/echta-derminga.de\/wp-content\/uploads\/2021\/08\/00.jpg 1368w\" sizes=\"auto, (max-width: 700px) 100vw, 700px\" \/><\/figure><\/div>\n\n\n\n<p class=\"has-medium-font-size wp-block-paragraph\"><strong>Einschr\u00e4nkungen auf der Eisenbahnbr\u00fccke \u201eAn der Hardt\u201c sorgen f\u00fcr Unmut<\/strong><\/p>\n\n\n\n<p class=\"has-medium-font-size wp-block-paragraph\">Die Anwohner der Stra\u00dfe \u201eAn der Hardt&#8220; und auch in der &#8222;Humeserstrasse&#8220; haben es seit Beginn der Bauarbeiten an der Autobahnbr\u00fccke nicht leicht. Aufgrund der zeitweise doch katastrophalen Verkehrssituation rund um Dirmingen haben in den letzten Monaten viele Verkehrsteilnehmer den eigentlich unerlaubten Feldweg zischen Humes und Dirmingen genutzt. Bei allem Verst\u00e4ndnis f\u00fcr die oftmals genervten Verkehrsteilnehmer bedeutet dies jedoch eine hohe Belastung f\u00fcr die Menschen die \u201eAn der Hardt\u201c oder in der &#8222;Humeserstra\u00dfe&#8220; wohnen. Nun wurde in der vergangenen Woche auch noch die \u00fcber 120-j\u00e4hrige Eisenbahnbr\u00fccke, f\u00fcr alle Fahrzeuge \u00fcber 3,5 Tonnen gesperrt. Die Gemeindeverwaltung arbeitet bereits an L\u00f6sungen und Vorkehrungsma\u00dfnahmen. Ich m\u00f6chte alle Beteiligten um Verst\u00e4ndnis und ein gepflegtes Miteinander bitten. Die Situation ist f\u00fcr alle nicht einfach. Wenn wir jedoch alle etwas mehr R\u00fccksicht aufeinander nehmen, sollte es gerade f\u00fcr die Anwohner etwas ertr\u00e4glicher werden.<\/p>\n\n\n\n<p class=\"has-medium-font-size wp-block-paragraph\"><strong>\u201eMusik im Br\u00fchlpark\u201c macht Lust auf Mehr!<\/strong><\/p>\n\n\n\n<p class=\"has-medium-font-size wp-block-paragraph\">Endlich wieder das Leben genie\u00dfen! Am Samstag, 21. August fand nach fast zwei Jahren mit \u201eMusik im Br\u00fchlpark\u201c die erste Veranstaltung des Kulturvereins statt. Gerne hatte ich die Schirmherrschaft f\u00fcr diese Veranstaltung \u00fcbernommen. Nat\u00fcrlich hat der Schirmherr f\u00fcr das passende Wetter und eine lukrative Geldspende zu sorgen. Beides ist mir aus meiner Sicht der Dinge gut gelungen. Bei strahlenden Sonnenschein durfte ich dem designierten Kulturvereinsvorsitzenden Reimund Klein eine Geldspende der Sparkasse Neunkirchen, aus meinem Budget, in H\u00f6he von 250,- \u20ac, \u00fcberweisen. Bei der Musik der Gruppe AVA und der Band &#8222;Hangdog&#8220; konnten 150 Menschen die Seele baumeln lassen und ihre Zeit genie\u00dfen. Endlich wieder zusammen sitzen, feiern, musikh\u00f6ren und \u201esprooche\u201c. Der Kulturverein hatte alles gut organisiert und wurde auch der aktuellen Hygieneverordnung in allen Belangen gerecht. Ich freue mich dar\u00fcber, dass der Kulturverein als Dachorganisation unserer Vereine endlich wieder am Start ist. Auch der erste Beigeordnete Christian Ney zeigte sich in Vertretung unseres B\u00fcrgermeisters begeistert und \u00fcberreichte eine Geldspende. Reimund Klein und sein Vorstand stecken in die kommenden Monate viel Hoffnung und Zuversicht. Endlich k\u00f6nnen wieder Pl\u00e4ne geschmiedet und Ideen entwickelt werden. Besonders gefreut hat mich die Tatsache, dass die Kulturaner bei ihrer ersten Veranstaltung auf die eigenen M\u00f6glichkeiten gesetzt haben. Die M\u00e4dchengruppe AVA, bestehend aus drei &#8222;Derminga M\u00e4\u00e4re&#8220; verzauberten das Publikum und die drei erfahrenen Musiker der Band &#8222;Hangdog&#8220; wussten genau wie Sie die Stimmung auf den Siedepunkt brachten. F\u00fcr die kulinarische Versorgung waren die Verkaufswagen vom &#8222;Dicken Paul&#8220; und von &#8222;Eistraum&#8220; verantwortlich. Der Kulturverein sorgte f\u00fcr die k\u00fchlen Getr\u00e4nke. Gut f\u00fcr Dirmingen.<\/p>\n\n\n\n<blockquote class=\"wp-block-quote is-layout-flow wp-block-quote-is-layout-flow\"><p><strong>\u00bbWir m\u00fcssen der Wandel sein, den wir in der Welt zu sehen w\u00fcnschen.\u00ab<\/strong><\/p><cite>Mahatma Gandhi<\/cite><\/blockquote>\n\n\n\n<div class=\"wp-block-image\"><figure class=\"aligncenter size-large\"><img loading=\"lazy\" decoding=\"async\" width=\"700\" height=\"456\" src=\"https:\/\/echta-derminga.de\/wp-content\/uploads\/2021\/08\/un-1-700x456.jpg\" alt=\"\" class=\"wp-image-10526\" srcset=\"https:\/\/echta-derminga.de\/wp-content\/uploads\/2021\/08\/un-1-700x456.jpg 700w, https:\/\/echta-derminga.de\/wp-content\/uploads\/2021\/08\/un-1-300x196.jpg 300w, https:\/\/echta-derminga.de\/wp-content\/uploads\/2021\/08\/un-1-768x501.jpg 768w, https:\/\/echta-derminga.de\/wp-content\/uploads\/2021\/08\/un-1.jpg 1321w\" sizes=\"auto, (max-width: 700px) 100vw, 700px\" \/><figcaption>Schirmherrschaft &#8222;Musik im Br\u00fchlpark&#8220;<\/figcaption><\/figure><\/div>\n\n\n\n<p class=\"has-medium-font-size wp-block-paragraph\">Alles ist im Fluss. Offensichtlich hat unserer Dorfgemeinschaft einen wichtigen Schritt in eine bessere Zukunft gemacht.<\/p>\n\n\n\n<p class=\"has-medium-font-size wp-block-paragraph\"><strong>Gro\u00dfe Ereignisse werfen ihre Schatten voraus. Bereits am Donnerstag, 26. August feiert die Gastst\u00e4tte \u201eDestille\u201c ihre Neuer\u00f6ffnung. Das ist ebenfalls ein gutes Signal f\u00fcr unsere Dorfgemeinschaft. Im kommenden Herbst startet die Gruppe &#8222;Zimtkl\u00e4nge&#8220; ihr neues Programm \u201eBesser wird\u2019s nicht\u201c in unserer Evangelischen Kirche. Die Eintrittskarten sind auch in meinem Ortsvorsteherb\u00fcro erh\u00e4ltlich. Machen Sie regen Gebrauch davon, es lohnt sich!<\/strong><\/p>\n\n\n\n<div class=\"wp-block-image\"><figure class=\"aligncenter size-large\"><img loading=\"lazy\" decoding=\"async\" width=\"700\" height=\"990\" src=\"https:\/\/echta-derminga.de\/wp-content\/uploads\/2021\/08\/237122912_301700095044640_1152334476716142126_n-700x990.jpg\" alt=\"\" class=\"wp-image-10530\" srcset=\"https:\/\/echta-derminga.de\/wp-content\/uploads\/2021\/08\/237122912_301700095044640_1152334476716142126_n-700x990.jpg 700w, https:\/\/echta-derminga.de\/wp-content\/uploads\/2021\/08\/237122912_301700095044640_1152334476716142126_n-212x300.jpg 212w, https:\/\/echta-derminga.de\/wp-content\/uploads\/2021\/08\/237122912_301700095044640_1152334476716142126_n.jpg 724w\" sizes=\"auto, (max-width: 700px) 100vw, 700px\" \/><figcaption>Zimtkl\u00e4nge<\/figcaption><\/figure><\/div>\n\n\n\n<p class=\"has-medium-font-size wp-block-paragraph\"><strong>In der vergangenen Woche wurden die ersten Wahlkarten zugestellt. Bei aller Neutralit\u00e4t, der ich mich in meinem Amt verpflichtet f\u00fchle, m\u00f6chte ich Sie ganz herzlich bitten von ihrem Wahlrecht Gebrauch zu machen. Unsere politischen Ortsvereine, ganz gleich welcher Partei, stehen Ihnen bei Anfragen oder der Beantragung ihrer Briefwahl ganz bestimmt gerne zur Verf\u00fcgung.<\/strong><\/p>\n\n\n\n<p class=\"has-medium-font-size wp-block-paragraph\">Es ist immer das, was man daraus macht !<\/p>\n\n\n\n<p class=\"has-medium-font-size wp-block-paragraph\">In diesem Sinne <\/p>\n\n\n\n<p class=\"has-medium-font-size wp-block-paragraph\">Ihr Ortsvorsteher<\/p>\n\n\n\n<p class=\"has-medium-font-size wp-block-paragraph\">Frank Klein<\/p>\n","protected":false},"excerpt":{"rendered":"<p>Gro\u00dfe Ver\u00e4nderungen in unserem Leben k\u00f6nnen eine zweite Chance sein. Harrison Ford (Schauspieler) Mit diesem Zitat des Schauspielers Harrison Ford melde ich mich aus meinem Urlaub zur\u00fcck. In meiner ersten Arbeitswoche durfte ich einige ermutigende Erfahrungen sammeln. Dabei habe ich das Gef\u00fchl gewonnen, dass die Menschen wieder mehr Zuversicht sch\u00f6pfen. Neben der Er\u00f6ffnung unseres neuen Verkaufswagens \u201eEistraum\u201c, in der Ortsmitte,<\/p>\n","protected":false},"author":1,"featured_media":10526,"comment_status":"open","ping_status":"closed","sticky":false,"template":"","format":"standard","meta":{"_crdt_document":"","footnotes":""},"categories":[1,9,812],"tags":[5,618,127,634,795,310],"class_list":["post-10511","post","type-post","status-publish","format-standard","has-post-thumbnail","hentry","category-allgemein","category-dorfgetratsche","category-ortsvorsteher-dirmingen","tag-dirmingen","tag-gemeinde-eppelborn","tag-landkreis-neunkirchen","tag-ortsvorsteher","tag-ortsvorsteher-dirmingen","tag-saarland"],"_links":{"self":[{"href":"https:\/\/echta-derminga.de\/index.php?rest_route=\/wp\/v2\/posts\/10511","targetHints":{"allow":["GET"]}}],"collection":[{"href":"https:\/\/echta-derminga.de\/index.php?rest_route=\/wp\/v2\/posts"}],"about":[{"href":"https:\/\/echta-derminga.de\/index.php?rest_route=\/wp\/v2\/types\/post"}],"author":[{"embeddable":true,"href":"https:\/\/echta-derminga.de\/index.php?rest_route=\/wp\/v2\/users\/1"}],"replies":[{"embeddable":true,"href":"https:\/\/echta-derminga.de\/index.php?rest_route=%2Fwp%2Fv2%2Fcomments&post=10511"}],"version-history":[{"count":18,"href":"https:\/\/echta-derminga.de\/index.php?rest_route=\/wp\/v2\/posts\/10511\/revisions"}],"predecessor-version":[{"id":10539,"href":"https:\/\/echta-derminga.de\/index.php?rest_route=\/wp\/v2\/posts\/10511\/revisions\/10539"}],"wp:featuredmedia":[{"embeddable":true,"href":"https:\/\/echta-derminga.de\/index.php?rest_route=\/wp\/v2\/media\/10526"}],"wp:attachment":[{"href":"https:\/\/echta-derminga.de\/index.php?rest_route=%2Fwp%2Fv2%2Fmedia&parent=10511"}],"wp:term":[{"taxonomy":"category","embeddable":true,"href":"https:\/\/echta-derminga.de\/index.php?rest_route=%2Fwp%2Fv2%2Fcategories&post=10511"},{"taxonomy":"post_tag","embeddable":true,"href":"https:\/\/echta-derminga.de\/index.php?rest_route=%2Fwp%2Fv2%2Ftags&post=10511"}],"curies":[{"name":"wp","href":"https:\/\/api.w.org\/{rel}","templated":true}]}}