{"id":10540,"date":"2021-08-22T16:12:33","date_gmt":"2021-08-22T15:12:33","guid":{"rendered":"https:\/\/echta-derminga.de\/?p=10540"},"modified":"2021-08-22T16:18:42","modified_gmt":"2021-08-22T15:18:42","slug":"mit-musik-im-bruehlpark-zurueck-in-die-zukunft","status":"publish","type":"post","link":"https:\/\/echta-derminga.de\/?p=10540","title":{"rendered":"Mit \u201eMusik im Br\u00fchlpark\u201c zur\u00fcck in die Zukunft?"},"content":{"rendered":"\n<blockquote class=\"wp-block-quote is-layout-flow wp-block-quote-is-layout-flow\"><p><strong>\u00bbWege entstehen dadurch, dass man sie geht.\u00ab<\/strong><\/p><cite><strong>Franz Kafka \u2013 Schriftsteller<\/strong><\/cite><\/blockquote>\n\n\n\n<p class=\"has-medium-font-size wp-block-paragraph\">Nach zwei schwierigen Jahren voller Entbehrungen und auch gro\u00dfer Trauer startete der Kulturverein Dirmingen in sein neues Projekt:<strong> Neustart!<\/strong> Am Samstag, 21. August 2021 schlug also die Stunde null und der damit verbundene Neubeginn. Die Kulturaner hatten es sich zuvor mit ihrer Entscheidung nicht leicht gemacht. Keiner wusste, ob dies der richtige Zeitpunkt war, um durchzustarten. In mehreren Sitzungen und pers\u00f6nlichen Gespr\u00e4chen wurde die Lage gecheckt und die Kr\u00e4fte geb\u00fcndelt.<\/p>\n\n\n\n<p class=\"has-medium-font-size wp-block-paragraph\">Genau an der Stelle, an der es im Jahre 2019 endete, sollte es nun im Jahre 2021 weitergehen. Endlich wieder eigene Zeichen setzen und Gas geben f\u00fcr den Heimatort. Bedenken wurden zur Seite geschoben und Ideen gesammelt. Das Resultat konnte sich durchaus sehen lassen. \u201eMusik im Br\u00fchlpark\u201c wurde zu einem gelungenen Neufang. Bei strahlendem Sonnenschein durfte der designierte Kulturvereinsvorsitzende Reimund Klein 150 Menschen begr\u00fc\u00dfen. Angesichts der noch andauernden Pandemie ist dies ein guter Zuspruch aus der Bev\u00f6lkerung. Man merkte Reimund Klein w\u00e4hrend seiner Begr\u00fc\u00dfungsrede seine Betroffenheit an. Die letzten beiden Jahre mit dem Verlust seines Bruders und Kulturvereinsvorsitzenden Manfred Klein haben tiefe Spuren hinterlassen.<\/p>\n\n\n\n<p class=\"has-medium-font-size wp-block-paragraph\"><strong>Dabei w\u00e4re der nun eingeschlagene Neunanfang bestimmt im Sinne unseres ehemaligen Ortsvorstehers gewesen. Ich h\u00f6re ihn sagen:\u201c Blickt nach vorne und macht weiter\u201c. Genauso soll es sein!<\/strong><\/p>\n\n\n\n<figure class=\"wp-block-gallery columns-3 is-cropped wp-block-gallery-1 is-layout-flex wp-block-gallery-is-layout-flex\"><ul class=\"blocks-gallery-grid\"><li class=\"blocks-gallery-item\"><figure><img loading=\"lazy\" decoding=\"async\" width=\"700\" height=\"606\" src=\"https:\/\/echta-derminga.de\/wp-content\/uploads\/2021\/08\/1-3-700x606.jpg\" alt=\"\" data-id=\"10544\" data-link=\"https:\/\/echta-derminga.de\/?attachment_id=10544\" class=\"wp-image-10544\" srcset=\"https:\/\/echta-derminga.de\/wp-content\/uploads\/2021\/08\/1-3-700x606.jpg 700w, https:\/\/echta-derminga.de\/wp-content\/uploads\/2021\/08\/1-3-300x260.jpg 300w, https:\/\/echta-derminga.de\/wp-content\/uploads\/2021\/08\/1-3-768x665.jpg 768w, https:\/\/echta-derminga.de\/wp-content\/uploads\/2021\/08\/1-3.jpg 775w\" sizes=\"auto, (max-width: 700px) 100vw, 700px\" \/><\/figure><\/li><li class=\"blocks-gallery-item\"><figure><img loading=\"lazy\" decoding=\"async\" width=\"700\" height=\"507\" src=\"https:\/\/echta-derminga.de\/wp-content\/uploads\/2021\/08\/2-2-700x507.jpg\" alt=\"\" data-id=\"10545\" data-link=\"https:\/\/echta-derminga.de\/?attachment_id=10545\" class=\"wp-image-10545\" srcset=\"https:\/\/echta-derminga.de\/wp-content\/uploads\/2021\/08\/2-2-700x507.jpg 700w, https:\/\/echta-derminga.de\/wp-content\/uploads\/2021\/08\/2-2-300x217.jpg 300w, https:\/\/echta-derminga.de\/wp-content\/uploads\/2021\/08\/2-2-768x556.jpg 768w, https:\/\/echta-derminga.de\/wp-content\/uploads\/2021\/08\/2-2.jpg 849w\" sizes=\"auto, (max-width: 700px) 100vw, 700px\" \/><\/figure><\/li><li class=\"blocks-gallery-item\"><figure><img loading=\"lazy\" decoding=\"async\" width=\"700\" height=\"456\" src=\"https:\/\/echta-derminga.de\/wp-content\/uploads\/2021\/08\/3-2-700x456.jpg\" alt=\"\" data-id=\"10546\" data-full-url=\"https:\/\/echta-derminga.de\/wp-content\/uploads\/2021\/08\/3-2.jpg\" data-link=\"https:\/\/echta-derminga.de\/?attachment_id=10546\" class=\"wp-image-10546\" srcset=\"https:\/\/echta-derminga.de\/wp-content\/uploads\/2021\/08\/3-2-700x456.jpg 700w, https:\/\/echta-derminga.de\/wp-content\/uploads\/2021\/08\/3-2-300x196.jpg 300w, https:\/\/echta-derminga.de\/wp-content\/uploads\/2021\/08\/3-2-768x501.jpg 768w, https:\/\/echta-derminga.de\/wp-content\/uploads\/2021\/08\/3-2.jpg 1321w\" sizes=\"auto, (max-width: 700px) 100vw, 700px\" \/><\/figure><\/li><\/ul><\/figure>\n\n\n\n<p class=\"has-medium-font-size wp-block-paragraph\">Die Kulturaner sind wieder da und mit ihnen ist die Hoffnung verbunden, dass es weitergeht und dieser ersten Veranstaltung weitere folgen. Unser Heimatort w\u00fcrde von weiteren Aktivit\u00e4ten des Kulturverein profitieren. Ich w\u00fcnsche mir Mut zur Ver\u00e4nderung, zum Aufbruch und zum Neubeginn. Aus meiner Sicht kann der Kulturverein als gutes Beispiel mitrei\u00dfen und vorangehen. Die Veranstaltung \u201eMusik im Br\u00fchlpark\u201c hat die gesetzten Hoffnungen \u00fcbertroffen. Gro\u00dfartiges Ambiente, harmonische Stimmung und wunderbare Musik der Gruppe AVA und der Band &#8222;Hangdog&#8220;. Endlich wieder Live-Musik, handgemacht und mit kleinen sympathischen Fehlern, wundersch\u00f6nen Stimmen und innovativen Kompositionen. Die noch junge M\u00e4dchenband AVA bezauberte mit ihren Stimmen und die \u201ealten Hasen\u201c von Hangdog brachten die Festwiese zum Kochen.<\/p>\n\n\n\n<figure class=\"wp-block-gallery columns-3 is-cropped wp-block-gallery-2 is-layout-flex wp-block-gallery-is-layout-flex\"><ul class=\"blocks-gallery-grid\"><li class=\"blocks-gallery-item\"><figure><img loading=\"lazy\" decoding=\"async\" width=\"700\" height=\"497\" src=\"https:\/\/echta-derminga.de\/wp-content\/uploads\/2021\/08\/un-do-do-700x497.jpg\" alt=\"\" data-id=\"10548\" data-link=\"https:\/\/echta-derminga.de\/?attachment_id=10548\" class=\"wp-image-10548\" srcset=\"https:\/\/echta-derminga.de\/wp-content\/uploads\/2021\/08\/un-do-do-700x497.jpg 700w, https:\/\/echta-derminga.de\/wp-content\/uploads\/2021\/08\/un-do-do-300x213.jpg 300w, https:\/\/echta-derminga.de\/wp-content\/uploads\/2021\/08\/un-do-do-768x545.jpg 768w, https:\/\/echta-derminga.de\/wp-content\/uploads\/2021\/08\/un-do-do.jpg 886w\" sizes=\"auto, (max-width: 700px) 100vw, 700px\" \/><\/figure><\/li><li class=\"blocks-gallery-item\"><figure><img loading=\"lazy\" decoding=\"async\" width=\"642\" height=\"537\" src=\"https:\/\/echta-derminga.de\/wp-content\/uploads\/2021\/08\/un-do.jpg\" alt=\"\" data-id=\"10549\" data-link=\"https:\/\/echta-derminga.de\/?attachment_id=10549\" class=\"wp-image-10549\" srcset=\"https:\/\/echta-derminga.de\/wp-content\/uploads\/2021\/08\/un-do.jpg 642w, https:\/\/echta-derminga.de\/wp-content\/uploads\/2021\/08\/un-do-300x251.jpg 300w\" sizes=\"auto, (max-width: 642px) 100vw, 642px\" \/><\/figure><\/li><li class=\"blocks-gallery-item\"><figure><img loading=\"lazy\" decoding=\"async\" width=\"700\" height=\"467\" src=\"https:\/\/echta-derminga.de\/wp-content\/uploads\/2021\/08\/Kurlturverein-700x467.jpg\" alt=\"\" data-id=\"10550\" data-full-url=\"https:\/\/echta-derminga.de\/wp-content\/uploads\/2021\/08\/Kurlturverein.jpg\" data-link=\"https:\/\/echta-derminga.de\/?attachment_id=10550\" class=\"wp-image-10550\" srcset=\"https:\/\/echta-derminga.de\/wp-content\/uploads\/2021\/08\/Kurlturverein-700x467.jpg 700w, https:\/\/echta-derminga.de\/wp-content\/uploads\/2021\/08\/Kurlturverein-300x200.jpg 300w, https:\/\/echta-derminga.de\/wp-content\/uploads\/2021\/08\/Kurlturverein-768x512.jpg 768w, https:\/\/echta-derminga.de\/wp-content\/uploads\/2021\/08\/Kurlturverein.jpg 900w\" sizes=\"auto, (max-width: 700px) 100vw, 700px\" \/><\/figure><\/li><\/ul><\/figure>\n\n\n\n<p class=\"has-medium-font-size wp-block-paragraph\">Der Br\u00fchlpark bietet uns allen eine wunderbare Chance. Wir sollten die M\u00f6glichkeiten dieser Wohlf\u00fchloase nutzen und uns noch mehr um dieses Kleinod k\u00fcmmern. Welches Dorf hat schon einen solchen Park in seiner Ortsmitte? Wir alle sind gut beraten dort anzusetzen, wo unser ehemaliger Ortsvorsteher Manfred Klein aufh\u00f6ren musste. Der Br\u00fchlpark sollte sich fest in das Bewusstsein unserer Dorfgemeinschaft verankern. Dort in der Dirminger Ortsmitte, am Zusammenfluss der Alsbach und Illbach, ist vieles m\u00f6glich. Dort im Br\u00fchl kann neues entstehen oder altes wieder aufbl\u00fchen. Was wir brauchen ist Innovation, Mut und Tatkraft.<\/p>\n\n\n\n<figure class=\"wp-block-gallery columns-2 is-cropped wp-block-gallery-3 is-layout-flex wp-block-gallery-is-layout-flex\"><ul class=\"blocks-gallery-grid\"><li class=\"blocks-gallery-item\"><figure><img loading=\"lazy\" decoding=\"async\" width=\"700\" height=\"331\" src=\"https:\/\/echta-derminga.de\/wp-content\/uploads\/2021\/08\/1-4-700x331.jpg\" alt=\"\" data-id=\"10552\" data-link=\"https:\/\/echta-derminga.de\/?attachment_id=10552\" class=\"wp-image-10552\" srcset=\"https:\/\/echta-derminga.de\/wp-content\/uploads\/2021\/08\/1-4-700x331.jpg 700w, https:\/\/echta-derminga.de\/wp-content\/uploads\/2021\/08\/1-4-300x142.jpg 300w, https:\/\/echta-derminga.de\/wp-content\/uploads\/2021\/08\/1-4-768x363.jpg 768w, https:\/\/echta-derminga.de\/wp-content\/uploads\/2021\/08\/1-4.jpg 900w\" sizes=\"auto, (max-width: 700px) 100vw, 700px\" \/><\/figure><\/li><li class=\"blocks-gallery-item\"><figure><img loading=\"lazy\" decoding=\"async\" width=\"700\" height=\"331\" src=\"https:\/\/echta-derminga.de\/wp-content\/uploads\/2021\/08\/2-3-700x331.jpg\" alt=\"\" data-id=\"10553\" data-full-url=\"https:\/\/echta-derminga.de\/wp-content\/uploads\/2021\/08\/2-3.jpg\" data-link=\"https:\/\/echta-derminga.de\/?attachment_id=10553\" class=\"wp-image-10553\" srcset=\"https:\/\/echta-derminga.de\/wp-content\/uploads\/2021\/08\/2-3-700x331.jpg 700w, https:\/\/echta-derminga.de\/wp-content\/uploads\/2021\/08\/2-3-300x142.jpg 300w, https:\/\/echta-derminga.de\/wp-content\/uploads\/2021\/08\/2-3-768x363.jpg 768w, https:\/\/echta-derminga.de\/wp-content\/uploads\/2021\/08\/2-3.jpg 900w\" sizes=\"auto, (max-width: 700px) 100vw, 700px\" \/><\/figure><\/li><\/ul><\/figure>\n\n\n\n<p class=\"has-medium-font-size wp-block-paragraph\"><strong>Der Kulturverein Dirmingen hat ein erstes wichtiges Zeichen gesetzt. Am kommenden Freitag, 27. August wird der Verein einen neuen Vorstand w\u00e4hlen. Der Neubeginn schreitet also weiter voran. Es ist an der Zeit Verantwortung zu \u00fcbernehmen und dabei gerade junge Menschen mitzunehmen. In unserem Heimatort gibt es viel Potential, dass darauf wartet, gesch\u00f6pft zu werden. Ich w\u00fcnsche dem neuen Vorstand schon heute viel Gl\u00fcck und Erfolg.<\/strong> <strong>Liebe Kulturaner, euer Heimatdorf braucht euch<\/strong>. <strong>Jetzt ist die Zeit: Einer f\u00fcr alle, alle f\u00fcr einen !<\/strong><\/p>\n\n\n\n<figure class=\"wp-block-gallery columns-2 is-cropped wp-block-gallery-4 is-layout-flex wp-block-gallery-is-layout-flex\"><ul class=\"blocks-gallery-grid\"><li class=\"blocks-gallery-item\"><figure><img loading=\"lazy\" decoding=\"async\" width=\"700\" height=\"331\" src=\"https:\/\/echta-derminga.de\/wp-content\/uploads\/2021\/08\/3-3-700x331.jpg\" alt=\"\" data-id=\"10554\" data-link=\"https:\/\/echta-derminga.de\/?attachment_id=10554\" class=\"wp-image-10554\" srcset=\"https:\/\/echta-derminga.de\/wp-content\/uploads\/2021\/08\/3-3-700x331.jpg 700w, https:\/\/echta-derminga.de\/wp-content\/uploads\/2021\/08\/3-3-300x142.jpg 300w, https:\/\/echta-derminga.de\/wp-content\/uploads\/2021\/08\/3-3-768x363.jpg 768w, https:\/\/echta-derminga.de\/wp-content\/uploads\/2021\/08\/3-3.jpg 900w\" sizes=\"auto, (max-width: 700px) 100vw, 700px\" \/><\/figure><\/li><li class=\"blocks-gallery-item\"><figure><img loading=\"lazy\" decoding=\"async\" width=\"700\" height=\"331\" src=\"https:\/\/echta-derminga.de\/wp-content\/uploads\/2021\/08\/5-2-700x331.jpg\" alt=\"\" data-id=\"10556\" data-full-url=\"https:\/\/echta-derminga.de\/wp-content\/uploads\/2021\/08\/5-2.jpg\" data-link=\"https:\/\/echta-derminga.de\/?attachment_id=10556\" class=\"wp-image-10556\" srcset=\"https:\/\/echta-derminga.de\/wp-content\/uploads\/2021\/08\/5-2-700x331.jpg 700w, https:\/\/echta-derminga.de\/wp-content\/uploads\/2021\/08\/5-2-300x142.jpg 300w, https:\/\/echta-derminga.de\/wp-content\/uploads\/2021\/08\/5-2-768x363.jpg 768w, https:\/\/echta-derminga.de\/wp-content\/uploads\/2021\/08\/5-2.jpg 900w\" sizes=\"auto, (max-width: 700px) 100vw, 700px\" \/><\/figure><\/li><\/ul><\/figure>\n","protected":false},"excerpt":{"rendered":"<p>\u00bbWege entstehen dadurch, dass man sie geht.\u00ab Franz Kafka \u2013 Schriftsteller Nach zwei schwierigen Jahren voller Entbehrungen und auch gro\u00dfer Trauer startete der Kulturverein Dirmingen in sein neues Projekt: Neustart! Am Samstag, 21. August 2021 schlug also die Stunde null und der damit verbundene Neubeginn. Die Kulturaner hatten es sich zuvor mit ihrer Entscheidung nicht leicht gemacht. Keiner wusste, ob<\/p>\n","protected":false},"author":1,"featured_media":10543,"comment_status":"open","ping_status":"closed","sticky":false,"template":"","format":"standard","meta":{"_crdt_document":"","footnotes":""},"categories":[1,9,100,902],"tags":[5,618,349,127,310],"class_list":["post-10540","post","type-post","status-publish","format-standard","has-post-thumbnail","hentry","category-allgemein","category-dorfgetratsche","category-meine-kulturaner","category-meine-meinung","tag-dirmingen","tag-gemeinde-eppelborn","tag-kulturverein-dirmingen","tag-landkreis-neunkirchen","tag-saarland"],"_links":{"self":[{"href":"https:\/\/echta-derminga.de\/index.php?rest_route=\/wp\/v2\/posts\/10540","targetHints":{"allow":["GET"]}}],"collection":[{"href":"https:\/\/echta-derminga.de\/index.php?rest_route=\/wp\/v2\/posts"}],"about":[{"href":"https:\/\/echta-derminga.de\/index.php?rest_route=\/wp\/v2\/types\/post"}],"author":[{"embeddable":true,"href":"https:\/\/echta-derminga.de\/index.php?rest_route=\/wp\/v2\/users\/1"}],"replies":[{"embeddable":true,"href":"https:\/\/echta-derminga.de\/index.php?rest_route=%2Fwp%2Fv2%2Fcomments&post=10540"}],"version-history":[{"count":8,"href":"https:\/\/echta-derminga.de\/index.php?rest_route=\/wp\/v2\/posts\/10540\/revisions"}],"predecessor-version":[{"id":10560,"href":"https:\/\/echta-derminga.de\/index.php?rest_route=\/wp\/v2\/posts\/10540\/revisions\/10560"}],"wp:featuredmedia":[{"embeddable":true,"href":"https:\/\/echta-derminga.de\/index.php?rest_route=\/wp\/v2\/media\/10543"}],"wp:attachment":[{"href":"https:\/\/echta-derminga.de\/index.php?rest_route=%2Fwp%2Fv2%2Fmedia&parent=10540"}],"wp:term":[{"taxonomy":"category","embeddable":true,"href":"https:\/\/echta-derminga.de\/index.php?rest_route=%2Fwp%2Fv2%2Fcategories&post=10540"},{"taxonomy":"post_tag","embeddable":true,"href":"https:\/\/echta-derminga.de\/index.php?rest_route=%2Fwp%2Fv2%2Ftags&post=10540"}],"curies":[{"name":"wp","href":"https:\/\/api.w.org\/{rel}","templated":true}]}}