{"id":10561,"date":"2021-08-28T11:50:28","date_gmt":"2021-08-28T10:50:28","guid":{"rendered":"https:\/\/echta-derminga.de\/?p=10561"},"modified":"2021-08-28T11:53:47","modified_gmt":"2021-08-28T10:53:47","slug":"wir-haben-die-wahl-was-waehlen-wir-ueberhaupt","status":"publish","type":"post","link":"https:\/\/echta-derminga.de\/?p=10561","title":{"rendered":"Wir haben die Wahl-Was w\u00e4hlen wir \u00fcberhaupt ?"},"content":{"rendered":"\n<p class=\"has-medium-font-size wp-block-paragraph\"><strong>Am Sonntag, 26. September 2021 findet die Bundestagswahl statt. Am Ende werden sich wohl ca. 60 Millionen Deutsche an dieser Wahl beteiligen. Gerade in Zeiten gr\u00f6\u00dfter Politikverdrossenheit ist es wichtig ein Zeichen zu setzen und diese Wahl anzunehmen. Immerhin haben wir noch eine Wahl! Viele Menschen w\u00e4ren gl\u00fccklich, wenn sie in ihrem Heimatland \u00fcberhaupt an einer demokratischen Wahl teilnehmen d\u00fcrften.<\/strong><\/p>\n\n\n\n<p class=\"has-medium-font-size wp-block-paragraph\">In diesen Zeiten stellt sich die Frage: Sind unsere Politiker wirklich so schlecht wie der Ruf, der ihnen vorauseilt oder sind wir einfach nur zu verw\u00f6hnt? Geht es uns zu gut oder wirklich so schlecht. Die Wahrheit liegt mal wieder irgendwo in der Mitte, wobei mir pers\u00f6nlich in letzter Zeit der gegenseitige Respekt verloren geht. Die sozialen Medien bieten heute jedem die M\u00f6glichkeit seine Meinung zu \u00e4u\u00dfern. Das ist grunds\u00e4tzlich eine gute Sache. Schade nur, dass einige nicht mit ihren M\u00f6glichkeiten umgehen k\u00f6nnen.<\/p>\n\n\n\n<p class=\"has-medium-font-size wp-block-paragraph\"><strong>Wir leben gottlob in einer Demokratie und d\u00fcrfen frei entscheiden wer am Ende die Geschicke dieses Landes leitet und \u00fcber die Mehrheit im deutschen Bundestag verf\u00fcgt. Der Deutsche Bundestag bildet zusammen mit dem Bundesrat unser Parlament. Dabei ist der Bundestag das einzige vom Volk direkt gew\u00e4hlte Staatsorgan. Die Mitglieder des Bundestages bilden also die Volksvertretung unseres Landes und w\u00e4hlen den Bundeskanzler oder die Bundeskanzlerin.<\/strong><\/p>\n\n\n\n<p class=\"has-medium-font-size wp-block-paragraph\">So weit so klar! Wirklich? Immer wieder muss ich mit Schrecken feststellen, dass viele Mitmenschen \u00fcberhaupt nicht wissen, was wir eigentlich wann w\u00e4hlen. Dabei sollte man doch wissen \u00fcber was man redet und schimpft. Die Entt\u00e4uschung \u00fcber die Politik tr\u00e4gt sicherlich mit Verantwortung an diesem Desinteresse. F\u00fcr andere wiederum ist es einfach zu kompliziert. Wobei besonders die \u00dcberhangmandate nicht so einfach zu erkl\u00e4ren sind.<\/p>\n\n\n\n<p class=\"has-medium-font-size wp-block-paragraph\"><strong>Ich m\u00f6chte an dieser Stelle gerne einmal versuchen mit meinen bescheidenen Mitteln Licht ins Dunkel zu bringen. Dabei ist es mir wichtig, die Menschen f\u00fcr diese Wahl zu sensibilisieren. Manchmal beschleicht mich das Gef\u00fchl, dass wir l\u00e4ngst vergessen haben, wie wertvoll eine Demokratie im eigenen Land sein kann. Diesen Schatz gilt es zu bewahren und auch f\u00fcr die n\u00e4chsten Generationen zu erhalten.<\/strong><\/p>\n\n\n\n<p class=\"has-medium-font-size wp-block-paragraph\">Am 26. September geben die Menschen ihre Stimmen in einem Wahllokal ihres Wahlkreises ab. In Dirmingen wird seit Jahrzehnten in der Borrwieshalle gew\u00e4hlt. In den letzten Jahren ist die Zahl der Briefwahlen stark angestiegen. Fachleute gehen davon aus, dass aufgrund der Pandemie die Tendenz steigend ist. Eine Briefwahl ist in der Regel sehr einfach bei der Gemeindeverwaltung einzureichen. Im Zweifelfall einfach den politischen Ortsverein ihrer Wahl kontaktieren. Die Kommunalpolitiker vor Ort, ganz gleich welche Couleur, helfen sicherlich gerne aus. Mittlerweile ist es sogar m\u00f6glich vorab im Rathaus zu w\u00e4hlen.<\/p>\n\n\n\n<div class=\"wp-block-image\"><figure class=\"aligncenter size-large\"><img loading=\"lazy\" decoding=\"async\" width=\"700\" height=\"503\" src=\"https:\/\/echta-derminga.de\/wp-content\/uploads\/2021\/08\/2-4-700x503.jpg\" alt=\"\" class=\"wp-image-10565\" srcset=\"https:\/\/echta-derminga.de\/wp-content\/uploads\/2021\/08\/2-4-700x503.jpg 700w, https:\/\/echta-derminga.de\/wp-content\/uploads\/2021\/08\/2-4-300x216.jpg 300w, https:\/\/echta-derminga.de\/wp-content\/uploads\/2021\/08\/2-4-768x552.jpg 768w, https:\/\/echta-derminga.de\/wp-content\/uploads\/2021\/08\/2-4.jpg 1100w\" sizes=\"auto, (max-width: 700px) 100vw, 700px\" \/><\/figure><\/div>\n\n\n\n<p class=\"has-medium-font-size wp-block-paragraph\"><strong>Im Grunde ist es ganz einfach: Der Bundestag wird alle vier Jahre neu gew\u00e4hlt. Dabei werden in erster Linie die Abgeordnete gew\u00e4hlt, die f\u00fcr einen Wahlkreis kandidieren. Die W\u00e4hlerinnen und W\u00e4hler stimmen also im Grunde daf\u00fcr ab, wer im am Ende im Bundestag sitzt und die Aufgaben eines Abgeordneten wahrnimmt. Die Bundestagswahl ist im Grundgesetz fest verankert wobei genau beschrieben steht, wie sie durchzuf\u00fchren ist. Dazu geh\u00f6rt, dass die Wahlen geheim und frei, allgemein, gleich und unmittelbar sein m\u00fcssen.<\/strong><\/p>\n\n\n\n<p class=\"has-medium-font-size wp-block-paragraph\">Die Parteien, die im Bundestag oder in einem Landtag mit mindestens f\u00fcnf Abgeordneten vertreten sind, m\u00fcssen Listen erstellen, in denen die Personen aufgef\u00fchrt sind, die f\u00fcr die Bundestagswahl kandidieren. Die Parteimitglieder w\u00e4hlen auf einger\u00e4umten Delegiertenkonferenzen ihre Kandidaten die als Abgeordnete in den Bundestag einziehen sollen. Diese Personen sind die Kandidatinnen und Kandidaten der Parteien. Wichtig ist die Reihenfolge! Je besser ein Kandidat nominiert ist, umso gr\u00f6\u00dfer ist die Chance, auch tats\u00e4chlich in den Bundestag zu kommen.<\/p>\n\n\n\n<p class=\"has-medium-font-size wp-block-paragraph\"><strong>Jede W\u00e4hlerin und jeder W\u00e4hler hat zwei Stimmen. Mit der Erststimme w\u00e4hlt man einen Kandidaten oder eine Kandidatin, der oder die sich um ein Direktmandat f\u00fcr den Bundestag bewirbt. Wer innerhalb eines Wahlkreises die meisten Stimmen erzielt, zieht f\u00fcr diesen Wahlkreis in das Parlament ein. Mit der Zweitstimme hingegen w\u00e4hlt man eine Partei. Jeder gew\u00e4hlte Kandidat darf ins Parlament einziehen. Oftmals kommt es vor, dass dies mehr Kandidaten sind, als der Partei laut Zweitstimmen zustehen. Diese zus\u00e4tzlichen Pl\u00e4tze im Bundestag bezeichnet man als \u00dcberhangmandate. Damit die anderen Parteien durch diese nicht benachteiligt werden, erhalten sie ebenfalls mehr Pl\u00e4tze im Parlament, bis die Sitzverteilung dem Verh\u00e4ltnis der Zweitstimmen entspricht. Diese weiteren Pl\u00e4tze werden Ausgleichsmandate genannt. Genau diese \u00dcberhangs- und Ausgleichsmandate sind daf\u00fcr verantwortlich, dass viele B\u00fcrgerinnen und B\u00fcrger mit der Gr\u00f6\u00dfe des Bundestages hadern und ihn f\u00fcr zu aufgebl\u00e4ht halten. Die zus\u00e4tzlichen Sitze im Bundestag f\u00fchren dazu, dass der Bundestag immer weiter anw\u00e4chst. Eigentlich sollte der Bundestag aus 598 Abgeordneten bestehen. Durch die Ausgleichs- und \u00dcberhangmandate ist er in der nun ablaufenden Wahlperiode auf 709 Sitze angewachsen. Den W\u00e4hlerinnen und W\u00e4hlern ist dies nur schwer zu vermitteln.<\/strong><\/p>\n\n\n\n<p class=\"has-medium-font-size wp-block-paragraph\">Nach der Bundestagswahl und vor der Konstituierung des Parlaments w\u00e4hlen die Abgeordneten des Bundestags die Bundeskanzlerin oder den Bundeskanzler. Die B\u00fcrgerinnen und B\u00fcrger werden also nur indirekt den neuen Kanzler oder Kanzlerin w\u00e4hlen. W\u00e4hrend bei der Bundestagswahl nur Menschen mit deutscher Staatsb\u00fcrgerschaft w\u00e4hlen d\u00fcrfen, ist dies bei der Kommunalwahl und Europawahl ganz anders. Hier d\u00fcrfen auch ausl\u00e4ndische Mitb\u00fcrger mit der Staatsb\u00fcrgerschaft eines EU-Staates die ihren Sitz in der Gemeinde, Kommune, Stadt oder Landkreis haben w\u00e4hlen. Anders ist das bei der Wahl des B\u00fcrgermeisters oder eines Landrates. Diese Wahlen dienen der pers\u00f6nlichen Entscheidungsfindung wobei der W\u00e4hler\/ in mit seinem Kreuz auf dem Wahlzettel entscheiden kann wer das Amt am besten aus\u00fcben sollte. Bei den Kommunalwahlen kann ebenfalls nur die Partei gew\u00e4hlt werden. Danach werden die Orts- Gemeinde- und Stadtr\u00e4te ihre Entscheidungen bez\u00fcglich Ortsvorsteher oder Beigeordneten w\u00e4hlen. Auch bei der Wahl zum Europ\u00e4ischen Parlament wird mit Listenvorschl\u00e4gen gearbeitet. Jede W\u00e4hlerin und jeder W\u00e4hler verf\u00fcgt \u00fcber eine Stimme, mit der sie\/er einen Listenvorschlag einer Partei oder einer politischen Vereinigung w\u00e4hlen kann.<\/p>\n\n\n\n<p class=\"has-medium-font-size wp-block-paragraph\"><strong>Das Wahlrecht geh\u00f6rt zu den wichtigsten Rechten, die B\u00fcrger und B\u00fcrgerinnen in Deutschland besitzen. Bei aller Entt\u00e4uschung und vorhandenem Frust sollten wir dies zu sch\u00e4tzen wissen. Wichtig ist: Wir haben noch eine Wahl !<\/strong><\/p>\n","protected":false},"excerpt":{"rendered":"<p>Am Sonntag, 26. September 2021 findet die Bundestagswahl statt. Am Ende werden sich wohl ca. 60 Millionen Deutsche an dieser Wahl beteiligen. Gerade in Zeiten gr\u00f6\u00dfter Politikverdrossenheit ist es wichtig ein Zeichen zu setzen und diese Wahl anzunehmen. Immerhin haben wir noch eine Wahl! Viele Menschen w\u00e4ren gl\u00fccklich, wenn sie in ihrem Heimatland \u00fcberhaupt an einer demokratischen Wahl teilnehmen d\u00fcrften.<\/p>\n","protected":false},"author":1,"featured_media":10564,"comment_status":"open","ping_status":"closed","sticky":false,"template":"","format":"standard","meta":{"_crdt_document":"","footnotes":""},"categories":[1,9,46],"tags":[947,5,618,127,310],"class_list":["post-10561","post","type-post","status-publish","format-standard","has-post-thumbnail","hentry","category-allgemein","category-dorfgetratsche","category-meine-politik","tag-bundestagswahl-2021","tag-dirmingen","tag-gemeinde-eppelborn","tag-landkreis-neunkirchen","tag-saarland"],"_links":{"self":[{"href":"https:\/\/echta-derminga.de\/index.php?rest_route=\/wp\/v2\/posts\/10561","targetHints":{"allow":["GET"]}}],"collection":[{"href":"https:\/\/echta-derminga.de\/index.php?rest_route=\/wp\/v2\/posts"}],"about":[{"href":"https:\/\/echta-derminga.de\/index.php?rest_route=\/wp\/v2\/types\/post"}],"author":[{"embeddable":true,"href":"https:\/\/echta-derminga.de\/index.php?rest_route=\/wp\/v2\/users\/1"}],"replies":[{"embeddable":true,"href":"https:\/\/echta-derminga.de\/index.php?rest_route=%2Fwp%2Fv2%2Fcomments&post=10561"}],"version-history":[{"count":5,"href":"https:\/\/echta-derminga.de\/index.php?rest_route=\/wp\/v2\/posts\/10561\/revisions"}],"predecessor-version":[{"id":10568,"href":"https:\/\/echta-derminga.de\/index.php?rest_route=\/wp\/v2\/posts\/10561\/revisions\/10568"}],"wp:featuredmedia":[{"embeddable":true,"href":"https:\/\/echta-derminga.de\/index.php?rest_route=\/wp\/v2\/media\/10564"}],"wp:attachment":[{"href":"https:\/\/echta-derminga.de\/index.php?rest_route=%2Fwp%2Fv2%2Fmedia&parent=10561"}],"wp:term":[{"taxonomy":"category","embeddable":true,"href":"https:\/\/echta-derminga.de\/index.php?rest_route=%2Fwp%2Fv2%2Fcategories&post=10561"},{"taxonomy":"post_tag","embeddable":true,"href":"https:\/\/echta-derminga.de\/index.php?rest_route=%2Fwp%2Fv2%2Ftags&post=10561"}],"curies":[{"name":"wp","href":"https:\/\/api.w.org\/{rel}","templated":true}]}}