{"id":10594,"date":"2021-08-28T18:21:00","date_gmt":"2021-08-28T17:21:00","guid":{"rendered":"https:\/\/echta-derminga.de\/?p=10594"},"modified":"2021-08-28T18:34:00","modified_gmt":"2021-08-28T17:34:00","slug":"in-sachen-ortsvorsteher-von-einer-neueroeffnung-einer-echten-derminga-spezialitaet-einem-grossen-herbstfest-und-einem-neuen-vorstand","status":"publish","type":"post","link":"https:\/\/echta-derminga.de\/?p=10594","title":{"rendered":"In Sachen Ortsvorsteher: Von einer Neuer\u00f6ffnung, einer echten &#8222;Derminga&#8220; Spezialit\u00e4t, einem gro\u00dfen Herbstfest und einem neuen Vorstand"},"content":{"rendered":"\n<p class=\"has-medium-font-size wp-block-paragraph\"><strong>Zum Schulstart w\u00fcnsche ich allen Schulanf\u00e4ngern, Abc-Sch\u00fctzen sowie allen Sch\u00fclerinnen und Sch\u00fclern viel Spa\u00df, Gl\u00fcck und Erfolg. Viele Kinder stehen vor einem neuen Lebensabschnitt. Manche verlassen den Kindergarten, andere wechseln ihre Schule. In jeder Ver\u00e4nderung steckt ein neuer Zauber. Die Grundschule Wiesbach-Dirmingen wird in diesem Schuljahr \u00fcber drei Einschulungsklassen verf\u00fcgen. Dabei befinden sich zwei Schulklassen in Wiesbach und eine in Dirmingen. Mit dem Schulstart verbinde ich die Hoffnung, dass die Sch\u00fclerinnen und Sch\u00fcler auf einen durchgehenden Pr\u00e4senzunterricht setzen k\u00f6nnen. Ich bitte alle Verkehrsteilnehmer um R\u00fccksicht. Bitte nehmen Sie ihren Fu\u00df vom Gas und fahren Sie vorsichtig.<\/strong><\/p>\n\n\n\n<p class=\"has-medium-font-size wp-block-paragraph\"><strong>Neuer\u00f6ffnung der Gasst\u00e4tte \u201eDestille\u201c<\/strong><\/p>\n\n\n\n<p class=\"has-medium-font-size wp-block-paragraph\">Gute Nachricht f\u00fcr unsere Dorfkultur. Am Donnerstag, 26. August 2021 wurde die Gastst\u00e4tte \u201eDestille\u201c neuer\u00f6ffnet. Gemeinsam mit den beiden Beigeordneten Christian Ney und Sebastian Michel durfte ich die neue Wirtin in unserem Heimatort willkommen hei\u00dfen. W\u00e4hrend der Beigeordnete Christian Ney die Gr\u00fc\u00dfe des B\u00fcrgermeisters \u00fcberbrachte, durfte ich im Namen des Ortsrates und unserer Bev\u00f6lkerung gratulieren. Ich freue mich \u00fcber diese Neuer\u00f6ffnung und W\u00fcnsche der Wirtin Quinie auch an dieser Stelle alles erdenklich Gute. <\/p>\n\n\n\n<div class=\"wp-block-image\"><figure class=\"aligncenter size-large\"><img loading=\"lazy\" decoding=\"async\" width=\"700\" height=\"614\" src=\"https:\/\/echta-derminga.de\/wp-content\/uploads\/2021\/08\/desti-700x614.jpg\" alt=\"\" class=\"wp-image-10598\" srcset=\"https:\/\/echta-derminga.de\/wp-content\/uploads\/2021\/08\/desti-700x614.jpg 700w, https:\/\/echta-derminga.de\/wp-content\/uploads\/2021\/08\/desti-300x263.jpg 300w, https:\/\/echta-derminga.de\/wp-content\/uploads\/2021\/08\/desti-768x674.jpg 768w, https:\/\/echta-derminga.de\/wp-content\/uploads\/2021\/08\/desti.jpg 1000w\" sizes=\"auto, (max-width: 700px) 100vw, 700px\" \/><figcaption>Gl\u00fcckwunsch zur Neuer\u00f6ffnung<\/figcaption><\/figure><\/div>\n\n\n\n<p class=\"has-medium-font-size wp-block-paragraph\"><strong>TKN l\u00e4dt ein zum \u201eHerbst auf Finkenrech\u201c<\/strong><\/p>\n\n\n\n<p class=\"has-medium-font-size wp-block-paragraph\">Am 18. und 19. September ist es endlich wieder soweit! Nach fast zwei Jahren findet mit \u201eHerbst auf Finkenrech\u201c endlich wieder eine Gro\u00dfveranstaltung auf Finkenrech statt. Wir freuen uns auf die rund 60 Aussteller des bunten Bauernmarktes. Leider musste aufgrund der Hygieneverordnung die Besucherzahl reduziert werden. Au\u00dferdem kann man die Veranstaltung nur besuchen, wenn man sich zuvor ein Ticket gekauft hat. Buchungen sind ausschlie\u00dflich auf der Homepage des Landkreises unter <a href=\"https:\/\/www.regionneunkirchen.de\/finkenrech\/startseite-finkenrech\">https:\/\/www.regionneunkirchen.de\/finkenrech\/startseite-finkenrech<\/a> m\u00f6glich. Die Veranstaltung findet samstags und sonntags zwischen 11 Uhr und 18 Uhr statt. Auf die Besucher warten eine Menge kulinarische K\u00f6stlichkeiten sowie regionale Handwerkskunst und tolle Live-Musik. Auch f\u00fcr unsere Vereine bietet die Veranstaltung &#8222;Herbst auf Finkenrech&#8220; eine Chance zum Neuanfang.<\/p>\n\n\n\n<div class=\"wp-block-image\"><figure class=\"aligncenter size-large\"><img loading=\"lazy\" decoding=\"async\" width=\"700\" height=\"525\" src=\"https:\/\/echta-derminga.de\/wp-content\/uploads\/2021\/08\/167-700x525.jpg\" alt=\"\" class=\"wp-image-10601\" srcset=\"https:\/\/echta-derminga.de\/wp-content\/uploads\/2021\/08\/167-700x525.jpg 700w, https:\/\/echta-derminga.de\/wp-content\/uploads\/2021\/08\/167-300x225.jpg 300w, https:\/\/echta-derminga.de\/wp-content\/uploads\/2021\/08\/167-768x576.jpg 768w, https:\/\/echta-derminga.de\/wp-content\/uploads\/2021\/08\/167.jpg 1000w\" sizes=\"auto, (max-width: 700px) 100vw, 700px\" \/><figcaption>Herbst auf Finkenrech<\/figcaption><\/figure><\/div>\n\n\n\n<p class=\"has-medium-font-size wp-block-paragraph\"><strong>Kulturverein Dirmingen w\u00e4hlt neuen Vorstand<\/strong><\/p>\n\n\n\n<p class=\"has-medium-font-size wp-block-paragraph\">Der Kulturverein Dirmingen, der als Dachorganisation unserer Verein gilt, hat am Freitag, 27. August einen neuen Vorstand gew\u00e4hlt. Der Verein blickt auf zwei schwierige und emotionale Jahre zur\u00fcck. Neben der Pandemie, deren Auswirkungen die Aktivit\u00e4ten des Vereins l\u00e4hmten, musste der Verein \u00fcber den pl\u00f6tzlichen Tod ihres Vorsitzenden und Ortsvorstehers Manfred Klein hinwegkommen. In Anbetracht dessen verlief die einger\u00e4umte Mitgliederversammlung, im SVD-Sportheim, auch sehr emotional. Neuer Vorsitzender des Kulturvereins Dirmingen wurde Reimund Klein. Vor seinem Tod hatte Reimund seinem Bruder versprochen dieses Amt auszu\u00fcben. Reimund Klein konnte sich bei seiner Wahl auf eine breite Unterst\u00fctzung verlassen und \u00fcber ein einstimmiges Votum freuen. \u00dcberhaupt wurde der komplette Vorstand einstimmig gew\u00e4hlt. Dies zeugt von gro\u00dfem Vertrauen und einem harmonischen Miteinander. Der Kulturverein hat gro\u00dfe Verdienste um unser Dorf. Die Aktivit\u00e4ten dieses Vereins bereichern seit Jahren unsere Dorfkultur. Von daher w\u00fcnsche ich dem neu gew\u00e4hlten Vorstand viel Gl\u00fcck und Erfolg.<\/p>\n\n\n\n<div class=\"wp-block-image\"><figure class=\"aligncenter size-large\"><img loading=\"lazy\" decoding=\"async\" width=\"700\" height=\"370\" src=\"https:\/\/echta-derminga.de\/wp-content\/uploads\/2021\/08\/kult-700x370.jpg\" alt=\"\" class=\"wp-image-10599\" srcset=\"https:\/\/echta-derminga.de\/wp-content\/uploads\/2021\/08\/kult-700x370.jpg 700w, https:\/\/echta-derminga.de\/wp-content\/uploads\/2021\/08\/kult-300x159.jpg 300w, https:\/\/echta-derminga.de\/wp-content\/uploads\/2021\/08\/kult-768x406.jpg 768w, https:\/\/echta-derminga.de\/wp-content\/uploads\/2021\/08\/kult.jpg 1000w\" sizes=\"auto, (max-width: 700px) 100vw, 700px\" \/><\/figure><\/div>\n\n\n\n<p class=\"has-medium-font-size wp-block-paragraph\"><strong>\u201eEistraum\u201c pr\u00e4sentiert Eisbecher \u201eEchta Derminga\u201c<\/strong><\/p>\n\n\n\n<p class=\"has-medium-font-size wp-block-paragraph\">Ein besonderes V\u00f6lkchen braucht ein besonderes Eis. Vor einigen Wochen ist die \u00dcberlegung gereift, einen eigenen Dirminger Eisbecher auf den Markt zu bringen. Nun ist dieser neue Eisbecher am Verkaufsstand \u201eEistraum\u201c erh\u00e4ltlich. Gemeinsam mit Ant\u00f3nio Candela und Eddi Nicolosi vom Team \u201eEistraum\u201c sowie einigen eisbegeisterten Mitb\u00fcrgerinnen und Mitb\u00fcrgern ist es gelungen einen eigens entworfenen Dirminger Eisbecher zu kreieren. Tagelang hat Antonio Candela an dem Rezept gebastelt. Immerhin sollte es ein neuer, bisher noch unbekannter Geschmack werden. Das Ergebnis kann sich schmecken lassen. Nun hat unser Heimatort ein eigenes Eis. Am Freitag, 27. August durfte ich den Eisbecher, den es alternativ f\u00fcr Kinder und Erwachsene gibt, offiziell in Empfang nehmen. Ein besonderer Geschmack f\u00fcr ein besonders Dorf. Probieren Sie es aus, es lohnt sich!<\/p>\n\n\n\n<figure class=\"wp-block-gallery columns-2 is-cropped wp-block-gallery-1 is-layout-flex wp-block-gallery-is-layout-flex\"><ul class=\"blocks-gallery-grid\"><li class=\"blocks-gallery-item\"><figure><img loading=\"lazy\" decoding=\"async\" width=\"700\" height=\"1024\" src=\"https:\/\/echta-derminga.de\/wp-content\/uploads\/2021\/08\/eis-700x1024.jpg\" alt=\"\" data-id=\"10596\" data-link=\"https:\/\/echta-derminga.de\/?attachment_id=10596\" class=\"wp-image-10596\" srcset=\"https:\/\/echta-derminga.de\/wp-content\/uploads\/2021\/08\/eis-700x1024.jpg 700w, https:\/\/echta-derminga.de\/wp-content\/uploads\/2021\/08\/eis-205x300.jpg 205w, https:\/\/echta-derminga.de\/wp-content\/uploads\/2021\/08\/eis-768x1124.jpg 768w, https:\/\/echta-derminga.de\/wp-content\/uploads\/2021\/08\/eis.jpg 1000w\" sizes=\"auto, (max-width: 700px) 100vw, 700px\" \/><\/figure><\/li><li class=\"blocks-gallery-item\"><figure><img loading=\"lazy\" decoding=\"async\" width=\"700\" height=\"904\" src=\"https:\/\/echta-derminga.de\/wp-content\/uploads\/2021\/08\/eis-2-700x904.jpg\" alt=\"\" data-id=\"10597\" data-full-url=\"https:\/\/echta-derminga.de\/wp-content\/uploads\/2021\/08\/eis-2.jpg\" data-link=\"https:\/\/echta-derminga.de\/?attachment_id=10597\" class=\"wp-image-10597\" srcset=\"https:\/\/echta-derminga.de\/wp-content\/uploads\/2021\/08\/eis-2-700x904.jpg 700w, https:\/\/echta-derminga.de\/wp-content\/uploads\/2021\/08\/eis-2-232x300.jpg 232w, https:\/\/echta-derminga.de\/wp-content\/uploads\/2021\/08\/eis-2-768x992.jpg 768w, https:\/\/echta-derminga.de\/wp-content\/uploads\/2021\/08\/eis-2.jpg 1000w\" sizes=\"auto, (max-width: 700px) 100vw, 700px\" \/><\/figure><\/li><\/ul><\/figure>\n\n\n\n<p class=\"has-medium-font-size wp-block-paragraph\"><strong>Briefwahl ab sofort m\u00f6glich- Bitte nutzen Sie ihr Wahlrecht<\/strong><\/p>\n\n\n\n<p class=\"has-medium-font-size wp-block-paragraph\">Mittlerweile haben die Parteien in unserem Dorf ihre Wahlplakate aufgeh\u00e4ngt. Wir befinden uns inmitten eines spannenden Wahlkampfes. Ich m\u00f6chte Sie bitten diese Wahl anzunehmen. Am Montag, 30. August \u00f6ffnet in unserem Rathaus das Wahlb\u00fcro. Nachdem bereits in der vergangenen Woche die Wahlbenachrichtigungskarten versendet wurden, k\u00f6nnen Sie nun ihre Briefwahlunterlagen beantragen. Die politischen Ortsvereine in unserem Dorf stehen Ihnen gerne behilflich zur Seite. Am 26. September k\u00f6nnen Sie in unserer Borrwieshalle von ihrem Wahlrecht Gebrauch machen.<\/p>\n\n\n\n<p class=\"has-medium-font-size wp-block-paragraph\"><strong>Liebe Dirmingerinnen und liebe Dirminger, der Sommer neigt sich nun langsam dem Ende zu und in uns allen w\u00e4chst die Hoffnung auf einen entspannten und &#8222;normalen&#8220; Herbst. Ich hoffe, dass sich die Auswirkungen der sogenannten vierten Welle im Rahmen halten und uns nicht  vor vollendete Tatsachen stellen. Wenn es nach uns geht, sollte der Herbst einige sch\u00f6nen Tage und Momente bringen. Die Gruppe Zimtkl\u00e4nge veranstaltet am 01. Und 02. Oktober ein Konzert unter dem Motto \u201eBesser wird\u2019s nicht\u201c in der Evangelischen Kirche Dirmingen. Eintrittskarten kann man auch in meinem Ortsvorsteherb\u00fcro k\u00e4uflich erwerben. Machen Sie davon Gebrauch!<\/strong><\/p>\n\n\n\n<div class=\"wp-block-image\"><figure class=\"aligncenter size-large\"><img loading=\"lazy\" decoding=\"async\" width=\"700\" height=\"990\" src=\"https:\/\/echta-derminga.de\/wp-content\/uploads\/2021\/08\/237122912_301700095044640_1152334476716142126_n-700x990.jpg\" alt=\"\" class=\"wp-image-10530\" srcset=\"https:\/\/echta-derminga.de\/wp-content\/uploads\/2021\/08\/237122912_301700095044640_1152334476716142126_n-700x990.jpg 700w, https:\/\/echta-derminga.de\/wp-content\/uploads\/2021\/08\/237122912_301700095044640_1152334476716142126_n-212x300.jpg 212w, https:\/\/echta-derminga.de\/wp-content\/uploads\/2021\/08\/237122912_301700095044640_1152334476716142126_n.jpg 724w\" sizes=\"auto, (max-width: 700px) 100vw, 700px\" \/><figcaption>Zimtkl\u00e4nge<\/figcaption><\/figure><\/div>\n\n\n\n<p class=\"has-medium-font-size wp-block-paragraph\"><strong>Der Dirminger Ortsrat wird sich in seiner ersten Sitzung nach den Sommerferien mit der \u201eDerminga Kerb\u201c besch\u00e4ftigen. Ich werde dem Gremium einen Alternativvorschlag unterbreiten. Schon Heute wird deutlich, dass auch unsere &#8222;Kerb&#8220; an die neuen Hygienerichtlinien angepasst werden muss. Wir werden pr\u00fcfen, was auf Grund der Pandemie m\u00f6glich sein wird. Ich lege gro\u00dfe Hoffnung in ein Alternativkonzept mit der Durchf\u00fchrung der \u201eDerminga Kerb\u201c 2021.<\/strong> <strong>Vielleicht ist es in diesem Jahr doch m\u00f6glich unsere &#8222;Kerb&#8220; zu feiern.<\/strong> <strong>Mal sehen !<\/strong><\/p>\n\n\n\n<p class=\"has-medium-font-size wp-block-paragraph\">Hinter den Kulissen wird bereits sorgf\u00e4ltig an unserer Zukunft gearbeitet. Ich m\u00f6chte sie herzlich einladen mitzumachen und anzupacken. Eine gewisse Aufbruchstimmung macht sich breit&#8230;..<\/p>\n\n\n\n<blockquote class=\"wp-block-quote is-layout-flow wp-block-quote-is-layout-flow\"><p><strong>&#8222;Wer seine Heimat wirklich liebt, begn\u00fcgt sich nicht mit t\u00e4glichen Lobges\u00e4ngen, sie sei die beste, die erste auf der Welt. Nein, er arbeitet unabl\u00e4ssig daran, dass sie es ist und bleibt&#8220;.<\/strong><\/p><cite><em>Guy de Maupassant (1850 &#8211; 1893)<\/em><\/cite><\/blockquote>\n\n\n\n<p class=\"has-medium-font-size wp-block-paragraph\"><strong>In diesem Sinne \u00e4ndert sich hier in diesem Dorf ohnehin nichts, wenn wir es nicht gemeinsam \u00e4ndern.<\/strong><\/p>\n\n\n\n<p class=\"has-medium-font-size wp-block-paragraph\">Ihr Ortsvorsteher<\/p>\n\n\n\n<p class=\"has-medium-font-size wp-block-paragraph\">Frank Klein<\/p>\n","protected":false},"excerpt":{"rendered":"<p>Zum Schulstart w\u00fcnsche ich allen Schulanf\u00e4ngern, Abc-Sch\u00fctzen sowie allen Sch\u00fclerinnen und Sch\u00fclern viel Spa\u00df, Gl\u00fcck und Erfolg. Viele Kinder stehen vor einem neuen Lebensabschnitt. Manche verlassen den Kindergarten, andere wechseln ihre Schule. In jeder Ver\u00e4nderung steckt ein neuer Zauber. Die Grundschule Wiesbach-Dirmingen wird in diesem Schuljahr \u00fcber drei Einschulungsklassen verf\u00fcgen. Dabei befinden sich zwei Schulklassen in Wiesbach und eine in<\/p>\n","protected":false},"author":1,"featured_media":10604,"comment_status":"open","ping_status":"closed","sticky":false,"template":"","format":"standard","meta":{"_crdt_document":"","footnotes":""},"categories":[1,9,812],"tags":[5,618,206,127,207,634,795,310],"class_list":["post-10594","post","type-post","status-publish","format-standard","has-post-thumbnail","hentry","category-allgemein","category-dorfgetratsche","category-ortsvorsteher-dirmingen","tag-dirmingen","tag-gemeinde-eppelborn","tag-herbst-auf-finkenrech","tag-landkreis-neunkirchen","tag-naherholungsgebiet-finkenrech","tag-ortsvorsteher","tag-ortsvorsteher-dirmingen","tag-saarland"],"_links":{"self":[{"href":"https:\/\/echta-derminga.de\/index.php?rest_route=\/wp\/v2\/posts\/10594","targetHints":{"allow":["GET"]}}],"collection":[{"href":"https:\/\/echta-derminga.de\/index.php?rest_route=\/wp\/v2\/posts"}],"about":[{"href":"https:\/\/echta-derminga.de\/index.php?rest_route=\/wp\/v2\/types\/post"}],"author":[{"embeddable":true,"href":"https:\/\/echta-derminga.de\/index.php?rest_route=\/wp\/v2\/users\/1"}],"replies":[{"embeddable":true,"href":"https:\/\/echta-derminga.de\/index.php?rest_route=%2Fwp%2Fv2%2Fcomments&post=10594"}],"version-history":[{"count":10,"href":"https:\/\/echta-derminga.de\/index.php?rest_route=\/wp\/v2\/posts\/10594\/revisions"}],"predecessor-version":[{"id":10610,"href":"https:\/\/echta-derminga.de\/index.php?rest_route=\/wp\/v2\/posts\/10594\/revisions\/10610"}],"wp:featuredmedia":[{"embeddable":true,"href":"https:\/\/echta-derminga.de\/index.php?rest_route=\/wp\/v2\/media\/10604"}],"wp:attachment":[{"href":"https:\/\/echta-derminga.de\/index.php?rest_route=%2Fwp%2Fv2%2Fmedia&parent=10594"}],"wp:term":[{"taxonomy":"category","embeddable":true,"href":"https:\/\/echta-derminga.de\/index.php?rest_route=%2Fwp%2Fv2%2Fcategories&post=10594"},{"taxonomy":"post_tag","embeddable":true,"href":"https:\/\/echta-derminga.de\/index.php?rest_route=%2Fwp%2Fv2%2Ftags&post=10594"}],"curies":[{"name":"wp","href":"https:\/\/api.w.org\/{rel}","templated":true}]}}