{"id":10624,"date":"2021-09-05T13:43:42","date_gmt":"2021-09-05T12:43:42","guid":{"rendered":"https:\/\/echta-derminga.de\/?p=10624"},"modified":"2021-09-05T14:16:49","modified_gmt":"2021-09-05T13:16:49","slug":"in-sachen-ortsvorsteher-von-grossen-plaenen-grosser-innovation-runden-geburtstagen-und-einer-wunderschoenen-bluehflaeche","status":"publish","type":"post","link":"https:\/\/echta-derminga.de\/?p=10624","title":{"rendered":"In Sachen Ortsvorsteher: Von gro\u00dfen Pl\u00e4nen, gro\u00dfer Innovation , runden Geburtstagen und einer wundersch\u00f6nen Bl\u00fchfl\u00e4che"},"content":{"rendered":"\n<p class=\"has-medium-font-size wp-block-paragraph\">Unser Heimatort ist umgeben von einer gro\u00dfartigen Naturlandschaft mit gro\u00dfen Waldfl\u00e4chen und sch\u00f6nen Wiesenlandschaften. Die F\u00f6rderung von Lebensr\u00e4umen f\u00fcr gef\u00e4hrdete Tierarten ist vielen Menschen und Organisationen ein gro\u00dfes Anliegen. Auf dem Belker wurde nun eine neu geschaffene Bl\u00fchfl\u00e4che angelegt. Diese Fl\u00e4che soll nicht nur den vielen Insektenarten Nahrung und Schutz bieten. Dieses Projekt wird von der Vereinigung der J\u00e4ger des Saarlandes vorangetrieben. Unterst\u00fctzt werden die Initiatoren von den Gemeinden, Landwirten und Naturliebhabern. Die von der LEG-Saar bereitgestellte \u201eLebensraum Saatgut-Mischung\u201c besteht aus ca. 60 unterschiedlichen regionalen Wildblumenarten und Kulturpflanzen. Nachdem ich von diesem Projekt erfahren habe, konnte ich mir ein Bild von der neu angelegten Blumenfl\u00e4che machen. Ich finde, dass dieses gro\u00dfartige Projekt eine weitere Aufwertung f\u00fcr den stark reflektierten Belker bedeutet. Ich m\u00f6chte allen Beteiligten Organisationen und dem Besitzer der Fl\u00e4che ganz herzlich danken. Eine gute Sache f\u00fcr die bedrohten Tierarten, unsere Naturlandschaft und die Menschen in unserer Heimat.<strong> (Informationen und Bilder vom Gefl\u00fcgelhof Heinrich)<\/strong><\/p>\n\n\n\n<p class=\"has-medium-font-size wp-block-paragraph\"><strong>SaarL.Y.T.E er\u00f6ffnet Servicecenter im big Eppel<\/strong><\/p>\n\n\n\n<p class=\"has-medium-font-size wp-block-paragraph\">Aufgrund einer weitreichenden St\u00f6rung hatten viele B\u00fcrgerinnen und B\u00fcrger in der vergangenen Woche kein Internet. Viele Familien \u00e4rgerten sich \u00fcber einen zweit\u00e4tigen Ausfall von dem eigenen PC und unter Umst\u00e4nden auch vom eigenen Fernseher. Die Digitalisierung bildet gerade f\u00fcr den l\u00e4ndlichen Raum eine gro\u00dfe Herausforderung, der wir uns mit Nachdruck stellen sollten. Am kommenden Dienstag, 7. September 2021, um 10:00 Uhr er\u00f6ffnet das Unternehmen SaarL.Y.T.E sein Servicecenter im Geb\u00e4ude des big Eppel. Die Gesch\u00e4ftsf\u00fchrer, Johannes Dib, Mergim Mucaj und Steffen Mai m\u00f6chten den Glasfaserausbau in unserer Gemeinde lokal vorantreiben. Ab sofort erhalten Sie in dem B\u00fcro im \u201ebig Eppel\u201c fachgerechte Informationen.<\/p>\n\n\n\n<div class=\"wp-block-image\"><figure class=\"aligncenter size-large\"><img loading=\"lazy\" decoding=\"async\" width=\"700\" height=\"423\" src=\"https:\/\/echta-derminga.de\/wp-content\/uploads\/2021\/09\/SYLITE-700x423.jpg\" alt=\"\" class=\"wp-image-10626\" srcset=\"https:\/\/echta-derminga.de\/wp-content\/uploads\/2021\/09\/SYLITE-700x423.jpg 700w, https:\/\/echta-derminga.de\/wp-content\/uploads\/2021\/09\/SYLITE-300x181.jpg 300w, https:\/\/echta-derminga.de\/wp-content\/uploads\/2021\/09\/SYLITE-768x464.jpg 768w, https:\/\/echta-derminga.de\/wp-content\/uploads\/2021\/09\/SYLITE-1536x927.jpg 1536w, https:\/\/echta-derminga.de\/wp-content\/uploads\/2021\/09\/SYLITE.jpg 1600w\" sizes=\"auto, (max-width: 700px) 100vw, 700px\" \/><figcaption>Quelle: Gemeinde Eppelborn<\/figcaption><\/figure><\/div>\n\n\n\n<p class=\"has-medium-font-size wp-block-paragraph\"><strong>Pfarrer Harro Eder feiert 60. Wiegenfest<\/strong><\/p>\n\n\n\n<p class=\"has-medium-font-size wp-block-paragraph\">Bereits im Juli feierte der Pfarrer der Evangelischen Kirchengemeinde Dirmingen Harro Eder sein 60. Wiegenfest. Aufgrund der Urlaubszeit konnte erst jetzt ganz offiziell und herzlich gratuliert werden. Als Ortsvorsteher habe ich mich den Gl\u00fcckw\u00fcnschen des Presbyteriums angeschlossen. Auch auf diesem Weg w\u00fcnsche ich viel Gl\u00fcck und Gesundheit und weiterhin viel Erfolg in unserem Heimatort.<\/p>\n\n\n\n<div class=\"wp-block-image\"><figure class=\"aligncenter size-large\"><img loading=\"lazy\" decoding=\"async\" width=\"700\" height=\"438\" src=\"https:\/\/echta-derminga.de\/wp-content\/uploads\/2021\/09\/kulter-700x438.jpg\" alt=\"\" class=\"wp-image-10627\" srcset=\"https:\/\/echta-derminga.de\/wp-content\/uploads\/2021\/09\/kulter-700x438.jpg 700w, https:\/\/echta-derminga.de\/wp-content\/uploads\/2021\/09\/kulter-300x188.jpg 300w, https:\/\/echta-derminga.de\/wp-content\/uploads\/2021\/09\/kulter-768x481.jpg 768w, https:\/\/echta-derminga.de\/wp-content\/uploads\/2021\/09\/kulter.jpg 1000w\" sizes=\"auto, (max-width: 700px) 100vw, 700px\" \/><figcaption>Herzlichen Gl\u00fcckwunsch an Pfarrer Harro Eder<\/figcaption><\/figure><\/div>\n\n\n\n<p class=\"has-medium-font-size wp-block-paragraph\"><strong>IlltalerLand e.V l\u00e4dt ein zur Wein-Erlebnis-Wanderung<\/strong><\/p>\n\n\n\n<p class=\"has-medium-font-size wp-block-paragraph\">Ich freue mich dar\u00fcber, dass immer mehr Vereine den Mut haben eine Veranstaltung durchzuf\u00fchren. Nachdem unser Kulturverein bereits von zwei Wochen eine gut organisierte Veranstaltung im Br\u00fchlpark durchf\u00fchrte, steht nun ein weiteres Highlight auf dem Programm. Der Verein IlltalerLand e.V. und die Gemeinde Eppelborn laden am 11. September 2021 um 10:00 Uhr zu einer \u201eWein-Erlebnis-Wanderung\u201c ein. Die Wanderung wird auch durch Dirmingen f\u00fchren, wobei der Kulturverein Dirmingen eine kulinarische Raststelle auf Finkenrech einrichten wird. Nat\u00fcrlich wird es den beliebten Flammkuchen und den gewohnt guten Wein geben. Leider sind auch f\u00fcr diese Veranstaltung Anmeldungen erforderlich. Der Verein nimmt Meldungen unter der Telefonnummer 01703847857 entgegen.<\/p>\n\n\n\n<p class=\"has-medium-font-size wp-block-paragraph\"><strong>Pfarrer i.R Siegfried Arneth feiert 70 .Weigenfest<\/strong><\/p>\n\n\n\n<p class=\"has-medium-font-size wp-block-paragraph\">Ein ganzes Leben f\u00fcr seine Heimatgemeinde. Pfarrer i.R Siegfried Arneth hat die Evangelische Kirchengemeinde in seiner langj\u00e4hrigen T\u00e4tigkeit gepr\u00e4gt wie kaum ein anderer. Am 30. August feierte der Pfarrer im Ruhestand sein nunmehr 70. Wiegenfest. F\u00fcr mich pers\u00f6nlich ein Anlass meine Gl\u00fcckw\u00fcnsche als Ortsvorsteher zu \u00fcberbringen. Auch an dieser Stelle herzlichen Gl\u00fcckwunsch sowie viel Gl\u00fcck und Gesundheit.<\/p>\n\n\n\n<div class=\"wp-block-image\"><figure class=\"aligncenter size-large\"><img loading=\"lazy\" decoding=\"async\" width=\"700\" height=\"286\" src=\"https:\/\/echta-derminga.de\/wp-content\/uploads\/2021\/09\/arneth-700x286.jpg\" alt=\"\" class=\"wp-image-10629\" srcset=\"https:\/\/echta-derminga.de\/wp-content\/uploads\/2021\/09\/arneth-700x286.jpg 700w, https:\/\/echta-derminga.de\/wp-content\/uploads\/2021\/09\/arneth-300x123.jpg 300w, https:\/\/echta-derminga.de\/wp-content\/uploads\/2021\/09\/arneth-768x314.jpg 768w, https:\/\/echta-derminga.de\/wp-content\/uploads\/2021\/09\/arneth.jpg 1000w\" sizes=\"auto, (max-width: 700px) 100vw, 700px\" \/><figcaption>Herzlichen Gl\u00fcckwunsch an Pfarrer i.R Arneth<\/figcaption><\/figure><\/div>\n\n\n\n<p class=\"has-medium-font-size wp-block-paragraph\"><strong>Herbst auf Finkenrech<\/strong><\/p>\n\n\n\n<p class=\"has-medium-font-size wp-block-paragraph\">Die saisonale Gro\u00dfveranstaltung\u201c Herbst auf Finkenrech\u201c wird in der Zeit vom 18.- bis einschlie\u00dflich 19. 09.21, im Freizeitzentrum Finkenrech, durchgef\u00fchrt. Der wunderbare Bauernmarkt wird in diesem Jahr endlich wieder die Massen begeistern. Dem TKN des Landkreises ist es gelungen eine bunte Mischung von regionalen Austellern mit einer gro\u00dfartigen Produktvielfalt anzulocken. Bei dem Bauernmarkt wird traditionell gro\u00dfer Wert auf Regionalit\u00e4t und Qualit\u00e4t gelegt. Trotz eines umfangreichen Hygienekonzeptes ist es den Organisatoren gelungen ein anspruchsvolles Programm auf die Beine zu stellen. Haben Sie sich schon ihr Ticket gesichert? Buchungen und Infos finden Sie auf der Homepage des Freizeitzentrums Finkenrech.<\/p>\n\n\n\n<div class=\"wp-block-image\"><figure class=\"aligncenter size-large\"><img loading=\"lazy\" decoding=\"async\" width=\"700\" height=\"525\" src=\"https:\/\/echta-derminga.de\/wp-content\/uploads\/2021\/08\/167-700x525.jpg\" alt=\"\" class=\"wp-image-10601\" srcset=\"https:\/\/echta-derminga.de\/wp-content\/uploads\/2021\/08\/167-700x525.jpg 700w, https:\/\/echta-derminga.de\/wp-content\/uploads\/2021\/08\/167-300x225.jpg 300w, https:\/\/echta-derminga.de\/wp-content\/uploads\/2021\/08\/167-768x576.jpg 768w, https:\/\/echta-derminga.de\/wp-content\/uploads\/2021\/08\/167.jpg 1000w\" sizes=\"auto, (max-width: 700px) 100vw, 700px\" \/><figcaption>Herbst auf Finkenrech<\/figcaption><\/figure><\/div>\n\n\n\n<p class=\"has-medium-font-size wp-block-paragraph\"><strong>Auf ein Eis mit dem B\u00fcrgermeister Dr. Andreas Feld<\/strong><\/p>\n\n\n\n<p class=\"has-medium-font-size wp-block-paragraph\">In der vergangenen Woche hatte ich unseren B\u00fcrgermeister Dr. Andreas Feld zu einem Eis am Verkaufswagen \u201eEistraum\u201c eingeladen. Ich habe mich sehr \u00fcber seine Zusage gefreut und nutzte die Gelegenheit dem Rathauschef das Team der Fa. Eistraum vorzustellen. Der gemeinsam ausprobierte Eisbecher \u201eEchta Derminga\u201c wurde vom Verwaltungschef f\u00fcr gut befunden. Der Verkaufswagen vor der Evangelischen Kirche wird sehr gut angenommen. Ich glaube, dass der Eiswagen unsere Ortsmitte aufwertet. Haben Sie schon ein Eis probiert?<\/p>\n\n\n\n<div class=\"wp-block-image\"><figure class=\"aligncenter size-large\"><img loading=\"lazy\" decoding=\"async\" width=\"700\" height=\"466\" src=\"https:\/\/echta-derminga.de\/wp-content\/uploads\/2021\/09\/241557130_938935396964518_2532681750095498897_n-Kopie-700x466.jpg\" alt=\"\" class=\"wp-image-10632\" srcset=\"https:\/\/echta-derminga.de\/wp-content\/uploads\/2021\/09\/241557130_938935396964518_2532681750095498897_n-Kopie-700x466.jpg 700w, https:\/\/echta-derminga.de\/wp-content\/uploads\/2021\/09\/241557130_938935396964518_2532681750095498897_n-Kopie-300x200.jpg 300w, https:\/\/echta-derminga.de\/wp-content\/uploads\/2021\/09\/241557130_938935396964518_2532681750095498897_n-Kopie-768x511.jpg 768w, https:\/\/echta-derminga.de\/wp-content\/uploads\/2021\/09\/241557130_938935396964518_2532681750095498897_n-Kopie.jpg 1100w\" sizes=\"auto, (max-width: 700px) 100vw, 700px\" \/><figcaption>Ein Eis mit dem B\u00fcrgermeister<\/figcaption><\/figure><\/div>\n\n\n\n<p class=\"has-medium-font-size wp-block-paragraph\"><strong>Zimtkl\u00e4nge in der Evangelischen Kirche Dirmingen<\/strong><\/p>\n\n\n\n<p class=\"has-medium-font-size wp-block-paragraph\">Die Gruppe Zimtkl\u00e4nge veranstaltet am 01. Und 02. Oktober ein Konzert unter dem Motto \u201eBesser wird\u2019s nicht\u201c in der Evangelischen Kirche Dirmingen. Eintrittskarten kann man auch in meinem Ortsvorsteherb\u00fcro k\u00e4uflich erwerben. Machen Sie davon Gebrauch! Mit dieser Veranstaltung m\u00f6chten wir unserer Bev\u00f6lkerung eine Freude machen und ein weiteres St\u00fcck Normalit\u00e4t zur\u00fcckgewinnen. Das Ortsvorsteherb\u00fcro ist jeden Mittwoch von 18:00 Uhr bis 19:30 Uhr ge\u00f6ffnet.<\/p>\n\n\n\n<p class=\"has-medium-font-size wp-block-paragraph\"><strong>\u00d6kumenischer Wander-Gottesdienst im Naherholungsgebiet Steinrausche<\/strong><\/p>\n\n\n\n<p class=\"has-medium-font-size wp-block-paragraph\">Die katholische Pfarreiengemeinschaft Eppelborn-Dirmingen und die Evangelische Kirchengemeinde Dirmingen setzen ihre \u00f6kumenische Zusammenarbeit fort. In der vergangenen Woche fand ein gro\u00dfer \u00d6kumenischer Gottesdienst auf dem Marktplatz in Eppelborn statt. Am Sonntag, 12. September findet ein Wander-Gottesdienst im Naherholungsgebiet Steinrausche statt. Dabei werden an verschiedenen Orten im Naherholungsgebiet theologische Impulse gesetzt. Die Wanderung endet mit einer kleinen Andacht an der Marienkapelle im Wald. Treffpunkt f\u00fcr alle Teilnehmer\/innen ist um 10:30 Uhr auf dem Parkplatz \u201eSch\u00f6ne Aussicht\u201c. Anmeldungen nimmt die Evangelische Kirchengemeinde Dirmingen unter der Telefonnummer 06827\/666 entgegen.<\/p>\n\n\n\n<div class=\"wp-block-image\"><figure class=\"aligncenter size-full\"><img loading=\"lazy\" decoding=\"async\" width=\"582\" height=\"779\" src=\"https:\/\/echta-derminga.de\/wp-content\/uploads\/2021\/09\/presse.png\" alt=\"\" class=\"wp-image-10642\" srcset=\"https:\/\/echta-derminga.de\/wp-content\/uploads\/2021\/09\/presse.png 582w, https:\/\/echta-derminga.de\/wp-content\/uploads\/2021\/09\/presse-224x300.png 224w\" sizes=\"auto, (max-width: 582px) 100vw, 582px\" \/><figcaption>Herzliche Einladung <\/figcaption><\/figure><\/div>\n\n\n\n<p class=\"has-medium-font-size wp-block-paragraph\"><strong>Gro\u00dfes \u00c4rgernis \u00fcber unverbesserliche Zeitgenossen<\/strong><\/p>\n\n\n\n<p class=\"has-medium-font-size wp-block-paragraph\">In den vergangenen Wochen mussten wir uns wieder mal \u00fcber unn\u00f6tige Taten einiger Unverbesserlichen \u00e4rgern. An unserer Kita \u201ePusteblume\u201c wurde eine Glasscheibe mutwillig zerst\u00f6rt und auf dem Waldweg hinter dem Park&amp; Ride Parkplatz zwischen Eppelborn und Dirmingen wurde ein ganzer Laster voller M\u00fcll und Schrott abgeladen. Ich kann nur jeden ermutigen sich diesen Untaten entgegenzustellen. Wenn Sie Zeuge einer solchen Straftat werden, sollten Sie sich unbedingt an die Polizei wenden.<\/p>\n\n\n\n<figure class=\"wp-block-gallery columns-3 is-cropped wp-block-gallery-1 is-layout-flex wp-block-gallery-is-layout-flex\"><ul class=\"blocks-gallery-grid\"><li class=\"blocks-gallery-item\"><figure><img loading=\"lazy\" decoding=\"async\" width=\"700\" height=\"525\" src=\"https:\/\/echta-derminga.de\/wp-content\/uploads\/2021\/09\/111-700x525.jpg\" alt=\"\" data-id=\"10634\" data-link=\"https:\/\/echta-derminga.de\/?attachment_id=10634\" class=\"wp-image-10634\" srcset=\"https:\/\/echta-derminga.de\/wp-content\/uploads\/2021\/09\/111-700x525.jpg 700w, https:\/\/echta-derminga.de\/wp-content\/uploads\/2021\/09\/111-300x225.jpg 300w, https:\/\/echta-derminga.de\/wp-content\/uploads\/2021\/09\/111-768x576.jpg 768w, https:\/\/echta-derminga.de\/wp-content\/uploads\/2021\/09\/111.jpg 900w\" sizes=\"auto, (max-width: 700px) 100vw, 700px\" \/><\/figure><\/li><li class=\"blocks-gallery-item\"><figure><img loading=\"lazy\" decoding=\"async\" width=\"700\" height=\"525\" src=\"https:\/\/echta-derminga.de\/wp-content\/uploads\/2021\/09\/222-700x525.jpg\" alt=\"\" data-id=\"10635\" data-link=\"https:\/\/echta-derminga.de\/?attachment_id=10635\" class=\"wp-image-10635\" srcset=\"https:\/\/echta-derminga.de\/wp-content\/uploads\/2021\/09\/222-700x525.jpg 700w, https:\/\/echta-derminga.de\/wp-content\/uploads\/2021\/09\/222-300x225.jpg 300w, https:\/\/echta-derminga.de\/wp-content\/uploads\/2021\/09\/222-768x576.jpg 768w, https:\/\/echta-derminga.de\/wp-content\/uploads\/2021\/09\/222.jpg 900w\" sizes=\"auto, (max-width: 700px) 100vw, 700px\" \/><\/figure><\/li><li class=\"blocks-gallery-item\"><figure><img loading=\"lazy\" decoding=\"async\" width=\"700\" height=\"525\" src=\"https:\/\/echta-derminga.de\/wp-content\/uploads\/2021\/09\/33-700x525.jpg\" alt=\"\" data-id=\"10636\" data-full-url=\"https:\/\/echta-derminga.de\/wp-content\/uploads\/2021\/09\/33.jpg\" data-link=\"https:\/\/echta-derminga.de\/?attachment_id=10636\" class=\"wp-image-10636\" srcset=\"https:\/\/echta-derminga.de\/wp-content\/uploads\/2021\/09\/33-700x525.jpg 700w, https:\/\/echta-derminga.de\/wp-content\/uploads\/2021\/09\/33-300x225.jpg 300w, https:\/\/echta-derminga.de\/wp-content\/uploads\/2021\/09\/33-768x576.jpg 768w, https:\/\/echta-derminga.de\/wp-content\/uploads\/2021\/09\/33.jpg 900w\" sizes=\"auto, (max-width: 700px) 100vw, 700px\" \/><\/figure><\/li><\/ul><\/figure>\n\n\n\n<p class=\"has-medium-font-size wp-block-paragraph\"><strong>Liebe Dirmingerinnen, liebe Dirminger, in der vergangenen Woche habe ich mich intensiv mit der Frage besch\u00e4ftigt, inwieweit wir die \u201eDerminga Kerb\u201c 2021 durchf\u00fchren k\u00f6nnen. Ich bin zu dem Entschluss gekommen, dass eine Durchf\u00fchrung unserer traditionsreichen \u201eKerb\u201c durchaus im Bereich des M\u00f6glichen liegt. Nat\u00fcrlich m\u00fcssen wir die Entwicklung der Pandemie abwarten und ein entsprechendes Hygienekonzept aufbieten. Dabei wird sich auch die Au\u00dfendarstellung unserer \u201eKerb\u201c ver\u00e4ndern. Wir m\u00fcssen \u00fcber ein Alternativkonzept nachdenken und dies gut vorbereiten. Der Ortsrat von Dirmingen wird sich in seiner n\u00e4chsten Sitzung mit der Kirmes besch\u00e4ftigen. In K\u00fcrze werde ich Sie dar\u00fcber informieren, in welcher Form unsere Kirmes stattfinden kann.<\/strong><\/p>\n\n\n\n<p class=\"has-medium-font-size wp-block-paragraph\">Wir sollten bei allem was wir tun immer pr\u00fcfen was machbar ist und wie weit wir gehen k\u00f6nnen. Mut und Entschlossenheit f\u00fchren uns zur\u00fcck in die Normalit\u00e4t.<\/p>\n\n\n\n<p class=\"has-medium-font-size wp-block-paragraph\"><strong>Ich lade Sie ein mitzumachen und anzupacken. Bitte denken Sie daran, es \u00e4ndert sich auch in unserem Dorf \u00fcberhaupt nichts, wenn WIR es nicht \u00e4ndern.<\/strong><\/p>\n\n\n\n<p class=\"has-medium-font-size wp-block-paragraph\">In diesem Sinne<\/p>\n\n\n\n<p class=\"has-medium-font-size wp-block-paragraph\">Ihr Ortvorsteher<\/p>\n\n\n\n<p class=\"has-medium-font-size wp-block-paragraph\">Frank Klein<\/p>\n\n\n\n<figure class=\"wp-block-gallery columns-2 is-cropped wp-block-gallery-2 is-layout-flex wp-block-gallery-is-layout-flex\"><ul class=\"blocks-gallery-grid\"><li class=\"blocks-gallery-item\"><figure><img loading=\"lazy\" decoding=\"async\" width=\"700\" height=\"933\" src=\"https:\/\/echta-derminga.de\/wp-content\/uploads\/2021\/09\/wein-700x933.jpg\" alt=\"\" data-id=\"10639\" data-link=\"https:\/\/echta-derminga.de\/?attachment_id=10639\" class=\"wp-image-10639\" srcset=\"https:\/\/echta-derminga.de\/wp-content\/uploads\/2021\/09\/wein-700x933.jpg 700w, https:\/\/echta-derminga.de\/wp-content\/uploads\/2021\/09\/wein-225x300.jpg 225w, https:\/\/echta-derminga.de\/wp-content\/uploads\/2021\/09\/wein-768x1024.jpg 768w, https:\/\/echta-derminga.de\/wp-content\/uploads\/2021\/09\/wein-1152x1536.jpg 1152w, https:\/\/echta-derminga.de\/wp-content\/uploads\/2021\/09\/wein.jpg 1200w\" sizes=\"auto, (max-width: 700px) 100vw, 700px\" \/><\/figure><\/li><li class=\"blocks-gallery-item\"><figure><img loading=\"lazy\" decoding=\"async\" width=\"700\" height=\"990\" src=\"https:\/\/echta-derminga.de\/wp-content\/uploads\/2021\/09\/zimtklaenge-700x990.jpg\" alt=\"\" data-id=\"10640\" data-full-url=\"https:\/\/echta-derminga.de\/wp-content\/uploads\/2021\/09\/zimtklaenge.jpg\" data-link=\"https:\/\/echta-derminga.de\/?attachment_id=10640\" class=\"wp-image-10640\" srcset=\"https:\/\/echta-derminga.de\/wp-content\/uploads\/2021\/09\/zimtklaenge-700x990.jpg 700w, https:\/\/echta-derminga.de\/wp-content\/uploads\/2021\/09\/zimtklaenge-212x300.jpg 212w, https:\/\/echta-derminga.de\/wp-content\/uploads\/2021\/09\/zimtklaenge.jpg 724w\" sizes=\"auto, (max-width: 700px) 100vw, 700px\" \/><\/figure><\/li><\/ul><\/figure>\n","protected":false},"excerpt":{"rendered":"<p>Unser Heimatort ist umgeben von einer gro\u00dfartigen Naturlandschaft mit gro\u00dfen Waldfl\u00e4chen und sch\u00f6nen Wiesenlandschaften. Die F\u00f6rderung von Lebensr\u00e4umen f\u00fcr gef\u00e4hrdete Tierarten ist vielen Menschen und Organisationen ein gro\u00dfes Anliegen. Auf dem Belker wurde nun eine neu geschaffene Bl\u00fchfl\u00e4che angelegt. Diese Fl\u00e4che soll nicht nur den vielen Insektenarten Nahrung und Schutz bieten. Dieses Projekt wird von der Vereinigung der J\u00e4ger des<\/p>\n","protected":false},"author":1,"featured_media":10625,"comment_status":"open","ping_status":"closed","sticky":false,"template":"","format":"standard","meta":{"_crdt_document":"","footnotes":""},"categories":[9,812],"tags":[5,618,127,634,795,310],"class_list":["post-10624","post","type-post","status-publish","format-standard","has-post-thumbnail","hentry","category-dorfgetratsche","category-ortsvorsteher-dirmingen","tag-dirmingen","tag-gemeinde-eppelborn","tag-landkreis-neunkirchen","tag-ortsvorsteher","tag-ortsvorsteher-dirmingen","tag-saarland"],"_links":{"self":[{"href":"https:\/\/echta-derminga.de\/index.php?rest_route=\/wp\/v2\/posts\/10624","targetHints":{"allow":["GET"]}}],"collection":[{"href":"https:\/\/echta-derminga.de\/index.php?rest_route=\/wp\/v2\/posts"}],"about":[{"href":"https:\/\/echta-derminga.de\/index.php?rest_route=\/wp\/v2\/types\/post"}],"author":[{"embeddable":true,"href":"https:\/\/echta-derminga.de\/index.php?rest_route=\/wp\/v2\/users\/1"}],"replies":[{"embeddable":true,"href":"https:\/\/echta-derminga.de\/index.php?rest_route=%2Fwp%2Fv2%2Fcomments&post=10624"}],"version-history":[{"count":16,"href":"https:\/\/echta-derminga.de\/index.php?rest_route=\/wp\/v2\/posts\/10624\/revisions"}],"predecessor-version":[{"id":10651,"href":"https:\/\/echta-derminga.de\/index.php?rest_route=\/wp\/v2\/posts\/10624\/revisions\/10651"}],"wp:featuredmedia":[{"embeddable":true,"href":"https:\/\/echta-derminga.de\/index.php?rest_route=\/wp\/v2\/media\/10625"}],"wp:attachment":[{"href":"https:\/\/echta-derminga.de\/index.php?rest_route=%2Fwp%2Fv2%2Fmedia&parent=10624"}],"wp:term":[{"taxonomy":"category","embeddable":true,"href":"https:\/\/echta-derminga.de\/index.php?rest_route=%2Fwp%2Fv2%2Fcategories&post=10624"},{"taxonomy":"post_tag","embeddable":true,"href":"https:\/\/echta-derminga.de\/index.php?rest_route=%2Fwp%2Fv2%2Ftags&post=10624"}],"curies":[{"name":"wp","href":"https:\/\/api.w.org\/{rel}","templated":true}]}}