{"id":10654,"date":"2021-09-12T13:11:16","date_gmt":"2021-09-12T12:11:16","guid":{"rendered":"https:\/\/echta-derminga.de\/?p=10654"},"modified":"2022-03-31T12:53:37","modified_gmt":"2022-03-31T11:53:37","slug":"sterbe-und-unterstuetzungsverein-dirmingen-besser-als-man-denkt","status":"publish","type":"post","link":"https:\/\/echta-derminga.de\/?p=10654","title":{"rendered":"Sterbe- und Unterst\u00fctzungsverein Dirmingen besser als man denkt !"},"content":{"rendered":"\n<p class=\"has-medium-font-size wp-block-paragraph\"><strong>Der Sterbe- und Unterst\u00fctzungsverein Dirmingen wurde bereits im Jahre 1948 gegr\u00fcndet. Dabei handelt es sich um einen Versicherungsverein im Sinne von \u00a7 53 des Versicherungsaufsicht Gesetzes. Im Todesfall gew\u00e4hrt der Verein seinen Mitgliedern ein Sterbegeld von derzeit 1.475, &#8211; Euro. Das Ziel des Vereins ist es, den Mitgliedern beim Tod einen Anteil zu den Beerdigungskosten auszuzahlen. Das ganze bei einem geringen monatlichen Beitrag. Bei den heutigen Kosten einer Beerdigung d\u00fcrfte dies f\u00fcr viele sicherlich ein interessanter Anreiz sein. Der Verein unterliegt der Aufsicht des Ministeriums f\u00fcr Wirtschaft, Energie, Arbeit und Verkehr in Saarbr\u00fccken. Sein Gesch\u00e4ftsgebiet begrenzt sich \u00fcberwiegend auf die Gemeinde Eppelborn und die angrenzenden Ortschaften Dirmingens. In die Kasse k\u00f6nnen Personen aufgenommen werden, die das 2. Lebensjahr vollendet und das 45. Lebensjahr noch nicht \u00fcberschritten haben. F\u00fcr Personen, die das 2. Lebensjahr vollendet und das 40. Lebensjahr noch nicht \u00fcberschritten haben, besteht die M\u00f6glichkeit der Doppelversicherung.<\/strong><\/p>\n\n\n\n<p class=\"has-medium-font-size wp-block-paragraph\">Seit August dieses Jahres bin ich Vorsitzender dieses Vereins. Trotz der Vielzahl meiner Ehren\u00e4mter habe ich dieses Amt nach reiflichen \u00dcberlegungen angenommen. Wie \u00fcberall fehlten auch hier ehrenamtliche Mitstreiter und Mitglieder. Dabei ist eine Mitgliedschaft in dem Verein durchaus sinnvoll. Ich habe jedoch festgestellt, dass immer weniger junge Menschen sich f\u00fcr diesen Verein interessieren. Darum m\u00f6chte ich an dieser Stelle einmal f\u00fcr Aufmerksamkeit werben. Es lohnt sich die Zeit zu investieren und sich einmal diesen Verein genauer anzusehen. Wie zum Beispiel bei der Pflege, sollte man auch f\u00fcr sein pers\u00f6nliches Ableben Vorsorge tragen. Eine Mitgliedschaft ist schriftlich einzureichen. Das Mitgliedschaft- und Versicherungsverh\u00e4ltnis beginnt mit dem im Mitgliedsausweis angegebenen Tag, jedoch nicht vor Zahlung des Eintrittsgeldes und des ersten Monatsbeitrages. Die H\u00f6he des Eintrittsgeldes und der Beitr\u00e4ge ergibt sich aus der Beitrags- und Leistungstabelle, die in der Satzung des Sterbe- und Unterst\u00fctzungsvereins Dirmingen zu finden ist. Der Schwerpunkt meiner Mitgliedschaft liegt jedoch darin, neue Mitglieder zu werben, die irgendwann auch mal Verantwortung im Vorstand \u00fcbernehmen m\u00f6chten. Ein Ehrenamt in diesem Verein k\u00f6nnte erf\u00fcllend sein. Die Arbeit mit und f\u00fcr Menschen kann das eigene Selbstwertgef\u00fchl befriedigen. Unser Verein hat mit seinen \u00fcber 1000 Mitglieder einen hohen Stellenwert. Der Verein ben\u00f6tigt dringend frisches Blut. Die Altersstruktur ist in den letzten Jahren zusehend gewachsen. <\/p>\n\n\n\n<p class=\"has-medium-font-size wp-block-paragraph\"><strong>Unser Verein ist verpflichtet, alle 5 Jahre ein versicherungsmathematisches Gutachten erstellen zu lassen. Dieses muss der Aufsichtsbeh\u00f6rde vorgelegt werden. In diesem Gutachten wird festgehalten, ob die derzeitige Beitragserhebung angepasst werden muss. Urs\u00e4chlich f\u00fcr die Beitragsanpassung sind unter anderem sinkende Zinsertr\u00e4ge, die Senkung des Rechnungszinses (= Zins, der unter anderem f\u00fcr die Anlage des Verm\u00f6gens des Vereins bis zum Tode des letzten Mitglieds unterstellt wird). Einfacher ausgedr\u00fcckt: Der Verein ben\u00f6tigt mehr Geld, um bei unver\u00e4ndertem Beitrag das festgelegte Sterbegeld dauerhaft auszahlen zu k\u00f6nnen.<\/strong><\/p>\n\n\n\n<p class=\"has-medium-font-size wp-block-paragraph\">Vereine, deren letzte Begutachtung weit zur\u00fcckliegt, Vereine, die regelm\u00e4\u00dfig das Sterbegeld erh\u00f6ht haben und solche, die viele junge Mitglieder in ihrem Bestand haben, sind hiervon besonders betroffen. Zu dieser Kategorie geh\u00f6rt auch unser Verein. Wir sind unbedingt darauf angewiesen, neue Mitglieder aufzunehmen. Nur so k\u00f6nnen die wirtschaftliche Leistungsf\u00e4higkeit und Stabilit\u00e4t f\u00fcr die Zukunft sicher gestellt.<\/p>\n\n\n\n<p class=\"has-medium-font-size wp-block-paragraph\">Die vorliegende Tarifbeilage wurde dem Saarl\u00e4ndischen Ministerium f\u00fcr Wirtschaft zur Entscheidung vorgelegt. Zur Wirksamkeit ist deshalb die<\/p>\n\n\n\n<p class=\"has-medium-font-size wp-block-paragraph\"><strong>T a r i f b e i l a g e<\/strong><\/p>\n\n\n\n<p class=\"has-medium-font-size wp-block-paragraph\">zur Satzung des Sterbe- und Unterst\u00fctzungsvereins Dirmingen<\/p>\n\n\n\n<p class=\"has-medium-font-size wp-block-paragraph\">in der Fassung vom 13.05.2013<\/p>\n\n\n\n<ol type=\"1\" class=\"has-medium-font-size wp-block-list\"><li><strong>Beitrag und Eintrittsgeld<\/strong> (\u00a7 4 der o.g. Satzung)<\/li><\/ol>\n\n\n\n<p class=\"has-medium-font-size wp-block-paragraph\">1.1&nbsp;&nbsp;&nbsp;&nbsp;&nbsp; <strong><u>Der Beitrag betr\u00e4gt monatlich:<\/u><\/strong>&nbsp;&nbsp;&nbsp;&nbsp;&nbsp;&nbsp;&nbsp;&nbsp;&nbsp;&nbsp;&nbsp;&nbsp;&nbsp;&nbsp;&nbsp;&nbsp;&nbsp;&nbsp;&nbsp;&nbsp;&nbsp;&nbsp;&nbsp;&nbsp;&nbsp;&nbsp;&nbsp;&nbsp;&nbsp;&nbsp;&nbsp;&nbsp;&nbsp;&nbsp;&nbsp;&nbsp;&nbsp;&nbsp;&nbsp;&nbsp;&nbsp;&nbsp;&nbsp;&nbsp;&nbsp;&nbsp;&nbsp;&nbsp; <strong><u>ab 01.01.22<\/u><\/strong><\/p>\n\n\n\n<p class=\"has-medium-font-size wp-block-paragraph\">&nbsp;&nbsp;&nbsp;&nbsp;&nbsp;&nbsp;&nbsp;&nbsp;&nbsp;&nbsp;&nbsp; a) vom vollendeten 2. bis zum vollendeten 16. Lebensjahr&nbsp;&nbsp;&nbsp;&nbsp;&nbsp;&nbsp;&nbsp;&nbsp;&nbsp;&nbsp;&nbsp;&nbsp;&nbsp;&nbsp; 1,50 \u20ac<\/p>\n\n\n\n<p class=\"has-medium-font-size wp-block-paragraph\">&nbsp;&nbsp;&nbsp;&nbsp;&nbsp;&nbsp;&nbsp;&nbsp;&nbsp;&nbsp;&nbsp; b) ab dem 17. Lebensjahr&nbsp;&nbsp;&nbsp;&nbsp;&nbsp;&nbsp;&nbsp;&nbsp;&nbsp;&nbsp;&nbsp;&nbsp;&nbsp;&nbsp;&nbsp;&nbsp;&nbsp;&nbsp;&nbsp;&nbsp;&nbsp;&nbsp;&nbsp;&nbsp;&nbsp;&nbsp;&nbsp;&nbsp;&nbsp;&nbsp;&nbsp;&nbsp;&nbsp;&nbsp;&nbsp;&nbsp;&nbsp;&nbsp;&nbsp;&nbsp;&nbsp;&nbsp;&nbsp;&nbsp;&nbsp;&nbsp;&nbsp;&nbsp;&nbsp;&nbsp;&nbsp;&nbsp;&nbsp;&nbsp;&nbsp;&nbsp;&nbsp;&nbsp;&nbsp;&nbsp;&nbsp;&nbsp;&nbsp;&nbsp;&nbsp;&nbsp;&nbsp;&nbsp;&nbsp;&nbsp;&nbsp; 3,00 \u20ac<\/p>\n\n\n\n<p class=\"has-medium-font-size wp-block-paragraph\">1.2. &nbsp;&nbsp;&nbsp; <strong><u>Der Beitrag bei Doppelmitgliedschaft betr\u00e4gt monatlich:<\/u><\/strong><\/p>\n\n\n\n<p class=\"has-medium-font-size wp-block-paragraph\">a) vom vollendeten 2. bis zum vollendeten 16. Lebensjahr&nbsp;&nbsp;&nbsp;&nbsp;&nbsp;&nbsp;&nbsp;&nbsp;&nbsp;&nbsp;&nbsp;&nbsp;&nbsp;&nbsp; 3,00 \u20ac<\/p>\n\n\n\n<p class=\"has-medium-font-size wp-block-paragraph\">&nbsp;&nbsp;&nbsp;&nbsp;&nbsp;&nbsp;&nbsp;&nbsp;&nbsp;&nbsp;&nbsp; b) ab dem vollendeten 17. Lebensjahr&nbsp;&nbsp;&nbsp;&nbsp;&nbsp;&nbsp;&nbsp;&nbsp;&nbsp;&nbsp;&nbsp;&nbsp;&nbsp;&nbsp;&nbsp;&nbsp;&nbsp;&nbsp;&nbsp;&nbsp;&nbsp;&nbsp;&nbsp;&nbsp;&nbsp;&nbsp;&nbsp;&nbsp;&nbsp;&nbsp;&nbsp;&nbsp;&nbsp;&nbsp;&nbsp;&nbsp;&nbsp;&nbsp;&nbsp;&nbsp;&nbsp;&nbsp;&nbsp;&nbsp;&nbsp;&nbsp;&nbsp;&nbsp;&nbsp; 6,00 \u20ac<\/p>\n\n\n\n<ol type=\"1\" class=\"has-medium-font-size wp-block-list\"><li><strong><u>Das Eintrittsgeld betr\u00e4gt ab 01.01.2022:<\/u><\/strong><\/li><\/ol>\n\n\n\n<ol type=\"a\" class=\"has-medium-font-size wp-block-list\"><li>bis zum vollendeten 26. Lebensjahr&nbsp;&nbsp;&nbsp;&nbsp;&nbsp;&nbsp;&nbsp;&nbsp;&nbsp;&nbsp;&nbsp;&nbsp;&nbsp;&nbsp;&nbsp;&nbsp;&nbsp;&nbsp;&nbsp;&nbsp;&nbsp;&nbsp;&nbsp;&nbsp;&nbsp;&nbsp;&nbsp;&nbsp;&nbsp;&nbsp;&nbsp;&nbsp;&nbsp;&nbsp;&nbsp;&nbsp;&nbsp;&nbsp;&nbsp;&nbsp;&nbsp;&nbsp;&nbsp;&nbsp;&nbsp;&nbsp;&nbsp;&nbsp; 0,00 \u20ac<\/li><\/ol>\n\n\n\n<ul class=\"has-medium-font-size wp-block-list\"><li>vom vollendeten 27. Lebensjahr an bis zum vollendeten<\/li><\/ul>\n\n\n\n<p class=\"has-medium-font-size wp-block-paragraph\">&nbsp;45. Lebensjahr&nbsp; 5\/6 des Jahresbeitrages pro Lebensjahr &nbsp;&nbsp;&nbsp;&nbsp;&nbsp;&nbsp;&nbsp;&nbsp; 30,00\u20ac<\/p>\n\n\n\n<p class=\"has-medium-font-size wp-block-paragraph\">c)&nbsp; bei Doppelmitgliedschaft doppeltes Eintrittsgeld.&nbsp;&nbsp;&nbsp;&nbsp;&nbsp;&nbsp;&nbsp;&nbsp;&nbsp;&nbsp;&nbsp;&nbsp;&nbsp;&nbsp;&nbsp;&nbsp;&nbsp;&nbsp;&nbsp;&nbsp;&nbsp;&nbsp;&nbsp;&nbsp;&nbsp;&nbsp;&nbsp;&nbsp;<\/p>\n\n\n\n<p class=\"has-medium-font-size wp-block-paragraph\">1.4&nbsp;&nbsp;&nbsp;&nbsp;&nbsp; Der <strong>Eintritt zur Einfachmitgliedschaft<\/strong> ist bis zum vollendeten 45. Lebens-jahr, zur <strong>Doppelmitgliedschaft<\/strong> nur bis zum vollendeten 40. Lebensjahr m\u00f6glich.<\/p>\n\n\n\n<ul class=\"has-medium-font-size wp-block-list\"><li><strong>Sterbegeld<\/strong> (\u00a7 5 der o.g. Satzung)<\/li><\/ul>\n\n\n\n<p class=\"has-medium-font-size wp-block-paragraph\">2.1&nbsp;&nbsp;&nbsp;&nbsp;&nbsp; <strong><u>Das Sterbegeld betr\u00e4gt ab dem 01.07.2007 f\u00fcr alle Mitglieder:<\/u><\/strong><\/p>\n\n\n\n<p class=\"has-medium-font-size wp-block-paragraph\">a)&nbsp;&nbsp;&nbsp; bei einfacher Mitgliedschaft&nbsp;&nbsp;&nbsp;&nbsp;&nbsp;&nbsp;&nbsp;&nbsp;&nbsp;&nbsp;&nbsp;&nbsp;&nbsp;&nbsp;&nbsp;&nbsp;&nbsp;&nbsp;&nbsp;&nbsp;&nbsp;&nbsp;&nbsp;&nbsp;&nbsp;&nbsp;&nbsp;&nbsp;&nbsp;&nbsp;&nbsp;&nbsp;&nbsp;&nbsp;&nbsp;&nbsp;&nbsp;&nbsp;&nbsp;&nbsp;&nbsp;&nbsp;&nbsp;&nbsp;&nbsp;&nbsp;&nbsp;&nbsp;&nbsp;&nbsp;&nbsp;&nbsp;&nbsp;&nbsp; 1.475,00 \u20ac<\/p>\n\n\n\n<p class=\"has-medium-font-size wp-block-paragraph\">b)&nbsp;&nbsp;&nbsp; bei doppelter Mitgliedschaft&nbsp;&nbsp;&nbsp;&nbsp;&nbsp;&nbsp;&nbsp;&nbsp;&nbsp;&nbsp;&nbsp;&nbsp;&nbsp;&nbsp;&nbsp;&nbsp;&nbsp;&nbsp;&nbsp;&nbsp;&nbsp;&nbsp;&nbsp;&nbsp;&nbsp;&nbsp;&nbsp;&nbsp;&nbsp;&nbsp;&nbsp;&nbsp;&nbsp;&nbsp;&nbsp;&nbsp;&nbsp;&nbsp;&nbsp;&nbsp;&nbsp;&nbsp;&nbsp;&nbsp;&nbsp;&nbsp;&nbsp;&nbsp;&nbsp;&nbsp;&nbsp;&nbsp;&nbsp;&nbsp; 2.950,00 \u20ac<\/p>\n\n\n\n<p class=\"has-medium-font-size wp-block-paragraph\"><strong>Sollte ihr Interesse geweckt sein, k\u00f6nnen sie uns jederzeit gerne kontaktieren. Zumindest macht es Sinn einmal \u00fcber eine Mitgliedschaft nachzudenken. Im schlimmsten und traurigsten Fall kann zumindest ein wenig Unterst\u00fctzung erfolgen.<\/strong><\/p>\n","protected":false},"excerpt":{"rendered":"<p>Der Sterbe- und Unterst\u00fctzungsverein Dirmingen wurde bereits im Jahre 1948 gegr\u00fcndet. Dabei handelt es sich um einen Versicherungsverein im Sinne von \u00a7 53 des Versicherungsaufsicht Gesetzes. Im Todesfall gew\u00e4hrt der Verein seinen Mitgliedern ein Sterbegeld von derzeit 1.475, &#8211; Euro. Das Ziel des Vereins ist es, den Mitgliedern beim Tod einen Anteil zu den Beerdigungskosten auszuzahlen. Das ganze bei einem<\/p>\n","protected":false},"author":1,"featured_media":1153,"comment_status":"closed","ping_status":"closed","sticky":false,"template":"","format":"standard","meta":{"_crdt_document":"","footnotes":""},"categories":[1,9],"tags":[5,618,127,310],"class_list":["post-10654","post","type-post","status-publish","format-standard","has-post-thumbnail","hentry","category-allgemein","category-dorfgetratsche","tag-dirmingen","tag-gemeinde-eppelborn","tag-landkreis-neunkirchen","tag-saarland"],"_links":{"self":[{"href":"https:\/\/echta-derminga.de\/index.php?rest_route=\/wp\/v2\/posts\/10654","targetHints":{"allow":["GET"]}}],"collection":[{"href":"https:\/\/echta-derminga.de\/index.php?rest_route=\/wp\/v2\/posts"}],"about":[{"href":"https:\/\/echta-derminga.de\/index.php?rest_route=\/wp\/v2\/types\/post"}],"author":[{"embeddable":true,"href":"https:\/\/echta-derminga.de\/index.php?rest_route=\/wp\/v2\/users\/1"}],"replies":[{"embeddable":true,"href":"https:\/\/echta-derminga.de\/index.php?rest_route=%2Fwp%2Fv2%2Fcomments&post=10654"}],"version-history":[{"count":1,"href":"https:\/\/echta-derminga.de\/index.php?rest_route=\/wp\/v2\/posts\/10654\/revisions"}],"predecessor-version":[{"id":10655,"href":"https:\/\/echta-derminga.de\/index.php?rest_route=\/wp\/v2\/posts\/10654\/revisions\/10655"}],"wp:featuredmedia":[{"embeddable":true,"href":"https:\/\/echta-derminga.de\/index.php?rest_route=\/wp\/v2\/media\/1153"}],"wp:attachment":[{"href":"https:\/\/echta-derminga.de\/index.php?rest_route=%2Fwp%2Fv2%2Fmedia&parent=10654"}],"wp:term":[{"taxonomy":"category","embeddable":true,"href":"https:\/\/echta-derminga.de\/index.php?rest_route=%2Fwp%2Fv2%2Fcategories&post=10654"},{"taxonomy":"post_tag","embeddable":true,"href":"https:\/\/echta-derminga.de\/index.php?rest_route=%2Fwp%2Fv2%2Ftags&post=10654"}],"curies":[{"name":"wp","href":"https:\/\/api.w.org\/{rel}","templated":true}]}}