{"id":10656,"date":"2021-09-12T17:59:23","date_gmt":"2021-09-12T16:59:23","guid":{"rendered":"https:\/\/echta-derminga.de\/?p=10656"},"modified":"2021-09-12T18:10:31","modified_gmt":"2021-09-12T17:10:31","slug":"in-sachen-ortsvorsteher-vom-brueckenschlagen-einer-neueroeffnung-einem-startschuss-einem-schoenen-jubilaeum","status":"publish","type":"post","link":"https:\/\/echta-derminga.de\/?p=10656","title":{"rendered":"In Sachen Ortsvorsteher: Vom Br\u00fcckenschlagen, einer Neuer\u00f6ffnung, einem Startschuss einem sch\u00f6nen Jubil\u00e4um"},"content":{"rendered":"\n<p class=\"has-medium-font-size wp-block-paragraph\">Im gemeinsamen Miteinander liegt ein gro\u00dfer Zauber. In der vergangenen Woche fand ein sehr gutes Gespr\u00e4ch zwischen dem Eigent\u00fcmer der Lagerhalle Michael Kr\u00e4mer, unserem Automatenaufsteller J\u00fcrgen Lautemann und der P\u00e4chterin der &#8222;Destille&#8220; Queeny Jane Cabizares statt. Ziel war es im gemeinsamen Miteinander eine L\u00f6sung bez\u00fcglich der etwas angespannten Parksituation zu finden. Dies ist mit Unterst\u00fctzung von Herrn Kr\u00e4mer gelungen. Bereitwillig stellte der Inhaber des &#8222;Saar Lagers&#8220; f\u00fcnf Parkpl\u00e4tze kostenlos zur Verf\u00fcgung.  Die Parkfl\u00e4che befindet sich vor der Halle stehend auf der rechten Seite . Die Mieter der Halle, sowie auch die Kunden von &#8222;Vivi&#8217;s&#8220; Dorfautomaten haben ein Anrecht darauf 24 Stunden am Tag freien Zugang zum Halleneingang und zum Automaten zu haben. Aus diesem Grunde sollten die Parkfl\u00e4chen vor der Halle und vor dem Automaten sowie links vor dem ehemaligen Getr\u00e4nkemarkt immer, somit auch abends und nachts freibleiben. An der Halle werden regelm\u00e4\u00dfig LKWs entladen. Zudem ist der Zugang mit Anh\u00e4ngern und gr\u00f6\u00dferen Transportern wichtig. Sollten alle die besprochenen Richtlinien eingehalten werden, w\u00fcrde eine echte &#8222;win- win&#8220; Situation entstehen. Ich bedanke mich bei allen Beteiligten, bei Michael Kr\u00e4mer, J\u00fcrgen Lautemann und unserer Queeny f\u00fcr das verst\u00e4ndnisvolle Miteinander. Allen Kunden der Destille danke ich schon heute f\u00fcr das Verst\u00e4ndnis. <\/p>\n\n\n\n<div class=\"wp-block-image\"><figure class=\"aligncenter size-large\"><img loading=\"lazy\" decoding=\"async\" width=\"700\" height=\"331\" src=\"https:\/\/echta-derminga.de\/wp-content\/uploads\/2021\/09\/241338796_4301207436640615_1333040170113089752_n-1-700x331.jpg\" alt=\"\" class=\"wp-image-10675\" srcset=\"https:\/\/echta-derminga.de\/wp-content\/uploads\/2021\/09\/241338796_4301207436640615_1333040170113089752_n-1-700x331.jpg 700w, https:\/\/echta-derminga.de\/wp-content\/uploads\/2021\/09\/241338796_4301207436640615_1333040170113089752_n-1-300x142.jpg 300w, https:\/\/echta-derminga.de\/wp-content\/uploads\/2021\/09\/241338796_4301207436640615_1333040170113089752_n-1-768x364.jpg 768w, https:\/\/echta-derminga.de\/wp-content\/uploads\/2021\/09\/241338796_4301207436640615_1333040170113089752_n-1.jpg 1352w\" sizes=\"auto, (max-width: 700px) 100vw, 700px\" \/><figcaption>Bitte so parken !<\/figcaption><\/figure><\/div>\n\n\n\n<p class=\"has-medium-font-size wp-block-paragraph\"><strong>Neustart beim Gasthaus &#8222;Schuhannesse&#8220; in der Dirminger Ortsmitte<\/strong><\/p>\n\n\n\n<p class=\"has-medium-font-size wp-block-paragraph\">Gute Nachrichten f\u00fcr unsere Dorfkultur. Das alteingesessene Gasthaus &#8222;Schuhannesse&#8220; \u00f6ffnet am 07. Oktober wieder seine Pforten. Ich habe mich unheimlich \u00fcber diese gro\u00dfartige Nachricht gefreut. Was w\u00e4re unser Dorf ohne das &#8222;Schuhhannesse&#8220;? Sch\u00f6n, dass Rita Guth\u00f6rl mit Margarthe Schmitt eine geeignete Nachfolgerin gefunden hat. Zuk\u00fcnftig wird es mehrere Aktionen, Events und ein w\u00f6chentliches Stammessen geben. Offizielle Er\u00f6ffnung ist am 07. Oktober. Gut f\u00fcr Dirmingen. <\/p>\n\n\n\n<div class=\"wp-block-image\"><figure class=\"aligncenter size-full\"><img loading=\"lazy\" decoding=\"async\" width=\"700\" height=\"466\" src=\"https:\/\/echta-derminga.de\/wp-content\/uploads\/2021\/09\/1-3.jpg\" alt=\"\" class=\"wp-image-10677\" srcset=\"https:\/\/echta-derminga.de\/wp-content\/uploads\/2021\/09\/1-3.jpg 700w, https:\/\/echta-derminga.de\/wp-content\/uploads\/2021\/09\/1-3-300x200.jpg 300w\" sizes=\"auto, (max-width: 700px) 100vw, 700px\" \/><figcaption>Ein St\u00fcck &#8222;Derminge&#8220;<\/figcaption><\/figure><\/div>\n\n\n\n<p class=\"has-medium-font-size wp-block-paragraph\"><strong>Neuer Briefkasten in der Dirminger Ortsmitte<\/strong><\/p>\n\n\n\n<p class=\"has-medium-font-size wp-block-paragraph\">In den letzten Monaten wurden immer mehr Stimmen laut, die einen neuen Briefkasten in der Ortsmitte herbeisehnten. Nachdem ich der Verwaltungsspitze von dem Wunsch zahlreicher B\u00fcrgerinnen und B\u00fcrger informierte, wurde Kontakt zu der zust\u00e4ndigen Postverwaltung aufgenommen. B\u00fcrgermeister Feld unterschrieb den entsprechenden Antrag und die Verwaltung leitete alles in die Wege. Gemeinsam mit Mitarbeitern der Gemeindeverwaltung durfte ich einen geeigneten Platz f\u00fcr unseren neuen Briefkasten aussuchen. Neuer Standort ist die &#8222;Berschweilerstra\u00dfe&#8220;, vor der evangelischen Kirche, unmittelbar rechts neben der Bushaltestelle. Demn\u00e4chst wird also ein neuer Briefkasten in der Ortsmitte zu finden sein. Ich bedanke mich bei B\u00fcrgermeister Feld, den zust\u00e4ndigen Gemeindemitarbeitern und der Postverwaltung. Sch\u00f6n, dass unsere Bitte erh\u00f6rt wurde und demn\u00e4chst umgesetzt wird. Gut f\u00fcr Dirmingen.<\/p>\n\n\n\n<p class=\"has-medium-font-size wp-block-paragraph\"><strong>Goldene Hochzeit von Maria Anna und Werner Scherer<\/strong><\/p>\n\n\n\n<p class=\"has-medium-font-size wp-block-paragraph\">Am Freitag, 10. September 2021 feierten Maria Anna und Werner Scherer ihre Goldene Hochzeit. Dieses Ereignis ist ein besonderes Hochzeitsjubil\u00e4um: Vor 50 Jahre hatte sich das Jubelpaar, das Jawort gegeben. Wer es so lange schafft, zusammen gl\u00fccklich zu sein, hat es verdient, gefeiert zu werden! \u201eDas gro\u00dfe Gl\u00fcck in der Liebe besteht darin, Ruhe in einem anderen Herzen zu finden.\u201c(Julie de Lespinasse) Bei meinem Besuch sp\u00fcrte ich die gro\u00dfartige Harmonie die nach wie vor zwischen dem Ehepaar besteht. Auch an dieser Stelle m\u00f6chte ich dem Jubelpaar auf das herzlichste gratulieren. Ich w\u00fcnsche weiterhin viel Gl\u00fcck, Liebe und vor allen Dingen Gesundheit.<\/p>\n\n\n\n<div class=\"wp-block-image\"><figure class=\"aligncenter size-large\"><img loading=\"lazy\" decoding=\"async\" width=\"700\" height=\"711\" src=\"https:\/\/echta-derminga.de\/wp-content\/uploads\/2021\/09\/1-2-700x711.jpg\" alt=\"\" class=\"wp-image-10659\" srcset=\"https:\/\/echta-derminga.de\/wp-content\/uploads\/2021\/09\/1-2-700x711.jpg 700w, https:\/\/echta-derminga.de\/wp-content\/uploads\/2021\/09\/1-2-295x300.jpg 295w, https:\/\/echta-derminga.de\/wp-content\/uploads\/2021\/09\/1-2-768x781.jpg 768w, https:\/\/echta-derminga.de\/wp-content\/uploads\/2021\/09\/1-2-90x90.jpg 90w, https:\/\/echta-derminga.de\/wp-content\/uploads\/2021\/09\/1-2-75x75.jpg 75w, https:\/\/echta-derminga.de\/wp-content\/uploads\/2021\/09\/1-2.jpg 857w\" sizes=\"auto, (max-width: 700px) 100vw, 700px\" \/><figcaption>Herzlichen Gl\u00fcckwunsch<\/figcaption><\/figure><\/div>\n\n\n\n<p class=\"has-medium-font-size wp-block-paragraph\"><strong>Fu\u00dfg\u00e4ngerbr\u00fccken an der Ill und an der Alsbach werden erneuert<\/strong><\/p>\n\n\n\n<p class=\"has-medium-font-size wp-block-paragraph\">In der vergangenen Woche wurden die beiden Fu\u00dfg\u00e4ngerbr\u00fccken \u00fcber die Ill, am Br\u00fchlpark und \u00fcber die Alsbach an der Grundschule entfernt. In den n\u00e4chsten Wochen werden dort neue Br\u00fccken erbaut. Die Bauzeit zieht sich \u00fcber zwei Monate und endet aller Voraussicht nach im November. Fu\u00dfg\u00e4nger die den Weg zum Bahnhof nehmen m\u00fcssen, k\u00f6nnen die zweite h\u00f6lzerne Illbr\u00fccke nehmen. Im ersten Schritt wurden am 09. September mittels Kranfahrzeuge die Br\u00fcckenteile ausgehoben und abgefahren. Die Bev\u00f6lkerung sollte sich also in den n\u00e4chsten Wochen auf einige Umst\u00e4nde einstellen. Letztendlich freuen wir uns jedoch \u00fcber diese Sanierungsma\u00dfnahme. Der Neubau der beiden Br\u00fccken ist gut f\u00fcr Dirmingen.<\/p>\n\n\n\n<figure class=\"wp-block-gallery columns-2 is-cropped wp-block-gallery-1 is-layout-flex wp-block-gallery-is-layout-flex\"><ul class=\"blocks-gallery-grid\"><li class=\"blocks-gallery-item\"><figure><img loading=\"lazy\" decoding=\"async\" width=\"700\" height=\"398\" src=\"https:\/\/echta-derminga.de\/wp-content\/uploads\/2021\/09\/22-700x398.jpg\" alt=\"\" data-id=\"10662\" data-link=\"https:\/\/echta-derminga.de\/?attachment_id=10662\" class=\"wp-image-10662\" srcset=\"https:\/\/echta-derminga.de\/wp-content\/uploads\/2021\/09\/22-700x398.jpg 700w, https:\/\/echta-derminga.de\/wp-content\/uploads\/2021\/09\/22-300x171.jpg 300w, https:\/\/echta-derminga.de\/wp-content\/uploads\/2021\/09\/22-768x437.jpg 768w, https:\/\/echta-derminga.de\/wp-content\/uploads\/2021\/09\/22.jpg 900w\" sizes=\"auto, (max-width: 700px) 100vw, 700px\" \/><\/figure><\/li><li class=\"blocks-gallery-item\"><figure><img loading=\"lazy\" decoding=\"async\" width=\"700\" height=\"444\" src=\"https:\/\/echta-derminga.de\/wp-content\/uploads\/2021\/09\/33-1-700x444.jpg\" alt=\"\" data-id=\"10663\" data-full-url=\"https:\/\/echta-derminga.de\/wp-content\/uploads\/2021\/09\/33-1.jpg\" data-link=\"https:\/\/echta-derminga.de\/?attachment_id=10663\" class=\"wp-image-10663\" srcset=\"https:\/\/echta-derminga.de\/wp-content\/uploads\/2021\/09\/33-1-700x444.jpg 700w, https:\/\/echta-derminga.de\/wp-content\/uploads\/2021\/09\/33-1-300x190.jpg 300w, https:\/\/echta-derminga.de\/wp-content\/uploads\/2021\/09\/33-1-768x487.jpg 768w, https:\/\/echta-derminga.de\/wp-content\/uploads\/2021\/09\/33-1.jpg 900w\" sizes=\"auto, (max-width: 700px) 100vw, 700px\" \/><\/figure><\/li><\/ul><\/figure>\n\n\n\n<p class=\"has-medium-font-size wp-block-paragraph\"><strong>Sanierungsarbeiten an der L 112 Bau<\/strong><\/p>\n\n\n\n<p class=\"has-medium-font-size wp-block-paragraph\">Der Landesbetrieb f\u00fcr Stra\u00dfenbau wird am 13.Sepember mit Instandsetzungsarbeiten auf der L 112 in Ortsdurchfahrt Dirmingen beginnen. Die Arbeiten werden im Bereich von 200 Meter vom &#8222;Fritzeeck&#8220; bis zur &#8222;Humeserstrasse&#8220; durchgef\u00fchrt. Die Zufahrt zum &#8222;Loss&#8220; wird gesperrt. Die Sanierungsarbeiten beinhalten die Erneuerung von Rinnplatten, Stra\u00dfenabl\u00e4ufen und schadhaften Bordsteinen sowie die Aufbesserung des Gehweges. Diese Arbeiten erfolgen unter halbseitiger Sperrung mit Ampelanlage. Die Fr\u00e4se- und Asphaltarbeiten an der Fahrbahn m\u00fcssen aufgrund einer zu geringen Fahrbahnseite unter Vollsperrung durchgef\u00fchrt werden. Diese Arbeiten sind mit R\u00fccksicht auf \u00d6PNV und Schulbuslinien in den Herbstferien geplant. Voraussichtlicher Beginn der Vollsperrung wird der 18. Oktober sein. Die Arbeitszeit betr\u00e4gt bis zu 6 Wochen.<\/p>\n\n\n\n<p class=\"has-medium-font-size wp-block-paragraph\"><strong>Herzlichen Gl\u00fcckwunsch Hans Becker zum 75. Wiegenfest<\/strong><\/p>\n\n\n\n<p class=\"has-medium-font-size wp-block-paragraph\">Anl\u00e4sslich seines 75. Wiegenfestes hatte Hans Becker unseren B\u00fcrgermeister Dr. Andreas Feld, sowie unseren L\u00f6schbezirksf\u00fchrer Heino Molter und meine Wenigkeit zu einem Mittagessen ins Ristorante &#8222;Luca&#8220; in Eppelborn eingeladen. Hans Becker hat sich jahrzehntelang in Dirmingen ehrenamtlich bet\u00e4tigt. Als L\u00f6schbezirksf\u00fchrer hat sich der Dirminger gro\u00dfe Verdienste um unseren L\u00f6schbezirk erworben. Au\u00dferdem geh\u00f6rte Hans Becker dem Dirminger Ortsrat an. Ich m\u00f6chte Hans Becker auch an dieser Stelle ganz herzlich gratulieren. Ich w\u00fcnsche viel Gl\u00fcck und Gesundheit. Ganz herzlichen Dank f\u00fcr diese sch\u00f6ne Einladung.<\/p>\n\n\n\n<div class=\"wp-block-image\"><figure class=\"aligncenter size-large\"><img loading=\"lazy\" decoding=\"async\" width=\"700\" height=\"511\" src=\"https:\/\/echta-derminga.de\/wp-content\/uploads\/2021\/09\/44-700x511.jpg\" alt=\"\" class=\"wp-image-10664\" srcset=\"https:\/\/echta-derminga.de\/wp-content\/uploads\/2021\/09\/44-700x511.jpg 700w, https:\/\/echta-derminga.de\/wp-content\/uploads\/2021\/09\/44-300x219.jpg 300w, https:\/\/echta-derminga.de\/wp-content\/uploads\/2021\/09\/44-768x561.jpg 768w, https:\/\/echta-derminga.de\/wp-content\/uploads\/2021\/09\/44.jpg 900w\" sizes=\"auto, (max-width: 700px) 100vw, 700px\" \/><figcaption>Herzlichen Gl\u00fcckwunsch<\/figcaption><\/figure><\/div>\n\n\n\n<p class=\"has-medium-font-size wp-block-paragraph\"><strong>Glasfaserausbau nimmt Fahrt auf <\/strong><\/p>\n\n\n\n<p class=\"has-medium-font-size wp-block-paragraph\">In der vergangenen Woche wurde die Infostelle \u201eSaarLYTE\u201c in Eppelborn er\u00f6ffnet. Dabei durfte ich gemeinsam mit&nbsp;B\u00fcrgermeister Andreas Feld, dem Beigeordneten Christian Ney, dem Landtagsabgeordneten Alwin Theobald und den Ortsvorstehern von Bubach\/Calmesweiler Werner Michel, Macherbach J\u00fcrgen N\u00fcrnberger, Wiesbach Stefan L\u00f6w, Eppelborn Berthold Schmitt sowie dem Vorsitzenden des Gewerbevereins G\u00fcnter Guenter Schmitt mit den&nbsp; Gesch\u00e4ftsf\u00fchrern&nbsp; des Unternehmens SaarL.Y.T.E, Johannes Dib und Mergim Mucaj auf die Zukunft ansto\u00dfen. Mit der Er\u00f6ffnung dieses Infocenters nimmt der geplante Glasfaserbau Fahrt auf. Auch in Dirmingen setzen wir gro\u00dfe Hoffnungen darauf, dass schon sehr bald der Glasfaserausbau vorangetrieben wird. Ich w\u00fcnsche dem Unternehmen viel Erfolg. Bereits jetzt k\u00f6nnen die Vertr\u00e4ge und Intressenbekundungen unterzeichnet werden. Gut, dass man sich vor Ort \u00fcber seinen pers\u00f6nlichen Glasfaseranschluss informieren kann. Ge\u00f6ffnet ist der Info-Shop am Europlatz ab der kommenden Woche jeweils dienstags und donnerstags von 10 bis 17 Uhr, samstags von 10 bis 14 Uhr. Weitere Informationen finden Sie auch unter <a href=\"http:\/\/www.saarlyte.de\">www.saarlyte.de<\/a><\/p>\n\n\n\n<div class=\"wp-block-image\"><figure class=\"aligncenter size-large\"><img loading=\"lazy\" decoding=\"async\" width=\"700\" height=\"536\" src=\"https:\/\/echta-derminga.de\/wp-content\/uploads\/2021\/09\/55-700x536.jpg\" alt=\"\" class=\"wp-image-10665\" srcset=\"https:\/\/echta-derminga.de\/wp-content\/uploads\/2021\/09\/55-700x536.jpg 700w, https:\/\/echta-derminga.de\/wp-content\/uploads\/2021\/09\/55-300x230.jpg 300w, https:\/\/echta-derminga.de\/wp-content\/uploads\/2021\/09\/55-768x588.jpg 768w, https:\/\/echta-derminga.de\/wp-content\/uploads\/2021\/09\/55.jpg 943w\" sizes=\"auto, (max-width: 700px) 100vw, 700px\" \/><figcaption>Glasfaserausbau <\/figcaption><\/figure><\/div>\n\n\n\n<p class=\"has-medium-font-size wp-block-paragraph\"><strong>Herrliche<\/strong> <strong>Wein -Erlebnis-Wanderung- IlltalerLand E.V<\/strong><\/p>\n\n\n\n<p class=\"has-medium-font-size wp-block-paragraph\">Am Samstag, 11. September fand eine &#8222;Wein-Erlebnis Wanderung&#8220; des IlltalerLandes e.V statt. Dabei pr\u00e4sentierten Winzer von der Mosel verschiedene Weinvarianten. An unterschiedlichen Orten in unserer Gemeinde wurden die Wanderer mit kulinarischen Leckereien verw\u00f6hnt. Kompliment an die Macher des IlltalerLandes e.V f\u00fcr die gro\u00dfartige Organisation. Auch in Dirmingen fanden die durstigen und hungrigen Wanderer eine Raststelle. Im Freizeitzentrum Finkenrech hatte sich der Kulturverein Dirmingen positioniert. Nat\u00fcrlich boten die Kulturaner ihren selbstgemachten Flammkuchen an. Diese gelungene Veranstaltung machte am Ende auch Werbung f\u00fcr unseren Heimatort. Wiedermal konnten sich unsere G\u00e4ste davon \u00fcberzeugen, wie sch\u00f6n unsere Heimat ist.<\/p>\n\n\n\n<figure class=\"wp-block-gallery columns-3 is-cropped wp-block-gallery-2 is-layout-flex wp-block-gallery-is-layout-flex\"><ul class=\"blocks-gallery-grid\"><li class=\"blocks-gallery-item\"><figure><img loading=\"lazy\" decoding=\"async\" width=\"700\" height=\"700\" src=\"https:\/\/echta-derminga.de\/wp-content\/uploads\/2021\/09\/241710891_4316927911735234_2743834903673779654_n-700x700.jpg\" alt=\"\" data-id=\"10666\" data-link=\"https:\/\/echta-derminga.de\/?attachment_id=10666\" class=\"wp-image-10666\" srcset=\"https:\/\/echta-derminga.de\/wp-content\/uploads\/2021\/09\/241710891_4316927911735234_2743834903673779654_n-700x700.jpg 700w, https:\/\/echta-derminga.de\/wp-content\/uploads\/2021\/09\/241710891_4316927911735234_2743834903673779654_n-300x300.jpg 300w, https:\/\/echta-derminga.de\/wp-content\/uploads\/2021\/09\/241710891_4316927911735234_2743834903673779654_n-150x150.jpg 150w, https:\/\/echta-derminga.de\/wp-content\/uploads\/2021\/09\/241710891_4316927911735234_2743834903673779654_n-768x768.jpg 768w, https:\/\/echta-derminga.de\/wp-content\/uploads\/2021\/09\/241710891_4316927911735234_2743834903673779654_n-90x90.jpg 90w, https:\/\/echta-derminga.de\/wp-content\/uploads\/2021\/09\/241710891_4316927911735234_2743834903673779654_n-75x75.jpg 75w, https:\/\/echta-derminga.de\/wp-content\/uploads\/2021\/09\/241710891_4316927911735234_2743834903673779654_n.jpg 1440w\" sizes=\"auto, (max-width: 700px) 100vw, 700px\" \/><\/figure><\/li><li class=\"blocks-gallery-item\"><figure><img loading=\"lazy\" decoding=\"async\" width=\"700\" height=\"700\" src=\"https:\/\/echta-derminga.de\/wp-content\/uploads\/2021\/09\/IMG_20210911_185141_411-700x700.jpg\" alt=\"\" data-id=\"10667\" data-link=\"https:\/\/echta-derminga.de\/?attachment_id=10667\" class=\"wp-image-10667\" srcset=\"https:\/\/echta-derminga.de\/wp-content\/uploads\/2021\/09\/IMG_20210911_185141_411-700x700.jpg 700w, https:\/\/echta-derminga.de\/wp-content\/uploads\/2021\/09\/IMG_20210911_185141_411-300x300.jpg 300w, https:\/\/echta-derminga.de\/wp-content\/uploads\/2021\/09\/IMG_20210911_185141_411-150x150.jpg 150w, https:\/\/echta-derminga.de\/wp-content\/uploads\/2021\/09\/IMG_20210911_185141_411-768x768.jpg 768w, https:\/\/echta-derminga.de\/wp-content\/uploads\/2021\/09\/IMG_20210911_185141_411-90x90.jpg 90w, https:\/\/echta-derminga.de\/wp-content\/uploads\/2021\/09\/IMG_20210911_185141_411-75x75.jpg 75w, https:\/\/echta-derminga.de\/wp-content\/uploads\/2021\/09\/IMG_20210911_185141_411.jpg 1440w\" sizes=\"auto, (max-width: 700px) 100vw, 700px\" \/><\/figure><\/li><li class=\"blocks-gallery-item\"><figure><img loading=\"lazy\" decoding=\"async\" width=\"700\" height=\"700\" src=\"https:\/\/echta-derminga.de\/wp-content\/uploads\/2021\/09\/241359137_4316927865068572_7411474912710014306_n-700x700.jpg\" alt=\"\" data-id=\"10668\" data-full-url=\"https:\/\/echta-derminga.de\/wp-content\/uploads\/2021\/09\/241359137_4316927865068572_7411474912710014306_n.jpg\" data-link=\"https:\/\/echta-derminga.de\/?attachment_id=10668\" class=\"wp-image-10668\" srcset=\"https:\/\/echta-derminga.de\/wp-content\/uploads\/2021\/09\/241359137_4316927865068572_7411474912710014306_n-700x700.jpg 700w, https:\/\/echta-derminga.de\/wp-content\/uploads\/2021\/09\/241359137_4316927865068572_7411474912710014306_n-300x300.jpg 300w, https:\/\/echta-derminga.de\/wp-content\/uploads\/2021\/09\/241359137_4316927865068572_7411474912710014306_n-150x150.jpg 150w, https:\/\/echta-derminga.de\/wp-content\/uploads\/2021\/09\/241359137_4316927865068572_7411474912710014306_n-768x768.jpg 768w, https:\/\/echta-derminga.de\/wp-content\/uploads\/2021\/09\/241359137_4316927865068572_7411474912710014306_n-90x90.jpg 90w, https:\/\/echta-derminga.de\/wp-content\/uploads\/2021\/09\/241359137_4316927865068572_7411474912710014306_n-75x75.jpg 75w, https:\/\/echta-derminga.de\/wp-content\/uploads\/2021\/09\/241359137_4316927865068572_7411474912710014306_n.jpg 1440w\" sizes=\"auto, (max-width: 700px) 100vw, 700px\" \/><\/figure><\/li><\/ul><\/figure>\n\n\n\n<p class=\"has-medium-font-size wp-block-paragraph\"><strong>Liebe Dirmingerinnen und Dirminger, unsere Vereine sammeln wieder Mut und Zuversicht. Eine Woche vor der Gro\u00dfveranstaltung &#8222;Herbst auf Finkenrech&#8220; sind die kleineren Veranstaltungen wie z.B die &#8222;Wein-Erlebnis-Wanderung&#8220; Balsam f\u00fcr unsere Seele. Endlich wieder zusammenkommen und das Leben genie\u00dfen. Ich m\u00f6chte Sie ermutigen, den Kurs zu halten und sich wieder am Leben zu beteiligen.<\/strong> <strong>Nehmen Sie unser Angebot an und besuchen Sie die verschiedenen Veranstaltungen. Selbstverst\u00e4ndlich werden die Ausrichter immer auf ein entsprechendes Hygienekonzept achten.<\/strong><\/p>\n\n\n\n<div class=\"wp-block-image\"><figure class=\"aligncenter size-large\"><img loading=\"lazy\" decoding=\"async\" width=\"700\" height=\"525\" src=\"https:\/\/echta-derminga.de\/wp-content\/uploads\/2021\/09\/20210911_082050-700x525.jpg\" alt=\"\" class=\"wp-image-10671\" srcset=\"https:\/\/echta-derminga.de\/wp-content\/uploads\/2021\/09\/20210911_082050-700x525.jpg 700w, https:\/\/echta-derminga.de\/wp-content\/uploads\/2021\/09\/20210911_082050-300x225.jpg 300w, https:\/\/echta-derminga.de\/wp-content\/uploads\/2021\/09\/20210911_082050-768x576.jpg 768w, https:\/\/echta-derminga.de\/wp-content\/uploads\/2021\/09\/20210911_082050-1536x1152.jpg 1536w, https:\/\/echta-derminga.de\/wp-content\/uploads\/2021\/09\/20210911_082050-2048x1536.jpg 2048w\" sizes=\"auto, (max-width: 700px) 100vw, 700px\" \/><figcaption>In den Farben getrennt in der Sache vereint.<\/figcaption><\/figure><\/div>\n\n\n\n<p class=\"has-medium-font-size wp-block-paragraph\">Nun haben auch unsere politischen Ortsvereine zum Wahlkampf aufgerufen. Ich freue mich dar\u00fcber, dass wir in Dirmingen ein faires Miteinander pflegen. Nat\u00fcrlich mag die Politik in unserem Leben eine gewichtige Rolle spielen. Wichtiger ist jedoch, dass wir unser freundschaftliches Verh\u00e4ltnis bewahren und respektvoll miteinander umgehen. In Dirmingen ist dies trotz aller Konkurrenz m\u00f6glich. Danke an alle beteiligten politischen Ortsvereine ganz egal welcher Couleur.<\/p>\n\n\n\n<p class=\"has-medium-font-size wp-block-paragraph\"><strong>Bitte bleiben sie zuversichtlich und denken Sie immer daran: &#8220; Wenn nicht WIR, wer sonst ? Immerhin ist es immer das, was wir daraus machen.<\/strong><\/p>\n\n\n\n<p class=\"has-medium-font-size wp-block-paragraph\">In diesem Sinne<\/p>\n\n\n\n<p class=\"has-medium-font-size wp-block-paragraph\">Ihr Ortsvorsteher<\/p>\n\n\n\n<p class=\"has-medium-font-size wp-block-paragraph\">Frank Klein<\/p>\n\n\n\n<figure class=\"wp-block-gallery columns-2 is-cropped wp-block-gallery-3 is-layout-flex wp-block-gallery-is-layout-flex\"><ul class=\"blocks-gallery-grid\"><li class=\"blocks-gallery-item\"><figure><img loading=\"lazy\" decoding=\"async\" width=\"576\" height=\"834\" src=\"https:\/\/echta-derminga.de\/wp-content\/uploads\/2021\/09\/Wagner.png\" alt=\"\" data-id=\"10669\" data-link=\"https:\/\/echta-derminga.de\/?attachment_id=10669\" class=\"wp-image-10669\" srcset=\"https:\/\/echta-derminga.de\/wp-content\/uploads\/2021\/09\/Wagner.png 576w, https:\/\/echta-derminga.de\/wp-content\/uploads\/2021\/09\/Wagner-207x300.png 207w\" sizes=\"auto, (max-width: 576px) 100vw, 576px\" \/><\/figure><\/li><li class=\"blocks-gallery-item\"><figure><img loading=\"lazy\" decoding=\"async\" width=\"700\" height=\"990\" src=\"https:\/\/echta-derminga.de\/wp-content\/uploads\/2021\/09\/zimtklaenge-1-700x990.jpg\" alt=\"\" data-id=\"10670\" data-full-url=\"https:\/\/echta-derminga.de\/wp-content\/uploads\/2021\/09\/zimtklaenge-1.jpg\" data-link=\"https:\/\/echta-derminga.de\/?attachment_id=10670\" class=\"wp-image-10670\" srcset=\"https:\/\/echta-derminga.de\/wp-content\/uploads\/2021\/09\/zimtklaenge-1-700x990.jpg 700w, https:\/\/echta-derminga.de\/wp-content\/uploads\/2021\/09\/zimtklaenge-1-212x300.jpg 212w, https:\/\/echta-derminga.de\/wp-content\/uploads\/2021\/09\/zimtklaenge-1.jpg 724w\" sizes=\"auto, (max-width: 700px) 100vw, 700px\" \/><\/figure><\/li><\/ul><\/figure>\n","protected":false},"excerpt":{"rendered":"<p>Im gemeinsamen Miteinander liegt ein gro\u00dfer Zauber. In der vergangenen Woche fand ein sehr gutes Gespr\u00e4ch zwischen dem Eigent\u00fcmer der Lagerhalle Michael Kr\u00e4mer, unserem Automatenaufsteller J\u00fcrgen Lautemann und der P\u00e4chterin der &#8222;Destille&#8220; Queeny Jane Cabizares statt. Ziel war es im gemeinsamen Miteinander eine L\u00f6sung bez\u00fcglich der etwas angespannten Parksituation zu finden. Dies ist mit Unterst\u00fctzung von Herrn Kr\u00e4mer gelungen. Bereitwillig<\/p>\n","protected":false},"author":1,"featured_media":10674,"comment_status":"open","ping_status":"closed","sticky":false,"template":"","format":"standard","meta":{"_crdt_document":"","footnotes":""},"categories":[1,9,812],"tags":[5,618,127,634,795,310],"class_list":["post-10656","post","type-post","status-publish","format-standard","has-post-thumbnail","hentry","category-allgemein","category-dorfgetratsche","category-ortsvorsteher-dirmingen","tag-dirmingen","tag-gemeinde-eppelborn","tag-landkreis-neunkirchen","tag-ortsvorsteher","tag-ortsvorsteher-dirmingen","tag-saarland"],"_links":{"self":[{"href":"https:\/\/echta-derminga.de\/index.php?rest_route=\/wp\/v2\/posts\/10656","targetHints":{"allow":["GET"]}}],"collection":[{"href":"https:\/\/echta-derminga.de\/index.php?rest_route=\/wp\/v2\/posts"}],"about":[{"href":"https:\/\/echta-derminga.de\/index.php?rest_route=\/wp\/v2\/types\/post"}],"author":[{"embeddable":true,"href":"https:\/\/echta-derminga.de\/index.php?rest_route=\/wp\/v2\/users\/1"}],"replies":[{"embeddable":true,"href":"https:\/\/echta-derminga.de\/index.php?rest_route=%2Fwp%2Fv2%2Fcomments&post=10656"}],"version-history":[{"count":14,"href":"https:\/\/echta-derminga.de\/index.php?rest_route=\/wp\/v2\/posts\/10656\/revisions"}],"predecessor-version":[{"id":10686,"href":"https:\/\/echta-derminga.de\/index.php?rest_route=\/wp\/v2\/posts\/10656\/revisions\/10686"}],"wp:featuredmedia":[{"embeddable":true,"href":"https:\/\/echta-derminga.de\/index.php?rest_route=\/wp\/v2\/media\/10674"}],"wp:attachment":[{"href":"https:\/\/echta-derminga.de\/index.php?rest_route=%2Fwp%2Fv2%2Fmedia&parent=10656"}],"wp:term":[{"taxonomy":"category","embeddable":true,"href":"https:\/\/echta-derminga.de\/index.php?rest_route=%2Fwp%2Fv2%2Fcategories&post=10656"},{"taxonomy":"post_tag","embeddable":true,"href":"https:\/\/echta-derminga.de\/index.php?rest_route=%2Fwp%2Fv2%2Ftags&post=10656"}],"curies":[{"name":"wp","href":"https:\/\/api.w.org\/{rel}","templated":true}]}}