{"id":10687,"date":"2021-09-19T08:21:32","date_gmt":"2021-09-19T07:21:32","guid":{"rendered":"https:\/\/echta-derminga.de\/?p=10687"},"modified":"2021-09-19T08:28:07","modified_gmt":"2021-09-19T07:28:07","slug":"in-sachen-ortsvorsteher-vom-herbst-auf-finkenrech-einem-goldenen-jubilaeum-einer-neueroeffnung-und-einer-bluehwiese","status":"publish","type":"post","link":"https:\/\/echta-derminga.de\/?p=10687","title":{"rendered":"In Sachen Ortsvorsteher: Vom Herbst auf Finkenrech, einem goldenen Jubil\u00e4um, einer Neuer\u00f6ffnung und einer Bl\u00fchwiese"},"content":{"rendered":"\n<p class=\"has-medium-font-size wp-block-paragraph\"><strong>Der Herbst sendet seine ersten Boten und die Natur beginnt sich langsam zu wandeln. Der TKN des Landkreises Neunkirchen meldete sich mit der saisonalen Gro\u00dfveranstaltung &#8222;Herbst auf Finkenrech&#8220; zur\u00fcck und durfte unter strengen Hygienerichtlinien eine Vielzahl von Besuchern Willkommen hei\u00dfen. Unsere Heimat hat mit ihrer ausgiebigen Naturlandschaft und den wundersch\u00f6nen Naherholungsgebieten vieles zu bieten. Gerade im Freizeitzentrum Finkenrech wird dies jedes mal aufs Neue deutlich. <\/strong><\/p>\n\n\n\n<p class=\"has-medium-font-size wp-block-paragraph\"><strong>Unser Kulturverein und auch unser L\u00f6schbezirk Dirmingen beteiligten sich aktiv an dem diesj\u00e4hrigen Bauernmarkt. W\u00e4hrend unsere Feuerwehr f\u00fcr den Getr\u00e4nkeausschank sorgte, gab es bei den Kulturanern traditionell Flammkuchen und Wein.<\/strong><\/p>\n\n\n\n<figure class=\"wp-block-gallery columns-3 is-cropped wp-block-gallery-1 is-layout-flex wp-block-gallery-is-layout-flex\"><ul class=\"blocks-gallery-grid\"><li class=\"blocks-gallery-item\"><figure><img loading=\"lazy\" decoding=\"async\" width=\"700\" height=\"535\" src=\"https:\/\/echta-derminga.de\/wp-content\/uploads\/2021\/09\/IMG-20210918-WA0029-700x535.jpg\" alt=\"\" data-id=\"10696\" data-link=\"https:\/\/echta-derminga.de\/?attachment_id=10696\" class=\"wp-image-10696\" srcset=\"https:\/\/echta-derminga.de\/wp-content\/uploads\/2021\/09\/IMG-20210918-WA0029-700x535.jpg 700w, https:\/\/echta-derminga.de\/wp-content\/uploads\/2021\/09\/IMG-20210918-WA0029-300x229.jpg 300w, https:\/\/echta-derminga.de\/wp-content\/uploads\/2021\/09\/IMG-20210918-WA0029-768x587.jpg 768w, https:\/\/echta-derminga.de\/wp-content\/uploads\/2021\/09\/IMG-20210918-WA0029.jpg 875w\" sizes=\"auto, (max-width: 700px) 100vw, 700px\" \/><\/figure><\/li><li class=\"blocks-gallery-item\"><figure><img loading=\"lazy\" decoding=\"async\" width=\"700\" height=\"394\" src=\"https:\/\/echta-derminga.de\/wp-content\/uploads\/2021\/09\/242252880_4800655389967445_2128144775471873697_n-700x394.jpg\" alt=\"\" data-id=\"10697\" data-link=\"https:\/\/echta-derminga.de\/?attachment_id=10697\" class=\"wp-image-10697\" srcset=\"https:\/\/echta-derminga.de\/wp-content\/uploads\/2021\/09\/242252880_4800655389967445_2128144775471873697_n-700x394.jpg 700w, https:\/\/echta-derminga.de\/wp-content\/uploads\/2021\/09\/242252880_4800655389967445_2128144775471873697_n-300x169.jpg 300w, https:\/\/echta-derminga.de\/wp-content\/uploads\/2021\/09\/242252880_4800655389967445_2128144775471873697_n-768x432.jpg 768w, https:\/\/echta-derminga.de\/wp-content\/uploads\/2021\/09\/242252880_4800655389967445_2128144775471873697_n.jpg 960w\" sizes=\"auto, (max-width: 700px) 100vw, 700px\" \/><\/figure><\/li><li class=\"blocks-gallery-item\"><figure><img loading=\"lazy\" decoding=\"async\" width=\"700\" height=\"495\" src=\"https:\/\/echta-derminga.de\/wp-content\/uploads\/2021\/09\/IMG-20210918-WA0033-700x495.jpg\" alt=\"\" data-id=\"10698\" data-link=\"https:\/\/echta-derminga.de\/?attachment_id=10698\" class=\"wp-image-10698\" srcset=\"https:\/\/echta-derminga.de\/wp-content\/uploads\/2021\/09\/IMG-20210918-WA0033-700x495.jpg 700w, https:\/\/echta-derminga.de\/wp-content\/uploads\/2021\/09\/IMG-20210918-WA0033-300x212.jpg 300w, https:\/\/echta-derminga.de\/wp-content\/uploads\/2021\/09\/IMG-20210918-WA0033-768x543.jpg 768w, https:\/\/echta-derminga.de\/wp-content\/uploads\/2021\/09\/IMG-20210918-WA0033.jpg 998w\" sizes=\"auto, (max-width: 700px) 100vw, 700px\" \/><\/figure><\/li><li class=\"blocks-gallery-item\"><figure><img loading=\"lazy\" decoding=\"async\" width=\"700\" height=\"394\" src=\"https:\/\/echta-derminga.de\/wp-content\/uploads\/2021\/09\/242213847_4800655499967434_2150205359635031148_n-700x394.jpg\" alt=\"\" data-id=\"10699\" data-link=\"https:\/\/echta-derminga.de\/?attachment_id=10699\" class=\"wp-image-10699\" srcset=\"https:\/\/echta-derminga.de\/wp-content\/uploads\/2021\/09\/242213847_4800655499967434_2150205359635031148_n-700x394.jpg 700w, https:\/\/echta-derminga.de\/wp-content\/uploads\/2021\/09\/242213847_4800655499967434_2150205359635031148_n-300x169.jpg 300w, https:\/\/echta-derminga.de\/wp-content\/uploads\/2021\/09\/242213847_4800655499967434_2150205359635031148_n-768x432.jpg 768w, https:\/\/echta-derminga.de\/wp-content\/uploads\/2021\/09\/242213847_4800655499967434_2150205359635031148_n.jpg 960w\" sizes=\"auto, (max-width: 700px) 100vw, 700px\" \/><\/figure><\/li><li class=\"blocks-gallery-item\"><figure><img loading=\"lazy\" decoding=\"async\" width=\"443\" height=\"311\" src=\"https:\/\/echta-derminga.de\/wp-content\/uploads\/2021\/09\/eee.jpg\" alt=\"\" data-id=\"10701\" data-link=\"https:\/\/echta-derminga.de\/?attachment_id=10701\" class=\"wp-image-10701\" srcset=\"https:\/\/echta-derminga.de\/wp-content\/uploads\/2021\/09\/eee.jpg 443w, https:\/\/echta-derminga.de\/wp-content\/uploads\/2021\/09\/eee-300x211.jpg 300w\" sizes=\"auto, (max-width: 443px) 100vw, 443px\" \/><\/figure><\/li><li class=\"blocks-gallery-item\"><figure><img loading=\"lazy\" decoding=\"async\" width=\"664\" height=\"403\" src=\"https:\/\/echta-derminga.de\/wp-content\/uploads\/2021\/09\/22222-1.jpg\" alt=\"\" data-id=\"10709\" data-full-url=\"https:\/\/echta-derminga.de\/wp-content\/uploads\/2021\/09\/22222-1.jpg\" data-link=\"https:\/\/echta-derminga.de\/?attachment_id=10709\" class=\"wp-image-10709\" srcset=\"https:\/\/echta-derminga.de\/wp-content\/uploads\/2021\/09\/22222-1.jpg 664w, https:\/\/echta-derminga.de\/wp-content\/uploads\/2021\/09\/22222-1-300x182.jpg 300w\" sizes=\"auto, (max-width: 664px) 100vw, 664px\" \/><\/figure><\/li><\/ul><\/figure>\n\n\n\n<p class=\"has-medium-font-size wp-block-paragraph\"><strong>Bl\u00fchwiese bereichert Dirminger Naturlandschaft<\/strong><\/p>\n\n\n\n<p class=\"has-medium-font-size wp-block-paragraph\">Dirmingen besticht durch seine wunderbare Naturlandschaft mit W\u00e4ldern und Wiesen. In der vergangenen Woche durfte ich gemeinsam mit Justizstaatssekret\u00e4r Roland Theis und unserem B\u00fcrgermeister Dr. Andreas Feld eine neu angelegte Bl\u00fchwiese bewundern. Die Bl\u00fchwiese geh\u00f6rt zu den insgesamt 62 Hektar Land, die im Rahmen der Aktion \u201eSaarland Artenreich\u201c \u2013 einer Initiative der Landesentwicklungsgesellschaft (LEG) Saar in Zusammenarbeit mit der Vereinigung der J\u00e4ger des Saarlandes \u2013saarlandweit ins Leben gerufen wurde. Der Dirminger Landwirt Markus Sch\u00e4fer und J\u00e4ger David Beyer berichteten von der besonderen Sinnhaftigkeit dieser Bl\u00fchwiese. Das eigens angebrachte Hinweisschild am Wegesrand erkl\u00e4rt den Spazierg\u00e4ngern und Wanderern die Besonderheiten dieser neu angelegten Gr\u00fcnfl\u00e4che. Insgesamt befinden sich laut Markus Schaefer und David Beyer rund 60 Blumenarten auf dieser Bl\u00fchwiesen. Sie alle dienen als Lebensraum f\u00fcr Insekten, aber auch als R\u00fcckzugsort f\u00fcr Niederwild und V\u00f6gel. Insgesamt konnte die Gemeinde Eppelborn f\u00fcr die Aktion \u201eSaarland Artenreich\u201c mit ihren Landwirten sieben Hektar Fl\u00e4che, allesamt in Dirmingen, zur Verf\u00fcgung stellen. Ich danke den Landwirten f\u00fcr ihren Einsatz f\u00fcr unsere Natur und die Vielfalt der Pflanzen- und Tierwelt. Mein besonderer Dank geht an die LEG Saar und die Vereinigung der J\u00e4ger, die gemeinsam dieses Projekt erm\u00f6glicht haben.<\/p>\n\n\n\n<div class=\"wp-block-image\"><figure class=\"aligncenter size-large\"><img loading=\"lazy\" decoding=\"async\" width=\"700\" height=\"421\" src=\"https:\/\/echta-derminga.de\/wp-content\/uploads\/2021\/09\/242321046_947712886086769_5420684723442757567_n-700x421.jpg\" alt=\"\" class=\"wp-image-10717\" srcset=\"https:\/\/echta-derminga.de\/wp-content\/uploads\/2021\/09\/242321046_947712886086769_5420684723442757567_n-700x421.jpg 700w, https:\/\/echta-derminga.de\/wp-content\/uploads\/2021\/09\/242321046_947712886086769_5420684723442757567_n-300x180.jpg 300w, https:\/\/echta-derminga.de\/wp-content\/uploads\/2021\/09\/242321046_947712886086769_5420684723442757567_n-768x462.jpg 768w, https:\/\/echta-derminga.de\/wp-content\/uploads\/2021\/09\/242321046_947712886086769_5420684723442757567_n-1536x924.jpg 1536w, https:\/\/echta-derminga.de\/wp-content\/uploads\/2021\/09\/242321046_947712886086769_5420684723442757567_n-500x300.jpg 500w, https:\/\/echta-derminga.de\/wp-content\/uploads\/2021\/09\/242321046_947712886086769_5420684723442757567_n.jpg 1600w\" sizes=\"auto, (max-width: 700px) 100vw, 700px\" \/><figcaption>Bl\u00fchwiese in Dirmingen<\/figcaption><\/figure><\/div>\n\n\n\n<p class=\"has-medium-font-size wp-block-paragraph\"><strong>Neuer\u00f6ffnung des Lieferservice Mister X in der Dirminger Ortsmitte<\/strong><\/p>\n\n\n\n<p class=\"has-medium-font-size wp-block-paragraph\">Am Donnerstag, 16. September war es an der Zeit um einen Antrittsbesuch bei dem Dirminger Pizzeria- Lieferservice Mister. X zu machen. Gemeinsam mit unserem B\u00fcrgermeister Dr Andreas Feld statteten wir dem neuen Besitzer einen Besuch ab. Der Lieferservice Mister X, in der Dirminger Ortsmitte, liefert t\u00e4glich von 17 Uhr bis 23 Uhr aus. Als Ruhetag wurde der Dienstag auserkoren. Auch an Feiertagen wird \u00fcber Mittag geliefert. B\u00fcrgermeister Feld und ich durften eine frisch servierte Pizza und leckeren Salat probieren. Eine vorz\u00fcgliche K\u00fcche und eine Bereicherung f\u00fcr unseren Heimatort. Wir w\u00fcnschen dem Serviceteam von Mister X viel Erfolg und alles Gute. Gut f\u00fcr Dirmingen<\/p>\n\n\n\n<div class=\"wp-block-image\"><figure class=\"aligncenter size-large\"><img loading=\"lazy\" decoding=\"async\" width=\"700\" height=\"567\" src=\"https:\/\/echta-derminga.de\/wp-content\/uploads\/2021\/09\/242193945_4334373563324002_1903625394285543314_n-700x567.jpg\" alt=\"\" class=\"wp-image-10690\" srcset=\"https:\/\/echta-derminga.de\/wp-content\/uploads\/2021\/09\/242193945_4334373563324002_1903625394285543314_n-700x567.jpg 700w, https:\/\/echta-derminga.de\/wp-content\/uploads\/2021\/09\/242193945_4334373563324002_1903625394285543314_n-300x243.jpg 300w, https:\/\/echta-derminga.de\/wp-content\/uploads\/2021\/09\/242193945_4334373563324002_1903625394285543314_n-768x622.jpg 768w, https:\/\/echta-derminga.de\/wp-content\/uploads\/2021\/09\/242193945_4334373563324002_1903625394285543314_n.jpg 960w\" sizes=\"auto, (max-width: 700px) 100vw, 700px\" \/><figcaption>Gl\u00fcckwunsch zur Neuer\u00f6ffnung<\/figcaption><\/figure><\/div>\n\n\n\n<p class=\"has-medium-font-size wp-block-paragraph\"><strong>Herzlichen Gl\u00fcckwunsch zur Goldenen Hochzeit<\/strong><\/p>\n\n\n\n<p class=\"has-medium-font-size wp-block-paragraph\"><strong>\u201eDas gro\u00dfe Gl\u00fcck in der Liebe besteht darin, Ruhe in einem anderen Herzen zu finden.\u201c<br>(Julie de Lespinasse).<\/strong> Am Freitag, 17.September feierten Lili und Reiner Kirsch ihre Goldene Hochzeit. Ein ganzes Leben in Liebe, Vertrauen und auch im Ehrenamt. Gemeinsam mit den Kindern und Enkelkindern wurde ausgiebig gefeiert. Als Ortsvorsteher \u00fcberbrachte ich gerne meine pers\u00f6nlichen Gl\u00fcckw\u00fcnsche sowie die Geburtstagsgr\u00fc\u00dfe des Ortsrates, unseres B\u00fcrgermeisters Dr. Andreas Feld, unseres Landrates S\u00f6ren Meng und des Ministerpr\u00e4sidenten Tobias Hans. Auch an dieser Stelle gratuliere ich ganz herzlich und w\u00fcnsche ganz viel Gl\u00fcck und Gesundheit. Vielen lieben Dank f\u00fcr die freundliche Einladung und die sch\u00f6nen Stunden.<\/p>\n\n\n\n<div class=\"wp-block-image\"><figure class=\"aligncenter size-large\"><img loading=\"lazy\" decoding=\"async\" width=\"700\" height=\"428\" src=\"https:\/\/echta-derminga.de\/wp-content\/uploads\/2021\/09\/242233476_4337531393008219_2995098430691706315_n-700x428.jpg\" alt=\"\" class=\"wp-image-10689\" srcset=\"https:\/\/echta-derminga.de\/wp-content\/uploads\/2021\/09\/242233476_4337531393008219_2995098430691706315_n-700x428.jpg 700w, https:\/\/echta-derminga.de\/wp-content\/uploads\/2021\/09\/242233476_4337531393008219_2995098430691706315_n-300x184.jpg 300w, https:\/\/echta-derminga.de\/wp-content\/uploads\/2021\/09\/242233476_4337531393008219_2995098430691706315_n-768x470.jpg 768w, https:\/\/echta-derminga.de\/wp-content\/uploads\/2021\/09\/242233476_4337531393008219_2995098430691706315_n.jpg 1440w\" sizes=\"auto, (max-width: 700px) 100vw, 700px\" \/><figcaption>Herzlichen Gl\u00fcckwunsch an Lili und Reiner Kirsch<\/figcaption><\/figure><\/div>\n\n\n\n<p class=\"has-medium-font-size wp-block-paragraph\"><strong>Angespannte Verkehrssituation in Dirmingen &#8211;<\/strong> <strong>Wanderbaustelle in der Tholeyerstrasse<\/strong><\/p>\n\n\n\n<p class=\"has-medium-font-size wp-block-paragraph\">Die seit Monaten angespannte Verkehrssituation in unserem Heimatort wird sich auch in absehbarer Zeit nicht \u00e4ndern. Die Menschen in unserem Heimatort sind verst\u00e4ndlicherweise ein St\u00fcckweit genervt und sehnen sich nach normalen Verkehrsverh\u00e4ltnissen. In der Zeit vom 13.09.2021 bis 29.09.2021 werden im Bereich der Tholeyer Stra\u00dfe in Dirmingen Kanalsanierungsarbeiten durchgef\u00fchrt. Bei den Ma\u00dfnahmen handelt es sich um Kleinbaustellen k\u00fcrzerer Dauer. Aufgrund des hohen Verkehrsaufkommens wird zur Verkehrsregelung eine Lichtsignalanlage installiert. F\u00fcr die durch die Arbeiten entstehenden Unannehmlichkeiten und Beeintr\u00e4chtigungen bittet der B\u00fcrgermeister alle Betroffenen um ihr Verst\u00e4ndnis. <\/p>\n\n\n\n<p class=\"has-medium-font-size wp-block-paragraph\"><strong>Teilsperrung der Eisenbahnbr\u00fccke \u201eHumeser Stra\u00dfe\u201c in Dirmingen \u2013 Umleitungen f\u00fcr Fahrzeuge \u00fcber 3,5 Tonnen eingerichtet<\/strong> !<\/p>\n\n\n\n<p class=\"has-medium-font-size wp-block-paragraph\">Im Rahmen einer Br\u00fcckenhauptpr\u00fcfung durch ein Ingenieurb\u00fcro wurde am Br\u00fcckenbauwerk \u201eHumeser Stra\u00dfe\u201c im Gemeindebezirk Dirmingen ein ungen\u00fcgender Bauwerkzustand festgestellt. Die Standsicherheit und Verkehrssicherheit sind erheblich beeintr\u00e4chtigt. An dem Bauwerk ist eine umgehende Sanierung oder Erneuerung notwendig. In einem ersten Schritt wurde eine sofortige Nutzungseinschr\u00e4nkung auf 3,5 Tonnen angeordnet und durch das Ordnungsamt der Gemeinde umgesetzt. Hierzu wurde eine Umleitung eingerichtet. Somit ist die Erreichbarkeit der 40 Anwesen in der \u201eHumeser Stra\u00dfe\u201c und \u201eAuf der Hardt\u201c auch weiterhin f\u00fcr Fahrzeuge \u00fcber 3,5 Tonnen gew\u00e4hrleistet. Aktuell wurde dazu der Waldweg zwischen \u201eWaldstra\u00dfe\u201c und \u201eHumeser Stra\u00dfe\u201c provisorisch instandgesetzt. In einem weiteren Schritt soll diese Umleitung f\u00fcr Rettungsfahrzeuge, Feuerwehr und M\u00fcllfahrzeuge asphaltiert werden, da davon auszugehen ist, dass die Teilsperrung l\u00e4ngerfristig ist. Hierzu wurde beim Landesamt f\u00fcr Umwelt- und Arbeitsschutz ein entsprechender Antrag gestellt. Zus\u00e4tzlich m\u00fcssen an der Br\u00fccke, um die Benutzbarkeit bis zu einem Neubau zu gew\u00e4hrleisten, Sicherungsarbeiten durchgef\u00fchrt werden. Ich m\u00f6chte alle Verkehrsteilnehmer bitten darauf zu achten, dass die Vorgaben eingehalten werden. Fahrzeuge \u00fcber 3,5 Tonnen haben auf dieser Br\u00fccke nichts mehr zu suchen !<\/p>\n\n\n\n<div class=\"wp-block-image\"><figure class=\"aligncenter size-full\"><img loading=\"lazy\" decoding=\"async\" width=\"640\" height=\"424\" src=\"https:\/\/echta-derminga.de\/wp-content\/uploads\/2021\/09\/242130670_4325976024163756_807286502158003071_n.jpg\" alt=\"\" class=\"wp-image-10694\" srcset=\"https:\/\/echta-derminga.de\/wp-content\/uploads\/2021\/09\/242130670_4325976024163756_807286502158003071_n.jpg 640w, https:\/\/echta-derminga.de\/wp-content\/uploads\/2021\/09\/242130670_4325976024163756_807286502158003071_n-300x200.jpg 300w\" sizes=\"auto, (max-width: 640px) 100vw, 640px\" \/><figcaption>Die alte Eisenbahnbr\u00fccke<\/figcaption><\/figure><\/div>\n\n\n\n<p class=\"has-medium-font-size wp-block-paragraph\"><strong>\u00d6kumenischer Freiluft -Gottesdienst<\/strong><\/p>\n\n\n\n<p class=\"has-medium-font-size wp-block-paragraph\">Am Sonntag, 12. September fand im Naherholungsgebiet Steinrausch ein sch\u00f6ner \u00f6kumenischer Wander-Gottesdienst statt. Mit den Gitarren von Saitenklang und nachdenklichen Worten von der Gemeindereferentin Anne Haan und Pfarrer Harro Eder erlebten die Menschen einen gesegneten Morgen. Ich finde es wunderbar wie unsere beiden Kirchen zusammenarbeiten. Ich w\u00fcnsche mir, dass dieser Weg weiter vorangetrieben wird. <\/p>\n\n\n\n<div class=\"wp-block-image\"><figure class=\"aligncenter size-large\"><img loading=\"lazy\" decoding=\"async\" width=\"700\" height=\"331\" src=\"https:\/\/echta-derminga.de\/wp-content\/uploads\/2021\/09\/241877035_4319193141508711_3896421548282397941_n-700x331.jpg\" alt=\"\" class=\"wp-image-10693\" srcset=\"https:\/\/echta-derminga.de\/wp-content\/uploads\/2021\/09\/241877035_4319193141508711_3896421548282397941_n-700x331.jpg 700w, https:\/\/echta-derminga.de\/wp-content\/uploads\/2021\/09\/241877035_4319193141508711_3896421548282397941_n-300x142.jpg 300w, https:\/\/echta-derminga.de\/wp-content\/uploads\/2021\/09\/241877035_4319193141508711_3896421548282397941_n-768x364.jpg 768w, https:\/\/echta-derminga.de\/wp-content\/uploads\/2021\/09\/241877035_4319193141508711_3896421548282397941_n.jpg 1352w\" sizes=\"auto, (max-width: 700px) 100vw, 700px\" \/><figcaption>\u00d6kumenischer Freiluft Gottesdienst<\/figcaption><\/figure><\/div>\n\n\n\n<p class=\"has-medium-font-size wp-block-paragraph\"><strong>Liebe Dirmingerinnen, liebe Dirminger, wir alle hoffen auf einen goldenen Herbst ohne eine schwerwiegende Verlauf einer vierten Welle, der noch anhaltenden Pandemie. Unsere Vereine planen einen ereignisreichen Herbst mit vielen interessanten Veranstaltungen. Lassen Sie sich \u00fcberraschen. In K\u00fcrze werden wir Ihnen entsprechende Informationen zukommen lassen.<\/strong><\/p>\n\n\n\n<p class=\"has-medium-font-size wp-block-paragraph\">Bis dahin halten Sie den Kurs und bleiben Sie vor allen Dingen gesund.<\/p>\n\n\n\n<p class=\"has-medium-font-size wp-block-paragraph\">Ihr Ortsvorsteher <\/p>\n\n\n\n<p class=\"has-medium-font-size wp-block-paragraph\">Frank Klein<\/p>\n","protected":false},"excerpt":{"rendered":"<p>Der Herbst sendet seine ersten Boten und die Natur beginnt sich langsam zu wandeln. Der TKN des Landkreises Neunkirchen meldete sich mit der saisonalen Gro\u00dfveranstaltung &#8222;Herbst auf Finkenrech&#8220; zur\u00fcck und durfte unter strengen Hygienerichtlinien eine Vielzahl von Besuchern Willkommen hei\u00dfen. Unsere Heimat hat mit ihrer ausgiebigen Naturlandschaft und den wundersch\u00f6nen Naherholungsgebieten vieles zu bieten. Gerade im Freizeitzentrum Finkenrech wird dies<\/p>\n","protected":false},"author":1,"featured_media":10703,"comment_status":"closed","ping_status":"closed","sticky":false,"template":"","format":"standard","meta":{"_crdt_document":"","footnotes":""},"categories":[1,812],"tags":[5,618,127,634,795,310],"class_list":["post-10687","post","type-post","status-publish","format-standard","has-post-thumbnail","hentry","category-allgemein","category-ortsvorsteher-dirmingen","tag-dirmingen","tag-gemeinde-eppelborn","tag-landkreis-neunkirchen","tag-ortsvorsteher","tag-ortsvorsteher-dirmingen","tag-saarland"],"_links":{"self":[{"href":"https:\/\/echta-derminga.de\/index.php?rest_route=\/wp\/v2\/posts\/10687","targetHints":{"allow":["GET"]}}],"collection":[{"href":"https:\/\/echta-derminga.de\/index.php?rest_route=\/wp\/v2\/posts"}],"about":[{"href":"https:\/\/echta-derminga.de\/index.php?rest_route=\/wp\/v2\/types\/post"}],"author":[{"embeddable":true,"href":"https:\/\/echta-derminga.de\/index.php?rest_route=\/wp\/v2\/users\/1"}],"replies":[{"embeddable":true,"href":"https:\/\/echta-derminga.de\/index.php?rest_route=%2Fwp%2Fv2%2Fcomments&post=10687"}],"version-history":[{"count":14,"href":"https:\/\/echta-derminga.de\/index.php?rest_route=\/wp\/v2\/posts\/10687\/revisions"}],"predecessor-version":[{"id":10718,"href":"https:\/\/echta-derminga.de\/index.php?rest_route=\/wp\/v2\/posts\/10687\/revisions\/10718"}],"wp:featuredmedia":[{"embeddable":true,"href":"https:\/\/echta-derminga.de\/index.php?rest_route=\/wp\/v2\/media\/10703"}],"wp:attachment":[{"href":"https:\/\/echta-derminga.de\/index.php?rest_route=%2Fwp%2Fv2%2Fmedia&parent=10687"}],"wp:term":[{"taxonomy":"category","embeddable":true,"href":"https:\/\/echta-derminga.de\/index.php?rest_route=%2Fwp%2Fv2%2Fcategories&post=10687"},{"taxonomy":"post_tag","embeddable":true,"href":"https:\/\/echta-derminga.de\/index.php?rest_route=%2Fwp%2Fv2%2Ftags&post=10687"}],"curies":[{"name":"wp","href":"https:\/\/api.w.org\/{rel}","templated":true}]}}