{"id":10742,"date":"2021-09-24T16:31:51","date_gmt":"2021-09-24T15:31:51","guid":{"rendered":"https:\/\/echta-derminga.de\/?p=10742"},"modified":"2021-09-24T17:12:14","modified_gmt":"2021-09-24T16:12:14","slug":"mit-der-derminga-kerb-zurueck-in-die-zukunft","status":"publish","type":"post","link":"https:\/\/echta-derminga.de\/?p=10742","title":{"rendered":"Mit der &#8222;Derminga Kerb&#8220; zur\u00fcck in eine bessere Zukunft !"},"content":{"rendered":"\n<p class=\"has-medium-font-size wp-block-paragraph\"><strong>Einer Studie des Deutsche Schaustellerbundes zufolge wird bald jedes dritte Volksfest von der Bildfl\u00e4che verschwinden. Kleinere Dorffeste und Kirmessen finden kaum noch statt und sterben langsam aus. Lediglich die gr\u00f6\u00dferen Volksfeste, wie z.B die Eppelborner Pfingstkirmes, konnten sich bis zur Pandemie behaupten. Die Schausteller nehmen l\u00e4ngst nicht mehr alle Angebote an und suchen sich die lukrativsten Kirmessen aus. <\/strong><\/p>\n\n\n\n<p class=\"has-medium-font-size wp-block-paragraph\">Mehrere Gr\u00fcnde sind ausschlaggebend f\u00fcr das langsame Aussterben der Dorfkirmes. Zum einen hatten Kirmessen fr\u00fcher eine viel gr\u00f6\u00dfere gesellschaftliche Bedeutung. Wurde in einem Dorf Kirmes gefeiert, waren die Menschen aufgeregt und voller Vorfreude. Viele junge Leute hatten die Hoffnung, bei einer Fahrt im Autoscooter oder auf dem Kettenkarussell ihren Spa\u00df oder vielleicht sogar die gro\u00dfe Liebe zu finden. In Zeiten der gro\u00dfen Freizeitparks hat sich das Ansehen der Kirmes grundliegend ger\u00e4ndert. Die Richtlinien, die zur Durchf\u00fchrung einer Gro\u00dfveranstaltung dienen sind kaum noch einzuhalten und werden immer strenger. Die Pandemie hat diese Entwicklung eigentlich noch gef\u00f6rdert. Auch unsere Dorfjugend ist l\u00e4ngst nicht mehr auf die eigene Kirmes angewiesen. Die Jugendliche k\u00f6nnen heute einfach in die n\u00e4chste gro\u00dfe Stadt fahren um dort die n\u00e4chste Party steigen lassen. Die Kirmes im eigenen Dorf ist da viel zu langweilig.<\/p>\n\n\n\n<p class=\"has-medium-font-size wp-block-paragraph\"><strong>Dennoch sind weiterhin \u00fcber 80 Prozent der Befragten der Meinung, dass Volksfeste \u201eein wichtiger Teil von Kultur und Tradition\u201c sind. Warum werden Sie dann nicht mehr angenommen und sterben weitgehend aus? Ich habe mittlerweile den Eindruck gewonnen, dass viele sich ihrem Schicksal ergeben und somit dem Untergang der eigene Dorfkirmes zusehen. Die Zeiten sind wie sie sind und wir k\u00f6nnen die Welt nicht ver\u00e4ndern. Es lohnt sich jedoch immer f\u00fcr eine gute Sache zu k\u00e4mpfen. Wie bereits erw\u00e4hnt, scheitern viele D\u00f6rfer schon daran, dass sie keine Schausteller mehr finden. Es stellt sich die Frage, wie wir die Jugendlichen auf den Kirmesplatz locken, wenn dort kein passendes Fahrgesch\u00e4ft vorhanden ist. Die Seuche greift weiter gnadenlos um sich und  mittlerweile k\u00e4mpfen auch gr\u00f6\u00dfere D\u00f6rfer und St\u00e4dte wie P\u00fcttlingen oder Heusweiler um den Erhalt ihrer Kirmes.<\/strong><\/p>\n\n\n\n<div class=\"wp-block-image\"><figure class=\"aligncenter size-large\"><img loading=\"lazy\" decoding=\"async\" width=\"700\" height=\"468\" src=\"https:\/\/echta-derminga.de\/wp-content\/uploads\/2021\/09\/P1000944-700x468.jpg\" alt=\"\" class=\"wp-image-10759\" srcset=\"https:\/\/echta-derminga.de\/wp-content\/uploads\/2021\/09\/P1000944-700x468.jpg 700w, https:\/\/echta-derminga.de\/wp-content\/uploads\/2021\/09\/P1000944-300x200.jpg 300w, https:\/\/echta-derminga.de\/wp-content\/uploads\/2021\/09\/P1000944-768x513.jpg 768w, https:\/\/echta-derminga.de\/wp-content\/uploads\/2021\/09\/P1000944.jpg 1000w\" sizes=\"auto, (max-width: 700px) 100vw, 700px\" \/><\/figure><\/div>\n\n\n\n<p class=\"has-medium-font-size wp-block-paragraph\">Ihren Ursprung hat die Kirmes in der Kirchweihe. Das kirchliche Fest wurde bereits im Mittelalter gefeiert. In Dirmingen erinnert die \u201eDerminga Kerb\u201c an das Kirchweihfest der Evangelischen Kirche, im Jahre 1746. Bis zum Jahre 2019 war es uns stets gelungen eine kleine, aber auch stolze Kerb auf die Beine zu stellen. Dabei hat der Kulturverein gro\u00dfe Verdienste um das bunte Kirmestreiben. Das Rahmenprogramm unserer &#8222;Kerb&#8220; kann sich durchaus sehen lassen. Bis zuletzt wurde in Dirmingen ausgiebig Kirmes gefeiert.<\/p>\n\n\n\n<p class=\"has-medium-font-size wp-block-paragraph\"><strong>Dann kam die Pandemie und mit ihr hat sich alles ver\u00e4ndert!<\/strong><\/p>\n\n\n\n<p class=\"has-medium-font-size wp-block-paragraph\">Im Jahre 2020 wurde soviel ich wei\u00df keine Kirmes im Saarland durchgef\u00fchrt. In Dirmingen wollten wir jedoch nicht darauf verzichten zumindest an die Kerb zu erinnern. Ein Malwettbewerb wurde mit Hilfe der Grundschule und der Kita &#8222;Pusteblume&#8220; durchgef\u00fchrt. Am Kirmessamstag wurde im ganzen Dorf gratis Popcorn verteilt.<\/p>\n\n\n\n<p class=\"has-medium-font-size wp-block-paragraph\"><strong>Und heute? Was wird im Jahre 2021?<\/strong><\/p>\n\n\n\n<p class=\"has-medium-font-size wp-block-paragraph\"><strong>Die Durchf\u00fchrung der Kirmes liegt in den H\u00e4nden des Ortsvorstehers und seines Ortsrates. Aufgrund dieser Tatsache habe ich mich in den letzten Monaten sehr viel mit der Durchf\u00fchrung der &#8222;Kerb&#8220; besch\u00e4ftigt. Guter Rat war teuer und schwer zu finden.<\/strong><\/p>\n\n\n\n<p class=\"has-medium-font-size wp-block-paragraph\">Fr\u00fch wurde uns klar, dass wir eine Kirmes nur unter den schwersten Sicherheitsvorkehrungen und Hygienerichtlinien in Betracht ziehen k\u00f6nnen. Aber, wie soll das Gelingen und vor allen Dingen k\u00f6nnen wir das stemmen? Am Ende ging es darum abzuw\u00e4gen und zu einer vertretbaren Entscheidung zu kommen. Nach vielen intensiven Gespr\u00e4chen mit Freunden bin ich zu folgendem Entschluss gekommen:<\/p>\n\n\n\n<p class=\"has-white-color has-primary-background-color has-text-color has-background has-medium-font-size wp-block-paragraph\"><strong>\u201eDerminge&#8220; feiert im Jahre 2021 seine traditionelle &#8222;Kerb\u201c<\/strong><\/p>\n\n\n\n<div class=\"wp-block-image\"><figure class=\"aligncenter size-large\"><img loading=\"lazy\" decoding=\"async\" width=\"700\" height=\"525\" src=\"https:\/\/echta-derminga.de\/wp-content\/uploads\/2021\/09\/Kerb-14-3-700x525.jpg\" alt=\"\" class=\"wp-image-10758\" srcset=\"https:\/\/echta-derminga.de\/wp-content\/uploads\/2021\/09\/Kerb-14-3-700x525.jpg 700w, https:\/\/echta-derminga.de\/wp-content\/uploads\/2021\/09\/Kerb-14-3-300x225.jpg 300w, https:\/\/echta-derminga.de\/wp-content\/uploads\/2021\/09\/Kerb-14-3-768x576.jpg 768w, https:\/\/echta-derminga.de\/wp-content\/uploads\/2021\/09\/Kerb-14-3.jpg 1000w\" sizes=\"auto, (max-width: 700px) 100vw, 700px\" \/><figcaption>OLYMPUS DIGITAL CAMERA<\/figcaption><\/figure><\/div>\n\n\n\n<p class=\"has-medium-font-size wp-block-paragraph\">Sp\u00e4testens als der Ortsrat und auch der Kulturverein das Einverst\u00e4ndnis gab, wurden die ersten Weichen gestellt. Wir Dirminger trauen uns einen weiteren Schritt zur\u00fcck in die Zukunft. Voraussetzung ist jedoch, dass uns die Pandemie keinen Strich durch die Rechnung macht. Bei meiner Entscheidung war mir besonders wichtig, dass alle Gremien und Vereine einen Schulterschluss finden. Ich bin sehr froh dar\u00fcber die Unterst\u00fctzung des Ortsrates und des Kulturvereins genie\u00dfen zu d\u00fcrfen.<\/p>\n\n\n\n<p class=\"has-medium-font-size wp-block-paragraph\">Heute darf ich feststellen:<\/p>\n\n\n\n<p class=\"has-medium-font-size wp-block-paragraph\"><strong>Es ist angerichtet!!<\/strong><\/p>\n\n\n\n<p class=\"has-white-color has-primary-background-color has-text-color has-background has-medium-font-size wp-block-paragraph\"><strong>Die \u201eDerminga Kerb\u201c 2021 kann stattfinden!<\/strong><\/p>\n\n\n\n<p class=\"has-medium-font-size wp-block-paragraph\">Schausteller wurden gefunden, Gastst\u00e4tten sind ger\u00fcstet und das \u201eLisje\u201c wartet darauf wachgek\u00fcsst zu werden.<\/p>\n\n\n\n<div class=\"wp-block-image\"><figure class=\"aligncenter size-large\"><img loading=\"lazy\" decoding=\"async\" width=\"700\" height=\"488\" src=\"https:\/\/echta-derminga.de\/wp-content\/uploads\/2021\/09\/KV-4-700x488.jpg\" alt=\"\" class=\"wp-image-10761\" srcset=\"https:\/\/echta-derminga.de\/wp-content\/uploads\/2021\/09\/KV-4-700x488.jpg 700w, https:\/\/echta-derminga.de\/wp-content\/uploads\/2021\/09\/KV-4-300x209.jpg 300w, https:\/\/echta-derminga.de\/wp-content\/uploads\/2021\/09\/KV-4-768x536.jpg 768w, https:\/\/echta-derminga.de\/wp-content\/uploads\/2021\/09\/KV-4.jpg 800w\" sizes=\"auto, (max-width: 700px) 100vw, 700px\" \/><\/figure><\/div>\n\n\n\n<p class=\"has-medium-font-size wp-block-paragraph\"><strong><u>Hier das Programm:<\/u><\/strong><\/p>\n\n\n\n<p class=\"has-medium-font-size wp-block-paragraph\">Derminga Kerb vom 23.10.2021 bis 25.10.2021<\/p>\n\n\n\n<p class=\"has-medium-font-size wp-block-paragraph\"><strong>Einlass nur mit&nbsp;&nbsp; 3 G Regel<\/strong><\/p>\n\n\n\n<p class=\"has-medium-font-size wp-block-paragraph\"><strong><u>Samstag, 23.10.2021<\/u><\/strong><\/p>\n\n\n\n<p class=\"has-medium-font-size wp-block-paragraph\">15:00 Uhr Kirchweih Gottesdienst<\/p>\n\n\n\n<p class=\"has-medium-font-size wp-block-paragraph\">16:00&nbsp;&nbsp; Uhr Ausgrabung der Kerb am \u201eKl\u00e4se\u201c Keller<\/p>\n\n\n\n<p class=\"has-medium-font-size wp-block-paragraph\">17:00 Uhr Fa\u00dfanstich und Er\u00f6ffnung der Kerb auf dem Festplatz<\/p>\n\n\n\n<p class=\"has-medium-font-size wp-block-paragraph\">17:30 Uhr Life Musik mit Finn Raber<\/p>\n\n\n\n<p class=\"has-medium-font-size wp-block-paragraph\"><strong><u>Sonntag, 24.10.2021<\/u><\/strong><\/p>\n\n\n\n<p class=\"has-medium-font-size wp-block-paragraph\">11:00 Uhr Fr\u00fchschoppen auf dem Festplatz<\/p>\n\n\n\n<p class=\"has-medium-font-size wp-block-paragraph\">Life Musik mit Uwe Hansen<\/p>\n\n\n\n<p class=\"has-medium-font-size wp-block-paragraph\"><strong><u>Montag, 25. 10.2021:<\/u><\/strong><\/p>\n\n\n\n<p class=\"has-medium-font-size wp-block-paragraph\">10:00 Uhr: Fr\u00fchschoppen in allen Dirminger Gastst\u00e4tten, buntes Kirmestreiben auf dem Festplatz.<\/p>\n\n\n\n<p class=\"has-white-color has-text-color has-background has-medium-font-size wp-block-paragraph\" style=\"background-color:#a35900\"><strong>Wem es die Kerb?<\/strong><\/p>\n\n\n\n<p class=\"has-white-color has-primary-background-color has-text-color has-background has-large-font-size wp-block-paragraph\"><strong>Einer f\u00fcr Alle, alle f\u00fcr Einen !<\/strong><\/p>\n\n\n\n<div class=\"wp-block-image\"><figure class=\"aligncenter size-full\"><img loading=\"lazy\" decoding=\"async\" width=\"640\" height=\"853\" src=\"https:\/\/echta-derminga.de\/wp-content\/uploads\/2021\/09\/Kerb-Werbung.jpg\" alt=\"\" class=\"wp-image-10756\" srcset=\"https:\/\/echta-derminga.de\/wp-content\/uploads\/2021\/09\/Kerb-Werbung.jpg 640w, https:\/\/echta-derminga.de\/wp-content\/uploads\/2021\/09\/Kerb-Werbung-225x300.jpg 225w\" sizes=\"auto, (max-width: 640px) 100vw, 640px\" \/><\/figure><\/div>\n","protected":false},"excerpt":{"rendered":"<p>Einer Studie des Deutsche Schaustellerbundes zufolge wird bald jedes dritte Volksfest von der Bildfl\u00e4che verschwinden. Kleinere Dorffeste und Kirmessen finden kaum noch statt und sterben langsam aus. Lediglich die gr\u00f6\u00dferen Volksfeste, wie z.B die Eppelborner Pfingstkirmes, konnten sich bis zur Pandemie behaupten. Die Schausteller nehmen l\u00e4ngst nicht mehr alle Angebote an und suchen sich die lukrativsten Kirmessen aus. Mehrere Gr\u00fcnde<\/p>\n","protected":false},"author":1,"featured_media":10763,"comment_status":"open","ping_status":"closed","sticky":false,"template":"","format":"standard","meta":{"_crdt_document":"","footnotes":""},"categories":[1,9],"tags":[951,5,618,127,634,795,310],"class_list":["post-10742","post","type-post","status-publish","format-standard","has-post-thumbnail","hentry","category-allgemein","category-dorfgetratsche","tag-derminga-kerb-21","tag-dirmingen","tag-gemeinde-eppelborn","tag-landkreis-neunkirchen","tag-ortsvorsteher","tag-ortsvorsteher-dirmingen","tag-saarland"],"_links":{"self":[{"href":"https:\/\/echta-derminga.de\/index.php?rest_route=\/wp\/v2\/posts\/10742","targetHints":{"allow":["GET"]}}],"collection":[{"href":"https:\/\/echta-derminga.de\/index.php?rest_route=\/wp\/v2\/posts"}],"about":[{"href":"https:\/\/echta-derminga.de\/index.php?rest_route=\/wp\/v2\/types\/post"}],"author":[{"embeddable":true,"href":"https:\/\/echta-derminga.de\/index.php?rest_route=\/wp\/v2\/users\/1"}],"replies":[{"embeddable":true,"href":"https:\/\/echta-derminga.de\/index.php?rest_route=%2Fwp%2Fv2%2Fcomments&post=10742"}],"version-history":[{"count":20,"href":"https:\/\/echta-derminga.de\/index.php?rest_route=\/wp\/v2\/posts\/10742\/revisions"}],"predecessor-version":[{"id":10767,"href":"https:\/\/echta-derminga.de\/index.php?rest_route=\/wp\/v2\/posts\/10742\/revisions\/10767"}],"wp:featuredmedia":[{"embeddable":true,"href":"https:\/\/echta-derminga.de\/index.php?rest_route=\/wp\/v2\/media\/10763"}],"wp:attachment":[{"href":"https:\/\/echta-derminga.de\/index.php?rest_route=%2Fwp%2Fv2%2Fmedia&parent=10742"}],"wp:term":[{"taxonomy":"category","embeddable":true,"href":"https:\/\/echta-derminga.de\/index.php?rest_route=%2Fwp%2Fv2%2Fcategories&post=10742"},{"taxonomy":"post_tag","embeddable":true,"href":"https:\/\/echta-derminga.de\/index.php?rest_route=%2Fwp%2Fv2%2Ftags&post=10742"}],"curies":[{"name":"wp","href":"https:\/\/api.w.org\/{rel}","templated":true}]}}