{"id":10834,"date":"2021-10-03T12:10:08","date_gmt":"2021-10-03T11:10:08","guid":{"rendered":"https:\/\/echta-derminga.de\/?p=10834"},"modified":"2021-10-03T12:16:40","modified_gmt":"2021-10-03T11:16:40","slug":"rommelbooze-schnitze-am-buettelseck","status":"publish","type":"post","link":"https:\/\/echta-derminga.de\/?p=10834","title":{"rendered":"Rommelbooze- Schnitze am &#8222;B\u00fcttelseck&#8220;"},"content":{"rendered":"\n<p class=\"has-medium-font-size wp-block-paragraph\"><strong>Die Tage werden k\u00fcrzer und mit dem Monat Oktober zieht der Herbst \u00fcber unser Land. Die dunkle Jahreszeit beginnt und findet in Halloween ihren ersten kommerziellen H\u00f6hepunkt. Naja, ich pers\u00f6nlich verbinde mit dem Oktober die \u201eKerb\u201c und den Reformationstag. Der amerikanische Halloween-Brauch, mit ausgeh\u00f6lte K\u00fcrbisse und Fratzen versehen, geht jedoch auf alte europ\u00e4ische Traditionen zur\u00fcck, die vor allem irische Auswanderer mit nach Amerika gebracht haben. <\/strong><\/p>\n\n\n\n<p class=\"has-medium-font-size wp-block-paragraph\">Unsere Herbst-Dekorationen vor den vielen Haust\u00fcren, mit brennenden K\u00fcrbissen, R\u00fcbengeistern oder Rommelbooze basiert auf einer uralten Tradition! Als man erstmals im l\u00e4ndlichen Raum aus Futterr\u00fcben diese Fratzen schnitzte, war an Halloween noch nicht denken. Der Brauch findet seinen Ursprung kurz nach dem ersten Weltkrieg. Kinder klauten damals Futterr\u00fcben von den Feldern, um in der Not wenigstens eine R\u00fcbensuppe essen zu k\u00f6nnen. Aus den ausgeh\u00f6hlten R\u00fcben wurden dann Laternen gebastelt, mit denen die Kinder von Haus zu Haus zogen und um Essen bettelten. Oftmals wurden die Rommelk\u00e4pp am Abend mit einem Teelicht im Inneren versehen und vor die Haust\u00fcr der Nachbarn gestellt. Die Kinder hatten mit diesem Streich einen Riesenspa\u00df. \u00a0Im Laufe der Jahre geriet die Rommel immer mehr in den Hintergrund. An Halloween mit seiner attraktiven S\u00fc\u00dfigkeiten-Sammlung kommt die alte Tradition nur noch schwerlich vorbei. Dies gilt es zu \u00e4ndern! Der R\u00fcckgang des Futterr\u00fcbenanbaus macht es jedoch schwer die Tradition des Rommeschnitzen zu erhalten. Dabei steckt so viel Spa\u00df im Selbermachen und anfertigen. Selbstgeschnitzte schaurig sch\u00f6ne Rommel-Fratzen mit gro\u00dfen ausgeh\u00f6lten Augen. Jedes Kind kann individuell seine eigene Rommel gestalten.<\/p>\n\n\n\n<div class=\"wp-block-image\"><figure class=\"aligncenter size-large\"><img loading=\"lazy\" decoding=\"async\" width=\"644\" height=\"829\" src=\"https:\/\/echta-derminga.de\/wp-content\/uploads\/2018\/10\/2-3-644x829.jpg\" alt=\"\" class=\"wp-image-2399\" srcset=\"https:\/\/echta-derminga.de\/wp-content\/uploads\/2018\/10\/2-3-644x829.jpg 644w, https:\/\/echta-derminga.de\/wp-content\/uploads\/2018\/10\/2-3-233x300.jpg 233w, https:\/\/echta-derminga.de\/wp-content\/uploads\/2018\/10\/2-3.jpg 700w\" sizes=\"auto, (max-width: 644px) 100vw, 644px\" \/><figcaption>Rommelbooze<\/figcaption><\/figure><\/div>\n\n\n\n<p class=\"has-medium-font-size wp-block-paragraph\"><strong>Am 31. Oktober wird in unserem Land nicht nur Reformationstag sondern auch Halloween gefeiert. Der amerikanische Importschlager hat sich l\u00e4ngst etabliert. Vielerorts werden Grusel-Partys organisiert. Mittlerweile machen sich sogar Kitas und Schulen ihren Spa\u00df mit der Angst. Halloween geht auf eine uralte keltische Tradition zur\u00fcck und entstammt nicht, wie oft f\u00e4lschlicherweise behauptet, aus den vereinigten Staaten. Der Name bezieht sich auf den Abend vor Allerheiligen (All Hallows\u2019 Eve), an dem die Toten dem Volksmund zufolge zwischen diesseitiger und jenseitiger Welt wandeln. Mit den vielen irischen Einwanderern gelangte das Brauchtum in die USA und von dort wieder zur\u00fcck nach Europa. Ist das alles Unsinn oder vielmehr abwechslungsreiches Gruselvergn\u00fcgen. Am Ende muss sich jeder selbst klarmachen, wie er zu dieser Sache steht.<\/strong><\/p>\n\n\n\n<p class=\"has-medium-font-size wp-block-paragraph\">Ich pers\u00f6nlich verhalte mich diesbez\u00fcglich etwas konservativer. F\u00fcr mich beginnt der goldene Oktober mit dem Erntedankfest, gipfelt in der \u201eKerb\u201c und endet entspannt mit dem Reformationstag. Alte Traditionen sollten jedoch liebend gerne gepflegt und gehegt werden. Dabei sollten wir unsere eigenen Br\u00e4uche nicht aus den Augen verlieren. Warum also nicht noch einmal, wie fr\u00fcher, Rommele schnitzen?<\/p>\n\n\n\n<p class=\"has-medium-font-size wp-block-paragraph\"><strong>Gesagt, getan? So einfach ist es nicht. Woher die guten Rommele nehmen, wenn nicht stehlen und wenn \u00fcberhaupt wo stehlen? Gar nicht so einfach in dieser Zeit Futterr\u00fcben zu bekommen. Bei einem Bauern im Saar Gau wurde ich schlie\u00dflich mit Unterst\u00fctzung guter Bekannter f\u00fcndig.<\/strong><\/p>\n\n\n\n<p class=\"has-medium-font-size wp-block-paragraph\">Ich lade alle Kinder am <strong>Samstag,16. Oktober 2021 <\/strong>herzlich ein zum:<\/p>\n\n\n\n<p class=\"has-large-font-size wp-block-paragraph\"><strong>\u201eRommelbooze schnitze im B\u00fcttelseck\u201c<\/strong><\/p>\n\n\n\n<p class=\"has-medium-font-size wp-block-paragraph\"><strong>Bereits um 14:00 Uhr beginnen wir mit einem bunten Mit-Mach-Gottesdienst&#8220; in der Evangelischen Kirche. Anschlie\u00dfend spazieren wir zum \u201eB\u00fcttelseck\u201c um dort die Rommele zu schnitzen.<\/strong><\/p>\n\n\n\n<div class=\"wp-block-image\"><figure class=\"aligncenter size-large\"><img loading=\"lazy\" decoding=\"async\" width=\"700\" height=\"331\" src=\"https:\/\/echta-derminga.de\/wp-content\/uploads\/2021\/10\/400-700x331.jpg\" alt=\"\" class=\"wp-image-10845\" srcset=\"https:\/\/echta-derminga.de\/wp-content\/uploads\/2021\/10\/400-700x331.jpg 700w, https:\/\/echta-derminga.de\/wp-content\/uploads\/2021\/10\/400-300x142.jpg 300w, https:\/\/echta-derminga.de\/wp-content\/uploads\/2021\/10\/400-768x363.jpg 768w, https:\/\/echta-derminga.de\/wp-content\/uploads\/2021\/10\/400.jpg 1000w\" sizes=\"auto, (max-width: 700px) 100vw, 700px\" \/><figcaption>B\u00fcttelseck<\/figcaption><\/figure><\/div>\n\n\n\n<p class=\"has-medium-font-size wp-block-paragraph\">Vor Ort werden Helferinnen und Helfer den Kindern beim Schnitzen zur Seite stehen. Gerne k\u00f6nnen die Kinder in Begleitung eines Erwachsenen und geeigneten Schnitzwerkzeuges (Messer, L\u00f6ffel, etc. und Kerzenstummel) den Tag verbringen. Die Kinder sollten witterungsgerecht ausger\u00fcstet sein. Bei Regen werden wir die Aktion im Evangelischen Gemeindehaus durchf\u00fchren. <\/p>\n\n\n\n<p class=\"has-medium-font-size wp-block-paragraph\">Ich bitte dringend um Voranmeldungen bis zum 12.10.21 unter meiner Handynummer: 0172 6027216 oder per Mail unter <a href=\"mailto:kleinfranki@t-online.de\">kleinfranki@t-online.de<\/a> &nbsp;<\/p>\n\n\n\n<p class=\"has-medium-font-size wp-block-paragraph\"><strong>Der Kulturverein Dirmingen und die Evangelische Kirchengemeinde Dirmingen werden diese Veranstaltung aktiv unterst\u00fctzen. F\u00fcr Speis und Trank wird gesorgt sein. Die Teilnahme ist kostenlos. Ich bin gerne bereit die Kosten f\u00fcr die Rommele zu \u00fcbernehmen. Ich bitte jedoch um Verst\u00e4ndnis, dass aufgrund der Vorbestellungen der Futterr\u00fcben unbedingt eine Anmeldung erforderlich ist. \u00a0F\u00fcr unangemeldete Kinder k\u00f6nnte es unter Umst\u00e4nden schwierig werden eine \u201eRommel\u201c erhalten.<\/strong><\/p>\n\n\n\n<p class=\"has-text-align-center has-light-gray-color has-text-color has-background has-medium-font-size wp-block-paragraph\" style=\"background-color:#a34b00\"><em><strong>Ich freue mich auf einen sch\u00f6nen Nachmittag im B\u00fcttelseck mit vielen Kindern und herrlich, schaurigen, selbstgemachten Rommele.<\/strong><\/em><\/p>\n\n\n\n<div class=\"wp-block-image\"><figure class=\"aligncenter size-full\"><img loading=\"lazy\" decoding=\"async\" width=\"627\" height=\"892\" src=\"https:\/\/echta-derminga.de\/wp-content\/uploads\/2021\/10\/Rommelschnitze.png\" alt=\"\" class=\"wp-image-10846\" srcset=\"https:\/\/echta-derminga.de\/wp-content\/uploads\/2021\/10\/Rommelschnitze.png 627w, https:\/\/echta-derminga.de\/wp-content\/uploads\/2021\/10\/Rommelschnitze-211x300.png 211w\" sizes=\"auto, (max-width: 627px) 100vw, 627px\" \/><\/figure><\/div>\n","protected":false},"excerpt":{"rendered":"<p>Die Tage werden k\u00fcrzer und mit dem Monat Oktober zieht der Herbst \u00fcber unser Land. Die dunkle Jahreszeit beginnt und findet in Halloween ihren ersten kommerziellen H\u00f6hepunkt. Naja, ich pers\u00f6nlich verbinde mit dem Oktober die \u201eKerb\u201c und den Reformationstag. Der amerikanische Halloween-Brauch, mit ausgeh\u00f6lte K\u00fcrbisse und Fratzen versehen, geht jedoch auf alte europ\u00e4ische Traditionen zur\u00fcck, die vor allem irische Auswanderer<\/p>\n","protected":false},"author":1,"featured_media":10840,"comment_status":"open","ping_status":"closed","sticky":false,"template":"","format":"standard","meta":{"_crdt_document":"","footnotes":""},"categories":[1,9],"tags":[],"class_list":["post-10834","post","type-post","status-publish","format-standard","has-post-thumbnail","hentry","category-allgemein","category-dorfgetratsche"],"_links":{"self":[{"href":"https:\/\/echta-derminga.de\/index.php?rest_route=\/wp\/v2\/posts\/10834","targetHints":{"allow":["GET"]}}],"collection":[{"href":"https:\/\/echta-derminga.de\/index.php?rest_route=\/wp\/v2\/posts"}],"about":[{"href":"https:\/\/echta-derminga.de\/index.php?rest_route=\/wp\/v2\/types\/post"}],"author":[{"embeddable":true,"href":"https:\/\/echta-derminga.de\/index.php?rest_route=\/wp\/v2\/users\/1"}],"replies":[{"embeddable":true,"href":"https:\/\/echta-derminga.de\/index.php?rest_route=%2Fwp%2Fv2%2Fcomments&post=10834"}],"version-history":[{"count":22,"href":"https:\/\/echta-derminga.de\/index.php?rest_route=\/wp\/v2\/posts\/10834\/revisions"}],"predecessor-version":[{"id":10862,"href":"https:\/\/echta-derminga.de\/index.php?rest_route=\/wp\/v2\/posts\/10834\/revisions\/10862"}],"wp:featuredmedia":[{"embeddable":true,"href":"https:\/\/echta-derminga.de\/index.php?rest_route=\/wp\/v2\/media\/10840"}],"wp:attachment":[{"href":"https:\/\/echta-derminga.de\/index.php?rest_route=%2Fwp%2Fv2%2Fmedia&parent=10834"}],"wp:term":[{"taxonomy":"category","embeddable":true,"href":"https:\/\/echta-derminga.de\/index.php?rest_route=%2Fwp%2Fv2%2Fcategories&post=10834"},{"taxonomy":"post_tag","embeddable":true,"href":"https:\/\/echta-derminga.de\/index.php?rest_route=%2Fwp%2Fv2%2Ftags&post=10834"}],"curies":[{"name":"wp","href":"https:\/\/api.w.org\/{rel}","templated":true}]}}