{"id":10863,"date":"2021-10-03T13:59:24","date_gmt":"2021-10-03T12:59:24","guid":{"rendered":"https:\/\/echta-derminga.de\/?p=10863"},"modified":"2021-10-03T13:59:26","modified_gmt":"2021-10-03T12:59:26","slug":"in-sachen-ortsvorsteher-mit-neuem-schwung-tollen-veranstaltungen-und-zuversicht-in-den-goldenen-monat-oktober","status":"publish","type":"post","link":"https:\/\/echta-derminga.de\/?p=10863","title":{"rendered":"In Sachen Ortsvorsteher: Mit neuem Schwung, tollen Veranstaltungen und Zuversicht in den goldenen Monat Oktober"},"content":{"rendered":"\n<p class=\"has-medium-font-size wp-block-paragraph\"><strong>Mit dem Oktober zieht der Herbst \u00fcber das Land. Nach den neuerlichen Lockerungen bez\u00fcglich der Hygieneverordnung w\u00e4chst die Hoffnung auf eine bessere Zukunft. Unsere Vereine sch\u00f6pfen neuen Mut und planen erste gr\u00f6\u00dfere Veranstaltungen. Der Kulturverein Dirmingen geht mit gutem Beispiel voran und k\u00fcndigt nun nach seiner Beteiligung an der 275. \u201eDerminga Kerb\u201c die Durchf\u00fchrung einer gro\u00dfen Adventsveranstaltung, rund um die Borrwieshalle statt. In der K\u00fcrze der Zeit ist es leider nicht m\u00f6glich den beliebten \u201eMittelalterlichen Weihnachtsmarkt\u201c durchzuf\u00fchren. Dennoch wird es am traditionsreichen ersten Adventswochenende ein buntes Markttreiben mit vielen vorweihnachtlichen \u00dcberraschungen geben. Ich bin mir sicher, dass die Veranstaltung \u201eWeihnachten an der Borrwies\u201c unsere Erwartungen erf\u00fcllen wird.<\/strong><\/p>\n\n\n\n<p class=\"has-medium-font-size wp-block-paragraph\">Zuvor werden wir jedoch in der Zeit vom 23.10. bis zum 25.10.2021 die 275 \u201eDerminga Kerb\u201c feiern. Mit Unterst\u00fctzung unseres Kulturvereins und der Bitburger Brauerei durften wir nun die Werbebanner f\u00fcr die \u201eKerb\u201c aufh\u00e4ngen. Mein Dank geht an den Kultur- Vereinsvorsitzenden Reimund Klein der sich mit seinem Verein dazu bereit erkl\u00e4rte die Ortseingang Bewerbung zu finanzieren.<\/p>\n\n\n\n<p class=\"has-medium-font-size wp-block-paragraph\"><strong>Zimtkl\u00e4nge verzaubern im Herbst ihr Publikum<\/strong><\/p>\n\n\n\n<p class=\"has-medium-font-size wp-block-paragraph\">Ein fantastischer Abend mitten im Herbst mit der Gruppe Zimtkl\u00e4nge. Die beiden Konzerte in der Evangelischen Kirche Dirmingen waren binnen k\u00fcrzester Zeit ausverkauft. Mit Witz, Charme und gro\u00dfartigen Interpretationen von Welthits begeisterten die \u201eZimtis\u201c ihr Publikum. Der Kulturverein Dirmingen sorgte f\u00fcr das leibliche Wohl der G\u00e4ste. Mein Dank geht an die Gruppe Zimtkl\u00e4nge f\u00fcr zwei wundersch\u00f6ne Konzerte, an die Evangelische Kirchengemeinde Dirmingen sowie an die Gemeinde Eppelborn und das zust\u00e4ndige Kulturamt und an den Kulturverein Dirmingen.<\/p>\n\n\n\n<div class=\"wp-block-image\"><figure class=\"aligncenter size-large\"><img loading=\"lazy\" decoding=\"async\" width=\"700\" height=\"525\" src=\"https:\/\/echta-derminga.de\/wp-content\/uploads\/2021\/10\/zimzs-700x525.jpg\" alt=\"\" class=\"wp-image-10871\" srcset=\"https:\/\/echta-derminga.de\/wp-content\/uploads\/2021\/10\/zimzs-700x525.jpg 700w, https:\/\/echta-derminga.de\/wp-content\/uploads\/2021\/10\/zimzs-300x225.jpg 300w, https:\/\/echta-derminga.de\/wp-content\/uploads\/2021\/10\/zimzs-768x576.jpg 768w, https:\/\/echta-derminga.de\/wp-content\/uploads\/2021\/10\/zimzs.jpg 1000w\" sizes=\"auto, (max-width: 700px) 100vw, 700px\" \/><figcaption>Zimtkl\u00e4nge<\/figcaption><\/figure><\/div>\n\n\n\n<p class=\"has-medium-font-size wp-block-paragraph\"><strong>Goldene Hochzeit von Ursula und Werner Klein<\/strong><\/p>\n\n\n\n<p class=\"has-medium-font-size wp-block-paragraph\">Das Fest der Goldene Hochzeit feiern zu d\u00fcrfen bedeutet ein gemeinsames Leben in Liebe und Vertrauen. Am Freitag, 01. Oktober durfte ich dem Jubelpaar Ursula und Werner Klein zu ihrer Goldenen Hochzeit gratulieren. Dabei \u00fcberbrachte ich die Gl\u00fcckw\u00fcnsche des B\u00fcrgermeisters, des Landrates und des Ministerpr\u00e4sidenten. Ursula und Werner Klein verbringen ihre Freizeit gerne mit Reisen. Laut eigener Aussage f\u00fchlen Sie sich sehr wohl in ihrem Heimatort Dirmingen. Ich m\u00f6chte auch an dieser Stelle meine Gl\u00fcckw\u00fcnsche wiederholen und \u00fcbersende die besten Gr\u00fc\u00dfe zum goldenen Hochzeitsjubil\u00e4um.<\/p>\n\n\n\n<div class=\"wp-block-image\"><figure class=\"aligncenter size-large\"><img loading=\"lazy\" decoding=\"async\" width=\"700\" height=\"466\" src=\"https:\/\/echta-derminga.de\/wp-content\/uploads\/2021\/10\/20211001_125417-700x466.jpg\" alt=\"\" class=\"wp-image-10873\" srcset=\"https:\/\/echta-derminga.de\/wp-content\/uploads\/2021\/10\/20211001_125417-700x466.jpg 700w, https:\/\/echta-derminga.de\/wp-content\/uploads\/2021\/10\/20211001_125417-300x200.jpg 300w, https:\/\/echta-derminga.de\/wp-content\/uploads\/2021\/10\/20211001_125417-768x511.jpg 768w, https:\/\/echta-derminga.de\/wp-content\/uploads\/2021\/10\/20211001_125417-1536x1022.jpg 1536w, https:\/\/echta-derminga.de\/wp-content\/uploads\/2021\/10\/20211001_125417-2048x1362.jpg 2048w\" sizes=\"auto, (max-width: 700px) 100vw, 700px\" \/><figcaption>Gl\u00fcckwunsch zur Goldenen Hochzeit<\/figcaption><\/figure><\/div>\n\n\n\n<p class=\"has-medium-font-size wp-block-paragraph\"><strong>Vor der offiziellen Er\u00f6ffnung &#8211; Das erste Bier gen\u00fcsslich getrunken!<\/strong><\/p>\n\n\n\n<p class=\"has-medium-font-size wp-block-paragraph\">Auf Einladung des neuen Wirte-Teams des Gasthauses &#8222;Schuhhannesse&#8220; durfte ich das erste selbst gezapfte Pils aus der nigelnagelneuen Zapfanlage genie\u00dfen. Nach vielen endlosen Monaten \u00f6ffnet das \u201eSchuhhannesse\u201c am 07. Oktober ab 16:00 Uhr wieder seine Pforten. P\u00fcnktlich zur 275. \u201eDerminga Kerb\u201c kehrt ein St\u00fcck \u201eDerminga\u201c Geschichte zur\u00fcck. Die Bev\u00f6lkerung ist herzlich zu dieser Neuer\u00f6ffnung eingeladen. Die neue Besitzerin Margarethe Schmidt freut sich auf ihren Besuch.<\/p>\n\n\n\n<div class=\"wp-block-image\"><figure class=\"aligncenter size-large\"><img loading=\"lazy\" decoding=\"async\" width=\"700\" height=\"489\" src=\"https:\/\/echta-derminga.de\/wp-content\/uploads\/2021\/10\/schui-700x489.jpg\" alt=\"\" class=\"wp-image-10875\" srcset=\"https:\/\/echta-derminga.de\/wp-content\/uploads\/2021\/10\/schui-700x489.jpg 700w, https:\/\/echta-derminga.de\/wp-content\/uploads\/2021\/10\/schui-300x210.jpg 300w, https:\/\/echta-derminga.de\/wp-content\/uploads\/2021\/10\/schui-768x537.jpg 768w, https:\/\/echta-derminga.de\/wp-content\/uploads\/2021\/10\/schui.jpg 1000w\" sizes=\"auto, (max-width: 700px) 100vw, 700px\" \/><figcaption>Zum Wohl, auf eine gute, gemeinsame Zukunft<\/figcaption><\/figure><\/div>\n\n\n\n<p class=\"has-medium-font-size wp-block-paragraph\"><strong>B\u00fcttelseck erstrahlt im neuen Glanz<\/strong><\/p>\n\n\n\n<p class=\"has-medium-font-size wp-block-paragraph\">Das B\u00fcttelseck erstrahlt in neuer Sch\u00f6nheit. Verantwortlich daf\u00fcr ist in erster Linie der zust\u00e4ndige Pate Harald Gerstner. Aber auch der Bauhof der Gemeinde Eppelborn und viele kleine flei\u00dfigen ehrenamtlichen Mitstreiter haben ihren Beitrag geleistet. Das B\u00fcttelseck ist ein Beispiel daf\u00fcr, was wir gemeinsam erreichen k\u00f6nnen, wenn wir Hand in Hand zusammenarbeiten. Mittlerweile finden sich immer mehr Leute, die ein Zeichen f\u00fcr unser Dorf setzten, m\u00f6chten. Zuletzt gab es eine gro\u00dfz\u00fcgige Geldspende unserer \u00c4rztin Dr. Bungert-Feldmann f\u00fcr die Bepflanzung und Aufwertung des B\u00fcttelseck. Vielen Dank liebe Dr. Katrin Bungert-Feldmann f\u00fcr diese gro\u00dfartige Unterst\u00fctzung.<\/p>\n\n\n\n<div class=\"wp-block-image\"><figure class=\"aligncenter size-large is-resized\"><img loading=\"lazy\" decoding=\"async\" src=\"https:\/\/echta-derminga.de\/wp-content\/uploads\/2021\/10\/0000-700x331.jpg\" alt=\"\" class=\"wp-image-10877\" width=\"700\" height=\"331\" srcset=\"https:\/\/echta-derminga.de\/wp-content\/uploads\/2021\/10\/0000-700x331.jpg 700w, https:\/\/echta-derminga.de\/wp-content\/uploads\/2021\/10\/0000-300x142.jpg 300w, https:\/\/echta-derminga.de\/wp-content\/uploads\/2021\/10\/0000-768x363.jpg 768w, https:\/\/echta-derminga.de\/wp-content\/uploads\/2021\/10\/0000-1536x727.jpg 1536w, https:\/\/echta-derminga.de\/wp-content\/uploads\/2021\/10\/0000-2048x969.jpg 2048w\" sizes=\"auto, (max-width: 700px) 100vw, 700px\" \/><\/figure><\/div>\n\n\n\n<figure class=\"wp-block-gallery columns-3 is-cropped wp-block-gallery-1 is-layout-flex wp-block-gallery-is-layout-flex\"><ul class=\"blocks-gallery-grid\"><li class=\"blocks-gallery-item\"><figure><img loading=\"lazy\" decoding=\"async\" width=\"700\" height=\"331\" src=\"https:\/\/echta-derminga.de\/wp-content\/uploads\/2021\/10\/100-1-700x331.jpg\" alt=\"\" data-id=\"10878\" data-link=\"https:\/\/echta-derminga.de\/?attachment_id=10878\" class=\"wp-image-10878\" srcset=\"https:\/\/echta-derminga.de\/wp-content\/uploads\/2021\/10\/100-1-700x331.jpg 700w, https:\/\/echta-derminga.de\/wp-content\/uploads\/2021\/10\/100-1-300x142.jpg 300w, https:\/\/echta-derminga.de\/wp-content\/uploads\/2021\/10\/100-1-768x363.jpg 768w, https:\/\/echta-derminga.de\/wp-content\/uploads\/2021\/10\/100-1.jpg 1000w\" sizes=\"auto, (max-width: 700px) 100vw, 700px\" \/><\/figure><\/li><li class=\"blocks-gallery-item\"><figure><img loading=\"lazy\" decoding=\"async\" width=\"700\" height=\"331\" src=\"https:\/\/echta-derminga.de\/wp-content\/uploads\/2021\/10\/200-1-700x331.jpg\" alt=\"\" data-id=\"10879\" data-link=\"https:\/\/echta-derminga.de\/?attachment_id=10879\" class=\"wp-image-10879\" srcset=\"https:\/\/echta-derminga.de\/wp-content\/uploads\/2021\/10\/200-1-700x331.jpg 700w, https:\/\/echta-derminga.de\/wp-content\/uploads\/2021\/10\/200-1-300x142.jpg 300w, https:\/\/echta-derminga.de\/wp-content\/uploads\/2021\/10\/200-1-768x363.jpg 768w, https:\/\/echta-derminga.de\/wp-content\/uploads\/2021\/10\/200-1.jpg 1000w\" sizes=\"auto, (max-width: 700px) 100vw, 700px\" \/><\/figure><\/li><li class=\"blocks-gallery-item\"><figure><img loading=\"lazy\" decoding=\"async\" width=\"700\" height=\"331\" src=\"https:\/\/echta-derminga.de\/wp-content\/uploads\/2021\/10\/300-700x331.jpg\" alt=\"\" data-id=\"10880\" data-full-url=\"https:\/\/echta-derminga.de\/wp-content\/uploads\/2021\/10\/300.jpg\" data-link=\"https:\/\/echta-derminga.de\/?attachment_id=10880\" class=\"wp-image-10880\" srcset=\"https:\/\/echta-derminga.de\/wp-content\/uploads\/2021\/10\/300-700x331.jpg 700w, https:\/\/echta-derminga.de\/wp-content\/uploads\/2021\/10\/300-300x142.jpg 300w, https:\/\/echta-derminga.de\/wp-content\/uploads\/2021\/10\/300-768x363.jpg 768w, https:\/\/echta-derminga.de\/wp-content\/uploads\/2021\/10\/300.jpg 1000w\" sizes=\"auto, (max-width: 700px) 100vw, 700px\" \/><\/figure><\/li><\/ul><\/figure>\n\n\n\n<p class=\"has-medium-font-size wp-block-paragraph\"><strong>Bau der Dirminger Boulhalle schreitet voran<\/strong><\/p>\n\n\n\n<p class=\"has-medium-font-size wp-block-paragraph\">Was an der Dirminger Tennisanlage in ehrenamtlicher Arbeit errichtet wird, ist aller Ehren wert. Der Boule Verein Dirmingen erbaut dort, wie bereits mehrfach berichtet eine Boule Halle. Die Bauarbeiten schreiten nun t\u00e4glich immer weiter voran. Ich kann den Verein nur begl\u00fcckw\u00fcnschen. Die vielen helfenden H\u00e4nde k\u00f6nnen sehr stolz auf ihre Leistung sein. Ich hoffe, dass der Boule verein schon sehr bald in sein neues Zuhause einziehen kann.<\/p>\n\n\n\n<div class=\"wp-block-image\"><figure class=\"aligncenter size-large\"><img loading=\"lazy\" decoding=\"async\" width=\"700\" height=\"358\" src=\"https:\/\/echta-derminga.de\/wp-content\/uploads\/2021\/10\/bool-700x358.jpg\" alt=\"\" class=\"wp-image-10882\" srcset=\"https:\/\/echta-derminga.de\/wp-content\/uploads\/2021\/10\/bool-700x358.jpg 700w, https:\/\/echta-derminga.de\/wp-content\/uploads\/2021\/10\/bool-300x154.jpg 300w, https:\/\/echta-derminga.de\/wp-content\/uploads\/2021\/10\/bool-768x393.jpg 768w, https:\/\/echta-derminga.de\/wp-content\/uploads\/2021\/10\/bool.jpg 1000w\" sizes=\"auto, (max-width: 700px) 100vw, 700px\" \/><figcaption>Neue Boulehalle<\/figcaption><\/figure><\/div>\n\n\n\n<p class=\"has-medium-font-size wp-block-paragraph\"><strong>Vortrag zum Thema &#8222;Immobilien in der Erbschaft<\/strong>&#8222;<\/p>\n\n\n\n<p class=\"has-medium-font-size wp-block-paragraph\">Zum Thema \u201eImmobilien in der Erbschaft\u201c- Streit vermeiden \u2013 Verm\u00f6gen erhalten findet am 15. Oktober um 18:00 Uhr im evangelischen Gemeindehaus ein Vortrag mit Dr. Rainer Fries, Vorsitzender Richter am Landgericht Saarbr\u00fccken im Spezialzust\u00e4ndigkeit Erbrecht statt. Aufgrund limitierter Pl\u00e4tze bittet das Unternehmen ims-immobilienmanagement Gmbh darum sich telefonisch 0 68 27 \/ 30 50 153 oder per E-Mail unter info@ims-immobilienmanagement.de anzumelden. Die Veranstaltung erfolgt nach den 3G Regeln. Der Eintritt ist kostenlos und wird in Kooperation mit der ev. Kirchengemeinde Dirmingen durchgef\u00fchrt. &nbsp;<\/p>\n\n\n\n<p class=\"has-medium-font-size wp-block-paragraph\"><strong>Richtungsweisende Sitzung des Dirminger Ortsrates<\/strong><\/p>\n\n\n\n<p class=\"has-medium-font-size wp-block-paragraph\">Am Donnerstag, 07. Oktober findet im Nebenraum der Borrwieshalle die n\u00e4chste Sitzung des Ortsrates statt. Dabei steht ein Antrag auf Erstellung eines Bebauungsplans zur \u00c4nderung des Bebauungsplans \u201eOrtsmitte Dirmingen\u201c auf der Tagesordnung. Die Teil\u00e4nderung des Bebauungsplans mit paralleler Teil\u00e4nderung des Fl\u00e4chennutzungsplans ist bez\u00fcglich der Ansiedlung eines Verbrauchermarktes unbedingt erforderlich. Die verantwortliche Projektleitung befindet sich w\u00e4hrenddessen auf einem guten Weg. Wir alle sind bez\u00fcglich des geplanten Neubaus eines Verbrauchermarktes auch \u00fcberparteiisch guter Hoffnung. Der Ortsrat befasst sich au\u00dferdem mit der Aufstellung einer neuen Priorit\u00e4tenliste f\u00fcr die Haushaltsplanung 2022 bis 2025. Die Teilnahme der Bev\u00f6lkerung ist zum \u00f6ffentlichen Teil der Sitzung zugelassen. Die n\u00e4chste Sitzung des Gemeinderates wird am 14. Oktober stattfinden.<\/p>\n\n\n\n<div class=\"wp-block-image\"><figure class=\"aligncenter size-large\"><img loading=\"lazy\" decoding=\"async\" width=\"700\" height=\"385\" src=\"https:\/\/echta-derminga.de\/wp-content\/uploads\/2021\/05\/dorf-700x385.png\" alt=\"\" class=\"wp-image-9609\" srcset=\"https:\/\/echta-derminga.de\/wp-content\/uploads\/2021\/05\/dorf-700x385.png 700w, https:\/\/echta-derminga.de\/wp-content\/uploads\/2021\/05\/dorf-300x165.png 300w, https:\/\/echta-derminga.de\/wp-content\/uploads\/2021\/05\/dorf-768x422.png 768w, https:\/\/echta-derminga.de\/wp-content\/uploads\/2021\/05\/dorf.png 951w\" sizes=\"auto, (max-width: 700px) 100vw, 700px\" \/><figcaption>Gro\u00dfe Hoffnung<\/figcaption><\/figure><\/div>\n\n\n\n<p class=\"has-medium-font-size wp-block-paragraph\"><strong>Rommelbooze-Schnitze am B\u00fcttelseck<\/strong><\/p>\n\n\n\n<p class=\"has-medium-font-size wp-block-paragraph\">Am Samstag, 16. Oktober 2021 findet erstmals die Veranstaltung \u201eRommelbooze-Schnitze am B\u00fcttelseck statt. Die Teilnahme ist kostenlos, wobei eine Voranmeldung unbedingt erforderlich ist. Bitte melden Sie ihre Kinder bei mir pers\u00f6nlich unter der Nummer 0172 6027216 an. Die Einladung gilt f\u00fcr Kinder wie auch f\u00fcr Erwachsene. Die Veranstaltung beginnt mit einem \u201eMit-mach-Gottesdienst in der Evangelischen Kirche Dirmingen. Anschlie\u00dfend werden wir gemeinsam zum B\u00fcttelseck spazieren, um dort zur Tat zu schreiten. Die Kosten f\u00fcr die Futterr\u00fcben werden von mir \u00fcbernommen. Jedes Kind sollte Messer, L\u00f6ffel und Kerze selbst mitbringen. Der Kulturverein Dirmingen und die Evangelische Kirchengemeinde Dirmingen unterst\u00fctzen diese Veranstaltung.<\/p>\n\n\n\n<p class=\"has-medium-font-size wp-block-paragraph\">Wir befinden uns auf ruhigerem Fahrwasser auf dem Weg in eine bessere Zukunft. Ich m\u00f6chte Sie erneut einladen mitzumachen und anzupacken. Unser Dorf hat vieles zu bieten und ist dabei durchaus liebens- und lebenswert.<\/p>\n\n\n\n<p class=\"has-medium-font-size wp-block-paragraph\">Denken Sie immer daran, es \u00e4ndert sich hier \u00fcberhaupt nichts, wenn WIR es nicht \u00e4ndern.<\/p>\n\n\n\n<p class=\"has-medium-font-size wp-block-paragraph\">In diesem Sinne, bleiben Sie entspannt, gesund und heimattreu.<\/p>\n\n\n\n<p class=\"has-medium-font-size wp-block-paragraph\">Ihr Ortsvorsteher<\/p>\n\n\n\n<p class=\"has-medium-font-size wp-block-paragraph\"><em><strong>Frank Klein<\/strong><\/em><\/p>\n\n\n\n<figure class=\"wp-block-gallery columns-3 is-cropped wp-block-gallery-2 is-layout-flex wp-block-gallery-is-layout-flex\"><ul class=\"blocks-gallery-grid\"><li class=\"blocks-gallery-item\"><figure><img loading=\"lazy\" decoding=\"async\" width=\"627\" height=\"892\" src=\"https:\/\/echta-derminga.de\/wp-content\/uploads\/2021\/10\/Rommelschnitze-1.png\" alt=\"\" data-id=\"10886\" data-link=\"https:\/\/echta-derminga.de\/?attachment_id=10886\" class=\"wp-image-10886\" srcset=\"https:\/\/echta-derminga.de\/wp-content\/uploads\/2021\/10\/Rommelschnitze-1.png 627w, https:\/\/echta-derminga.de\/wp-content\/uploads\/2021\/10\/Rommelschnitze-1-211x300.png 211w\" sizes=\"auto, (max-width: 627px) 100vw, 627px\" \/><\/figure><\/li><li class=\"blocks-gallery-item\"><figure><img loading=\"lazy\" decoding=\"async\" width=\"640\" height=\"853\" src=\"https:\/\/echta-derminga.de\/wp-content\/uploads\/2021\/10\/Kerb-Werbung-1.jpg\" alt=\"\" data-id=\"10887\" data-link=\"https:\/\/echta-derminga.de\/?attachment_id=10887\" class=\"wp-image-10887\" srcset=\"https:\/\/echta-derminga.de\/wp-content\/uploads\/2021\/10\/Kerb-Werbung-1.jpg 640w, https:\/\/echta-derminga.de\/wp-content\/uploads\/2021\/10\/Kerb-Werbung-1-225x300.jpg 225w\" sizes=\"auto, (max-width: 640px) 100vw, 640px\" \/><\/figure><\/li><li class=\"blocks-gallery-item\"><figure><img loading=\"lazy\" decoding=\"async\" width=\"509\" height=\"720\" src=\"https:\/\/echta-derminga.de\/wp-content\/uploads\/2021\/10\/243475557_264193242154410_3930777317437308266_n.jpg\" alt=\"\" data-id=\"10888\" data-full-url=\"https:\/\/echta-derminga.de\/wp-content\/uploads\/2021\/10\/243475557_264193242154410_3930777317437308266_n.jpg\" data-link=\"https:\/\/echta-derminga.de\/?attachment_id=10888\" class=\"wp-image-10888\" srcset=\"https:\/\/echta-derminga.de\/wp-content\/uploads\/2021\/10\/243475557_264193242154410_3930777317437308266_n.jpg 509w, https:\/\/echta-derminga.de\/wp-content\/uploads\/2021\/10\/243475557_264193242154410_3930777317437308266_n-212x300.jpg 212w\" sizes=\"auto, (max-width: 509px) 100vw, 509px\" \/><\/figure><\/li><\/ul><\/figure>\n","protected":false},"excerpt":{"rendered":"<p>Mit dem Oktober zieht der Herbst \u00fcber das Land. Nach den neuerlichen Lockerungen bez\u00fcglich der Hygieneverordnung w\u00e4chst die Hoffnung auf eine bessere Zukunft. Unsere Vereine sch\u00f6pfen neuen Mut und planen erste gr\u00f6\u00dfere Veranstaltungen. Der Kulturverein Dirmingen geht mit gutem Beispiel voran und k\u00fcndigt nun nach seiner Beteiligung an der 275. \u201eDerminga Kerb\u201c die Durchf\u00fchrung einer gro\u00dfen Adventsveranstaltung, rund um die<\/p>\n","protected":false},"author":1,"featured_media":10870,"comment_status":"open","ping_status":"closed","sticky":false,"template":"","format":"standard","meta":{"_crdt_document":"","footnotes":""},"categories":[1,9,812],"tags":[5,618,953,127,634,795,310],"class_list":["post-10863","post","type-post","status-publish","format-standard","has-post-thumbnail","hentry","category-allgemein","category-dorfgetratsche","category-ortsvorsteher-dirmingen","tag-dirmingen","tag-gemeinde-eppelborn","tag-kerb2021","tag-landkreis-neunkirchen","tag-ortsvorsteher","tag-ortsvorsteher-dirmingen","tag-saarland"],"_links":{"self":[{"href":"https:\/\/echta-derminga.de\/index.php?rest_route=\/wp\/v2\/posts\/10863","targetHints":{"allow":["GET"]}}],"collection":[{"href":"https:\/\/echta-derminga.de\/index.php?rest_route=\/wp\/v2\/posts"}],"about":[{"href":"https:\/\/echta-derminga.de\/index.php?rest_route=\/wp\/v2\/types\/post"}],"author":[{"embeddable":true,"href":"https:\/\/echta-derminga.de\/index.php?rest_route=\/wp\/v2\/users\/1"}],"replies":[{"embeddable":true,"href":"https:\/\/echta-derminga.de\/index.php?rest_route=%2Fwp%2Fv2%2Fcomments&post=10863"}],"version-history":[{"count":15,"href":"https:\/\/echta-derminga.de\/index.php?rest_route=\/wp\/v2\/posts\/10863\/revisions"}],"predecessor-version":[{"id":10890,"href":"https:\/\/echta-derminga.de\/index.php?rest_route=\/wp\/v2\/posts\/10863\/revisions\/10890"}],"wp:featuredmedia":[{"embeddable":true,"href":"https:\/\/echta-derminga.de\/index.php?rest_route=\/wp\/v2\/media\/10870"}],"wp:attachment":[{"href":"https:\/\/echta-derminga.de\/index.php?rest_route=%2Fwp%2Fv2%2Fmedia&parent=10863"}],"wp:term":[{"taxonomy":"category","embeddable":true,"href":"https:\/\/echta-derminga.de\/index.php?rest_route=%2Fwp%2Fv2%2Fcategories&post=10863"},{"taxonomy":"post_tag","embeddable":true,"href":"https:\/\/echta-derminga.de\/index.php?rest_route=%2Fwp%2Fv2%2Ftags&post=10863"}],"curies":[{"name":"wp","href":"https:\/\/api.w.org\/{rel}","templated":true}]}}