{"id":10897,"date":"2021-10-10T11:32:22","date_gmt":"2021-10-10T10:32:22","guid":{"rendered":"https:\/\/echta-derminga.de\/?p=10897"},"modified":"2021-10-10T11:32:24","modified_gmt":"2021-10-10T10:32:24","slug":"ortsrat-verabschiedet-gemeinsame-prioritaetenliste-auf-augenhoehe","status":"publish","type":"post","link":"https:\/\/echta-derminga.de\/?p=10897","title":{"rendered":"Ortsrat verabschiedet gemeinsame Priorit\u00e4tenliste auf Augenh\u00f6he"},"content":{"rendered":"\n<p class=\"has-medium-font-size wp-block-paragraph\"><strong>Der Dirminger Ortsrat besch\u00e4ftigte sich in seiner letzten Sitzung mit der Aufstellung einer Priorit\u00e4tenliste f\u00fcr die Haushaltjahre 2022 -2025.<\/strong><\/p>\n\n\n\n<p class=\"has-medium-font-size wp-block-paragraph\">Mit seiner Priorit\u00e4tenliste listet der Ortsrat eine Anzahl von W\u00fcnschen auf, die im Haushalt verankert und von der Gemeindeverwaltung umgesetzt werden sollten. In der Vergangenheit wurde viel \u00fcber die Aufstellung dieser Wunschliste diskutiert. Selten fanden die im Ortsrat befindlichen Parteien einen gemeinsamen Nenner. Meistens wurde der Vorschlag der Mehrheitsfraktion verabschiedet. Dies sorgte im Nachhinein stets f\u00fcr Unmut und weitere Reibereien. Nicht nur aufgrund dieser historischen Gegebenheiten war ich als zust\u00e4ndiger Ortsvorsteher sehr gespannt, inwieweit die in unserem Ortsrat befindlichen Parteien ein gemeinsames Konzept erarbeiten k\u00f6nnen.<\/p>\n\n\n\n<p class=\"has-medium-font-size wp-block-paragraph\"><strong>Schnell wurde jedoch deutlich, dass die Fraktionen mehr verbindet, als man vielleicht denkt. Die beiden eingereichten Vorschlagslisten hatten viele Gemeinsamkeiten. Die Debatte wurde in einem konstruktiven Gedankenaustausch ohne gro\u00dfe Emotionen und mit viel Verst\u00e4ndnis gef\u00fchrt. Ich gewann recht fr\u00fch den Eindruck, dass es den Fraktionen wirklich nur und die Sache und um das Wohl unseres Dorfes geht. Es gab keine parteiischen Gepl\u00e4nkel oder gegenseitige Vorw\u00fcrfe. Vielmehr wurde abgewogen und Gemeinsamkeiten ausgetauscht. Am Ende verabschiedeten wir eine gemeinsame Priorit\u00e4tenliste mit der Handschrift aller im Ortsrat befindlicher Fraktionen. Der alte Fu\u00dfballspruch: \u201e&#8230;&#8230;in den Farben getrennt, in der Sache geeint\u201c gewann an diesem Abend an Bedeutung.<\/strong><\/p>\n\n\n\n<p class=\"has-medium-font-size wp-block-paragraph\">Schon bei den Beschl\u00fcssen f\u00fcr einen Verbrauchermarkt in Dirmingen wurde konstruktiv und gut zusammengearbeitet. Letztendlich ist es auch der Geschlossenheit unseres Ortsrates zu danken, dass wohlm\u00f6glich schon recht zeitnah ein Verbrauchermarkt in Dirmingen entstehen wird. Im Optimalfall k\u00f6nnte es bereits gegen Ende des n\u00e4chsten Jahres soweit sein. Realistischer ist jedoch die Einsch\u00e4tzung, dass wir uns im Fr\u00fchjahr 2023 \u00fcber eine Gesch\u00e4ftser\u00f6ffnung freuen d\u00fcrfen.<\/p>\n\n\n\n<p class=\"has-medium-font-size wp-block-paragraph\"><strong>Als Ortsvorsteher bin ich sehr stolz auf die konstruktive Zusammenarbeit aller Mandatstr\u00e4ger in unserem Gremium. Genauso macht Kommunalpolitik Sinn und am Ende auch Spa\u00df. Ich denke, der Ortsrat ist an diesem Abend seiner Verantwortung gerecht geworden. Die Menschen in unserem Dorf erwarten gerade auf kommunaler Ebene einen Dialog auf Augenh\u00f6he ohne politische Spielereien und Z\u00e4nkereien.<\/strong><\/p>\n\n\n\n<p class=\"has-medium-font-size wp-block-paragraph\">Nat\u00fcrlich sind gerade in der Politik Diskussionen und Meinungsunterschiede f\u00f6rderlich und auch hilfreich. Im Dorf sollte jedoch immer der Mensch und das Wohl unserer Heimat in den Vordergrund gestellt werden. Genau das, ist unserem Ortsrat bei der Aufstellung seiner Priorit\u00e4tenliste gut gelungen.<\/p>\n\n\n\n<p class=\"has-medium-font-size wp-block-paragraph\"><strong>Priorit\u00e4tenliste Haushalt 2022 -2025<\/strong><\/p>\n\n\n\n<p class=\"has-medium-font-size wp-block-paragraph\">1.&nbsp;&nbsp;&nbsp;&nbsp;&nbsp;&nbsp;&nbsp; Neugestaltung und Aufwertung Br\u00fchlpark Dirmingen<\/p>\n\n\n\n<p class=\"has-medium-font-size wp-block-paragraph\">2.&nbsp;&nbsp;&nbsp;&nbsp;&nbsp;&nbsp;&nbsp; Errichtung eines Verbrauchermarktes, Sanierung Ortsmitte, Schaffung eines Dorfgemeinschaftshauses<\/p>\n\n\n\n<p class=\"has-medium-font-size wp-block-paragraph\">3.&nbsp;&nbsp;&nbsp;&nbsp;&nbsp;&nbsp;&nbsp; Energetische Sanierung Borrwieshalle, Feuerwehrger\u00e4tehaus mit Installation einer Abgasabsaugung<\/p>\n\n\n\n<p class=\"has-medium-font-size wp-block-paragraph\">4.&nbsp;&nbsp;&nbsp;&nbsp;&nbsp;&nbsp;&nbsp; Neugestaltung des Bereichs \u201eSch\u00f6ne Aussicht\u201cund ehemaliges Denkmal,<\/p>\n\n\n\n<p class=\"has-medium-font-size wp-block-paragraph\">5.&nbsp;&nbsp;&nbsp;&nbsp;&nbsp;&nbsp;&nbsp; Schaffung eines Jugendzentrums in Dirmingen<\/p>\n\n\n\n<p class=\"has-medium-font-size wp-block-paragraph\">6.&nbsp;&nbsp;&nbsp;&nbsp;&nbsp;&nbsp;&nbsp; Anschaffung eines MTW f\u00fcr die Jugendwehr des L\u00f6schbezirks Dirmingen<\/p>\n\n\n\n<p class=\"has-medium-font-size wp-block-paragraph\">7.&nbsp;&nbsp;&nbsp;&nbsp;&nbsp;&nbsp;&nbsp; Energetische Umr\u00fcstung der Stra\u00dfenbeleuchtung durch LED- Leuchtmittel<\/p>\n\n\n\n<p class=\"has-medium-font-size wp-block-paragraph\">8.&nbsp;&nbsp;&nbsp;&nbsp;&nbsp;&nbsp;&nbsp; Hangabsicherung Thalexweilerstra\u00dfe<\/p>\n\n\n\n<p class=\"has-medium-font-size wp-block-paragraph\">9.&nbsp;&nbsp;&nbsp;&nbsp;&nbsp;&nbsp;&nbsp; Schaffung von bezahlbarem Wohnraum f\u00fcr Senioren und junge Familien<\/p>\n\n\n\n<p class=\"has-medium-font-size wp-block-paragraph\">10.&nbsp;&nbsp;&nbsp;&nbsp;&nbsp; Schaffung neue Rad- und Wanderwege mit F\u00f6rderung des sanften Tourismus<\/p>\n\n\n\n<p class=\"has-medium-font-size wp-block-paragraph\">Die Nummerierung und folge dieser Wunschliste spielt eher eine untergeordnete Rolle. Vielmehr deutet Sie auf eine gewisse Dringlichkeit hin. Die verschiedenen Fraktionen legen gro\u00dfen Wert darauf, dass alle Punkte, wenn m\u00f6glich zeitnah umgesetzt werden. Nat\u00fcrlich ist es den Mandatstr\u00e4gern bewusst, dass man f\u00fcr vieles auch Zeit, Gl\u00fcck und Geld brauchen.<\/p>\n\n\n\n<p class=\"has-medium-font-size wp-block-paragraph\"><strong>Die Zusammenarbeit aller Fraktionen im Ortsrat ist blendend und k\u00f6nnte f\u00fcr viele als Vorbild dienen. Ich denke es ist an der Zeit, den Menschen unseres Dorfes zu verdeutlichen, dass in ihrem Ortsrat ein gutes und faires Miteinander herrscht. Ich spreche von einem Dialog auf Augenh\u00f6he und gegenseitigem Respekt. Genauso haben es die Menschen in unserer Heimat verdient.\u00a0<\/strong><\/p>\n\n\n\n<p class=\"has-medium-font-size wp-block-paragraph\">Die Zeiten von Vorw\u00fcrfen, Beleidigungen und respektlosem Verhalten haben gottlob ein Ende gefunden. Bleib die Frage wie lange der Burgfrieden h\u00e4lt? Ist dies alles nur eine Zeitaufnahme? Ich pers\u00f6nlich bin fest davon \u00fcberzeugt, dass ein Umdenken stattgefunden hat. Warum sollte man wegen einer politischen Grundeinstellung einen Freund, Bekannten oder Mitb\u00fcrger fertigmachen, beleidigen oder diskriminieren wollen? Im Grunde geht es uns doch allen nur um das Wohl unseres Heimatortes. Ein faires Miteinander in einem politischen Gremium f\u00f6rdert zudem die Akzeptanz in der Bev\u00f6lkerung.<\/p>\n\n\n\n<p class=\"has-medium-font-size wp-block-paragraph\"><strong>Aktuell bin ich mit der Arbeit aller Fraktionen im Ortsrat sehr zufrieden. Ich hege gro\u00dfe Hoffnung, dass dies auch zuk\u00fcnftig so bleibt. Daf\u00fcr sind wir gew\u00e4hlt !<\/strong> <strong>Es ist an der Zeit verspielten Kredit zur\u00fcckzugewinnen. <\/strong><\/p>\n","protected":false},"excerpt":{"rendered":"<p>Der Dirminger Ortsrat besch\u00e4ftigte sich in seiner letzten Sitzung mit der Aufstellung einer Priorit\u00e4tenliste f\u00fcr die Haushaltjahre 2022 -2025. Mit seiner Priorit\u00e4tenliste listet der Ortsrat eine Anzahl von W\u00fcnschen auf, die im Haushalt verankert und von der Gemeindeverwaltung umgesetzt werden sollten. In der Vergangenheit wurde viel \u00fcber die Aufstellung dieser Wunschliste diskutiert. Selten fanden die im Ortsrat befindlichen Parteien einen<\/p>\n","protected":false},"author":1,"featured_media":9609,"comment_status":"open","ping_status":"closed","sticky":false,"template":"","format":"standard","meta":{"_crdt_document":"","footnotes":""},"categories":[1,9,46],"tags":[5,618,127,203,634,795,310],"class_list":["post-10897","post","type-post","status-publish","format-standard","has-post-thumbnail","hentry","category-allgemein","category-dorfgetratsche","category-meine-politik","tag-dirmingen","tag-gemeinde-eppelborn","tag-landkreis-neunkirchen","tag-ortsrat-dirmingen","tag-ortsvorsteher","tag-ortsvorsteher-dirmingen","tag-saarland"],"_links":{"self":[{"href":"https:\/\/echta-derminga.de\/index.php?rest_route=\/wp\/v2\/posts\/10897","targetHints":{"allow":["GET"]}}],"collection":[{"href":"https:\/\/echta-derminga.de\/index.php?rest_route=\/wp\/v2\/posts"}],"about":[{"href":"https:\/\/echta-derminga.de\/index.php?rest_route=\/wp\/v2\/types\/post"}],"author":[{"embeddable":true,"href":"https:\/\/echta-derminga.de\/index.php?rest_route=\/wp\/v2\/users\/1"}],"replies":[{"embeddable":true,"href":"https:\/\/echta-derminga.de\/index.php?rest_route=%2Fwp%2Fv2%2Fcomments&post=10897"}],"version-history":[{"count":8,"href":"https:\/\/echta-derminga.de\/index.php?rest_route=\/wp\/v2\/posts\/10897\/revisions"}],"predecessor-version":[{"id":10909,"href":"https:\/\/echta-derminga.de\/index.php?rest_route=\/wp\/v2\/posts\/10897\/revisions\/10909"}],"wp:featuredmedia":[{"embeddable":true,"href":"https:\/\/echta-derminga.de\/index.php?rest_route=\/wp\/v2\/media\/9609"}],"wp:attachment":[{"href":"https:\/\/echta-derminga.de\/index.php?rest_route=%2Fwp%2Fv2%2Fmedia&parent=10897"}],"wp:term":[{"taxonomy":"category","embeddable":true,"href":"https:\/\/echta-derminga.de\/index.php?rest_route=%2Fwp%2Fv2%2Fcategories&post=10897"},{"taxonomy":"post_tag","embeddable":true,"href":"https:\/\/echta-derminga.de\/index.php?rest_route=%2Fwp%2Fv2%2Ftags&post=10897"}],"curies":[{"name":"wp","href":"https:\/\/api.w.org\/{rel}","templated":true}]}}