{"id":10900,"date":"2021-10-10T16:33:32","date_gmt":"2021-10-10T15:33:32","guid":{"rendered":"https:\/\/echta-derminga.de\/?p=10900"},"modified":"2021-10-11T17:48:38","modified_gmt":"2021-10-11T16:48:38","slug":"in-sachen-ortsvorsteher-von-wichtigen-beschluessen-einer-grossartigen-finanzspritze-einen-tollen-jubilaeum-und-vorbildlicher-nachwuchsarbeit","status":"publish","type":"post","link":"https:\/\/echta-derminga.de\/?p=10900","title":{"rendered":"In Sachen Ortsvorsteher: Von wichtigen Beschl\u00fcssen, einer gro\u00dfartigen Finanzspritze, einen tollen Jubil\u00e4um und vorbildlicher Nachwuchsarbeit"},"content":{"rendered":"\n<p class=\"has-medium-font-size wp-block-paragraph\"><strong>\u201eDas wir vom Belker sind, halli, hallo, dass wei\u00df ein jedes Kind\u201c. Ich muss zugeben, immer wenn ich dieses Lied h\u00f6re, werde ich ein St\u00fcckweit sentimental. <\/strong><\/p>\n\n\n\n<p class=\"has-medium-font-size wp-block-paragraph\">Der SV Dirmingen hat in meinem Leben immer eine gewichtige Rolle gespielt, von daher war es f\u00fcr mich eine Selbstverst\u00e4ndlichkeit der Frauenabteilung des SV Dirmingen zum 50 Jubil\u00e4um zu gratulieren. Der Verein steht bis heute fest an der Seite seiner Frauenabteilung. Dabei betreibt die Frauenmannschaft des SVD nicht nur Werbung in eigener Sache, sondern auch f\u00fcr unseren Heimatort. Gemeinsam mit B\u00fcrgermeister Feld und vielen Ehreng\u00e4sten und Ortsvereinen durfte ich der Frauenabteilung w\u00e4hrend eines Festkommers auf dem Belker zum Jubil\u00e4um gratulieren. Dabei war es mir sehr wichtig, die anwesenden Mitbegr\u00fcnderinnen der ersten Stunde Gisela K\u00fcnzer, Bea Hoffmann, Annette Detzler und Elfriede Zimmer zu erw\u00e4hnen und zu danken. Frauenfu\u00dfball beim SVD ist etwas ganz besonders. Ich denke jeder Gast hat das im Rahmen dieser gut organisierten Feststunde festgestellt. Mein Dank geht an die zust\u00e4ndige Abteilungsleiterin Mona Schulz, ihren Bruder und Organisator Maurice Schulz und an den kompletten SVD Vorstand um den Vorsitzenden Bjorn Krabbe. Gut, dass ihr alle immer an der Seite unserer Frauenabteilung gestanden habt. Gl\u00fcckwunsch SVD!<\/p>\n\n\n\n<div class=\"wp-block-image\"><figure class=\"aligncenter size-large\"><img loading=\"lazy\" decoding=\"async\" width=\"700\" height=\"372\" src=\"https:\/\/echta-derminga.de\/wp-content\/uploads\/2021\/10\/gruender-Kopie-700x372.jpg\" alt=\"\" class=\"wp-image-10911\" srcset=\"https:\/\/echta-derminga.de\/wp-content\/uploads\/2021\/10\/gruender-Kopie-700x372.jpg 700w, https:\/\/echta-derminga.de\/wp-content\/uploads\/2021\/10\/gruender-Kopie-300x159.jpg 300w, https:\/\/echta-derminga.de\/wp-content\/uploads\/2021\/10\/gruender-Kopie-768x408.jpg 768w, https:\/\/echta-derminga.de\/wp-content\/uploads\/2021\/10\/gruender-Kopie.jpg 857w\" sizes=\"auto, (max-width: 700px) 100vw, 700px\" \/><figcaption>Gemeinsam mit Mitgliedern der Gr\u00fcndungsmannschaft<\/figcaption><\/figure><\/div>\n\n\n\n<p class=\"has-medium-font-size wp-block-paragraph\"><strong>Gasthaus \u201eSchuhhannesse\u201c feiert das Comeback des Jahres<\/strong><\/p>\n\n\n\n<p class=\"has-medium-font-size wp-block-paragraph\">Das alteingesessenes Dirminger Gasthaus Schuhhannesse \u00f6ffnete am Donnerstag, 07. Oktober, unter neuer Leitung, wieder seine Pforten. Aus dem Familienbetrieb der alteingesessenen Familie Guth\u00f6rl wurde eine Eventgastst\u00e4tte mit gro\u00dfartigem Flair. Ich w\u00fcnsche dem Team des neuen \u201eSchuhhannesse\u201c alles erdenklich Gute, viel Erfolg und Gl\u00fcck. Bei der Er\u00f6ffnung herrschte gro\u00dfer Andrang. Viele Vereine, Mandatstr\u00e4ger und Ehreng\u00e4ste gaben sich die Ehre. Auch unser B\u00fcrgermeister Dr. Andreas Feld und der Beigeordnete Christian Ney waren vor Ort. Die Menschen genossen diese Er\u00f6ffnungsfeier und feierten bis in den sp\u00e4ten Abend. Ich pers\u00f6nlich habe bei dieser Neuer\u00f6ffnung ein sehr gutes Gef\u00fchl. Ich w\u00fcnsche dem Team um Margrethe Schmidt alles erdenklich Gute.&nbsp;Unter den G\u00e4sten befanden sich auch Rita Guth\u00f6rl und Inge Wilhelm. Man merkte den beiden Kult- Wirtinnen die Erleichterung an. Ich m\u00f6chte Rita und Inge ganz herzlich f\u00fcr ihre wertvolle Arbeit f\u00fcr unseren Heimatort danken. Mit dieser Er\u00f6ffnung kehrt ein St\u00fcck Normalit\u00e4t in die Dirminger Dorfkultur zur\u00fcck. Gut f\u00fcr Dirmingen.<\/p>\n\n\n\n<div class=\"wp-block-image\"><figure class=\"aligncenter size-large\"><img loading=\"lazy\" decoding=\"async\" width=\"700\" height=\"572\" src=\"https:\/\/echta-derminga.de\/wp-content\/uploads\/2021\/10\/schoeoeoen-700x572.jpg\" alt=\"\" class=\"wp-image-10914\" srcset=\"https:\/\/echta-derminga.de\/wp-content\/uploads\/2021\/10\/schoeoeoen-700x572.jpg 700w, https:\/\/echta-derminga.de\/wp-content\/uploads\/2021\/10\/schoeoeoen-300x245.jpg 300w, https:\/\/echta-derminga.de\/wp-content\/uploads\/2021\/10\/schoeoeoen-768x628.jpg 768w, https:\/\/echta-derminga.de\/wp-content\/uploads\/2021\/10\/schoeoeoen.jpg 1195w\" sizes=\"auto, (max-width: 700px) 100vw, 700px\" \/><figcaption>Auf die Zukunft des Gasthaus &#8222;Schuhhannesse&#8220;<\/figcaption><\/figure><\/div>\n\n\n\n<p class=\"has-medium-font-size wp-block-paragraph\"><strong>Richtungsweisende Sitzung des Dirminger Ortsrates<\/strong><\/p>\n\n\n\n<p class=\"has-medium-font-size wp-block-paragraph\">Am Donnerstag, 07. Oktober 2021 fand im Nebenraum der Dirminger Borrwieshalle eine richtungsweisende Sitzung unseres Ortsrates statt. Dabei stand die Aufstellung einer neuen Priorit\u00e4tenliste f\u00fcr die Haushaltsjahre 2022- 2025 und eine weitere Beschlussfassung zum Bau eines Verbrauchermarktes auf der Tagesordnung. Herr Eisenhutt vom zust\u00e4ndigen Planungsb\u00fcro eines m\u00f6glichen Verbrauchermarktes brachte den Ortsrat auf den aktuellen Stand der Dinge. Wenn es nach den W\u00fcnschen der Gemeindeverwaltung und auch aller befindlichen Parteien im Ortsrat geht, soll in absehbarer Zeit ein Verbrauchermarkt in der Dirminger Ortsmitte entstehen. Derzeit ist das Planungsb\u00fcro mit den Gutachten der Tr\u00e4ger \u00f6ffentlicher Belange besch\u00e4ftigt. Aktuell geht es um ein entsprechendes L\u00e4rmgutachten sowie um ein notwendiges Verkehrsgutachten. Au\u00dferdem arbeitet man an der Schaffung von notwendigen Retentionsm\u00f6glichkeiten. Alles befindet sich auf dem Weg und wir k\u00f6nnen zurecht guter Dinge sein. Der neue Verbrauchermarkt soll \u00fcber eine Fl\u00e4che von 800 m\u00b2 verf\u00fcgen. Wenn es sehr gut l\u00e4uft, k\u00f6nnte der Markt bereits zu Weihnachten 2022 er\u00f6ffnet werden. Realistischer ist jedoch die Einsch\u00e4tzung, dass die Neuer\u00f6ffnung im Fr\u00fchjahr 2023 durchgef\u00fchrt werden kann. Beim Thema Priorit\u00e4tenliste leisteten alle im Ortsrat befindlichen Fraktionen eine gute, harmonische Zusammenarbeit auf Augenh\u00f6he. Es schient so, als geh\u00f6rten die alten Grabenk\u00e4mpfe endg\u00fcltig der Geschichte an. Dem Ortsrat geht es partei\u00fcbergreifend um ein gesundes Miteinander, in dem die Belange unseres Heimatortes stets im Vordergrund stehen. Auf der Priorit\u00e4tenliste befinden sich Themen wie z. b: Aufwertung des Br\u00fchlparks, Sanierung der Ortsmitte, Anschaffung eines MTWs f\u00fcr unsere Jugendwehr, Schaffung eines neuen Jugendzentrums, Energetische Sanierung der Borrwieshalle und des Feuerwehrger\u00e4tehauses und vieles mehr. Bitte verfolgen Sie die \u00d6ffentlichkeitsarbeit unserer politischen Ortsvereine und verschaffen Sie sich ein eigenes Bild.<\/p>\n\n\n\n<div class=\"wp-block-image\"><figure class=\"aligncenter size-large\"><img loading=\"lazy\" decoding=\"async\" width=\"700\" height=\"385\" src=\"https:\/\/echta-derminga.de\/wp-content\/uploads\/2021\/05\/dorf-700x385.png\" alt=\"\" class=\"wp-image-9609\" srcset=\"https:\/\/echta-derminga.de\/wp-content\/uploads\/2021\/05\/dorf-700x385.png 700w, https:\/\/echta-derminga.de\/wp-content\/uploads\/2021\/05\/dorf-300x165.png 300w, https:\/\/echta-derminga.de\/wp-content\/uploads\/2021\/05\/dorf-768x422.png 768w, https:\/\/echta-derminga.de\/wp-content\/uploads\/2021\/05\/dorf.png 951w\" sizes=\"auto, (max-width: 700px) 100vw, 700px\" \/><figcaption>In hoffnungsvoller Erwartung<\/figcaption><\/figure><\/div>\n\n\n\n<p class=\"has-medium-font-size wp-block-paragraph\"><strong>Jugendwehren der Gemeinde Eppelborn \u00fcben in Dirmingen<\/strong><\/p>\n\n\n\n<p class=\"has-medium-font-size wp-block-paragraph\">Bei der Jahreshaupt\u00fcbung der Jugendwehren unserer Gemeinde in unserem Heimatort Dirmingen wurden verschiedene \u00dcbungsszenarien aufgestellt. Dabei wurde u.a ein Verkehrsunfall, eine Personensuche und eine Brandbek\u00e4mpfung dargestellt. Als Zeuge dieser gro\u00dfangelegten \u00dcbung am Sonntag, 10. Oktober am Zentrum \u201eAlte M\u00fchle\u201c durfte ich feststellen, wie gut unsere Jugendwehr in der Gemeinde aufgestellt ist. Besonders Augenmerk habe ich auf unsere Dirminger Jugendwehr gelegt. Der L\u00f6schbezirk Dirmingen leistet seit vieles Jahren vorbildliche Nachwuchsarbeit. Die Einsatzbereitschaft und die Freude, mit der die Kinder zu Werken gingen, hat mich hellauf begeistert. An der gro\u00dfangelegten Jahreshaupt\u00fcbung der Jugendwehren in der Gemeinde waren ca. 86 Kinder und Jugendliche aus unserer Gemeinde beteiligt. Wie wichtig eine gute Ausbildung tats\u00e4chlich ist, konnten wir im Laufe dieser Woche wieder feststellen. Unser L\u00f6schbezirk Dirmingen musste zu verschiedenen Gro\u00dfeins\u00e4tzen ausr\u00fccken und leistete dabei hervorragend Arbeit. Ich m\u00f6chte mich herzlich bei den Verantwortlichen der Dirminger Jugendwehr Stefan Wagner und David Spindler bedanken. Gro\u00dfes Lob, Respekt und Anerkennung an unsere Dirminger Jugendwehr. Um die Zukunft des L\u00f6schbezirks Dirmingen ist mir nicht bange. Gut Wehr!<\/p>\n\n\n\n<div class=\"wp-block-image\"><figure class=\"aligncenter size-large\"><img loading=\"lazy\" decoding=\"async\" width=\"700\" height=\"331\" src=\"https:\/\/echta-derminga.de\/wp-content\/uploads\/2021\/10\/Jugendwehr-Kopie-700x331.jpg\" alt=\"\" class=\"wp-image-10937\" srcset=\"https:\/\/echta-derminga.de\/wp-content\/uploads\/2021\/10\/Jugendwehr-Kopie-700x331.jpg 700w, https:\/\/echta-derminga.de\/wp-content\/uploads\/2021\/10\/Jugendwehr-Kopie-300x142.jpg 300w, https:\/\/echta-derminga.de\/wp-content\/uploads\/2021\/10\/Jugendwehr-Kopie-768x363.jpg 768w, https:\/\/echta-derminga.de\/wp-content\/uploads\/2021\/10\/Jugendwehr-Kopie.jpg 1000w\" sizes=\"auto, (max-width: 700px) 100vw, 700px\" \/><figcaption>Jugendwehr im Einsatz<\/figcaption><\/figure><\/div>\n\n\n\n<p class=\"has-medium-font-size wp-block-paragraph\"><strong>Dirminger Br\u00fchlpark erh\u00e4lt zukunftsorientierte Aufwertung<\/strong><\/p>\n\n\n\n<p class=\"has-medium-font-size wp-block-paragraph\">B\u00fcrgermeister Dr. Feld kontaktierte mich in der vergangenen Woche mit einer gro\u00dfartigen Nachricht. Ich muss gestehen, dass mich der positive Bescheid \u00fcber die finanzielle Zuwendung des Ministeriums f\u00fcr Umwelt- und Verbraucherschutz sehr ber\u00fchrt hat. Unsere Gemeinde und allen voran unser Heimatort darf sich \u00fcber eine finanzielle Unterst\u00fctzung in H\u00f6he von 46.849,70 Euro aus dem F\u00f6rderbereich \u201eIntegrierte L\u00e4ndliche Entwicklung\u201c freuen. Mit diesen Mitteln aus Bund und Land soll unser Br\u00fchlpark zukunftsorientiert aufgewertet werden. Wie die Verwaltungsspitze vermeldet, soll mit den Geldern ein \u00f6ffentliches Freizeit-, Sport- und Begegnungsgel\u00e4nde f\u00fcr alle Generationen geschaffen werden. Dabei soll die Erneuerung der Beleuchtung genauso in den Vordergrund ger\u00fcckt werden wie der Bau eines Bouleplatzes, der mit Bau-kosten von rund 10.000 Euro veranschlagt wurde. Au\u00dferdem soll eine fest installierte Tischtennisplatte zur Aufwertung beitragen. Ich freue mich unheimlich \u00fcber diese positive Entwickelung und m\u00f6chte mich an dieser Stelle bedanken. Mein Dank geht an unseren B\u00fcrgermeister Dr. Andreas Feld der unser Bestreben aufnahm und voranbrachte. Ebenso sind wir den zust\u00e4ndigen Mitarbeitern der Gemeindeverwaltung zum Dank verpflichtet. Ich m\u00f6chte ganz besonders bei unserem Minister Reinhold Jost und seinem Haus f\u00fcr die Gew\u00e4hrung dieser Zuwendung bedanken. Auch dem Dank unseres B\u00fcrgermeisters an das das saarl\u00e4ndische Innenministerium m\u00f6chte ich mich anschlie\u00dfen. Ein besonderer Dank geht jedoch an eine Handvoll B\u00fcrger, die sich um die Aufwertung des Br\u00fchlparks verdient gemacht haben. In ehrenamtlicher Kleinarbeit wurden Kostensch\u00e4tzungen, Baupl\u00e4ne und Kostenvoranschl\u00e4ge auf den Weg gebracht, die letztendlich dazu beitrugen, dass der Antrag der Gemeindeverwaltung einen Zuspruch erhielt. Ich erinnere mich an die vielen Stunden im Br\u00fchlpark in denen Pl\u00e4ne geschmiedet und Hoffnungen gekn\u00fcpft wurden. Was unsere ehemaliger Ortsvorsteher Manfred Klein angesto\u00dfen hatte, findet in absehbarer Zeit ein gutes Ende. Gut f\u00fcr Dirmingen.<\/p>\n\n\n\n<div class=\"wp-block-image\"><figure class=\"aligncenter size-large\"><img loading=\"lazy\" decoding=\"async\" width=\"700\" height=\"525\" src=\"https:\/\/echta-derminga.de\/wp-content\/uploads\/2020\/08\/3-2-700x525.jpg\" alt=\"\" class=\"wp-image-7195\" srcset=\"https:\/\/echta-derminga.de\/wp-content\/uploads\/2020\/08\/3-2-700x525.jpg 700w, https:\/\/echta-derminga.de\/wp-content\/uploads\/2020\/08\/3-2-300x225.jpg 300w, https:\/\/echta-derminga.de\/wp-content\/uploads\/2020\/08\/3-2-768x576.jpg 768w, https:\/\/echta-derminga.de\/wp-content\/uploads\/2020\/08\/3-2.jpg 800w\" sizes=\"auto, (max-width: 700px) 100vw, 700px\" \/><figcaption>Br\u00fchlpark im Herzens unseres Dorfes<\/figcaption><\/figure><\/div>\n\n\n\n<p class=\"has-medium-font-size wp-block-paragraph\"><strong>Rommelbooze-Schnitze am B\u00fcttelseck<\/strong><\/p>\n\n\n\n<p class=\"has-medium-font-size wp-block-paragraph\">Am Samstag, 16. Oktober 2021 findet erstmals die Veranstaltung \u201eRommelbooze-Schnitze&#8220; am B\u00fcttelseck statt. Die Teilnahme ist kostenlos, wobei eine Voranmeldung unbedingt erforderlich ist. Bitte melden Sie ihre Kinder bei mir pers\u00f6nlich unter der Nummer 0172 6027216 an. Die Einladung gilt f\u00fcr Kinder wie auch f\u00fcr Erwachsene. Die Veranstaltung beginnt mit einem \u201eMit-mach-Gottesdienst in der Evangelischen Kirche Dirmingen. Anschlie\u00dfend werden wir gemeinsam zum B\u00fcttelseck spazieren, um dort zur Tat zu schreiten. Die Kosten f\u00fcr die Futterr\u00fcben werden von mir \u00fcbernommen. Jedes Kind sollte Messer, L\u00f6ffel und Kerze selbst mitbringen. Der Kulturverein Dirmingen und die Evangelische Kirchengemeinde Dirmingen unterst\u00fctzen diese Veranstaltung.<\/p>\n\n\n\n<div class=\"wp-block-image\"><figure class=\"aligncenter size-large\"><img loading=\"lazy\" decoding=\"async\" width=\"700\" height=\"331\" src=\"https:\/\/echta-derminga.de\/wp-content\/uploads\/2021\/10\/200-1-700x331.jpg\" alt=\"\" class=\"wp-image-10879\" srcset=\"https:\/\/echta-derminga.de\/wp-content\/uploads\/2021\/10\/200-1-700x331.jpg 700w, https:\/\/echta-derminga.de\/wp-content\/uploads\/2021\/10\/200-1-300x142.jpg 300w, https:\/\/echta-derminga.de\/wp-content\/uploads\/2021\/10\/200-1-768x363.jpg 768w, https:\/\/echta-derminga.de\/wp-content\/uploads\/2021\/10\/200-1.jpg 1000w\" sizes=\"auto, (max-width: 700px) 100vw, 700px\" \/><figcaption>B\u00fcttelseck<\/figcaption><\/figure><\/div>\n\n\n\n<p class=\"has-medium-font-size wp-block-paragraph\"><strong>Liebe Dirmingerinnen, liebe Dirminger, irgendwie beschleicht uns ein Gef\u00fchl der Hoffnung und Zuversicht. In der Zeit vom 23. -25 Oktober 2021 werden wir in unserem Dorf die 275 \u201eDerminga Kerb\u201c feiern. Dies ist die \u00e4lteste und traditionsreichste Kirmes in unserer Heimatgemeinde. Es ist ein gutes Zeichen, dass gerade diese traditionsreiche \u201eKerb\u201c den Neuanfang und Startschuss in eine hoffentlich bessere Zukunft setzen wird. Ich darf Sie schon heute herzlich einladen zur \u201eDerminga Kerb\u201c 2021.<\/strong><\/p>\n\n\n\n<div class=\"wp-block-image\"><figure class=\"aligncenter size-large\"><img loading=\"lazy\" decoding=\"async\" width=\"700\" height=\"354\" src=\"https:\/\/echta-derminga.de\/wp-content\/uploads\/2021\/10\/Kerb-Programm-700x354.png\" alt=\"\" class=\"wp-image-10918\" srcset=\"https:\/\/echta-derminga.de\/wp-content\/uploads\/2021\/10\/Kerb-Programm-700x354.png 700w, https:\/\/echta-derminga.de\/wp-content\/uploads\/2021\/10\/Kerb-Programm-300x152.png 300w, https:\/\/echta-derminga.de\/wp-content\/uploads\/2021\/10\/Kerb-Programm-768x388.png 768w, https:\/\/echta-derminga.de\/wp-content\/uploads\/2021\/10\/Kerb-Programm.png 837w\" sizes=\"auto, (max-width: 700px) 100vw, 700px\" \/><figcaption>Herzliche Einladung<\/figcaption><\/figure><\/div>\n\n\n\n<p class=\"has-medium-font-size wp-block-paragraph\">In den letzten Tagen wurde ich immer wieder gefragt, ob den die Baustelle im Br\u00fchl bis zur Kirmes \u00fcberhaupt fertiggestellt sein wird. Nat\u00fcrlich werden wir uns, nicht zuletzt wegen des Neubaus der Illbr\u00fccke, auf einige Unannehmlichkeiten einstellen m\u00fcssen. Nichtsdestotrotz werden wir die Kirmes auf unserem Festplatz feiern k\u00f6nnen. Bleiben Sie zuversichtlich und optimistisch.<\/p>\n\n\n\n<p class=\"has-medium-font-size wp-block-paragraph\"><strong>Bitte denken Sie daran: Am Ende wird alles gut, wenn es noch nicht gut ist, ist es noch nicht zu Ende.<\/strong><\/p>\n\n\n\n<p class=\"has-medium-font-size wp-block-paragraph\"><strong>In diesem Sinne, bleiben Sie heimatreu\u2018<\/strong><\/p>\n\n\n\n<p class=\"has-medium-font-size wp-block-paragraph\">Ihr Ortsvorsteher<\/p>\n\n\n\n<p class=\"has-medium-font-size wp-block-paragraph\">Frank Klein<\/p>\n\n\n\n<figure class=\"wp-block-gallery columns-3 is-cropped wp-block-gallery-1 is-layout-flex wp-block-gallery-is-layout-flex\"><ul class=\"blocks-gallery-grid\"><li class=\"blocks-gallery-item\"><figure><img loading=\"lazy\" decoding=\"async\" width=\"700\" height=\"944\" src=\"https:\/\/echta-derminga.de\/wp-content\/uploads\/2021\/10\/244823257_4070602936395849_345697729242187681_n-700x944.jpg\" alt=\"\" data-id=\"10921\" data-full-url=\"https:\/\/echta-derminga.de\/wp-content\/uploads\/2021\/10\/244823257_4070602936395849_345697729242187681_n.jpg\" data-link=\"https:\/\/echta-derminga.de\/?attachment_id=10921\" class=\"wp-image-10921\" srcset=\"https:\/\/echta-derminga.de\/wp-content\/uploads\/2021\/10\/244823257_4070602936395849_345697729242187681_n-700x944.jpg 700w, https:\/\/echta-derminga.de\/wp-content\/uploads\/2021\/10\/244823257_4070602936395849_345697729242187681_n-223x300.jpg 223w, https:\/\/echta-derminga.de\/wp-content\/uploads\/2021\/10\/244823257_4070602936395849_345697729242187681_n.jpg 712w\" sizes=\"auto, (max-width: 700px) 100vw, 700px\" \/><\/figure><\/li><li class=\"blocks-gallery-item\"><figure><img loading=\"lazy\" decoding=\"async\" width=\"627\" height=\"892\" src=\"https:\/\/echta-derminga.de\/wp-content\/uploads\/2021\/10\/Rommelschnitze-1.png\" alt=\"\" data-id=\"10886\" data-full-url=\"https:\/\/echta-derminga.de\/wp-content\/uploads\/2021\/10\/Rommelschnitze-1.png\" data-link=\"https:\/\/echta-derminga.de\/?attachment_id=10886\" class=\"wp-image-10886\" srcset=\"https:\/\/echta-derminga.de\/wp-content\/uploads\/2021\/10\/Rommelschnitze-1.png 627w, https:\/\/echta-derminga.de\/wp-content\/uploads\/2021\/10\/Rommelschnitze-1-211x300.png 211w\" sizes=\"auto, (max-width: 627px) 100vw, 627px\" \/><\/figure><\/li><li class=\"blocks-gallery-item\"><figure><img loading=\"lazy\" decoding=\"async\" width=\"640\" height=\"853\" src=\"https:\/\/echta-derminga.de\/wp-content\/uploads\/2021\/10\/Kerb-Werbung-1.jpg\" alt=\"\" data-id=\"10887\" data-full-url=\"https:\/\/echta-derminga.de\/wp-content\/uploads\/2021\/10\/Kerb-Werbung-1.jpg\" data-link=\"https:\/\/echta-derminga.de\/?attachment_id=10887\" class=\"wp-image-10887\" srcset=\"https:\/\/echta-derminga.de\/wp-content\/uploads\/2021\/10\/Kerb-Werbung-1.jpg 640w, https:\/\/echta-derminga.de\/wp-content\/uploads\/2021\/10\/Kerb-Werbung-1-225x300.jpg 225w\" sizes=\"auto, (max-width: 640px) 100vw, 640px\" \/><\/figure><\/li><\/ul><\/figure>\n","protected":false},"excerpt":{"rendered":"<p>\u201eDas wir vom Belker sind, halli, hallo, dass wei\u00df ein jedes Kind\u201c. Ich muss zugeben, immer wenn ich dieses Lied h\u00f6re, werde ich ein St\u00fcckweit sentimental. Der SV Dirmingen hat in meinem Leben immer eine gewichtige Rolle gespielt, von daher war es f\u00fcr mich eine Selbstverst\u00e4ndlichkeit der Frauenabteilung des SV Dirmingen zum 50 Jubil\u00e4um zu gratulieren. Der Verein steht bis<\/p>\n","protected":false},"author":1,"featured_media":10939,"comment_status":"open","ping_status":"closed","sticky":false,"template":"","format":"standard","meta":{"_crdt_document":"","footnotes":""},"categories":[1,9,812],"tags":[5,618,127,166,634,795,310],"class_list":["post-10900","post","type-post","status-publish","format-standard","has-post-thumbnail","hentry","category-allgemein","category-dorfgetratsche","category-ortsvorsteher-dirmingen","tag-dirmingen","tag-gemeinde-eppelborn","tag-landkreis-neunkirchen","tag-ortsmitte","tag-ortsvorsteher","tag-ortsvorsteher-dirmingen","tag-saarland"],"_links":{"self":[{"href":"https:\/\/echta-derminga.de\/index.php?rest_route=\/wp\/v2\/posts\/10900","targetHints":{"allow":["GET"]}}],"collection":[{"href":"https:\/\/echta-derminga.de\/index.php?rest_route=\/wp\/v2\/posts"}],"about":[{"href":"https:\/\/echta-derminga.de\/index.php?rest_route=\/wp\/v2\/types\/post"}],"author":[{"embeddable":true,"href":"https:\/\/echta-derminga.de\/index.php?rest_route=\/wp\/v2\/users\/1"}],"replies":[{"embeddable":true,"href":"https:\/\/echta-derminga.de\/index.php?rest_route=%2Fwp%2Fv2%2Fcomments&post=10900"}],"version-history":[{"count":15,"href":"https:\/\/echta-derminga.de\/index.php?rest_route=\/wp\/v2\/posts\/10900\/revisions"}],"predecessor-version":[{"id":10943,"href":"https:\/\/echta-derminga.de\/index.php?rest_route=\/wp\/v2\/posts\/10900\/revisions\/10943"}],"wp:featuredmedia":[{"embeddable":true,"href":"https:\/\/echta-derminga.de\/index.php?rest_route=\/wp\/v2\/media\/10939"}],"wp:attachment":[{"href":"https:\/\/echta-derminga.de\/index.php?rest_route=%2Fwp%2Fv2%2Fmedia&parent=10900"}],"wp:term":[{"taxonomy":"category","embeddable":true,"href":"https:\/\/echta-derminga.de\/index.php?rest_route=%2Fwp%2Fv2%2Fcategories&post=10900"},{"taxonomy":"post_tag","embeddable":true,"href":"https:\/\/echta-derminga.de\/index.php?rest_route=%2Fwp%2Fv2%2Ftags&post=10900"}],"curies":[{"name":"wp","href":"https:\/\/api.w.org\/{rel}","templated":true}]}}