{"id":10945,"date":"2021-10-18T15:05:55","date_gmt":"2021-10-18T14:05:55","guid":{"rendered":"https:\/\/echta-derminga.de\/?p=10945"},"modified":"2021-10-18T15:06:21","modified_gmt":"2021-10-18T14:06:21","slug":"einer-fuer-alle-alle-fuer-einen-unser-steinigen-weg-zur-275-derminga-kerb","status":"publish","type":"post","link":"https:\/\/echta-derminga.de\/?p=10945","title":{"rendered":"Einer f\u00fcr alle, alle f\u00fcr einen &#8211; Unser steiniger Weg zur 275. \u201eDerminga Kerb\u201c"},"content":{"rendered":"\n<blockquote class=\"wp-block-quote is-layout-flow wp-block-quote-is-layout-flow\"><p><strong>&#8222;Auch aus Steinen, die Dir in den Weg gelegt werden, kannst Du etwas Sch\u00f6nes bauen&#8220; <\/strong><\/p><cite>Volksmund<\/cite><\/blockquote>\n\n\n\n<p class=\"has-medium-font-size wp-block-paragraph\"><strong>Leider war keine Zeit f\u00fcr eine angemessene und ordentliche Amts\u00fcbergabe. Als unser Ortsvorsteher Manfred Klein uns verlassen musste, hatte niemand von uns die \u201eKerb\u201c im Sinn. W\u00e4hrend den Planungen f\u00fcr unserer diesj\u00e4hrigen Kirmes hab ich oft in den Himmel geblickt und um Rat gebeten.<\/strong> <strong>Der Weg zu der ersten Kirmes nach dem gro\u00dfen Lockdown war steinig und beschwerlich. Dabei ist gerade die &#8222;Derminga Kerb&#8220; das traditionsreichste Fest aller &#8222;Derminga&#8220;. Kaum ein anderes Fest in unserer Gemeinde verbindet auf diese besondere Art und Weise Kultur und Heimatliebe. <\/strong><\/p>\n\n\n\n<p class=\"has-medium-font-size wp-block-paragraph\">In der Zeit vom 23. -25. 10.21 feiern wir in unserem Heimatort die 275. \u201eDerminga Kerb\u201c. Unser Weg zur diesj\u00e4hrigen Kirmes war alles andere als leicht. Die Beh\u00f6rden mussten uns verst\u00e4ndlicherweise mit einem harten Hygienekonzept unterziehen. Zudem verstarben im vergangenen Jahr zwei unserer langj\u00e4hrigen Schausteller und mit der Fa. Jockers, die \u00fcber 60 Jahre in Dirmingen ihren Autoscooter stellte, haben wir ein weiteres Standbein verloren. Zu allem \u00dcberfluss befindet sich unser Dorf eine gef\u00fchlte Ewigkeit im Baustellenmodus. Unsere Schritte in eine neue Zukunft f\u00fchlen sich schwer an und sind gespickt mit Hindernissen. Dennoch, einfach aufgeben war nie eine Option!<\/p>\n\n\n\n<p class=\"has-medium-font-size wp-block-paragraph\"><strong>In diesem Jahr wird nicht zuletzt aufgrund der Pandemie vieles anders sein. Der Kirmesplatz wird umz\u00e4unt und jeder Besucher\/in muss sich den 3 G Regeln unterordnen. Ich bitte alle Benutzer des Zugverkehrs sich auf einen Umweg einzustellen. W\u00e4hrend der Kirmes wird die Illbr\u00fccke nicht nutzbar sein. Gottlob ist es gelungen Menschen zu finden, die sich bereiterkl\u00e4rt haben \u00fcber die \u201eKerb\u201c die Eingangskontrollen zu gew\u00e4hrleisten.<\/strong> <\/p>\n\n\n\n<div class=\"wp-block-image\"><figure class=\"aligncenter size-large\"><img loading=\"lazy\" decoding=\"async\" width=\"700\" height=\"467\" src=\"https:\/\/echta-derminga.de\/wp-content\/uploads\/2021\/10\/113-700x467.jpg\" alt=\"\" class=\"wp-image-10955\" srcset=\"https:\/\/echta-derminga.de\/wp-content\/uploads\/2021\/10\/113-700x467.jpg 700w, https:\/\/echta-derminga.de\/wp-content\/uploads\/2021\/10\/113-300x200.jpg 300w, https:\/\/echta-derminga.de\/wp-content\/uploads\/2021\/10\/113-768x513.jpg 768w, https:\/\/echta-derminga.de\/wp-content\/uploads\/2021\/10\/113.jpg 1200w\" sizes=\"auto, (max-width: 700px) 100vw, 700px\" \/><figcaption>Einer f\u00fcr alle, alle f\u00fcr einen<\/figcaption><\/figure><\/div>\n\n\n\n<p class=\"has-medium-font-size wp-block-paragraph\">Ich bin sehr stolz darauf, dass es gelungen ist Schausteller zu finden. Ja, wir werden sogar wieder einen Autoscooter und ein Kinderkarussell auf dem Platz haben. Hinzu kommen mehrere Kirmesbuden, Getr\u00e4nke- und Essensst\u00e4nde und eine B\u00fchne.&nbsp; Erstmals werden wir auf unserer \u201eKerb\u201c Live-Musik genie\u00dfen k\u00f6nnen. W\u00e4hrend samstags der gute Fynn Raber mit seiner fetzigen Musik begeistern wird, kann das feierw\u00fctige Volk am Sonntagmorgen bei gediegener Blasmusik den Fr\u00fchschoppen genie\u00dfen. In unseren Gastst\u00e4tten wird ebenfalls einiges geboten. Das Gasthaus \u201eWutze Walter\u201c lockt unter anderem mit einem gen\u00fcsslichen Kerwe-Fr\u00fchst\u00fcck\u201c, das Gasthaus \u201eSchuhhannesse\u201c mit tollem Essen und einem abwechslungsreichen \u201eKerwe-Programm\u201c und die \u201eDestille\u201c mit einem fetzigen Motto-Programm mit viel Musik. Es ist also angerichtet und wir alle d\u00fcrfen uns auf die \u201eKerb\u201c freuen.<\/p>\n\n\n\n<blockquote class=\"wp-block-quote is-layout-flow wp-block-quote-is-layout-flow\"><p><strong>Es ist kein D\u00f6rflein gar so klein, Da\u00df nicht drin\u2019 sollt des Jahrs eine Kirmes sein. <\/strong><\/p><cite><strong>Johann Nepomuk Vogl<\/strong><\/cite><\/blockquote>\n\n\n\n<p class=\"has-medium-font-size wp-block-paragraph\">Bei der Dirminger \u201eKerb\u201c handelt es sich um ein Kirchweihfest im eigentlichen Sinne. Zur \u201eDerminga Kerb\u201c gedenken wir der Kirchweihe der heutigen evangelischen Kirche zu Dirmingen in der Ortsmitte. Der Geschichte zu Ehre sollte man erw\u00e4hnen, dass der Turm der heutigen evangelischen Kirche vermutlich aus der zweiten H\u00e4lfte des 13.Jahrhunderts stammt. Am 27.April des Jahres 1746 wurde der Grundstein f\u00fcr den Neubau der Kirche gelegt. Der Teil des historischen Turmes wurde dabei erhalten. Schon am 06.November 1746, nach einer Bauzeit von nur einem halben Jahr, fand die Kirchweihe statt. Seitdem wird in Dirmingen die \u201eKerb\u201c gefeiert. Die Bev\u00f6lkerung Dirmingens einigte sich im Laufe der Jahre, aufgrund der nicht feststehenden Kalendertage, auf den letzten Oktobersonntag als Kirchweihtag. Das letzte Oktoberwochenende liegt etwa in der Mitte des zeitlich stark schwankenden 27. Trinitatissonntages und bot sich somit als feststehender Termin an. Aus dem einstmaligen Kirchweihfest entwickelte sich im Laufe der Jahrhunderte die Veranstaltung mit Buden und Karussells so wie wir sie heute kennen. Fr\u00fcher durfte an der \u201eKerb\u201c niemand arbeiteten. F\u00fcr die Bauern waren es die einzigen freien Tage im Jahr. Es war ein Fest f\u00fcr die ganze Familie. Bis heute ist es laut Volksmund guter Brauch, das eigene Land, Wiesen und G\u00e4rten bis zur \u201eKerb\u201c gem\u00e4ht oder bewirtschaftet zu haben. Der bekannte Baumeister Friedrich Joachim Stengel erschuf die evangelische Kirche in der Ortsmitte im barocken Stil. Ganz nebenbei hat Stengel so bekannte Werke wie z.B die Ludwigskirche, die Kirche St. Johann Saarbr\u00fccken und der Neubau des Schlosses in Saarbr\u00fccken erbaut. Ob der damalige ber\u00fchmte Baumeister jedoch jemals in Dirmingen war, um sein Werk zu erblicken, ist nicht belegt. Allein die Baupl\u00e4ne stammen nachweislich aus der Feder des ber\u00fchmten Meisters.<\/p>\n\n\n\n<div class=\"wp-block-image\"><figure class=\"aligncenter size-large\"><img loading=\"lazy\" decoding=\"async\" width=\"700\" height=\"466\" src=\"https:\/\/echta-derminga.de\/wp-content\/uploads\/2021\/10\/115-700x466.jpg\" alt=\"\" class=\"wp-image-10956\" srcset=\"https:\/\/echta-derminga.de\/wp-content\/uploads\/2021\/10\/115-700x466.jpg 700w, https:\/\/echta-derminga.de\/wp-content\/uploads\/2021\/10\/115-300x200.jpg 300w, https:\/\/echta-derminga.de\/wp-content\/uploads\/2021\/10\/115-768x512.jpg 768w, https:\/\/echta-derminga.de\/wp-content\/uploads\/2021\/10\/115.jpg 1100w\" sizes=\"auto, (max-width: 700px) 100vw, 700px\" \/><figcaption>Schausteller in Dirmingen<\/figcaption><\/figure><\/div>\n\n\n\n<p class=\"has-medium-font-size wp-block-paragraph\"><strong>In den 1990-er Jahren wurde das Interesse der Menschen an der eigenen Kirmes von Jahr zu Jahr weniger. Die Schausteller beklagten den R\u00fcckgang der Einnahmen. Genau zu dieser Zeit reiften die ersten \u00dcberlegungen, der eigenen \u201eKerb\u201c ein neues Ansehen zu verschaffen. Die ersten Gedankenspiele der Verantwortlichen gingen dahin, den Menschen im Dorf ihre eigene Kirmes wieder nahe zu legen. Gesagt, getan! Im Jahre 1999 wurde erstmals die Kirmes unter Mithilfe einer \u201cKernmannschaft\u201c, des sp\u00e4teren Kulturvereins, im \u201eKl\u00e4se\u201c-Keller ausgegraben. Zum \u201eLeben erweckt\u201c wurde eine Strohpuppe, die mit einer Flasche Schnaps aus dem alten \u201eKl\u00e4se\u201c-Keller herausgetragen wurde. Mit dieser ersten Ausgrabung der \u201eKerb\u201c hatte der Ortsvorsteher Rudi Hell zusammen mit seinen Mitstreitern den Bann gebrochen. Nur kurze Zeit sp\u00e4ter erfolgte die Gr\u00fcndung des Kulturvereins Dirmingen. Seit seiner Gr\u00fcndung ist der Dirminger Kulturverein, gemeinsam mit dem Ortsrat, f\u00fcr den Erhalt des Kirmesbrauchtums in Dirmingen verantwortlich. In den letzten Jahren pilgerten zur Ausgrabung der \u201eKerb\u201c zahlreiche Schaulustige, um der Wiederbelebung des \u201eLisjes\u201c beizuwohnen.<\/strong><\/p>\n\n\n\n<p class=\"has-medium-font-size wp-block-paragraph\">Genau an dieser Stelle sto\u00dfen wir auf das n\u00e4chste Problem. Vor einigen Tagen erreichte uns die Nachricht, dass ab November f\u00fcr die Martinsumz\u00fcge und auch f\u00fcr die Weihnachtsm\u00e4rkte erhebliche Lockerungen der vorhandenen Hygieneverordnungen durchgef\u00fchrt werden. Sogar die 3 G Regel entf\u00e4llt. Mittlerweile wurde gottlob auch eine L\u00f6sung f\u00fcr die Corona Tests f\u00fcr Kinder w\u00e4hrend den Ferien gefunden. Nicht auszudenken, wenn unsere Kinder wegen einem fehlenden Test nicht zur Kirmes h\u00e4tten kommen k\u00f6nnen. Die neuerlichen Lockerungen bez\u00fcglich eines Umzugs kommen f\u00fcr die \u201eDerminga Kerb\u201c allerdings zu sp\u00e4t. Schweren Herzens mussten wir unseren &#8222;Kerwe-Umzug\u201c absagen. Man teilte uns mit, dass unter diesen Umst\u00e4nden eine Kontaktnachverfolgung nicht m\u00f6glich w\u00e4re. Nun haben wir also alle G\u00e4ste um 16:30 Uhr zum Festplatz geladen. Dort findet die Er\u00f6ffnungszeremonie statt und nat\u00fcrlich wird auch das \u201eLisje\u201c pr\u00e4sentiert.<\/p>\n\n\n\n<div class=\"wp-block-image\"><figure class=\"aligncenter size-large\"><img loading=\"lazy\" decoding=\"async\" width=\"700\" height=\"427\" src=\"https:\/\/echta-derminga.de\/wp-content\/uploads\/2021\/10\/112-700x427.jpg\" alt=\"\" class=\"wp-image-10957\" srcset=\"https:\/\/echta-derminga.de\/wp-content\/uploads\/2021\/10\/112-700x427.jpg 700w, https:\/\/echta-derminga.de\/wp-content\/uploads\/2021\/10\/112-300x183.jpg 300w, https:\/\/echta-derminga.de\/wp-content\/uploads\/2021\/10\/112-768x468.jpg 768w, https:\/\/echta-derminga.de\/wp-content\/uploads\/2021\/10\/112.jpg 1000w\" sizes=\"auto, (max-width: 700px) 100vw, 700px\" \/><figcaption>Gro\u00dfer Andrang auf dem Festplatz<\/figcaption><\/figure><\/div>\n\n\n\n<p class=\"has-medium-font-size wp-block-paragraph\"><strong>Jedes Jahr steht man in Dirmingen vor der Frage: Wer wird wohl in diesem Jahr &#8222;Lisje&#8220; sein? Warum wird eigentlich in jedem Jahr ein solch gro\u00dfes Geheimnis aus den Acta \u201eLisje\u201c gemacht? Weil es Spa\u00df macht und wir es genauso, sch\u00f6ner finden. Im Jahr 2000 gab es in Dirmingen erstmals ein \u201elebendiges\u201c \u201eKerwelisje\u201c. In den ersten Jahren war das \u201eKerwe-Lisje\u201c noch auf sich allein gestellt. Erst im Jahre 2003 nahm erstmals ein \u201eKerwe-Hannes\u201c Platz an der Seite des \u201eLisjes\u201c.<\/strong><\/p>\n\n\n\n<p class=\"has-medium-font-size wp-block-paragraph\">Wie lange werden wir noch unser \u201eLisje\u201c ausgraben und Kerb Feiern k\u00f6nnen? Letztendlich liegt es an uns selbst. Es ist immer das was wir daraus machen. Aufgeben ist wie bereits erw\u00e4hnt keine Option.<\/p>\n\n\n\n<p class=\"has-medium-font-size wp-block-paragraph\"><strong>Im September bekamen wir die Nachricht, dass sich die Baustelle im Br\u00fchlpark aufgrund Materialm\u00e4ngel und Lieferengp\u00e4ssen verz\u00f6gert. In den letzten Wochen haben wir hinter den Kulissen fieberhaft nach L\u00f6sungen gesucht. Am Ende hat sich der Kampf gelohnt. Einfacher wird die Sache jedoch nicht! Fakt ist: der Platz kann zur Durchf\u00fchrung der &#8222;Kerb&#8220; genutzt werden.<\/strong><\/p>\n\n\n\n<p class=\"has-medium-font-size wp-block-paragraph\">Wie erhalten wir die \u201eKerb\u201c und wie gelingt es uns die Schausteller auch weiterhin in unser Dorf zu locken? Seit vielen Jahren mangelt es an einem Karussell oder einem Angeboten f\u00fcr Jugendliche. Nat\u00fcrlich h\u00f6ren wir auf die Kritik unserer Dorfjugend, allein an der Umsetzung scheiterte es in den letzten Jahren. Mit den gro\u00dfen Kirmessen wie z.B der Wendalinus-Kerb k\u00f6nnen wir nur schwerlich mithalten. Eine Dorfkirmes f\u00fcr die Schausteller attraktiv zu machen ist eine gewaltige Aufgabe. Eine gew\u00f6hnliche Kirmes lockt keinen ambitionierten Schausteller mehr aus der Reserve. Im Saarland war in den letzten Jahren ein vermehrtes Sterben von Dorf-Kirmessen festzustellen. Von daher bin ich sehr froh dar\u00fcber, dass wir immer noch eine kleine, aber recht feine \u201eKerb\u201c im Herzen unseres Dorfes haben.<\/p>\n\n\n\n<p class=\"has-medium-font-size wp-block-paragraph\">Riskieren wir einen Blick in die Zukunft. Sobald es m\u00f6glich ist, werden wir auch wieder die &#8222;Kerb&#8220; am &#8222;Kl\u00e4se Keller&#8220; ausgraben. In diesem Jahr mussten wir jedoch einige Kompromisse eingehen. Ziel ist es unsere &#8222;Kerb&#8220; zu erhalten. Dies funktioniert am besten, wenn wir uns alle daran beteiligen. Ich lade euch alle ganz herzlich dazu ein euch einzubringen und mitzumachen. Besucht den Festplatz, unsere Open-Air- Veranstaltungen, die Gastst\u00e4tten und auch den Kirchweih-Gottesdienst. Helft alle mit unsere &#8222;Kerb&#8220; aufzuwerten und zu erhalten. Nat\u00fcrlich h\u00e4tten auch wir uns gew\u00fcnscht, dass wir ohne 3 G Regeln arbeiten k\u00f6nnen. Leider sind uns die H\u00e4nde gebunden.<\/p>\n\n\n\n<div class=\"wp-block-image\"><figure class=\"aligncenter size-large\"><img loading=\"lazy\" decoding=\"async\" width=\"700\" height=\"476\" src=\"https:\/\/echta-derminga.de\/wp-content\/uploads\/2021\/10\/114-700x476.jpg\" alt=\"\" class=\"wp-image-10958\" srcset=\"https:\/\/echta-derminga.de\/wp-content\/uploads\/2021\/10\/114-700x476.jpg 700w, https:\/\/echta-derminga.de\/wp-content\/uploads\/2021\/10\/114-300x204.jpg 300w, https:\/\/echta-derminga.de\/wp-content\/uploads\/2021\/10\/114-768x522.jpg 768w, https:\/\/echta-derminga.de\/wp-content\/uploads\/2021\/10\/114.jpg 1196w\" sizes=\"auto, (max-width: 700px) 100vw, 700px\" \/><figcaption>Volles Haus<\/figcaption><\/figure><\/div>\n\n\n\n<p class=\"has-medium-font-size wp-block-paragraph\"><strong>Die \u201eDerminga Kerb\u201c wird jedes Jahr unter dem Motto \u201eEiner f\u00fcr alle, alle f\u00fcr einen\u201c durchgef\u00fchrt. Mit diesem Slogan soll der Zusammenhalt im Kulturverein und in der Bev\u00f6lkerung gest\u00e4rkt werden. Ziel ist es, die \u201eKerb\u201c als Fest der Dirminger in den K\u00f6pfen der Bev\u00f6lkerung zu verankern. Heute spielt es l\u00e4ngst keine Rolle mehr, ob man evangelischen oder katholischen Glaubens ist. Im Vordergrund steht der Mensch, die Heimatliebe und die Lust am Leben. F\u00fcr die Au\u00dfendarstellung spielt ein einheitliches Auftreten eine gewichtige Rolle. Aus diesem Grunde beschlossen die \u201eKulturaner\u201c, sich ein gemeinschaftliches Aussehen zu verschaffen. Bereits zu Beginn der Jahrtausendwende wurden die bekannten \u201ewei\u00df-blauen Musketier-Kost\u00fcme\u201c zum Markenzeichen der Kulturaner. Die blauwei\u00dfen Farben des Kost\u00fcms erinnern an die Wappenfarben des Heimatortes Dirmingen. Musketiere stehen zudem f\u00fcr Patriotismus, Zusammenhalt, Ehre und Loyalit\u00e4t. Mit diesen Eigenschaften kann sich der Kulturverein zur eigenen \u201eKerb\u201c gut identifizieren. Es bleibt zu hoffen, dass wir noch viele Jahre die Tradition aufrechterhalten und am letzten Oktoberwochenende \u201eKerb\u201c feiern.<\/strong><\/p>\n\n\n\n<div class=\"wp-block-image\"><figure class=\"aligncenter size-large\"><img loading=\"lazy\" decoding=\"async\" width=\"700\" height=\"354\" src=\"https:\/\/echta-derminga.de\/wp-content\/uploads\/2021\/10\/Kerb-Programm-700x354.png\" alt=\"\" class=\"wp-image-10918\" srcset=\"https:\/\/echta-derminga.de\/wp-content\/uploads\/2021\/10\/Kerb-Programm-700x354.png 700w, https:\/\/echta-derminga.de\/wp-content\/uploads\/2021\/10\/Kerb-Programm-300x152.png 300w, https:\/\/echta-derminga.de\/wp-content\/uploads\/2021\/10\/Kerb-Programm-768x388.png 768w, https:\/\/echta-derminga.de\/wp-content\/uploads\/2021\/10\/Kerb-Programm.png 837w\" sizes=\"auto, (max-width: 700px) 100vw, 700px\" \/><\/figure><\/div>\n","protected":false},"excerpt":{"rendered":"<p>&#8222;Auch aus Steinen, die Dir in den Weg gelegt werden, kannst Du etwas Sch\u00f6nes bauen&#8220; Volksmund Leider war keine Zeit f\u00fcr eine angemessene und ordentliche Amts\u00fcbergabe. Als unser Ortsvorsteher Manfred Klein uns verlassen musste, hatte niemand von uns die \u201eKerb\u201c im Sinn. W\u00e4hrend den Planungen f\u00fcr unserer diesj\u00e4hrigen Kirmes hab ich oft in den Himmel geblickt und um Rat gebeten.<\/p>\n","protected":false},"author":1,"featured_media":10954,"comment_status":"open","ping_status":"closed","sticky":false,"template":"","format":"standard","meta":{"_crdt_document":"","footnotes":""},"categories":[1,9,902,8],"tags":[955,479,5,618,127,310],"class_list":["post-10945","post","type-post","status-publish","format-standard","has-post-thumbnail","hentry","category-allgemein","category-dorfgetratsche","category-meine-meinung","category-sellemols-und-awweile","tag-275-kerb","tag-derminga-kerb","tag-dirmingen","tag-gemeinde-eppelborn","tag-landkreis-neunkirchen","tag-saarland"],"_links":{"self":[{"href":"https:\/\/echta-derminga.de\/index.php?rest_route=\/wp\/v2\/posts\/10945","targetHints":{"allow":["GET"]}}],"collection":[{"href":"https:\/\/echta-derminga.de\/index.php?rest_route=\/wp\/v2\/posts"}],"about":[{"href":"https:\/\/echta-derminga.de\/index.php?rest_route=\/wp\/v2\/types\/post"}],"author":[{"embeddable":true,"href":"https:\/\/echta-derminga.de\/index.php?rest_route=\/wp\/v2\/users\/1"}],"replies":[{"embeddable":true,"href":"https:\/\/echta-derminga.de\/index.php?rest_route=%2Fwp%2Fv2%2Fcomments&post=10945"}],"version-history":[{"count":11,"href":"https:\/\/echta-derminga.de\/index.php?rest_route=\/wp\/v2\/posts\/10945\/revisions"}],"predecessor-version":[{"id":10961,"href":"https:\/\/echta-derminga.de\/index.php?rest_route=\/wp\/v2\/posts\/10945\/revisions\/10961"}],"wp:featuredmedia":[{"embeddable":true,"href":"https:\/\/echta-derminga.de\/index.php?rest_route=\/wp\/v2\/media\/10954"}],"wp:attachment":[{"href":"https:\/\/echta-derminga.de\/index.php?rest_route=%2Fwp%2Fv2%2Fmedia&parent=10945"}],"wp:term":[{"taxonomy":"category","embeddable":true,"href":"https:\/\/echta-derminga.de\/index.php?rest_route=%2Fwp%2Fv2%2Fcategories&post=10945"},{"taxonomy":"post_tag","embeddable":true,"href":"https:\/\/echta-derminga.de\/index.php?rest_route=%2Fwp%2Fv2%2Ftags&post=10945"}],"curies":[{"name":"wp","href":"https:\/\/api.w.org\/{rel}","templated":true}]}}