{"id":10985,"date":"2021-10-22T15:35:04","date_gmt":"2021-10-22T14:35:04","guid":{"rendered":"https:\/\/echta-derminga.de\/?p=10985"},"modified":"2021-10-22T16:11:58","modified_gmt":"2021-10-22T15:11:58","slug":"aufruf-zur-derminga-kerb-anno-2021","status":"publish","type":"post","link":"https:\/\/echta-derminga.de\/?p=10985","title":{"rendered":"Aufruf zur &#8222;Derminga Kerb&#8220; anno 2021"},"content":{"rendered":"\n<p class=\"has-text-align-center has-medium-font-size wp-block-paragraph\"><strong>Anl\u00e4sslich des 275 j\u00e4hrigen Kirchweihfestes zur Gr\u00fcndung unserer Kirche zu Dirmingen anno 2021 geben sich der edle Dorfvogt \u201eFrank von da Hennagass\u201c und der noble Landvogt<br>\u201eAndreas von Eppelbryn\u201c die Ehre, das gro\u00dfe Fest der Kerb zu er\u00f6ffnen:<\/strong><\/p>\n\n\n\n<p class=\"has-text-align-center has-medium-font-size wp-block-paragraph\"><strong>Volk der Derminga, ihr Leut&#8216; seyed, erw\u00e4hlt aus allen V\u00f6lkern durch die Lage des Dorf- und Hofes, den protestantisch und katholischen Glauben und den damit verbundenen Respekt vor der Kirche. An euch echte Derminga richtet sich unser Wort, H\u00f6rt was wir euch zu sagen haben und wessen Namen wir Lobpreisen. <\/strong><\/p>\n\n\n\n<p class=\"has-text-align-center has-medium-font-size wp-block-paragraph\">Gott zum Gru\u00df Ihr edlen Herren und Damen aus Eppelbryn und dem Illtal. Seid gegr\u00fc\u00dfet ihr Landsherrn, Ackerer, Mansen, Weibsen und G\u00f6ren aus dem Dirminger Tal. Es ist uns eine Freude, Euch hier zu erblicken.<\/p>\n\n\n\n<p class=\"has-text-align-center has-medium-font-size wp-block-paragraph\"><strong>Nun sehet wer gekommen ist zu 275. \u201eDerminga Kerb\u201c am sch\u00f6nen Orte von Ill und Alsbach. An diesem schonen Nebeltag im Oktober unweil vor dem Christtag zu Betlehem. Gegr\u00fc\u00dfet seid ihr Vasallen vom Stamm der Kulturaner<\/strong> <strong>um euren edlen Oberkulturaner &#8222;Raimund der Graue&#8220;<\/strong><\/p>\n\n\n\n<p class=\"has-text-align-center has-medium-font-size wp-block-paragraph\">Seyed alle uns willkommen zu diesem edlen Feste anl\u00e4sslich der Kirchweih anno 1746 in diesem Dorfe. Nun denn, wollen wir auch Gedenken unweil der Kerb, Luther\u2019s Reformierung des Kirchleins in unserem Dorfe. Seyd gegr\u00fc\u00dft ihr edlen Lehrer des Christlichen Glaubens sei&#8217;s drum protestantisch oder r\u00f6misch katholisch, segnet dieses Feste im Namen dessen wir zugegen.<\/p>\n\n\n\n<p class=\"has-text-align-center has-medium-font-size wp-block-paragraph\">Bh\u00fct Euch Gott, gehabt Euch wohl ihr Dirminger Leut. Erfreut euch der Kerb labet euch an der Vielfalt ihrer herrlichen Pracht. So seyed uns auch gegr\u00fc\u00dft, all Ihr Holden und Edlen landauf und landab! Lasset uns sehen, mit welch feine K\u00f6stlichkeit die Kerb unsere Seele erquickt.&nbsp; Seyed gegr\u00fc\u00dft, wertes Volk zu diesem Spektakel hier in unseren Mitten, auch Ihr holden M\u00e4gde und rechtschaffenen Knechte, Ihr r\u00fcstigen M\u00fctterlein und sonderbaren Gesellen.<\/p>\n\n\n\n<p class=\"has-text-align-center has-medium-font-size wp-block-paragraph\"><strong>In diesen Tagen muss keine Kehle verdorren. Hier ist frohe Atzung. F\u00fcr Euch alle nur das Beste. All&#8216; die Holden und Edlen Leut&#8216; haben Ihr S\u00e4ckel voll mit vielen Silbergulden und Goldrandthalern! Bringet es unter die Leute. Lasst uns abschlie\u00dfend mit Freude die Wiederbelebung der Kerb in K\u00f6rperform des herrlichen \u201eKerwe-Lisjes\u201c und seines wackeren \u201eHennes\u201c starren. Erwarten wir die Personifizierung der Kerb durch den Kuss unseres Ortsherren &#8222;Frank von da Hennagass&#8220; im Jahre des Herren anno 2021.<\/strong><\/p>\n\n\n\n<div class=\"wp-block-image\"><figure class=\"aligncenter size-large\"><img loading=\"lazy\" decoding=\"async\" width=\"700\" height=\"354\" src=\"https:\/\/echta-derminga.de\/wp-content\/uploads\/2021\/10\/Kerb-Programm-700x354.png\" alt=\"\" class=\"wp-image-10918\" srcset=\"https:\/\/echta-derminga.de\/wp-content\/uploads\/2021\/10\/Kerb-Programm-700x354.png 700w, https:\/\/echta-derminga.de\/wp-content\/uploads\/2021\/10\/Kerb-Programm-300x152.png 300w, https:\/\/echta-derminga.de\/wp-content\/uploads\/2021\/10\/Kerb-Programm-768x388.png 768w, https:\/\/echta-derminga.de\/wp-content\/uploads\/2021\/10\/Kerb-Programm.png 837w\" sizes=\"auto, (max-width: 700px) 100vw, 700px\" \/><\/figure><\/div>\n","protected":false},"excerpt":{"rendered":"<p>Anl\u00e4sslich des 275 j\u00e4hrigen Kirchweihfestes zur Gr\u00fcndung unserer Kirche zu Dirmingen anno 2021 geben sich der edle Dorfvogt \u201eFrank von da Hennagass\u201c und der noble Landvogt\u201eAndreas von Eppelbryn\u201c die Ehre, das gro\u00dfe Fest der Kerb zu er\u00f6ffnen: Volk der Derminga, ihr Leut&#8216; seyed, erw\u00e4hlt aus allen V\u00f6lkern durch die Lage des Dorf- und Hofes, den protestantisch und katholischen Glauben und<\/p>\n","protected":false},"author":1,"featured_media":10987,"comment_status":"open","ping_status":"closed","sticky":false,"template":"","format":"standard","meta":{"_crdt_document":"","footnotes":""},"categories":[1,9],"tags":[],"class_list":["post-10985","post","type-post","status-publish","format-standard","has-post-thumbnail","hentry","category-allgemein","category-dorfgetratsche"],"_links":{"self":[{"href":"https:\/\/echta-derminga.de\/index.php?rest_route=\/wp\/v2\/posts\/10985","targetHints":{"allow":["GET"]}}],"collection":[{"href":"https:\/\/echta-derminga.de\/index.php?rest_route=\/wp\/v2\/posts"}],"about":[{"href":"https:\/\/echta-derminga.de\/index.php?rest_route=\/wp\/v2\/types\/post"}],"author":[{"embeddable":true,"href":"https:\/\/echta-derminga.de\/index.php?rest_route=\/wp\/v2\/users\/1"}],"replies":[{"embeddable":true,"href":"https:\/\/echta-derminga.de\/index.php?rest_route=%2Fwp%2Fv2%2Fcomments&post=10985"}],"version-history":[{"count":8,"href":"https:\/\/echta-derminga.de\/index.php?rest_route=\/wp\/v2\/posts\/10985\/revisions"}],"predecessor-version":[{"id":10994,"href":"https:\/\/echta-derminga.de\/index.php?rest_route=\/wp\/v2\/posts\/10985\/revisions\/10994"}],"wp:featuredmedia":[{"embeddable":true,"href":"https:\/\/echta-derminga.de\/index.php?rest_route=\/wp\/v2\/media\/10987"}],"wp:attachment":[{"href":"https:\/\/echta-derminga.de\/index.php?rest_route=%2Fwp%2Fv2%2Fmedia&parent=10985"}],"wp:term":[{"taxonomy":"category","embeddable":true,"href":"https:\/\/echta-derminga.de\/index.php?rest_route=%2Fwp%2Fv2%2Fcategories&post=10985"},{"taxonomy":"post_tag","embeddable":true,"href":"https:\/\/echta-derminga.de\/index.php?rest_route=%2Fwp%2Fv2%2Ftags&post=10985"}],"curies":[{"name":"wp","href":"https:\/\/api.w.org\/{rel}","templated":true}]}}