{"id":10996,"date":"2021-10-28T17:50:12","date_gmt":"2021-10-28T16:50:12","guid":{"rendered":"https:\/\/echta-derminga.de\/?p=10996"},"modified":"2021-10-28T18:09:39","modified_gmt":"2021-10-28T17:09:39","slug":"wem-es-die-kerb-uuuss","status":"publish","type":"post","link":"https:\/\/echta-derminga.de\/?p=10996","title":{"rendered":"Wem es die Kerb ? &#8230;&#8230;uuuss"},"content":{"rendered":"\n<p class=\"has-medium-font-size wp-block-paragraph\"><strong>Die Zeiten, in denen in unserem Dorf darum gestritten wurde, welche Konfession die richtige ist und wem eigentlich die Kirche und somit auch die allj\u00e4hrliche \u201eKerb\u201c geh\u00f6rt, hat gottlob ein Ende gefunden. Mittlerweile spielt das Verh\u00e4ltnis beider Konfessionen zu unserer Kirmes eine eher untergeordnete Rolle. Viele j\u00fcngere Menschen haben an dem historischen Hintergrund rund um die Kirmes kein Interesse. In den meisten F\u00e4llen ist es ihnen sogar v\u00f6llig gleichg\u00fcltig.<\/strong><\/p>\n\n\n\n<p class=\"has-medium-font-size wp-block-paragraph\">Die \u201eKerb\u201c hat sich als ein Dorffest f\u00fcr alle Dirminger und deren Freunde etabliert. Eine Konfession oder eine Parteizugeh\u00f6rigkeit sollte dabei keine Rolle spielen. Unsere Kirmes kann Br\u00fccken schlagen und Streit und Missgunst beenden. Die \u201eKerb\u201c ist ein Volksfest f\u00fcr alle Menschen gleich welcher Hautfarbe oder Konfession. Einen gro\u00dfen Verdienst an dieser Entwicklung hat der Kulturverein Dirmingen. Das \u201eWir-Gef\u00fchl\u201c wurde im Laufe der Jahre in den Vordergrund ger\u00fcckt und das eigene Kirchturmdenken nach hinten gestellt. Der Slogan &#8222;Einer f\u00fcr alle, alle f\u00fcr einen&#8220; steht f\u00fcr ein anderes Denken in einer neuen Generation.<\/p>\n\n\n\n<figure class=\"wp-block-gallery columns-2 is-cropped wp-block-gallery-1 is-layout-flex wp-block-gallery-is-layout-flex\"><ul class=\"blocks-gallery-grid\"><li class=\"blocks-gallery-item\"><figure><img loading=\"lazy\" decoding=\"async\" width=\"700\" height=\"331\" src=\"https:\/\/echta-derminga.de\/wp-content\/uploads\/2021\/10\/20211023_170135-700x331.jpg\" alt=\"\" data-id=\"10999\" data-link=\"https:\/\/echta-derminga.de\/?attachment_id=10999\" class=\"wp-image-10999\" srcset=\"https:\/\/echta-derminga.de\/wp-content\/uploads\/2021\/10\/20211023_170135-700x331.jpg 700w, https:\/\/echta-derminga.de\/wp-content\/uploads\/2021\/10\/20211023_170135-300x142.jpg 300w, https:\/\/echta-derminga.de\/wp-content\/uploads\/2021\/10\/20211023_170135-768x363.jpg 768w, https:\/\/echta-derminga.de\/wp-content\/uploads\/2021\/10\/20211023_170135.jpg 1000w\" sizes=\"auto, (max-width: 700px) 100vw, 700px\" \/><\/figure><\/li><li class=\"blocks-gallery-item\"><figure><img loading=\"lazy\" decoding=\"async\" width=\"700\" height=\"331\" src=\"https:\/\/echta-derminga.de\/wp-content\/uploads\/2021\/10\/20211024_160748-700x331.jpg\" alt=\"\" data-id=\"11000\" data-full-url=\"https:\/\/echta-derminga.de\/wp-content\/uploads\/2021\/10\/20211024_160748.jpg\" data-link=\"https:\/\/echta-derminga.de\/?attachment_id=11000\" class=\"wp-image-11000\" srcset=\"https:\/\/echta-derminga.de\/wp-content\/uploads\/2021\/10\/20211024_160748-700x331.jpg 700w, https:\/\/echta-derminga.de\/wp-content\/uploads\/2021\/10\/20211024_160748-300x142.jpg 300w, https:\/\/echta-derminga.de\/wp-content\/uploads\/2021\/10\/20211024_160748-768x363.jpg 768w, https:\/\/echta-derminga.de\/wp-content\/uploads\/2021\/10\/20211024_160748.jpg 1000w\" sizes=\"auto, (max-width: 700px) 100vw, 700px\" \/><\/figure><\/li><\/ul><\/figure>\n\n\n\n<p class=\"has-medium-font-size wp-block-paragraph\"><strong>Ich pers\u00f6nlich begr\u00fc\u00dfe diese Entwicklung und w\u00fcnsche mir auch zur \u201eKerb\u201c noch mehr \u00f6kumenisches Denken. Schlie\u00dflich soll unsere Kirmes verbinden und nicht trennen. Ein jeder mag dieses Fest nach seiner Fa\u00e7on feiern und seine Ansicht auch gerne vertreten d\u00fcrfen. Am Ende der diesj\u00e4hrigen \u201eKerb\u201c wurde ich von neuen Bewohnern gefragt, was wir zur Kirmes eigentlich feiern und warum wir in den blau-wei\u00dfen Kost\u00fcmen herumtollen. Gerne leistete ich Aufkl\u00e4rungsarbeit und bot die Zeit f\u00fcr weitere Gespr\u00e4che. Am Ende trieben mich neuerliche R\u00fcckfragen und Wortmeldungen interessierter Zeitgenossen dazu, diesen Blogeintrag zu schreiben<\/strong><\/p>\n\n\n\n<p class=\"has-medium-font-size wp-block-paragraph\">Dabei wird mir in letzter Zeit als aktiver Heimatforscher immer \u00f6fter vor Augen gef\u00fchrt, dass viele Menschen \u00fcberhaupt nicht mehr wissen, was wir zur \u201eKerb\u201c feiern. Es handelt es sich bei der \u201eDerminga Kerb\u201c keineswegs um ein Patronatsfest im herk\u00f6mmlichen Sinne. Vielmehr wird von dem W\u00f6rtchen \u201eKirmes\u201c das Kirchweihfest abgeleitet. Wir feiern also die Kirchweihe der, im Jahre 1746 erbauten, Stengelkirche. Unsere \u201eKerb\u201c ist nachweislich kein Patronatsfest und hat auch nichts mit dem Patroziniumstag der hiesigen St. Wendalinusgemeinde oder der St.Wendler Wendalinuskirmes zu tun. Die These, dass bereits seit \u00fcber 275. Jahren ein Patronatsfest in Dirmingen gefeiert wird, ist also nicht richtig und historisch auch nicht zu belegen.<\/p>\n\n\n\n<figure class=\"wp-block-gallery columns-2 is-cropped wp-block-gallery-2 is-layout-flex wp-block-gallery-is-layout-flex\"><ul class=\"blocks-gallery-grid\"><li class=\"blocks-gallery-item\"><figure><img loading=\"lazy\" decoding=\"async\" width=\"700\" height=\"389\" src=\"https:\/\/echta-derminga.de\/wp-content\/uploads\/2021\/10\/FB_IMG_1635060955887-700x389.jpg\" alt=\"\" data-id=\"11002\" data-link=\"https:\/\/echta-derminga.de\/?attachment_id=11002\" class=\"wp-image-11002\" srcset=\"https:\/\/echta-derminga.de\/wp-content\/uploads\/2021\/10\/FB_IMG_1635060955887-700x389.jpg 700w, https:\/\/echta-derminga.de\/wp-content\/uploads\/2021\/10\/FB_IMG_1635060955887-300x167.jpg 300w, https:\/\/echta-derminga.de\/wp-content\/uploads\/2021\/10\/FB_IMG_1635060955887-768x427.jpg 768w, https:\/\/echta-derminga.de\/wp-content\/uploads\/2021\/10\/FB_IMG_1635060955887.jpg 1080w\" sizes=\"auto, (max-width: 700px) 100vw, 700px\" \/><\/figure><\/li><li class=\"blocks-gallery-item\"><figure><img loading=\"lazy\" decoding=\"async\" width=\"700\" height=\"315\" src=\"https:\/\/echta-derminga.de\/wp-content\/uploads\/2021\/10\/FB_IMG_1635100195794-700x315.jpg\" alt=\"\" data-id=\"11003\" data-full-url=\"https:\/\/echta-derminga.de\/wp-content\/uploads\/2021\/10\/FB_IMG_1635100195794.jpg\" data-link=\"https:\/\/echta-derminga.de\/?attachment_id=11003\" class=\"wp-image-11003\" srcset=\"https:\/\/echta-derminga.de\/wp-content\/uploads\/2021\/10\/FB_IMG_1635100195794-700x315.jpg 700w, https:\/\/echta-derminga.de\/wp-content\/uploads\/2021\/10\/FB_IMG_1635100195794-300x135.jpg 300w, https:\/\/echta-derminga.de\/wp-content\/uploads\/2021\/10\/FB_IMG_1635100195794-768x346.jpg 768w, https:\/\/echta-derminga.de\/wp-content\/uploads\/2021\/10\/FB_IMG_1635100195794.jpg 1080w\" sizes=\"auto, (max-width: 700px) 100vw, 700px\" \/><\/figure><\/li><\/ul><\/figure>\n\n\n\n<p class=\"has-medium-font-size wp-block-paragraph\"><strong>Als die Reformation im Jahre 1575 unseren Heimatort erreichte, wurde die Kirche in der Ortsmitte den Protestanten zugesprochen. Mit dieser Entscheidung begann ein jahrhundertelanger Konflikt, der schlie\u00dflich dazu f\u00fchrte, dass viele Jahrzehnte kaum noch Katholiken in unserem Heimatort existierten. Die Feindseligkeiten dauerten bis hin zum ersten Weltkrieg. Gegen Ende des 19- Jahrhunderts kamen die ersten Katholiken vom Osten Europas und der Schweiz ins Saargebiet. Lange Zeit konnten Katholiken in unserem Dorf nur schlecht Fu\u00df fassen. Auf dem um die Stengelkirche gelegenen Dirminger Friedhof durfte kein Katholik beerdigen werden. Die Feindseligkeiten gingen so weit, dass sogar Verliebte aus verschiedenen Konfessionen nicht zueinanderkommen durften.<\/strong><\/p>\n\n\n\n<p class=\"has-medium-font-size wp-block-paragraph\">Am 27. November 1920 wurde Pastor Didas als Expositus (Geistlicher) von Dirmingen eingef\u00fchrt. Nur kurze Zeit sp\u00e4ter am 21. April 1921 wurde die Ernennung zum Pfarrverwalter von Dirmingen vollzogen. Bereits im Jahre 1892 wurde auf Anregung von Wilhelm Riehm ein Dirminger Kirchbauverein gegr\u00fcndet. Die Anzahl der Katholiken in unserem Dorf war zu diesem Zeitpunkt ansteigend. Im Fr\u00fchjahr 1911 konnten die Bauarbeiten zum Bau einer ersten eigenen Kirche beginnen. Am 19. April 1912 wurde in der neuen Kirche auf dem Rothenberg, die dem hl. Wendelinus geweiht war, die erste heilige Messe gehalten. Die heutige St. Wendalinusgemeinde wurde zu Beginn der 1920-er Jahre auf Initiative Pastor Didas gegr\u00fcndet. Allein schon aus diesem Grunde kann die 275-j\u00e4hrige Tradition unserer &#8222;Kerb&#8220; nicht auf einem Patronatsfest begr\u00fcndet werden. <\/p>\n\n\n\n<figure class=\"wp-block-gallery columns-2 is-cropped wp-block-gallery-3 is-layout-flex wp-block-gallery-is-layout-flex\"><ul class=\"blocks-gallery-grid\"><li class=\"blocks-gallery-item\"><figure><img loading=\"lazy\" decoding=\"async\" width=\"700\" height=\"360\" src=\"https:\/\/echta-derminga.de\/wp-content\/uploads\/2021\/10\/IMG-20211025-WA0026-700x360.jpg\" alt=\"\" data-id=\"11004\" data-link=\"https:\/\/echta-derminga.de\/?attachment_id=11004\" class=\"wp-image-11004\" srcset=\"https:\/\/echta-derminga.de\/wp-content\/uploads\/2021\/10\/IMG-20211025-WA0026-700x360.jpg 700w, https:\/\/echta-derminga.de\/wp-content\/uploads\/2021\/10\/IMG-20211025-WA0026-300x154.jpg 300w, https:\/\/echta-derminga.de\/wp-content\/uploads\/2021\/10\/IMG-20211025-WA0026-768x395.jpg 768w, https:\/\/echta-derminga.de\/wp-content\/uploads\/2021\/10\/IMG-20211025-WA0026.jpg 1000w\" sizes=\"auto, (max-width: 700px) 100vw, 700px\" \/><\/figure><\/li><li class=\"blocks-gallery-item\"><figure><img loading=\"lazy\" decoding=\"async\" width=\"700\" height=\"331\" src=\"https:\/\/echta-derminga.de\/wp-content\/uploads\/2021\/10\/20211025_102745-700x331.jpg\" alt=\"\" data-id=\"11005\" data-full-url=\"https:\/\/echta-derminga.de\/wp-content\/uploads\/2021\/10\/20211025_102745.jpg\" data-link=\"https:\/\/echta-derminga.de\/?attachment_id=11005\" class=\"wp-image-11005\" srcset=\"https:\/\/echta-derminga.de\/wp-content\/uploads\/2021\/10\/20211025_102745-700x331.jpg 700w, https:\/\/echta-derminga.de\/wp-content\/uploads\/2021\/10\/20211025_102745-300x142.jpg 300w, https:\/\/echta-derminga.de\/wp-content\/uploads\/2021\/10\/20211025_102745-768x363.jpg 768w, https:\/\/echta-derminga.de\/wp-content\/uploads\/2021\/10\/20211025_102745.jpg 1000w\" sizes=\"auto, (max-width: 700px) 100vw, 700px\" \/><\/figure><\/li><\/ul><\/figure>\n\n\n\n<p class=\"has-medium-font-size wp-block-paragraph\"><strong>Der 20. Oktober ist der Gedenktag des heiligen Wendelin. Von katholischen Mitb\u00fcrgern habe ich erfahren, dass im Oktober feierliche Gedenk-Messen stattgefunden haben. Wahrscheinlich ist es der zeitlichen N\u00e4he des Gedenktages und der Kirchweihe geschuldet, dass es viele Jahrzehnte Reiberein zwischen beiden Konfessionen gegeben hat und sich stets um die Frage gestritten wurde: Wem es die Kerb ? &nbsp;Im Jahre 1968 wurde im Dirminger Gemeinderat kurzzeitig dar\u00fcber nachgedacht die \u201cKerb\u201d vorzuziehen. Das Gremium wollte mit dieser Terminverschiebung dem Patroziniumstag des heiligen Wendalinus, der hiesigen katholischen Wendalinus Pfarrgemeinde, entgegenkommen. Am Ende wurde jedoch am feststehenden Termin Ende Oktober festgehalten. Sollte Allerheiligen auf den Kirmesmontag oder Kirmesdienstag fallen, wird die Kirmes eine Woche vorverlegt. In vielen F\u00e4llen sehr nahe an den 20. Oktober, den Gedenktag des heiligen Wendelin.<\/strong><\/p>\n\n\n\n<p class=\"has-medium-font-size wp-block-paragraph\">Von daher habe ich kein Problem damit beides zu feiern. Solang es den Menschen unseres Dorfes gef\u00e4llt, sollte alles erlaubt sein. Gerne kann man zur Kirmes auch dem heiligen Wendelin gedenken. Wo liegt das Problem? Lasst uns Br\u00fccken schlagen und beides verbinden. Warum nicht auch in einem gemeinsamen \u00f6kumenischen Kirmes- Gottesdienst? Die Zeiten des Kirchturmdenkens sollten endlich der Geschichte angeh\u00f6ren. Dazu geh\u00f6rt auch, dass sich beide Seiten die H\u00e4nde reichen. Ich habe ein Problem damit, dass nur eine Seite hervorgehoben und gepriesen wird.<\/p>\n\n\n\n<figure class=\"wp-block-gallery columns-2 is-cropped wp-block-gallery-4 is-layout-flex wp-block-gallery-is-layout-flex\"><ul class=\"blocks-gallery-grid\"><li class=\"blocks-gallery-item\"><figure><img loading=\"lazy\" decoding=\"async\" width=\"700\" height=\"467\" src=\"https:\/\/echta-derminga.de\/wp-content\/uploads\/2021\/10\/P1090428-700x467.jpg\" alt=\"\" data-id=\"11007\" data-full-url=\"https:\/\/echta-derminga.de\/wp-content\/uploads\/2021\/10\/P1090428-scaled.jpg\" data-link=\"https:\/\/echta-derminga.de\/?attachment_id=11007\" class=\"wp-image-11007\" srcset=\"https:\/\/echta-derminga.de\/wp-content\/uploads\/2021\/10\/P1090428-700x467.jpg 700w, https:\/\/echta-derminga.de\/wp-content\/uploads\/2021\/10\/P1090428-300x200.jpg 300w, https:\/\/echta-derminga.de\/wp-content\/uploads\/2021\/10\/P1090428-768x512.jpg 768w, https:\/\/echta-derminga.de\/wp-content\/uploads\/2021\/10\/P1090428-1536x1025.jpg 1536w, https:\/\/echta-derminga.de\/wp-content\/uploads\/2021\/10\/P1090428-2048x1367.jpg 2048w\" sizes=\"auto, (max-width: 700px) 100vw, 700px\" \/><\/figure><\/li><li class=\"blocks-gallery-item\"><figure><img loading=\"lazy\" decoding=\"async\" width=\"700\" height=\"466\" src=\"https:\/\/echta-derminga.de\/wp-content\/uploads\/2021\/10\/P1090420-700x466.jpg\" alt=\"\" data-id=\"11006\" data-full-url=\"https:\/\/echta-derminga.de\/wp-content\/uploads\/2021\/10\/P1090420.jpg\" data-link=\"https:\/\/echta-derminga.de\/?attachment_id=11006\" class=\"wp-image-11006\" srcset=\"https:\/\/echta-derminga.de\/wp-content\/uploads\/2021\/10\/P1090420-700x466.jpg 700w, https:\/\/echta-derminga.de\/wp-content\/uploads\/2021\/10\/P1090420-300x200.jpg 300w, https:\/\/echta-derminga.de\/wp-content\/uploads\/2021\/10\/P1090420-768x512.jpg 768w, https:\/\/echta-derminga.de\/wp-content\/uploads\/2021\/10\/P1090420.jpg 1100w\" sizes=\"auto, (max-width: 700px) 100vw, 700px\" \/><\/figure><\/li><\/ul><\/figure>\n\n\n\n<p class=\"has-medium-font-size wp-block-paragraph\">Am 27.April des Jahres 1746 wurde der Grundstein f\u00fcr den Neubau der Kirche in der Ortsmitte gelegt. Der Teil des historischen Turmes wurde dabei erhalten. Schon am 06.November 1746, nach einer Bauzeit von nur einem halben Jahr, fand die Kirchweihe statt. In diesem Jahr fand die 275. \u201eDerminga Kerb\u201c, also Kirchweihe statt.<\/p>\n\n\n\n<p class=\"has-medium-font-size wp-block-paragraph\">An drei Festtagen wurde ausgelassen auf dem Festplatz und in unserer Gastronomie gefeiert. Kinder nutzten die Fahrgesch\u00e4fte der Schausteller und das feierw\u00fctige Volk trank auf die gemeinsame Zukunft. Endlich wieder ohne Sorgen feiern und das Leben genie\u00dfen. Das diese Kirmes so gut angenommen und gefeiert wurde erf\u00fcllt mich mit Stolz. Immerhin durften wir Dirminger die erste und einzige Kirmes, unserer Gemeinde,  in diesem Jahr feiern.<\/p>\n\n\n\n<p class=\"has-medium-font-size wp-block-paragraph\"><strong>Die Zeiten \u00e4ndern sich und aus unserem Kirchweihfest entwickelte sich im Laufe der Jahrhunderte die Veranstaltung mit Buden und Karussells so wie wir sie bis heute kennen, sch\u00e4tzen und lieben. Zur historischen Wahrheit geh\u00f6rt jedoch die Tatsache, dass wir allj\u00e4hrlich eben Kirchweih feiern. Am Ende ist es gut und sch\u00f6n, dass wir \u00fcberhaupt noch Kirmes feiern d\u00fcrfen. W\u00e4hrend anderorts die Dorf Kirmessen aussterben, haben wir Dirminger es geschafft unsere \u201eKerb\u201c zu erhalten.<\/strong> <strong>Unsere &#8222;Kerb&#8220; ist ein Volks- und Heimatfest der besonderen Art und soll allen Dirmingern Freude bereiten. Ganz egal ob Evangelisch, Katholisch oder Arabisch. Wichtig ist, dass wir zusammenhalten und weiterhin jedes Jahr vereint br\u00fcllen: Wem es die Kerb ?&#8230;&#8230;.uuuss! <\/strong><\/p>\n\n\n\n<div class=\"wp-block-image\"><figure class=\"aligncenter size-large\"><img loading=\"lazy\" decoding=\"async\" width=\"700\" height=\"393\" src=\"https:\/\/echta-derminga.de\/wp-content\/uploads\/2021\/10\/1-700x393.jpg\" alt=\"\" class=\"wp-image-11015\" srcset=\"https:\/\/echta-derminga.de\/wp-content\/uploads\/2021\/10\/1-700x393.jpg 700w, https:\/\/echta-derminga.de\/wp-content\/uploads\/2021\/10\/1-300x169.jpg 300w, https:\/\/echta-derminga.de\/wp-content\/uploads\/2021\/10\/1-768x431.jpg 768w, https:\/\/echta-derminga.de\/wp-content\/uploads\/2021\/10\/1.jpg 1100w\" sizes=\"auto, (max-width: 700px) 100vw, 700px\" \/><\/figure><\/div>\n","protected":false},"excerpt":{"rendered":"<p>Die Zeiten, in denen in unserem Dorf darum gestritten wurde, welche Konfession die richtige ist und wem eigentlich die Kirche und somit auch die allj\u00e4hrliche \u201eKerb\u201c geh\u00f6rt, hat gottlob ein Ende gefunden. Mittlerweile spielt das Verh\u00e4ltnis beider Konfessionen zu unserer Kirmes eine eher untergeordnete Rolle. Viele j\u00fcngere Menschen haben an dem historischen Hintergrund rund um die Kirmes kein Interesse. In<\/p>\n","protected":false},"author":1,"featured_media":10998,"comment_status":"open","ping_status":"closed","sticky":false,"template":"","format":"standard","meta":{"_crdt_document":"","footnotes":""},"categories":[1,9,8],"tags":[479,5,85,618,568,127,634,310],"class_list":["post-10996","post","type-post","status-publish","format-standard","has-post-thumbnail","hentry","category-allgemein","category-dorfgetratsche","category-sellemols-und-awweile","tag-derminga-kerb","tag-dirmingen","tag-evangelische-kirche-dirmingen","tag-gemeinde-eppelborn","tag-katholische-kirchengemeinde","tag-landkreis-neunkirchen","tag-ortsvorsteher","tag-saarland"],"_links":{"self":[{"href":"https:\/\/echta-derminga.de\/index.php?rest_route=\/wp\/v2\/posts\/10996","targetHints":{"allow":["GET"]}}],"collection":[{"href":"https:\/\/echta-derminga.de\/index.php?rest_route=\/wp\/v2\/posts"}],"about":[{"href":"https:\/\/echta-derminga.de\/index.php?rest_route=\/wp\/v2\/types\/post"}],"author":[{"embeddable":true,"href":"https:\/\/echta-derminga.de\/index.php?rest_route=\/wp\/v2\/users\/1"}],"replies":[{"embeddable":true,"href":"https:\/\/echta-derminga.de\/index.php?rest_route=%2Fwp%2Fv2%2Fcomments&post=10996"}],"version-history":[{"count":10,"href":"https:\/\/echta-derminga.de\/index.php?rest_route=\/wp\/v2\/posts\/10996\/revisions"}],"predecessor-version":[{"id":11020,"href":"https:\/\/echta-derminga.de\/index.php?rest_route=\/wp\/v2\/posts\/10996\/revisions\/11020"}],"wp:featuredmedia":[{"embeddable":true,"href":"https:\/\/echta-derminga.de\/index.php?rest_route=\/wp\/v2\/media\/10998"}],"wp:attachment":[{"href":"https:\/\/echta-derminga.de\/index.php?rest_route=%2Fwp%2Fv2%2Fmedia&parent=10996"}],"wp:term":[{"taxonomy":"category","embeddable":true,"href":"https:\/\/echta-derminga.de\/index.php?rest_route=%2Fwp%2Fv2%2Fcategories&post=10996"},{"taxonomy":"post_tag","embeddable":true,"href":"https:\/\/echta-derminga.de\/index.php?rest_route=%2Fwp%2Fv2%2Ftags&post=10996"}],"curies":[{"name":"wp","href":"https:\/\/api.w.org\/{rel}","templated":true}]}}