{"id":11037,"date":"2021-10-30T13:43:20","date_gmt":"2021-10-30T12:43:20","guid":{"rendered":"https:\/\/echta-derminga.de\/?p=11037"},"modified":"2021-10-30T13:49:55","modified_gmt":"2021-10-30T12:49:55","slug":"in-sachen-ortsvorsteher-von-guten-nachrichten-in-stillen-tagen-einer-wunderbaren-kerb-und-einem-ehrenamtsfest","status":"publish","type":"post","link":"https:\/\/echta-derminga.de\/?p=11037","title":{"rendered":"In Sachen Ortsvorsteher: Von guten Nachrichten in stillen Tagen, einer wunderbaren &#8222;Kerb&#8220; und einem Ehrenamtsfest"},"content":{"rendered":"\n<p class=\"has-medium-font-size wp-block-paragraph\"><strong>Mit dem November beginnt eine Phase von mehreren sogenannten \u201eStillen Tagen\u201c. Diese verteilen sich \u00fcber den gesamten Monat. In dieser Zeit sollte die eigene innere Einkehr und das respektvolle Gedenken im Vordergrund stehen. An diesem verl\u00e4ngerten Wochenende feiert die evangelischen Christen das Fest der Reformation. Die katholischen Christen hingegen ehren an Allerheiligen einen besonderen Feiertag. Unsere Kinder und Jugendliche wiederum werden sich auf Halloween freuen und versuchen uns das Gruseln beizubringen. Ich w\u00fcnsche Ihnen bei allem was Sie tun eine sch\u00f6ne und entspannte Zeit in diesen \u201eStillen Tagen\u201c des Monats November.<\/strong><\/p>\n\n\n\n<p class=\"has-medium-font-size wp-block-paragraph\"><strong>Wunderbare 275. &#8222;Derminga Kerb&#8220;<\/strong><\/p>\n\n\n\n<p class=\"has-medium-font-size wp-block-paragraph\">Seit nunmehr 275 Jahren feiern wir in Dirmingen Kirmes. Die &#8222;Derminga Kerb&#8220; geh\u00f6rt somit zu den traditionsreichsten Kirmessen unserer Region. In der Zeit vom 23.- 25. Oktober 2021 fand das diesj\u00e4hrige bunte Treiben auf dem Festplatz und in allen Dirminger Gastst\u00e4tten statt. Dabei h\u00e4tte ich mir zuvor kaum vorstellen k\u00f6nnen, dass die diesj\u00e4hrige Kirmes so erfolgreich verlaufen k\u00f6nnte. Ich m\u00f6chte die Gelegenheit nutzen, um mich ganz herzlich bei allen G\u00e4sten unserer Kirmes f\u00fcr ihren Besuch zu bedanken. Ein herzliches Dankesch\u00f6n geht an den Kulturverein Dirmingen, unsere Gastronomie, die Live-Musikanten und an die Schausteller. Besonders bedanken m\u00f6chte ich mich bei unserem diesj\u00e4hrigen &#8222;Kerwepaar&#8220; Paula Ziegler alias &#8222;Lisje&#8220; und Max Schneider alias &#8222;Hannes&#8220; und bei unserem B\u00fcrgermeister Dr. Andreas Feld der sich bereiterkl\u00e4rte die Schirmherrschaft zu \u00fcbernehmen. Abschlie\u00dfend danke ich allen G\u00f6nnern und Sponsoren der diesj\u00e4hrigen Kirmes. Die diesj\u00e4hrige &#8222;Kerb&#8220; hat Mut gemacht und rundum f\u00fcr gro\u00dfe Begeisterung gesorgt. Vielen Dank an alle die zum Gelingen beigetragen haben.<\/p>\n\n\n\n<figure class=\"wp-block-gallery columns-3 is-cropped wp-block-gallery-1 is-layout-flex wp-block-gallery-is-layout-flex\"><ul class=\"blocks-gallery-grid\"><li class=\"blocks-gallery-item\"><figure><img loading=\"lazy\" decoding=\"async\" width=\"700\" height=\"525\" src=\"https:\/\/echta-derminga.de\/wp-content\/uploads\/2021\/10\/06-700x525.jpg\" alt=\"\" data-id=\"11040\" data-full-url=\"https:\/\/echta-derminga.de\/wp-content\/uploads\/2021\/10\/06.jpg\" data-link=\"https:\/\/echta-derminga.de\/?attachment_id=11040\" class=\"wp-image-11040\" srcset=\"https:\/\/echta-derminga.de\/wp-content\/uploads\/2021\/10\/06-700x525.jpg 700w, https:\/\/echta-derminga.de\/wp-content\/uploads\/2021\/10\/06-300x225.jpg 300w, https:\/\/echta-derminga.de\/wp-content\/uploads\/2021\/10\/06-768x576.jpg 768w, https:\/\/echta-derminga.de\/wp-content\/uploads\/2021\/10\/06.jpg 1024w\" sizes=\"auto, (max-width: 700px) 100vw, 700px\" \/><\/figure><\/li><li class=\"blocks-gallery-item\"><figure><img loading=\"lazy\" decoding=\"async\" width=\"700\" height=\"517\" src=\"https:\/\/echta-derminga.de\/wp-content\/uploads\/2021\/10\/07-1-700x517.jpg\" alt=\"\" data-id=\"11041\" data-full-url=\"https:\/\/echta-derminga.de\/wp-content\/uploads\/2021\/10\/07-1.jpg\" data-link=\"https:\/\/echta-derminga.de\/?attachment_id=11041\" class=\"wp-image-11041\" srcset=\"https:\/\/echta-derminga.de\/wp-content\/uploads\/2021\/10\/07-1-700x517.jpg 700w, https:\/\/echta-derminga.de\/wp-content\/uploads\/2021\/10\/07-1-300x221.jpg 300w, https:\/\/echta-derminga.de\/wp-content\/uploads\/2021\/10\/07-1-768x567.jpg 768w, https:\/\/echta-derminga.de\/wp-content\/uploads\/2021\/10\/07-1.jpg 810w\" sizes=\"auto, (max-width: 700px) 100vw, 700px\" \/><\/figure><\/li><li class=\"blocks-gallery-item\"><figure><img loading=\"lazy\" decoding=\"async\" width=\"700\" height=\"384\" src=\"https:\/\/echta-derminga.de\/wp-content\/uploads\/2021\/10\/01-1-700x384.jpg\" alt=\"\" data-id=\"11042\" data-full-url=\"https:\/\/echta-derminga.de\/wp-content\/uploads\/2021\/10\/01-1.jpg\" data-link=\"https:\/\/echta-derminga.de\/?attachment_id=11042\" class=\"wp-image-11042\" srcset=\"https:\/\/echta-derminga.de\/wp-content\/uploads\/2021\/10\/01-1-700x384.jpg 700w, https:\/\/echta-derminga.de\/wp-content\/uploads\/2021\/10\/01-1-300x165.jpg 300w, https:\/\/echta-derminga.de\/wp-content\/uploads\/2021\/10\/01-1-768x421.jpg 768w, https:\/\/echta-derminga.de\/wp-content\/uploads\/2021\/10\/01-1.jpg 1445w\" sizes=\"auto, (max-width: 700px) 100vw, 700px\" \/><\/figure><\/li><li class=\"blocks-gallery-item\"><figure><img loading=\"lazy\" decoding=\"async\" width=\"700\" height=\"331\" src=\"https:\/\/echta-derminga.de\/wp-content\/uploads\/2021\/10\/03-700x331.jpg\" alt=\"\" data-id=\"11043\" data-full-url=\"https:\/\/echta-derminga.de\/wp-content\/uploads\/2021\/10\/03.jpg\" data-link=\"https:\/\/echta-derminga.de\/?attachment_id=11043\" class=\"wp-image-11043\" srcset=\"https:\/\/echta-derminga.de\/wp-content\/uploads\/2021\/10\/03-700x331.jpg 700w, https:\/\/echta-derminga.de\/wp-content\/uploads\/2021\/10\/03-300x142.jpg 300w, https:\/\/echta-derminga.de\/wp-content\/uploads\/2021\/10\/03-768x363.jpg 768w, https:\/\/echta-derminga.de\/wp-content\/uploads\/2021\/10\/03.jpg 1000w\" sizes=\"auto, (max-width: 700px) 100vw, 700px\" \/><\/figure><\/li><li class=\"blocks-gallery-item\"><figure><img loading=\"lazy\" decoding=\"async\" width=\"700\" height=\"467\" src=\"https:\/\/echta-derminga.de\/wp-content\/uploads\/2021\/10\/09-700x467.jpg\" alt=\"\" data-id=\"11044\" data-full-url=\"https:\/\/echta-derminga.de\/wp-content\/uploads\/2021\/10\/09.jpg\" data-link=\"https:\/\/echta-derminga.de\/?attachment_id=11044\" class=\"wp-image-11044\" srcset=\"https:\/\/echta-derminga.de\/wp-content\/uploads\/2021\/10\/09-700x467.jpg 700w, https:\/\/echta-derminga.de\/wp-content\/uploads\/2021\/10\/09-300x200.jpg 300w, https:\/\/echta-derminga.de\/wp-content\/uploads\/2021\/10\/09-768x512.jpg 768w, https:\/\/echta-derminga.de\/wp-content\/uploads\/2021\/10\/09.jpg 1000w\" sizes=\"auto, (max-width: 700px) 100vw, 700px\" \/><\/figure><\/li><li class=\"blocks-gallery-item\"><figure><img loading=\"lazy\" decoding=\"async\" width=\"700\" height=\"331\" src=\"https:\/\/echta-derminga.de\/wp-content\/uploads\/2021\/10\/20211025_102745-700x331.jpg\" alt=\"\" data-id=\"11005\" data-full-url=\"https:\/\/echta-derminga.de\/wp-content\/uploads\/2021\/10\/20211025_102745.jpg\" data-link=\"https:\/\/echta-derminga.de\/?attachment_id=11005\" class=\"wp-image-11005\" srcset=\"https:\/\/echta-derminga.de\/wp-content\/uploads\/2021\/10\/20211025_102745-700x331.jpg 700w, https:\/\/echta-derminga.de\/wp-content\/uploads\/2021\/10\/20211025_102745-300x142.jpg 300w, https:\/\/echta-derminga.de\/wp-content\/uploads\/2021\/10\/20211025_102745-768x363.jpg 768w, https:\/\/echta-derminga.de\/wp-content\/uploads\/2021\/10\/20211025_102745.jpg 1000w\" sizes=\"auto, (max-width: 700px) 100vw, 700px\" \/><\/figure><\/li><\/ul><\/figure>\n\n\n\n<p class=\"has-medium-font-size wp-block-paragraph\"><strong>Danke f\u00fcr das Ehrenamt &#8211; Helden unserer &#8222;Derminga Kerb&#8220;<\/strong><\/p>\n\n\n\n<p class=\"has-medium-font-size wp-block-paragraph\">Ohne die tatkr\u00e4ftige Unterst\u00fctzung zahlreicher Helferinnen und Helfer w\u00e4re die diesj\u00e4hrige Kirmes nicht durchf\u00fchrbar gewesen. Dabei m\u00f6chte ich besonders die Helferinnen und Helfer unserer Einlasskontrolle hervorheben. Die Corona auflagen hatten uns dazu veranlasst ein Hygienekonzept aufzustellen. Tagelang wurde mit Luca App, Einlasspapieren, Desinfektionsmitteln und Ein- und Ausgangskontrolle zum Wohle unserer Bev\u00f6lkerung Schwerstarbeit geleistet. Vielen herzlichen Dank an das gesamte Team der Ein- und Auslasskontrolle. Ohnehin wurde hinter den Kulissen fiebrig an der Durchf\u00fchrung der Kirmes gearbeitet. Dabei m\u00f6chte ich in diesem Jahr einmal Christel Neufang und Stefan Schaefer hervorheben. Ohne euren Einsatz w\u00fcrde unserer &#8222;Kerb&#8220; so einiges fehlen. Vielen lieben Dank f\u00fcr das Ehrenamt.<\/p>\n\n\n\n<div class=\"wp-block-image\"><figure class=\"aligncenter size-large\"><img loading=\"lazy\" decoding=\"async\" width=\"700\" height=\"460\" src=\"https:\/\/echta-derminga.de\/wp-content\/uploads\/2021\/10\/248892774_4455882901173067_5370733242561155490_n-700x460.jpg\" alt=\"\" class=\"wp-image-11046\" srcset=\"https:\/\/echta-derminga.de\/wp-content\/uploads\/2021\/10\/248892774_4455882901173067_5370733242561155490_n-700x460.jpg 700w, https:\/\/echta-derminga.de\/wp-content\/uploads\/2021\/10\/248892774_4455882901173067_5370733242561155490_n-300x197.jpg 300w, https:\/\/echta-derminga.de\/wp-content\/uploads\/2021\/10\/248892774_4455882901173067_5370733242561155490_n-768x505.jpg 768w, https:\/\/echta-derminga.de\/wp-content\/uploads\/2021\/10\/248892774_4455882901173067_5370733242561155490_n.jpg 1440w\" sizes=\"auto, (max-width: 700px) 100vw, 700px\" \/><\/figure><\/div>\n\n\n\n<p class=\"has-medium-font-size wp-block-paragraph\"><strong>Ehrenamt \u2013 Respekt: Digital, sozial, genial!\u201c- Minister ehrt unser Bankpatenprojekt<\/strong><\/p>\n\n\n\n<p class=\"has-medium-font-size wp-block-paragraph\">Die Kampagne \u201eEhrenamt \u2013 Respekt: Digital, sozial, genial!\u201c- des Ministeriums f\u00fcr Umwelt und Verbraucherschutz in Kooperation mit dem Wochenspiegel wurde vor kurzem mit einem finalen Bericht \u00fcber alle eingereichten Projekte abgeschlossen. Geehrt und ausgezeichnet wurden Beteiligten, Gruppen, Organisationen und Vereine, die sich f\u00fcr das Gemeinwohl einzusetzen haben. Besonders anerkennenswert ist dieses Engagement im Hinblick auf die immer noch anhaltende Corona-Pandemie und die damit einhergehenden Kontaktbeschr\u00e4nkungen. Am Dienstag, 26. Oktober war es f\u00fcr das Ministerium an der Zeit \u201eDanke\u201c zu sagen. Im Rahmen einer Feierlichkeit mit anschlie\u00dfender Ehrung der einzelnen Projekte wurde auch unser Bankpatenprojekt ausgezeichnet. Das Ehrenamtsfest im Saarbr\u00fccker Schloss war rundum eine gelungene Angelegenheit. Umweltminister Reinhold Jost ehrte unser Bankpatenprojekt Josef Wilhelm, Rudi Konetzka, Michael Polotzek und auch unseren \u201eB\u00fcttels Eck- Paten\u201c Harald Gerstner. W\u00e4hrend meiner Pr\u00e4sentation des Projekts hob ich die Wirkung unseres Bankpatenprojekt hervor und dankte allen die sich auf verschiedener Art und Weise ehrenamtlich in unserem Dorf bewegen. Am Ende freuten wir uns \u00fcber einen sch\u00f6nen Abend mit einer gro\u00dfartigen Anerkennung und sch\u00f6nen Gespr\u00e4chen. Ich bin sehr stolz auf unser Bankpatenprojekt und schlie\u00dfe mich dem Dank des Ministers an.<\/p>\n\n\n\n<figure class=\"wp-block-gallery columns-2 is-cropped wp-block-gallery-2 is-layout-flex wp-block-gallery-is-layout-flex\"><ul class=\"blocks-gallery-grid\"><li class=\"blocks-gallery-item\"><figure><img loading=\"lazy\" decoding=\"async\" width=\"700\" height=\"494\" src=\"https:\/\/echta-derminga.de\/wp-content\/uploads\/2021\/10\/20211026_191458-Kopie-700x494.jpg\" alt=\"\" data-id=\"11048\" data-link=\"https:\/\/echta-derminga.de\/?attachment_id=11048\" class=\"wp-image-11048\" srcset=\"https:\/\/echta-derminga.de\/wp-content\/uploads\/2021\/10\/20211026_191458-Kopie-700x494.jpg 700w, https:\/\/echta-derminga.de\/wp-content\/uploads\/2021\/10\/20211026_191458-Kopie-300x212.jpg 300w, https:\/\/echta-derminga.de\/wp-content\/uploads\/2021\/10\/20211026_191458-Kopie-768x542.jpg 768w, https:\/\/echta-derminga.de\/wp-content\/uploads\/2021\/10\/20211026_191458-Kopie.jpg 1000w\" sizes=\"auto, (max-width: 700px) 100vw, 700px\" \/><\/figure><\/li><li class=\"blocks-gallery-item\"><figure><img loading=\"lazy\" decoding=\"async\" width=\"700\" height=\"525\" src=\"https:\/\/echta-derminga.de\/wp-content\/uploads\/2021\/10\/IMG-20211026-WA0033-700x525.jpg\" alt=\"\" data-id=\"11049\" data-full-url=\"https:\/\/echta-derminga.de\/wp-content\/uploads\/2021\/10\/IMG-20211026-WA0033.jpg\" data-link=\"https:\/\/echta-derminga.de\/?attachment_id=11049\" class=\"wp-image-11049\" srcset=\"https:\/\/echta-derminga.de\/wp-content\/uploads\/2021\/10\/IMG-20211026-WA0033-700x525.jpg 700w, https:\/\/echta-derminga.de\/wp-content\/uploads\/2021\/10\/IMG-20211026-WA0033-300x225.jpg 300w, https:\/\/echta-derminga.de\/wp-content\/uploads\/2021\/10\/IMG-20211026-WA0033-768x576.jpg 768w, https:\/\/echta-derminga.de\/wp-content\/uploads\/2021\/10\/IMG-20211026-WA0033.jpg 900w\" sizes=\"auto, (max-width: 700px) 100vw, 700px\" \/><\/figure><\/li><\/ul><\/figure>\n\n\n\n<p class=\"has-medium-font-size wp-block-paragraph\"><strong>Gut f\u00fcr unsere Gemeinde &#8211; Der B\u00fcrgerbus ist startklar!<\/strong><\/p>\n\n\n\n<p class=\"has-medium-font-size wp-block-paragraph\">Respekt! Man muss neidlos anerkennen, dass unser B\u00fcrgermeister Dr. Andreas Feld nicht nur in diesem Fall eine gute Idee hatte und diese nun auch in die Tat umsetzt. Der Eppelborner B\u00fcrgerbus wird n\u00e4chste Woche seiner Bestimmung folgen. Der ger\u00e4umige Kleinbus f\u00fcr acht Fahrg\u00e4ste wird ab 04. November den Menschen in unserer Gemeinde zur Verf\u00fcgung stehen. B\u00fcrgerbusse werden vom ehrenamtlichen Engagement getragen und sorgen f\u00fcr die lokale Mobilit\u00e4t. Der Eppelborner B\u00fcrgerbus wurde auf der \u00f6rtlichen Ebene geplant und entwickelt. Nachdem die Zusage durch das saarl\u00e4ndische Verkehrsministerium Ende 2019 vorlag, hat der Gemeinderat mit einem einstimmigen Beschluss im April 2020 der Realisierung des Projektes gr\u00fcnes Licht gegeben. Das Projekt wird mit insgesamt 35.000 Euro von der Landesregierung gef\u00f6rdert. Gerade mit Blick auf \u00e4ltere Menschen d\u00fcrfte der B\u00fcrgerbus eine echte Entlastung darstellen. Mit rund 20 Personen ist das Team gut aufgestellt, einige weitere Fahrer, k\u00f6nnte das Projekt noch vertragen. Gesucht werden Menschen mit F\u00fchrerschein-Klasse B (fr\u00fcher 3), die sich gerne ehrenamtlich in diesem Projekt engagieren wollen. Ganz offiziell startet der Eppelborner B\u00fcrgerbus am Donnerstag, 4. November 2021, gegen 8:30 Uhr seinen Dienst. An diesem Tag wird der Bus von der Saarl\u00e4ndischen Ministerin f\u00fcr Wirtschaft, Arbeit, Energie und Verkehr, Anke Rehlinger und unserem B\u00fcrgermeister Andreas Feld auf die erste Reise geschickt. Die Fahrten f\u00fcr die Eppelborner B\u00fcrgerinnen und B\u00fcrger werden dienstags und donnerstags im Zeitraum von 8.00 bis 18.00 Uhr angeboten. Jeweils am Vortrag m\u00fcssen sich die Fahrtg\u00e4ste telefonisch in der Zeit von 15.00 bis 16.30 Uhr mit ihren Fahrtw\u00fcnschen anmelden. Wichtig ist, der B\u00fcrgerbus f\u00e4hrt kostenlos und verkehrt ausschlie\u00dflich in der Gemeinde Eppelborn. Weitere Informationen: Heiko Girnus unter (06881) 969-126 oder Markus Baus unter (06881) 89 79 56 oder unter www.buergerbus-saarland.de oder <a href=\"http:\/\/www.eppelborn.de\">www.eppelborn.de<\/a><\/p>\n\n\n\n<div class=\"wp-block-image\"><figure class=\"aligncenter size-large\"><img loading=\"lazy\" decoding=\"async\" width=\"700\" height=\"440\" src=\"https:\/\/echta-derminga.de\/wp-content\/uploads\/2021\/10\/43_Buergerbus_Foto1-Gross-1024x644-1-700x440.jpg\" alt=\"\" class=\"wp-image-11051\" srcset=\"https:\/\/echta-derminga.de\/wp-content\/uploads\/2021\/10\/43_Buergerbus_Foto1-Gross-1024x644-1-700x440.jpg 700w, https:\/\/echta-derminga.de\/wp-content\/uploads\/2021\/10\/43_Buergerbus_Foto1-Gross-1024x644-1-300x189.jpg 300w, https:\/\/echta-derminga.de\/wp-content\/uploads\/2021\/10\/43_Buergerbus_Foto1-Gross-1024x644-1-768x483.jpg 768w, https:\/\/echta-derminga.de\/wp-content\/uploads\/2021\/10\/43_Buergerbus_Foto1-Gross-1024x644-1.jpg 1024w\" sizes=\"auto, (max-width: 700px) 100vw, 700px\" \/><\/figure><\/div>\n\n\n\n<p class=\"has-medium-font-size wp-block-paragraph\"><strong>Im November finden einige Festtage statt. Dabei m\u00f6chte ich schon heute auf die Sankt Martins Veranstaltung der Kolpingfamilie Dirmingen am 12.November 21 hinweisen. Gerade f\u00fcr unsere Kinder bedeutet diese traditionsreiche Veranstaltung einen wichtigen Schritt in eine gewisse Normalit\u00e4t. Am Sonntag, 14. November 21 findet, am Volkstrauertag, gegen 14:00 Uhr auf dem Dirminger Friedhof die offizielle Kranzniederlegung des Ortsrates Dirmingen statt.<\/strong><\/p>\n\n\n\n<p class=\"has-medium-font-size wp-block-paragraph\">Der Kulturverein Dirmingen hat sich nun doch dazu entschieden, den \u201eMittelalterlichen Weihnachtsmarkt\u201c rund um unsere Borrwieshalle auszurichten. Dabei freue ich mich besonders \u00fcber den Mut und die Einsatzbereitschaft der Kulturaner. Eigentlich wollten die Kulturaner eine etwas kleinere Veranstaltung an der Halle anbieten. Die neuerlichen Lockerungen bei der Hygieneverordnung brachte die Verantwortlichen des Vereins zum Umdenken. Dabei geh\u00f6rt oftmals viel Mut dazu seine Meinung zu revidieren und neue Wege einzuschreiten. Ich freue mich auf den diesj\u00e4hrigen \u201eMittelalterlichen Weihnachtsmarkt\u201c an der Dirminger Borrwieshalle.<\/p>\n\n\n\n<p class=\"has-medium-font-size wp-block-paragraph\"><strong>In der Zeit vom 02.- 13. November 21 begebe ich mich in Erholungsurlaub. Meine Vertretung \u00fcbernimmt in dieser Zeit der stellvertretende Ortsvorsteher Michael Polotzek. Die Sprechstunden finden wie gehabt zu gewohnten Zeiten statt.<\/strong><\/p>\n\n\n\n<p class=\"has-medium-font-size wp-block-paragraph\"><strong>Ich w\u00fcnsche Ihnen in diesen grauen und stillen Tagen die notwendige Ruhe aus denen ihre Kraft und Zuversicht sch\u00f6pfen k\u00f6nnen.<\/strong><\/p>\n\n\n\n<p class=\"has-medium-font-size wp-block-paragraph\"><strong>Bitte denken sie immer daran: Am Ende wird alles gut, sollte es noch nicht gut sein, ist es leider noch nicht zu Ende.<\/strong><\/p>\n\n\n\n<p class=\"has-medium-font-size wp-block-paragraph\">In diesem Sinne<\/p>\n\n\n\n<p class=\"has-medium-font-size wp-block-paragraph\">Ihr Ortsvorsteher<\/p>\n\n\n\n<p class=\"has-medium-font-size wp-block-paragraph\">Frank Klein<\/p>\n\n\n\n<figure class=\"wp-block-gallery columns-3 is-cropped wp-block-gallery-3 is-layout-flex wp-block-gallery-is-layout-flex\"><ul class=\"blocks-gallery-grid\"><li class=\"blocks-gallery-item\"><figure><img loading=\"lazy\" decoding=\"async\" width=\"700\" height=\"990\" src=\"https:\/\/echta-derminga.de\/wp-content\/uploads\/2021\/10\/40_Buergerbus-724x1024-1-700x990.jpg\" alt=\"\" data-id=\"11052\" data-link=\"https:\/\/echta-derminga.de\/?attachment_id=11052\" class=\"wp-image-11052\" srcset=\"https:\/\/echta-derminga.de\/wp-content\/uploads\/2021\/10\/40_Buergerbus-724x1024-1-700x990.jpg 700w, https:\/\/echta-derminga.de\/wp-content\/uploads\/2021\/10\/40_Buergerbus-724x1024-1-212x300.jpg 212w, https:\/\/echta-derminga.de\/wp-content\/uploads\/2021\/10\/40_Buergerbus-724x1024-1.jpg 724w\" sizes=\"auto, (max-width: 700px) 100vw, 700px\" \/><\/figure><\/li><li class=\"blocks-gallery-item\"><figure><img loading=\"lazy\" decoding=\"async\" width=\"600\" height=\"844\" src=\"https:\/\/echta-derminga.de\/wp-content\/uploads\/2021\/10\/246786762_345997310614918_1865162160480140897_n.jpg\" alt=\"\" data-id=\"11053\" data-link=\"https:\/\/echta-derminga.de\/?attachment_id=11053\" class=\"wp-image-11053\" srcset=\"https:\/\/echta-derminga.de\/wp-content\/uploads\/2021\/10\/246786762_345997310614918_1865162160480140897_n.jpg 600w, https:\/\/echta-derminga.de\/wp-content\/uploads\/2021\/10\/246786762_345997310614918_1865162160480140897_n-213x300.jpg 213w\" sizes=\"auto, (max-width: 600px) 100vw, 600px\" \/><\/figure><\/li><li class=\"blocks-gallery-item\"><figure><img loading=\"lazy\" decoding=\"async\" width=\"600\" height=\"847\" src=\"https:\/\/echta-derminga.de\/wp-content\/uploads\/2021\/10\/2012_weihnachtsmarkt_plakat_600_001-1.jpg\" alt=\"\" data-id=\"11054\" data-full-url=\"https:\/\/echta-derminga.de\/wp-content\/uploads\/2021\/10\/2012_weihnachtsmarkt_plakat_600_001-1.jpg\" data-link=\"https:\/\/echta-derminga.de\/?attachment_id=11054\" class=\"wp-image-11054\" srcset=\"https:\/\/echta-derminga.de\/wp-content\/uploads\/2021\/10\/2012_weihnachtsmarkt_plakat_600_001-1.jpg 600w, https:\/\/echta-derminga.de\/wp-content\/uploads\/2021\/10\/2012_weihnachtsmarkt_plakat_600_001-1-213x300.jpg 213w\" sizes=\"auto, (max-width: 600px) 100vw, 600px\" \/><\/figure><\/li><\/ul><\/figure>\n","protected":false},"excerpt":{"rendered":"<p>Mit dem November beginnt eine Phase von mehreren sogenannten \u201eStillen Tagen\u201c. Diese verteilen sich \u00fcber den gesamten Monat. In dieser Zeit sollte die eigene innere Einkehr und das respektvolle Gedenken im Vordergrund stehen. An diesem verl\u00e4ngerten Wochenende feiert die evangelischen Christen das Fest der Reformation. Die katholischen Christen hingegen ehren an Allerheiligen einen besonderen Feiertag. Unsere Kinder und Jugendliche wiederum<\/p>\n","protected":false},"author":1,"featured_media":11039,"comment_status":"open","ping_status":"closed","sticky":false,"template":"","format":"standard","meta":{"_crdt_document":"","footnotes":""},"categories":[1,9,812],"tags":[479,5,85,618,127,166,634,795,310],"class_list":["post-11037","post","type-post","status-publish","format-standard","has-post-thumbnail","hentry","category-allgemein","category-dorfgetratsche","category-ortsvorsteher-dirmingen","tag-derminga-kerb","tag-dirmingen","tag-evangelische-kirche-dirmingen","tag-gemeinde-eppelborn","tag-landkreis-neunkirchen","tag-ortsmitte","tag-ortsvorsteher","tag-ortsvorsteher-dirmingen","tag-saarland"],"_links":{"self":[{"href":"https:\/\/echta-derminga.de\/index.php?rest_route=\/wp\/v2\/posts\/11037","targetHints":{"allow":["GET"]}}],"collection":[{"href":"https:\/\/echta-derminga.de\/index.php?rest_route=\/wp\/v2\/posts"}],"about":[{"href":"https:\/\/echta-derminga.de\/index.php?rest_route=\/wp\/v2\/types\/post"}],"author":[{"embeddable":true,"href":"https:\/\/echta-derminga.de\/index.php?rest_route=\/wp\/v2\/users\/1"}],"replies":[{"embeddable":true,"href":"https:\/\/echta-derminga.de\/index.php?rest_route=%2Fwp%2Fv2%2Fcomments&post=11037"}],"version-history":[{"count":9,"href":"https:\/\/echta-derminga.de\/index.php?rest_route=\/wp\/v2\/posts\/11037\/revisions"}],"predecessor-version":[{"id":11061,"href":"https:\/\/echta-derminga.de\/index.php?rest_route=\/wp\/v2\/posts\/11037\/revisions\/11061"}],"wp:featuredmedia":[{"embeddable":true,"href":"https:\/\/echta-derminga.de\/index.php?rest_route=\/wp\/v2\/media\/11039"}],"wp:attachment":[{"href":"https:\/\/echta-derminga.de\/index.php?rest_route=%2Fwp%2Fv2%2Fmedia&parent=11037"}],"wp:term":[{"taxonomy":"category","embeddable":true,"href":"https:\/\/echta-derminga.de\/index.php?rest_route=%2Fwp%2Fv2%2Fcategories&post=11037"},{"taxonomy":"post_tag","embeddable":true,"href":"https:\/\/echta-derminga.de\/index.php?rest_route=%2Fwp%2Fv2%2Ftags&post=11037"}],"curies":[{"name":"wp","href":"https:\/\/api.w.org\/{rel}","templated":true}]}}