{"id":1108,"date":"2018-04-12T21:06:25","date_gmt":"2018-04-12T20:06:25","guid":{"rendered":"http:\/\/echta-derminga.de\/?p=1108"},"modified":"2018-04-12T21:14:57","modified_gmt":"2018-04-12T20:14:57","slug":"von-ueberfaelligen-strassensanierungen-und-einer-maroden-infrastruktur","status":"publish","type":"post","link":"https:\/\/echta-derminga.de\/?p=1108","title":{"rendered":"Von \u00fcberf\u00e4lligen Stra\u00dfensanierungen und einer maroden Infrastruktur"},"content":{"rendered":"<div id=\"attachment_1110\" style=\"width: 310px\" class=\"wp-caption alignleft\"><img loading=\"lazy\" decoding=\"async\" aria-describedby=\"caption-attachment-1110\" class=\"wp-image-1110 size-medium\" src=\"https:\/\/echta-derminga.de\/wp-content\/uploads\/2018\/04\/Strassenbau-alt1-300x208.jpeg\" alt=\"\" width=\"300\" height=\"208\" srcset=\"https:\/\/echta-derminga.de\/wp-content\/uploads\/2018\/04\/Strassenbau-alt1-300x208.jpeg 300w, https:\/\/echta-derminga.de\/wp-content\/uploads\/2018\/04\/Strassenbau-alt1-644x446.jpeg 644w, https:\/\/echta-derminga.de\/wp-content\/uploads\/2018\/04\/Strassenbau-alt1.jpeg 700w\" sizes=\"auto, (max-width: 300px) 100vw, 300px\" \/><p id=\"caption-attachment-1110\" class=\"wp-caption-text\">Bauma\u00dfnahmen in der Lebacherstrasse nach dem Krieg<\/p><\/div>\n<p><b>Der demografische Wandel wirkt sich auf vielf\u00e4ltige Art und Weise auf die saarl\u00e4ndischen Kommunen aus. Diese Tatsache spiegelt\u00a0sich auch im Zustand unserer Strassen. Die sinkende Finanzkraft der Gemeinde ist dabei ein wichtiger Faktor. Die wirtschaftliche Entwicklung der Kommunen stagniert vielerorts. Obwohl die Steuereinnahmen sprudeln, flie\u00dft zu wenig Geld in die Kommunen und somit auch in die Sanierung maroder Infrastruktur.<\/b><\/p>\n<p>In der Dirminger Ortsmitte soll von Mai bis November 2018 eine gro\u00dfe Bauma\u00dfnahme durchgef\u00fchrt werden. Im Rahmen dieser Bauma\u00dfnahmen soll ein neuer Kanal gelegt und die Stra\u00dfendecke saniert und neu asphaltiert werden. Der Zustand der Dirminger Stra\u00dfen ist im Allgemeinen keineswegs zufriedenstellend. Genauso, wie in vielen andern Ortsteilen unserer Gemeinde, wurde in den letzten Jahren einiges aus finanziellen Gr\u00fcnden liegengelassen.<\/p>\n<p><strong>Viele Nebenstra\u00dfen unseres Dorfes sind seit vielen Jahren Sanierungsbed\u00fcrftig. Hin und wieder wird notd\u00fcrftig geflickt und getrickst. Gerade nach einem starken Winter gibt es immer wieder erh\u00f6hten Sanierungsbedarf. Der Gemeinde fehlt halt das Kleingeld f\u00fcr notwendige Bauma\u00dfnahmen. Nun soll also in naher Zukunft endlich gehandelt werden. Machen wir uns nix vor, die vorgesehene Bau- und Sanierungsma\u00dfnahmen in unserer Ortsmitte wird mit Sicherheit f\u00fcr einige Unannehmlichkeiten bei Verkehrsteilnehmern und Anwohnern sorgen. Aber es nutzt alles nichts! Es muss ja gemacht werden und wenn wir ehrlich zu uns selbst sind, ist es gut, dass etwas passiert!<\/strong><\/p>\n<p>Immerhin wird nicht zum ersten Male in Dirmingen gebaut und saniert. Gerade nach dem Krieg gab es in Dirmingen l\u00e4ngere Bau- und Sanierungsma\u00dfnahmen. Auch in den 1970-ger Jahren wurde an den Stra\u00dfen unseres Dorfes hartn\u00e4ckig gearbeitet. W\u00e4hrend auch noch in den 1980-ger Jahren investiert wurde, begann in den 1990-ger Jahren die Zeit, in der aufwendige Sanierungsma\u00dfnahmen gerne einmal verschoben wurden.<\/p>\n<p>Im Jahre 1684 erfahren wir erstmals vom Zustand der Dirminger Ortsstra\u00dfen. <strong>Damals berichtete der Intendant des K\u00f6nigs von Frankreich Anton Bergeron de la Goupilliere \u00fcber taugliche Stra\u00dfen die gerade ausreichen um damit von einem Dorf zu einem anderen zu gelangen<\/strong>. In seinem Bericht verwies er auf einen im Grunde guten Zustand, wobei es augenblicklich an einem Wegweiser mangelte.<\/p>\n<div id=\"attachment_1111\" style=\"width: 310px\" class=\"wp-caption alignleft\"><img loading=\"lazy\" decoding=\"async\" aria-describedby=\"caption-attachment-1111\" class=\"wp-image-1111 size-medium\" src=\"https:\/\/echta-derminga.de\/wp-content\/uploads\/2018\/04\/dirmingen722-300x206.jpg\" alt=\"\" width=\"300\" height=\"206\" srcset=\"https:\/\/echta-derminga.de\/wp-content\/uploads\/2018\/04\/dirmingen722-300x206.jpg 300w, https:\/\/echta-derminga.de\/wp-content\/uploads\/2018\/04\/dirmingen722-768x528.jpg 768w, https:\/\/echta-derminga.de\/wp-content\/uploads\/2018\/04\/dirmingen722-644x443.jpg 644w, https:\/\/echta-derminga.de\/wp-content\/uploads\/2018\/04\/dirmingen722.jpg 800w\" sizes=\"auto, (max-width: 300px) 100vw, 300px\" \/><p id=\"caption-attachment-1111\" class=\"wp-caption-text\">Bauma\u00dfnahmen Sellemols<\/p><\/div>\n<p><strong>Die Dorfstra\u00dfen verliefen fr\u00fcher keineswegs wie in der heutigen Zeit. Der Weg nach Berschweiler f\u00fchrte damals durch den &#8222;Remmesteich&#8220; \u00fcber den &#8222;Frankenbach&#8220;. Von Berschweiler f\u00fchrte zudem noch ein Fu\u00dfpfad am Ufer des Alsbaches nach Dirmingen. Die Menschen aus Berschweiler nutzten damals diesen Fu\u00dfweg zum Besuch der Kirchen in Dirmingen. Auch die Kinder aus Berschweiler benutzten diesen Pfad zum t\u00e4glichen Schulweg. Im Jahre 1911 wurde die jetzige Stra\u00dfe nach Berschweiler erbaut.<\/strong><\/p>\n<p>Der Weg nach Wustweiler f\u00fchrte \u00fcber den heutigen &#8222;Lo\u00df&#8220;. Bereits im Jahre 1870 wurde die Stra\u00dfe nach Wustweiler ausgebaut. Bis dahin f\u00fchrten andere Wege zu den besagten Ortschaften. An der Stra\u00dfe nach Wustweiler wurden beim Ausbau Kastanienb\u00e4ume gepflanzt. Heute sind nur noch wenige davon vorhanden. Die durch Dirmingen f\u00fchrende Hauptverkehrsstra\u00dfe wurde in den Jahren 1950\/52 auf eine L\u00e4nge von 1700 Meter ausgebaut. Bis dahin war der Zustand der Stra\u00dfe so schlecht, dass sie von Kraftfahrern vermieden wurde.<\/p>\n<p>Nun wartet also eine l\u00e4ngere Bauphase auf die Bewohner unseres Dorfes. Ich w\u00fcnsche uns allen die notwendige Ruhe und Gelassenheit um die bevorstehenden Monate zu \u00fcberstehen.Nat\u00fcrlich ist es kein gl\u00fccklicher Umstand, dass diese Sanierungsma\u00dfnahme mit dem Neubau der Illtalbr\u00fccke zusammenf\u00e4llt. \u00c4ndern k\u00f6nnen wir es jedoch nicht und am Ende wird alles Gut !<\/p>\n<p><strong>Die Gemeindeverwaltung l\u00e4dt alle B\u00fcrgerinnen und B\u00fcrger zu einer Informationsveranstaltung ein. N\u00e4here Informationen kann man den unten beigef\u00fcgten Pressetext entnehmen:<\/strong><\/p>\n<div id=\"attachment_1113\" style=\"width: 310px\" class=\"wp-caption alignleft\"><img loading=\"lazy\" decoding=\"async\" aria-describedby=\"caption-attachment-1113\" class=\"wp-image-1113 size-medium\" src=\"https:\/\/echta-derminga.de\/wp-content\/uploads\/2018\/04\/1-300x225.jpg\" alt=\"\" width=\"300\" height=\"225\" srcset=\"https:\/\/echta-derminga.de\/wp-content\/uploads\/2018\/04\/1-300x225.jpg 300w, https:\/\/echta-derminga.de\/wp-content\/uploads\/2018\/04\/1-768x576.jpg 768w, https:\/\/echta-derminga.de\/wp-content\/uploads\/2018\/04\/1-644x483.jpg 644w, https:\/\/echta-derminga.de\/wp-content\/uploads\/2018\/04\/1.jpg 800w\" sizes=\"auto, (max-width: 300px) 100vw, 300px\" \/><p id=\"caption-attachment-1113\" class=\"wp-caption-text\">Der baldige &#8222;Tatort&#8220;<\/p><\/div>\n<p><strong>Kanal-und Stra\u00dfenbauma\u00dfnahmen in der Ortsmitte \u2013 B\u00fcrgerversammlung in der Borrwieshalle<\/strong><\/p>\n<p>Der Abwasserzweckverband Eppelborn (AWZE), der Landesbetrieb f\u00fcr Stra\u00dfenbau (LfS) und die Gemeinde Eppelborn beabsichtigen eine gemeinschaftliche Kanal- und Stra\u00dfenbauma\u00dfnahme in Dirmingen durchzuf\u00fchren.<\/p>\n<p>Der AWZE wird in der Lebacher Stra\u00dfe, zwischen der Einm\u00fcndung \u201eZur Alten M\u00fchle\u201c und der ehemaligen Sch\u00e4fer-Brauerei, etwa 75 Meter Mischwasserkanal verlegen. Daneben wird ein marodes Kanalteilst\u00fcck au\u00dfer Betrieb genommen. Zwischen den Einm\u00fcndungen \u201eTholeyer Stra\u00dfe\u201c und \u201eBerschweiler Stra\u00dfe\u201c wird der LfS die Asphaltfahrbahn der Ortsdurchfahrt erneuern. Innerhalb des gesamten Bereiches werden zudem einige Kanalanschlussleitungen in der Stra\u00dfe saniert. Die Gemeinde Eppelborn wird in den Einm\u00fcndungsbereichen \u201eZur Alten M\u00fchle\u201c und \u201eAm Render\u201c ebenfalls neu asphaltieren, einige Fahrbahnr\u00e4nder und Gehwegbereiche sanieren sowie an einigen Stellen \u00dcberquerungshilfen durch Bordsteinabsenkungen schaffen.<\/p>\n<p>Die Arbeiten werden Ende April 2018 beginnen und voraussichtlich bis Oktober oder Anfang November 2018 abgeschlossen sein. Die Durchf\u00fchrung der Bauma\u00dfnahme wird in mehreren Bauphasen erfolgen. Dementsprechend werden zahlreiche unterschiedliche Verkehrsf\u00fchrungen mit Ampelsteuerung erforderlich sein. Gegen Ende der Bauzeit ist eine kurzfristige Vollsperrung mit Umleitungsbeschilderung vorgesehen. Voraussichtlich werden die Sicherungsma\u00dfnahmen mit Verkehrsbeeintr\u00e4chtigungen in der Ortsdurchfahrt und den betroffenen Einm\u00fcndungsbereichen verbunden ein. Die Bauleitung wird die Beeintr\u00e4chtigungen durch die Bauma\u00dfnahme auf das notwendige Ma\u00df beschr\u00e4nken und mit den beiden Parallelma\u00dfnahmen \u201eErneuerung der A 1 Illtalbr\u00fccke\u201c und \u201eErneuerung der Fahrbahn L 133 Berschweiler Stra\u00dfe\u201c abstimmen.<\/p>\n<p><strong>F\u00fcr n\u00e4here Informationen ist am 19.04.2018 um 18:00 Uhr eine B\u00fcrgerversammlung im Nebenraum der Borrwieshalle in Dirmingen vorgesehen.<\/strong><\/p>\n","protected":false},"excerpt":{"rendered":"<p>Der demografische Wandel wirkt sich auf vielf\u00e4ltige Art und Weise auf die saarl\u00e4ndischen Kommunen aus. Diese Tatsache spiegelt\u00a0sich auch im Zustand unserer Strassen. Die sinkende Finanzkraft der Gemeinde ist dabei ein wichtiger Faktor. Die wirtschaftliche Entwicklung der Kommunen stagniert vielerorts. Obwohl die Steuereinnahmen sprudeln, flie\u00dft zu wenig Geld in die Kommunen und somit auch in die Sanierung maroder Infrastruktur. In<\/p>\n","protected":false},"author":1,"featured_media":1109,"comment_status":"open","ping_status":"closed","sticky":false,"template":"","format":"standard","meta":{"_crdt_document":"","footnotes":""},"categories":[9,46],"tags":[5,193,191,190,192],"class_list":["post-1108","post","type-post","status-publish","format-standard","has-post-thumbnail","hentry","category-dorfgetratsche","category-meine-politik","tag-dirmingen","tag-informationsveranstaltung","tag-ortsmitten","tag-sanierungsmassnahme","tag-strassen-und-kanalarbeiten"],"_links":{"self":[{"href":"https:\/\/echta-derminga.de\/index.php?rest_route=\/wp\/v2\/posts\/1108","targetHints":{"allow":["GET"]}}],"collection":[{"href":"https:\/\/echta-derminga.de\/index.php?rest_route=\/wp\/v2\/posts"}],"about":[{"href":"https:\/\/echta-derminga.de\/index.php?rest_route=\/wp\/v2\/types\/post"}],"author":[{"embeddable":true,"href":"https:\/\/echta-derminga.de\/index.php?rest_route=\/wp\/v2\/users\/1"}],"replies":[{"embeddable":true,"href":"https:\/\/echta-derminga.de\/index.php?rest_route=%2Fwp%2Fv2%2Fcomments&post=1108"}],"version-history":[{"count":7,"href":"https:\/\/echta-derminga.de\/index.php?rest_route=\/wp\/v2\/posts\/1108\/revisions"}],"predecessor-version":[{"id":1121,"href":"https:\/\/echta-derminga.de\/index.php?rest_route=\/wp\/v2\/posts\/1108\/revisions\/1121"}],"wp:featuredmedia":[{"embeddable":true,"href":"https:\/\/echta-derminga.de\/index.php?rest_route=\/wp\/v2\/media\/1109"}],"wp:attachment":[{"href":"https:\/\/echta-derminga.de\/index.php?rest_route=%2Fwp%2Fv2%2Fmedia&parent=1108"}],"wp:term":[{"taxonomy":"category","embeddable":true,"href":"https:\/\/echta-derminga.de\/index.php?rest_route=%2Fwp%2Fv2%2Fcategories&post=1108"},{"taxonomy":"post_tag","embeddable":true,"href":"https:\/\/echta-derminga.de\/index.php?rest_route=%2Fwp%2Fv2%2Ftags&post=1108"}],"curies":[{"name":"wp","href":"https:\/\/api.w.org\/{rel}","templated":true}]}}