{"id":11160,"date":"2021-11-08T16:21:20","date_gmt":"2021-11-08T15:21:20","guid":{"rendered":"https:\/\/echta-derminga.de\/?p=11160"},"modified":"2022-01-17T17:52:42","modified_gmt":"2022-01-17T16:52:42","slug":"ein-bisschen-so-wie-martin-st-martin-sollte-uns-allen-ein-vorbild-sein","status":"publish","type":"post","link":"https:\/\/echta-derminga.de\/?p=11160","title":{"rendered":"&#8222;Ein bisschen so wie Martin&#8220; &#8211;  St. Martin sollte uns allen ein Vorbild sein !"},"content":{"rendered":"\n<p class=\"has-medium-font-size wp-block-paragraph\"><strong>Jedes Jahr um den 11.November ziehen Kinder mit ihren selbstgebastelten Laternen durch unsere Stra\u00dfen. Selbst im vergangenen Jahr haben wir inmitten der Pandemie eine St. Martinsaktion durchgef\u00fchrt. Dabei bin ich sehr dankbar, dass gerade unsere Kolpingsfamilie und auch der katholische Pfarrgemeinderat die Durchf\u00fchrung der j\u00e4hrlichen Martinsveranstaltung in die Hand nimmt. Warum ist dieses Fest ausgerechnet heute so wichtig und wieso feiern wir eigentlich Sankt Martin ? Wer war dieser heilige Mann ?<\/strong><\/p>\n\n\n\n<p class=\"has-medium-font-size wp-block-paragraph\">Sankt Martin war ein r\u00f6mischer Soldat der im Jahre 316 nach Christus geboren wurde. Der Legende nach ritt Martin an einem Wintertag an einem frierenden Bettler vorbei und blieb im Gegensatz zu vielen anderen bei dem hungernden Mann stehen. St. Martin teilte seinen Mantel mit einem Schwert und schenkte dem Bettler eine H\u00e4lfte. Eines Nachts erschien der Bettler dem guten Martin im Traum und gab sich als Jesus Christus zu erkennen. Martin lie\u00df sich umgehend taufen und nahm seinen Glauben fest in beide H\u00e4nde. Schlie\u00dflich wurde Martin sogar zum Bischof geweiht. Nach seinem Tod, am 11. November 397, wurde der gute Martin heiliggesprochen. <\/p>\n\n\n\n<p class=\"has-medium-font-size wp-block-paragraph\"><strong>Seit dieser Zeit feiern Christen am 11. November den St. Martinstag. Dabei stehen gerade Kinder im Mittelpunkt des allj\u00e4hrliches Spektakels. Martinsumzug, Laternen, Martinsfeuer, Martinslieder, Zuckerbrezeln und nat\u00fcrlich auch Martinsg\u00e4nse. Viel Trubel um einen Mann, der es eigentlich eher bescheiden anging. Der Kinderfreund Martin w\u00fcrde sich heute, beim Anblick mancher Geschehnisse, besch\u00e4mt umdrehen und bitterlich weinen.<\/strong><\/p>\n\n\n\n<blockquote class=\"wp-block-quote is-layout-flow wp-block-quote-is-layout-flow\"><p><strong>Ein bisschen so wie Martin, m\u00f6cht ich manchmal sein und ich will an andre denken, ihnen auch mal etwas schenken. Nur ein bisschen, klitzeklein, m\u00f6cht ich wie Sankt Martin sein.<\/strong><\/p><cite>Kinderlied von Stephen Janetzko<\/cite><\/blockquote>\n\n\n\n<p class=\"has-medium-font-size wp-block-paragraph\"><strong>Die Covid-19-Pandemie hat der Entwicklung unserer Kindern m\u00e4chtig geschadet. Heute gibt es gravierende Probleme die durch die Covid-19 Pandemie hervorgerufen wurden. Die Pandemie versch\u00e4rft bestehende Probleme und stellt auch Eltern vor gro\u00dfe Herausforderungen, ihre Kinder bestm\u00f6glich zu unterst\u00fctzen.&nbsp;Maskenpflicht in Schulen und Kitas, Homeschooling, mangelnde Bewegung, falsche Ern\u00e4hrung und fehlende Kontakte machen es unseren Kids derzeit nicht leicht. <\/strong><\/p>\n\n\n\n<blockquote class=\"wp-block-quote is-layout-flow wp-block-quote-is-layout-flow\"><p><strong>Ein bisschen so wie Martin, m\u00f6cht ich manchmal sein und ich will auch mit dir teilen, wenn du rufst, schnell zu dir eilen Nur ein bisschen, klitzeklein, m\u00f6cht ich wie Sankt Martin sein. <\/strong><\/p><cite>Kinderlied von Stephen Janetzko<\/cite><\/blockquote>\n\n\n\n<p class=\"has-medium-font-size wp-block-paragraph\"><strong>Kinderarmut ist auch in unserem Land ein gro\u00dfes Problem. Zu oft wird dieses Thema totgeschwiegen und nur mangelhaft aufgearbeitet. In vielen F\u00e4llen reicht der soziale Missstand bis \u00fcber das Jugendalter hinaus. Kinder die Zuhause nicht ausreichend ern\u00e4hrt werden k\u00f6nnen, sind l\u00e4ngst keine Einzelf\u00e4lle.<\/strong> <strong>Die Vermeidung von Kinderarmut muss gerade in der Corona-Krise politische Priorit\u00e4t bekommen. Es m\u00fcssen endlich handfeste Vorschl\u00e4ge zur Grundsicherung von Kindern gemacht werden.<\/strong><\/p>\n\n\n\n<blockquote class=\"wp-block-quote is-layout-flow wp-block-quote-is-layout-flow\"><p><strong>Ein bisschen so wie Martin m\u00f6cht ich manchmal sein und ich will treu zu dir stehen, mit dir auch zum Doktor gehen. Nur ein bisschen, klitzeklein, m\u00f6cht ich wie Sankt Martin sein.<\/strong><\/p><cite>Kinderlied von Stephen Janetzko<\/cite><\/blockquote>\n\n\n\n<p class=\"has-medium-font-size wp-block-paragraph\"><strong>Seit 2015 haben etwa 1,74 Millionen gefl\u00fcchtete Menschen in Deutschland Asyl beantragt. Dabei handelt es sich zur H\u00e4lfte um Kinder und Jugendliche. Bereits vor ihrer Ankunft in Deutschland wird wertvolle Zeit verschwendet um den Kindern zu helfen. Oftmals haben die Kinder Schreckliches erlebt. Der Schutz und die F\u00fcrsorge kommt auch in unserem Land viel zu zu kurz. Sammelunterk\u00fcnften f\u00fcr Gefl\u00fcchtete bieten kaum den richtigen Raum. Zudem kommt der Gewaltschutz f\u00fcr Kinder nach wie vor viel zu kurz. Manchmal wird \u00fcber Monate und Jahre die Bildung der Kinder kurzerhand beiseite geschoben.<\/strong><\/p>\n\n\n\n<blockquote class=\"wp-block-quote is-layout-flow wp-block-quote-is-layout-flow\"><p><strong>Ein bisschen so wie Martin m\u00f6cht ich manchmal sein und ich will im Streit nicht leben, dir die Friedenspfeife geben. Nur ein bisschen, klitzeklein, m\u00f6cht ich wie Sankt Martin sein.<\/strong><\/p><cite>Kinderlied von Stephen Janetzko<\/cite><\/blockquote>\n\n\n\n<p class=\"has-medium-font-size wp-block-paragraph\"><strong>Laut der Organisation &#8222;terre des hommes&#8220; w\u00e4chst die Zahl der Kinder die vor Krieg, Gewalt, politischer Verfolgung, der Rekrutierung als Soldat, Zwangsheirat oder Zwangsprostitution fliehen. Manchmal sind sie mit ihrer ganzen Familie oder allein auf der Flucht.&nbsp;Alle Kinder sind geeint durch die fehlende Zukunftsperspektiven in ihrer Heimat. Europa macht die Schotten dicht und l\u00e4sst Kinder auf hoher See ums \u00fcberleben k\u00e4mpfen. Wir erleben dieses Trauma im 21. Jahrhundert und waren bis hierhin der Meinung, dass die schlimmsten Ereignisse ein Ende gefunden haben. Kinder ertrinken im Meer oder sitzen wochenlang auf einem Ruderboot fest.<\/strong><\/p>\n\n\n\n<blockquote class=\"wp-block-quote is-layout-flow wp-block-quote-is-layout-flow\"><p><strong>Ein bisschen so wie Martin m\u00f6cht ich manchmal sein und ich werd&#8216; dich nicht verpetzen oder gegen andre hetzen. Nur ein bisschen, klitzeklein, m\u00f6cht ich wie Sankt Martin sein. <\/strong><\/p><cite>Kinderlied von Stephen Janetzko<\/cite><\/blockquote>\n\n\n\n<p class=\"has-medium-font-size wp-block-paragraph\"><strong>Nach dem verheerenden Gro\u00dfbrand im Fl\u00fcchtlingslager Moria auf der griechischen Insel Lesbos ist die Lage f\u00fcr die Kinder nach wie vor dramatisch. Obwohl inzwischen l\u00e4ngst ein neues provisorisches Lager aufgebaut wurde, leiden gerade Kinder unter den schrecklichen Umst\u00e4nden. Die Kinder brauchen unsere Hilfe. Die Bedingungen sind unzureichend und werden bleibende Spuren hinterlassen.<\/strong> <strong>Den Kindern fehlt neben sauberem Wasser auch Lebensmittel, sanit\u00e4re Hygieneartikel und trockene Kleidung und Decken.<\/strong><\/p>\n\n\n\n<blockquote class=\"wp-block-quote is-layout-flow wp-block-quote-is-layout-flow\"><p><strong>Ein bisschen so wie Martin m\u00f6cht ich manchmal sein und ich schenk dir mein Vertrauen, du kannst immer auf mich bauen. Nur ein bisschen, klitzeklein, m\u00f6cht ich wie Sankt Martin sein.<\/strong><\/p><cite>Kinderlied von Stephen Janetzko<\/cite><\/blockquote>\n\n\n\n<p class=\"has-medium-font-size wp-block-paragraph\"><strong>F\u00fcr viele Kinder geh\u00f6rt Gewalt zum bitteren Alltag. Kinder werden bedroht, geschlagen, gedem\u00fctigt und vernachl\u00e4ssigt. Dabei geh\u00f6ren die T\u00e4ter ganz oft zu dem engsten Familien- oder Bekanntenkreis. Die Folgen f\u00fcr die Kinder sind h\u00e4ufig verheerend und hinterlassen gro\u00dfe Sch\u00e4den. Die Gewalt gegen Kinder hat viele Gesichter. Neben&nbsp;der k\u00f6rperlichen Misshandlungen&nbsp;z\u00e4hlen auch&nbsp;sexuelle Gewalt,&nbsp;Vernachl\u00e4ssigung&nbsp;und&nbsp;psychische Misshandlungen zu den h\u00e4ufigsten Tatbest\u00e4nden. Dabei durchleiden Kinder h\u00e4ufig mehrere Formen von Gewalt. Das Ganze heute, jetzt, im 21. Jahrhundert.<\/strong><\/p>\n\n\n\n<p class=\"has-medium-font-size wp-block-paragraph\">Was w\u00fcrde Martin tun ? Soviel Mantelteile wie er heutzutage br\u00e4uchte w\u00fcrde er kaum finden. Was k\u00f6nnen oder m\u00fcssen wir tun ? Wir h\u00f6ren davon, neigen unser Haupt und drehen und besch\u00e4mt um. Oft fehlt uns die Kraft und der Mut zum Aufstehen. Was kann ich schon dagegen tun und wie soll ich hier helfen ? <\/p>\n\n\n\n<pre class=\"wp-block-verse has-medium-font-size\"><strong>\"Ein bisschen so wie Martin m\u00f6cht ich manchmal sein und ich will auch mit dir teilen, wenn du rufst, schnell zu dir eilen\"<\/strong><\/pre>\n\n\n\n<p class=\"has-medium-font-size wp-block-paragraph\">Bald ist Weihnachten. Zeit der Kinder, Zeit der Geschenke, Zeit der Spendenaktionen. Wir geben einen Taler und hoffen uns damit freikaufen zu k\u00f6nnen. Bald ist Weihnachten. Die Zeit der Kinder sollte aber \u00fcber das ganze Jahr, zu jeder Zeit, andauern. Ich w\u00fcnschte, wir alle w\u00fcrden uns an dem guten St. Martin ein Vorbild nehmen. Vielleicht finden Sie am diesj\u00e4hrigen Martinstag einmal die Zeit dazu, kurz inne zu halten und an diejenigen Kinder zu denken denen es nicht gut geht. Dabei sollte das Licht jeder einzelnen Laterne f\u00fcr ein Kind unserer Welt leuchten !<\/p>\n\n\n\n<p class=\"has-medium-font-size wp-block-paragraph\"><strong>In diesem Sinne w\u00fcnsche ich speziell allen Kindern einen sch\u00f6nen Martinstag<\/strong>. <strong>\u00dcbrigens ist es nicht mehr lange hin bis mit St. Nikolaus der Schutzpatron der Kinder am 06. Dezember seinen Namenstag feiert.<\/strong><\/p>\n","protected":false},"excerpt":{"rendered":"<p>Jedes Jahr um den 11.November ziehen Kinder mit ihren selbstgebastelten Laternen durch unsere Stra\u00dfen. Selbst im vergangenen Jahr haben wir inmitten der Pandemie eine St. Martinsaktion durchgef\u00fchrt. Dabei bin ich sehr dankbar, dass gerade unsere Kolpingsfamilie und auch der katholische Pfarrgemeinderat die Durchf\u00fchrung der j\u00e4hrlichen Martinsveranstaltung in die Hand nimmt. Warum ist dieses Fest ausgerechnet heute so wichtig und wieso<\/p>\n","protected":false},"author":1,"featured_media":7863,"comment_status":"open","ping_status":"closed","sticky":false,"template":"","format":"standard","meta":{"_crdt_document":"","footnotes":""},"categories":[1,9,902],"tags":[5,618,509,127,310,958],"class_list":["post-11160","post","type-post","status-publish","format-standard","has-post-thumbnail","hentry","category-allgemein","category-dorfgetratsche","category-meine-meinung","tag-dirmingen","tag-gemeinde-eppelborn","tag-katholische-kirche-dirmingen","tag-landkreis-neunkirchen","tag-saarland","tag-st-martin"],"_links":{"self":[{"href":"https:\/\/echta-derminga.de\/index.php?rest_route=\/wp\/v2\/posts\/11160","targetHints":{"allow":["GET"]}}],"collection":[{"href":"https:\/\/echta-derminga.de\/index.php?rest_route=\/wp\/v2\/posts"}],"about":[{"href":"https:\/\/echta-derminga.de\/index.php?rest_route=\/wp\/v2\/types\/post"}],"author":[{"embeddable":true,"href":"https:\/\/echta-derminga.de\/index.php?rest_route=\/wp\/v2\/users\/1"}],"replies":[{"embeddable":true,"href":"https:\/\/echta-derminga.de\/index.php?rest_route=%2Fwp%2Fv2%2Fcomments&post=11160"}],"version-history":[{"count":7,"href":"https:\/\/echta-derminga.de\/index.php?rest_route=\/wp\/v2\/posts\/11160\/revisions"}],"predecessor-version":[{"id":11916,"href":"https:\/\/echta-derminga.de\/index.php?rest_route=\/wp\/v2\/posts\/11160\/revisions\/11916"}],"wp:featuredmedia":[{"embeddable":true,"href":"https:\/\/echta-derminga.de\/index.php?rest_route=\/wp\/v2\/media\/7863"}],"wp:attachment":[{"href":"https:\/\/echta-derminga.de\/index.php?rest_route=%2Fwp%2Fv2%2Fmedia&parent=11160"}],"wp:term":[{"taxonomy":"category","embeddable":true,"href":"https:\/\/echta-derminga.de\/index.php?rest_route=%2Fwp%2Fv2%2Fcategories&post=11160"},{"taxonomy":"post_tag","embeddable":true,"href":"https:\/\/echta-derminga.de\/index.php?rest_route=%2Fwp%2Fv2%2Ftags&post=11160"}],"curies":[{"name":"wp","href":"https:\/\/api.w.org\/{rel}","templated":true}]}}