{"id":11193,"date":"2021-11-13T17:56:43","date_gmt":"2021-11-13T16:56:43","guid":{"rendered":"https:\/\/echta-derminga.de\/?p=11193"},"modified":"2021-11-13T17:56:45","modified_gmt":"2021-11-13T16:56:45","slug":"entstehung-und-geschichte-des-mittelalterlichen-weihnachtsmarkt-in-dirmingen","status":"publish","type":"post","link":"https:\/\/echta-derminga.de\/?p=11193","title":{"rendered":"Entstehung und Geschichte des Mittelalterlichen Weihnachtsmarkt in Dirmingen"},"content":{"rendered":"\n<p class=\"has-medium-font-size wp-block-paragraph\"><strong>Nach langem hin und her wurde der \u201eMittelalterlicher Weihnachtsmarkt\u201c 2021 nun doch abgesagt. Mit der nun endg\u00fcltigen Absage musste der Kulturverein erneut auf die Auswirkungen der Pandemie reagieren. Die Gesundheit der Menschen ist das h\u00f6chste Gut. Das Risiko w\u00e4re am Ende einfach zu gro\u00df und un\u00fcberschaubar gewesen. Auch die fehlende Planungssicherheit trug einen Teil dazu bei, dass die Absage des Marktes beschlossen wurde. Schlie\u00dflich m\u00fcssen die Vereine fr\u00fchzeitig planen und dazu auch Geld f\u00fcr Besorgungen in die Hand nehmen. Eine noch kurzfristigere Absage h\u00e4tte unter Umst\u00e4nden einen hohen finanziellen Schaden bei so manchem Verein anrichten k\u00f6nnen.<\/strong><\/p>\n\n\n\n<p class=\"has-medium-font-size wp-block-paragraph\">Bis zum Schluss haben wir an unserem Traum geglaubt und darauf gehofft den Markt durchf\u00fchren zu k\u00f6nnen. Mit gr\u00f6\u00dften Anstrengungen und einem klugen Hygiene- und Sicherheitskonzept sollte der Weihnachtsmarkt wieder ins Leben gerufen werden. Die t\u00e4glichen Nachrichten von explodierten Inzidenzzahlen haben uns jedoch zum Umdenken bewogen. Die Geschichte des Dirminger Weihnachtsmarktes beginnt in den fr\u00fchen 1980-er Jahren in der Evangelischen Kirchengemeinde Dirmingen. Damals verkaufte eine Jugendgruppe der Kirchengemeinde Mistelzweige, Gl\u00fchwein und selbstgebastelte Weihnachtsdekoration. Nach den ersten erfolgreichen Veranstaltungen erreichte eine gewisse Dynamik den kleinen beschaulichen Markt, im Evangelischen Gemeindehaus. Die Frauenhilfe sowie der Arbeitskreis der Frauen und schlie\u00dflich auch der Evangelische Kindergarten werteten mit ihrer Teilnahme den Weihnachtsmarkt stetig auf. Angeboten wurden viele selbstgebastelte Gegenst\u00e4nde wie z.B Tischdekorationen, Adventskr\u00e4nze, Geb\u00e4ck und sicherlich auch Gl\u00fchwein.<\/p>\n\n\n\n<figure class=\"wp-block-gallery has-nested-images columns-default is-cropped wp-block-gallery-1 is-layout-flex wp-block-gallery-is-layout-flex\">\n<figure class=\"wp-block-image size-large\"><img loading=\"lazy\" decoding=\"async\" width=\"640\" height=\"404\" data-id=\"11199\" src=\"https:\/\/echta-derminga.de\/wp-content\/uploads\/2021\/11\/dirmingen1258.jpg\" alt=\"\" class=\"wp-image-11199\" srcset=\"https:\/\/echta-derminga.de\/wp-content\/uploads\/2021\/11\/dirmingen1258.jpg 640w, https:\/\/echta-derminga.de\/wp-content\/uploads\/2021\/11\/dirmingen1258-300x189.jpg 300w\" sizes=\"auto, (max-width: 640px) 100vw, 640px\" \/><figcaption>Weihnachtsmarkt Gemeindehaus<\/figcaption><\/figure>\n\n\n\n<figure class=\"wp-block-image size-large\"><img loading=\"lazy\" decoding=\"async\" width=\"800\" height=\"617\" data-id=\"11200\" src=\"https:\/\/echta-derminga.de\/wp-content\/uploads\/2021\/11\/W-Markt-1-alt.jpeg\" alt=\"\" class=\"wp-image-11200\" srcset=\"https:\/\/echta-derminga.de\/wp-content\/uploads\/2021\/11\/W-Markt-1-alt.jpeg 800w, https:\/\/echta-derminga.de\/wp-content\/uploads\/2021\/11\/W-Markt-1-alt-300x231.jpeg 300w, https:\/\/echta-derminga.de\/wp-content\/uploads\/2021\/11\/W-Markt-1-alt-700x540.jpeg 700w, https:\/\/echta-derminga.de\/wp-content\/uploads\/2021\/11\/W-Markt-1-alt-768x592.jpeg 768w\" sizes=\"auto, (max-width: 800px) 100vw, 800px\" \/><figcaption>Weihnachtsmarkt Gemeindehaus<\/figcaption><\/figure>\n\n\n\n<figure class=\"wp-block-image size-large\"><img loading=\"lazy\" decoding=\"async\" width=\"900\" height=\"683\" data-id=\"11202\" src=\"https:\/\/echta-derminga.de\/wp-content\/uploads\/2021\/11\/W-Markt-alt-2.jpeg\" alt=\"\" class=\"wp-image-11202\" srcset=\"https:\/\/echta-derminga.de\/wp-content\/uploads\/2021\/11\/W-Markt-alt-2.jpeg 900w, https:\/\/echta-derminga.de\/wp-content\/uploads\/2021\/11\/W-Markt-alt-2-300x228.jpeg 300w, https:\/\/echta-derminga.de\/wp-content\/uploads\/2021\/11\/W-Markt-alt-2-700x531.jpeg 700w, https:\/\/echta-derminga.de\/wp-content\/uploads\/2021\/11\/W-Markt-alt-2-768x583.jpeg 768w\" sizes=\"auto, (max-width: 900px) 100vw, 900px\" \/><figcaption>Weihnachtsmarkt &#8222;H\u00f6ll&#8217;sche&#8220; Anwesen<\/figcaption><\/figure>\n<\/figure>\n\n\n\n<p class=\"has-medium-font-size wp-block-paragraph\"><strong>Mit der Zeit bekam auch die Kommunalgemeinde Interesse an der Durchf\u00fchrung eines Weihnachtsmarktes. Nachdem schon die evangelische Kirchengemeinde zeitnah ihren Markt vom Innenraum des Gemeindehauses vor das Gemeindehaus und die Kirche verlegte, tendierte der damalige Ortsvorsteher Gerhard Wagner dazu den Markt entlang der Stra\u00dfe durchzuf\u00fchren. Nachdem die Durchf\u00fchrung des Marktes an der Stra\u00dfe zunehmend unsicherer wurde, verlegte man das Marktreiben hinter das ehemalige \u201eH\u00f6ll\u2019sche\u201c Anwesen. Nach kurzer Zeit erkannte man, dass auch diese \u00d6rtlichkeit den Anspr\u00fcchen nicht gerecht wurde. Der Weihnachtsmarkt wurde auf den Festplatz im Br\u00fchl verlegt.<\/strong><\/p>\n\n\n\n<figure class=\"wp-block-gallery has-nested-images columns-default is-cropped wp-block-gallery-2 is-layout-flex wp-block-gallery-is-layout-flex\">\n<figure class=\"wp-block-image size-large\"><img loading=\"lazy\" decoding=\"async\" width=\"640\" height=\"445\" data-id=\"11205\" src=\"https:\/\/echta-derminga.de\/wp-content\/uploads\/2021\/11\/dirmingen1582.jpg\" alt=\"\" class=\"wp-image-11205\" srcset=\"https:\/\/echta-derminga.de\/wp-content\/uploads\/2021\/11\/dirmingen1582.jpg 640w, https:\/\/echta-derminga.de\/wp-content\/uploads\/2021\/11\/dirmingen1582-300x209.jpg 300w\" sizes=\"auto, (max-width: 640px) 100vw, 640px\" \/><\/figure>\n\n\n\n<figure class=\"wp-block-image size-large\"><img loading=\"lazy\" decoding=\"async\" width=\"640\" height=\"375\" data-id=\"11206\" src=\"https:\/\/echta-derminga.de\/wp-content\/uploads\/2021\/11\/dirmingen1588-1.jpg\" alt=\"\" class=\"wp-image-11206\" srcset=\"https:\/\/echta-derminga.de\/wp-content\/uploads\/2021\/11\/dirmingen1588-1.jpg 640w, https:\/\/echta-derminga.de\/wp-content\/uploads\/2021\/11\/dirmingen1588-1-300x176.jpg 300w\" sizes=\"auto, (max-width: 640px) 100vw, 640px\" \/><\/figure>\n\n\n\n<figure class=\"wp-block-image size-large\"><img loading=\"lazy\" decoding=\"async\" width=\"640\" height=\"426\" data-id=\"11207\" src=\"https:\/\/echta-derminga.de\/wp-content\/uploads\/2021\/11\/dirmingen1587.jpg\" alt=\"\" class=\"wp-image-11207\" srcset=\"https:\/\/echta-derminga.de\/wp-content\/uploads\/2021\/11\/dirmingen1587.jpg 640w, https:\/\/echta-derminga.de\/wp-content\/uploads\/2021\/11\/dirmingen1587-300x200.jpg 300w\" sizes=\"auto, (max-width: 640px) 100vw, 640px\" \/><\/figure>\n\n\n\n<figure class=\"wp-block-image size-large\"><img loading=\"lazy\" decoding=\"async\" width=\"640\" height=\"436\" data-id=\"11208\" src=\"https:\/\/echta-derminga.de\/wp-content\/uploads\/2021\/11\/dirmingen1599.jpg\" alt=\"\" class=\"wp-image-11208\" srcset=\"https:\/\/echta-derminga.de\/wp-content\/uploads\/2021\/11\/dirmingen1599.jpg 640w, https:\/\/echta-derminga.de\/wp-content\/uploads\/2021\/11\/dirmingen1599-300x204.jpg 300w\" sizes=\"auto, (max-width: 640px) 100vw, 640px\" \/><\/figure>\n\n\n\n<figure class=\"wp-block-image size-large\"><img loading=\"lazy\" decoding=\"async\" width=\"640\" height=\"417\" data-id=\"11209\" src=\"https:\/\/echta-derminga.de\/wp-content\/uploads\/2021\/11\/dirmingen1591.jpg\" alt=\"\" class=\"wp-image-11209\" srcset=\"https:\/\/echta-derminga.de\/wp-content\/uploads\/2021\/11\/dirmingen1591.jpg 640w, https:\/\/echta-derminga.de\/wp-content\/uploads\/2021\/11\/dirmingen1591-300x195.jpg 300w\" sizes=\"auto, (max-width: 640px) 100vw, 640px\" \/><\/figure>\n\n\n\n<figure class=\"wp-block-image size-large\"><img loading=\"lazy\" decoding=\"async\" width=\"640\" height=\"440\" data-id=\"11210\" src=\"https:\/\/echta-derminga.de\/wp-content\/uploads\/2021\/11\/dirmingen1595.jpg\" alt=\"\" class=\"wp-image-11210\" srcset=\"https:\/\/echta-derminga.de\/wp-content\/uploads\/2021\/11\/dirmingen1595.jpg 640w, https:\/\/echta-derminga.de\/wp-content\/uploads\/2021\/11\/dirmingen1595-300x206.jpg 300w\" sizes=\"auto, (max-width: 640px) 100vw, 640px\" \/><\/figure>\n<\/figure>\n\n\n\n<p class=\"has-medium-font-size wp-block-paragraph\">Im Laufe der Jahre beteiligten sich immer mehr Vereine und Organisationen mit einem Verkaufsstand an dem Dirminger Weihnachtsmarkt. Mit der Gr\u00fcndung des Kulturvereins im Jahre 2000 sollte der Markt eine weitere Aufwertung erfahren. Ortsvorsteher Rudi Hell und der Kulturvereinsvorsitzende Manfred Klein arbeiteten fieberhaft an einem neuen Konzept f\u00fcr den Markt. Dabei sollte eine Hobby-und Freizeitausstellung ebenso Ber\u00fccksichtigung finden, wie auch eine Verbesserung der M\u00f6glichkeiten f\u00fcr die teilnehmenden Vereine und Organisationen.<\/p>\n\n\n\n<p class=\"has-medium-font-size wp-block-paragraph\"><strong>Die sanit\u00e4ren Anlagen im Br\u00fchlpark waren zu dieser Zeit eher m\u00e4\u00dfig und f\u00fcr ein solches Event nicht ausreichend. Zudem kam die Tatsache, dass gerade im Winter das Feiern an der Ill h\u00f6chst unangenehm werden konnte. Nicht nur im Dorf sondern auch unter den Vereinen wurden Stimmen laut, die eine Verlegung des Weihnachtsmarktes an die Borrwieshalle forderten. In einer Sitzung des Kulturvereins Dirmingen, am 29. September 2000, reichte der Kulturvereinsvorsitzende Manfred Klein den Vorschlag ein, den diesj\u00e4hrigen Weihnachtsmarkt an zwei Tagen und  rund um die Borrwieshalle durchzuf\u00fchren. Der Vorschlag wurde von den Vereinen und letztlich auch von der Bev\u00f6lkerung sehr positiv aufgenommen und umgesetzt. <\/strong><\/p>\n\n\n\n<figure class=\"wp-block-gallery has-nested-images columns-default is-cropped wp-block-gallery-3 is-layout-flex wp-block-gallery-is-layout-flex\">\n<figure class=\"wp-block-image size-large\"><img loading=\"lazy\" decoding=\"async\" width=\"700\" height=\"467\" data-id=\"11211\" src=\"https:\/\/echta-derminga.de\/wp-content\/uploads\/2021\/11\/P1030488-700x467.jpg\" alt=\"\" class=\"wp-image-11211\" srcset=\"https:\/\/echta-derminga.de\/wp-content\/uploads\/2021\/11\/P1030488-700x467.jpg 700w, https:\/\/echta-derminga.de\/wp-content\/uploads\/2021\/11\/P1030488-300x200.jpg 300w, https:\/\/echta-derminga.de\/wp-content\/uploads\/2021\/11\/P1030488-768x512.jpg 768w, https:\/\/echta-derminga.de\/wp-content\/uploads\/2021\/11\/P1030488.jpg 900w\" sizes=\"auto, (max-width: 700px) 100vw, 700px\" \/><\/figure>\n\n\n\n<figure class=\"wp-block-image size-large\"><img loading=\"lazy\" decoding=\"async\" width=\"700\" height=\"467\" data-id=\"11212\" src=\"https:\/\/echta-derminga.de\/wp-content\/uploads\/2021\/11\/P1030499-700x467.jpg\" alt=\"\" class=\"wp-image-11212\" srcset=\"https:\/\/echta-derminga.de\/wp-content\/uploads\/2021\/11\/P1030499-700x467.jpg 700w, https:\/\/echta-derminga.de\/wp-content\/uploads\/2021\/11\/P1030499-300x200.jpg 300w, https:\/\/echta-derminga.de\/wp-content\/uploads\/2021\/11\/P1030499-768x512.jpg 768w, https:\/\/echta-derminga.de\/wp-content\/uploads\/2021\/11\/P1030499-1536x1024.jpg 1536w, https:\/\/echta-derminga.de\/wp-content\/uploads\/2021\/11\/P1030499-2048x1365.jpg 2048w\" sizes=\"auto, (max-width: 700px) 100vw, 700px\" \/><\/figure>\n\n\n\n<figure class=\"wp-block-image size-large\"><img loading=\"lazy\" decoding=\"async\" width=\"700\" height=\"467\" data-id=\"11213\" src=\"https:\/\/echta-derminga.de\/wp-content\/uploads\/2021\/11\/DSC3384-700x467.jpg\" alt=\"\" class=\"wp-image-11213\" srcset=\"https:\/\/echta-derminga.de\/wp-content\/uploads\/2021\/11\/DSC3384-700x467.jpg 700w, https:\/\/echta-derminga.de\/wp-content\/uploads\/2021\/11\/DSC3384-300x200.jpg 300w, https:\/\/echta-derminga.de\/wp-content\/uploads\/2021\/11\/DSC3384-768x513.jpg 768w, https:\/\/echta-derminga.de\/wp-content\/uploads\/2021\/11\/DSC3384.jpg 900w\" sizes=\"auto, (max-width: 700px) 100vw, 700px\" \/><\/figure>\n\n\n\n<figure class=\"wp-block-image size-large\"><img loading=\"lazy\" decoding=\"async\" width=\"700\" height=\"467\" data-id=\"11214\" src=\"https:\/\/echta-derminga.de\/wp-content\/uploads\/2021\/11\/DSC3398-700x467.jpg\" alt=\"\" class=\"wp-image-11214\" srcset=\"https:\/\/echta-derminga.de\/wp-content\/uploads\/2021\/11\/DSC3398-700x467.jpg 700w, https:\/\/echta-derminga.de\/wp-content\/uploads\/2021\/11\/DSC3398-300x200.jpg 300w, https:\/\/echta-derminga.de\/wp-content\/uploads\/2021\/11\/DSC3398-768x513.jpg 768w, https:\/\/echta-derminga.de\/wp-content\/uploads\/2021\/11\/DSC3398.jpg 900w\" sizes=\"auto, (max-width: 700px) 100vw, 700px\" \/><\/figure>\n\n\n\n<figure class=\"wp-block-image size-large\"><img loading=\"lazy\" decoding=\"async\" width=\"700\" height=\"438\" data-id=\"11215\" src=\"https:\/\/echta-derminga.de\/wp-content\/uploads\/2021\/11\/w1900_h1190_x1200_y752_SZ_7927961_185107946_RGB_190_1_1_cf7db6a129f88bd278e4a05866d07e58_1512489267_185107946_feb6e626ab-efd23a391c6bf2ab-700x438.jpg\" alt=\"\" class=\"wp-image-11215\" srcset=\"https:\/\/echta-derminga.de\/wp-content\/uploads\/2021\/11\/w1900_h1190_x1200_y752_SZ_7927961_185107946_RGB_190_1_1_cf7db6a129f88bd278e4a05866d07e58_1512489267_185107946_feb6e626ab-efd23a391c6bf2ab-700x438.jpg 700w, https:\/\/echta-derminga.de\/wp-content\/uploads\/2021\/11\/w1900_h1190_x1200_y752_SZ_7927961_185107946_RGB_190_1_1_cf7db6a129f88bd278e4a05866d07e58_1512489267_185107946_feb6e626ab-efd23a391c6bf2ab-300x188.jpg 300w, https:\/\/echta-derminga.de\/wp-content\/uploads\/2021\/11\/w1900_h1190_x1200_y752_SZ_7927961_185107946_RGB_190_1_1_cf7db6a129f88bd278e4a05866d07e58_1512489267_185107946_feb6e626ab-efd23a391c6bf2ab-768x480.jpg 768w, https:\/\/echta-derminga.de\/wp-content\/uploads\/2021\/11\/w1900_h1190_x1200_y752_SZ_7927961_185107946_RGB_190_1_1_cf7db6a129f88bd278e4a05866d07e58_1512489267_185107946_feb6e626ab-efd23a391c6bf2ab.jpg 900w\" sizes=\"auto, (max-width: 700px) 100vw, 700px\" \/><\/figure>\n<\/figure>\n\n\n\n<p class=\"has-medium-font-size wp-block-paragraph\">Der Vorstand des Kulturvereins beschloss weiterhin, den Weihnachtsmarkt mit einer Gewerbeausstellung und einer Advents-\/Weihnachtsausstellung der Rothenbergschule in der Borrwieshalle zu verbinden. Aufgrund der umfangreichen Arbeiten der Organisationen und Vereine sollte die Veranstaltungsdauer auf 2 Tage ausgedehnt werden. Auch diese \u00c4nderungen wurden von den Vereine mitgetragen. Um das musikalische Rahmenprogramm sollte sich fortan Manfred Gabler k\u00fcmmern. Hermann Hoffmann erkl\u00e4rt sich bereit, ein Plakat f\u00fcr diese Veranstaltung zu entwerfen und Ortsvorsteher Rudi Hell \u00fcbernahm die Aufgabe das erforderliche Genehmigungsverfahren in die Wege zu leiten. Hans-Peter Hoffmann \u00fcbernahm die Bewerbung des Marktes. Schon nach dieser ersten Veranstaltung wurde deutlich, dass die Verlegung an die Borrwieshalle die richtige Entscheidung war. Der Weihnachtsmarkt erhielt durch seine Verlegung an die Halle ein sch\u00f6nes vorweihnachtliches Ambiente. Manfred Klein war f\u00fcr seinen Ideenreichtum bekannt. Im Jahre 2006 schlug der neu gew\u00e4hlte Ortsvorsteher Manfred Klein vor, dem Dirminger Weihnachtsmarkt ein mittelalterliches Ambiente zu verleihen. W\u00e4hrend sich die Idee im Jahre 2006 noch in der Probephase befand, sollte im Jahre 2007 erstmals der &#8222;Mittelalterliche Weihnachtsmarkt&#8220; durchgef\u00fchrt werden. Diese neuerliche Entscheidung brachte einen enormen Aufschwung mit sich. Die Au\u00dfenfassade der Borrwieshalle wurde zu einer Burg umdekoriert. Die erste Burg wurde Mac Gabler mit eigenen H\u00e4nden hergestellt. Im Jahre 2017 entschied der Kulturverein eine neue Burg anfertigen zu lassen.<\/p>\n\n\n\n<figure class=\"wp-block-gallery has-nested-images columns-default is-cropped wp-block-gallery-4 is-layout-flex wp-block-gallery-is-layout-flex\">\n<figure class=\"wp-block-image size-large\"><img loading=\"lazy\" decoding=\"async\" width=\"700\" height=\"467\" data-id=\"11216\" src=\"https:\/\/echta-derminga.de\/wp-content\/uploads\/2021\/11\/DSC3350-700x467.jpg\" alt=\"\" class=\"wp-image-11216\" srcset=\"https:\/\/echta-derminga.de\/wp-content\/uploads\/2021\/11\/DSC3350-700x467.jpg 700w, https:\/\/echta-derminga.de\/wp-content\/uploads\/2021\/11\/DSC3350-300x200.jpg 300w, https:\/\/echta-derminga.de\/wp-content\/uploads\/2021\/11\/DSC3350-768x513.jpg 768w, https:\/\/echta-derminga.de\/wp-content\/uploads\/2021\/11\/DSC3350.jpg 900w\" sizes=\"auto, (max-width: 700px) 100vw, 700px\" \/><\/figure>\n\n\n\n<figure class=\"wp-block-image size-large\"><img loading=\"lazy\" decoding=\"async\" width=\"700\" height=\"467\" data-id=\"11217\" src=\"https:\/\/echta-derminga.de\/wp-content\/uploads\/2021\/11\/P1002630-700x467.jpg\" alt=\"\" class=\"wp-image-11217\" srcset=\"https:\/\/echta-derminga.de\/wp-content\/uploads\/2021\/11\/P1002630-700x467.jpg 700w, https:\/\/echta-derminga.de\/wp-content\/uploads\/2021\/11\/P1002630-300x200.jpg 300w, https:\/\/echta-derminga.de\/wp-content\/uploads\/2021\/11\/P1002630-768x512.jpg 768w, https:\/\/echta-derminga.de\/wp-content\/uploads\/2021\/11\/P1002630.jpg 900w\" sizes=\"auto, (max-width: 700px) 100vw, 700px\" \/><\/figure>\n\n\n\n<figure class=\"wp-block-image size-large\"><img loading=\"lazy\" decoding=\"async\" width=\"700\" height=\"525\" data-id=\"11218\" src=\"https:\/\/echta-derminga.de\/wp-content\/uploads\/2021\/11\/Foto-1-2-700x525.jpg\" alt=\"\" class=\"wp-image-11218\" srcset=\"https:\/\/echta-derminga.de\/wp-content\/uploads\/2021\/11\/Foto-1-2-700x525.jpg 700w, https:\/\/echta-derminga.de\/wp-content\/uploads\/2021\/11\/Foto-1-2-300x225.jpg 300w, https:\/\/echta-derminga.de\/wp-content\/uploads\/2021\/11\/Foto-1-2-768x576.jpg 768w, https:\/\/echta-derminga.de\/wp-content\/uploads\/2021\/11\/Foto-1-2.jpg 800w\" sizes=\"auto, (max-width: 700px) 100vw, 700px\" \/><\/figure>\n\n\n\n<figure class=\"wp-block-image size-large\"><img loading=\"lazy\" decoding=\"async\" width=\"700\" height=\"467\" data-id=\"11219\" src=\"https:\/\/echta-derminga.de\/wp-content\/uploads\/2021\/11\/P1002679-700x467.jpg\" alt=\"\" class=\"wp-image-11219\" srcset=\"https:\/\/echta-derminga.de\/wp-content\/uploads\/2021\/11\/P1002679-700x467.jpg 700w, https:\/\/echta-derminga.de\/wp-content\/uploads\/2021\/11\/P1002679-300x200.jpg 300w, https:\/\/echta-derminga.de\/wp-content\/uploads\/2021\/11\/P1002679-768x512.jpg 768w, https:\/\/echta-derminga.de\/wp-content\/uploads\/2021\/11\/P1002679.jpg 900w\" sizes=\"auto, (max-width: 700px) 100vw, 700px\" \/><\/figure>\n\n\n\n<figure class=\"wp-block-image size-large\"><img loading=\"lazy\" decoding=\"async\" width=\"700\" height=\"420\" data-id=\"11220\" src=\"https:\/\/echta-derminga.de\/wp-content\/uploads\/2021\/11\/Presse-2-700x420.jpg\" alt=\"\" class=\"wp-image-11220\" srcset=\"https:\/\/echta-derminga.de\/wp-content\/uploads\/2021\/11\/Presse-2-700x420.jpg 700w, https:\/\/echta-derminga.de\/wp-content\/uploads\/2021\/11\/Presse-2-300x180.jpg 300w, https:\/\/echta-derminga.de\/wp-content\/uploads\/2021\/11\/Presse-2-768x461.jpg 768w, https:\/\/echta-derminga.de\/wp-content\/uploads\/2021\/11\/Presse-2-500x300.jpg 500w, https:\/\/echta-derminga.de\/wp-content\/uploads\/2021\/11\/Presse-2.jpg 900w\" sizes=\"auto, (max-width: 700px) 100vw, 700px\" \/><\/figure>\n<\/figure>\n\n\n\n<p class=\"has-medium-font-size wp-block-paragraph\"><strong>Gaukler, Ritter, Edelfrauen und Minnes\u00e4nger verliehen dem Markttreiben ein wunderbares Flair.<\/strong> <strong>Der anfangs eher beschauliche Weihnachtsmarkt entwickelte sich zu einem echten regionalen Geheimtipp. In Spitzenzeiten besuchten an zwei Festtagen \u00fcber 3000 Menschen aus der gesamten Region unsere Weihnachtsmarkt.<\/strong> <strong>Im Laufe der Jahre wurde der Markt Schritt f\u00fcr Schritt verfeinert und aufgewertet. Die teilnehmenden Vereine und Organisationen machten sich viel M\u00fche<\/strong> <strong>und pr\u00e4sentierten wunderbare Verkaufszelte und ein herrliches vorweihnachtliches Ambiente. Auch die Hobby-und Freizeitausstellung in der Halle wurde \u00e4u\u00dferst gut angenommen.<\/strong> <strong>Bis zur Pandemie geh\u00f6rte der &#8222;Mittelalterliche Weihnachtsmarkt&#8220; in Dirmingen zu den sch\u00f6nsten M\u00e4rkten des Saarlandes. Bleibt zu hoffen, dass wir irgendwann wieder dort ansetzen d\u00fcrfen, wo wir gezwungen waren aufzuh\u00f6ren. <\/strong><\/p>\n\n\n\n<p class=\"has-medium-font-size wp-block-paragraph\"><strong> <\/strong><\/p>\n\n\n\n<figure class=\"wp-block-gallery has-nested-images columns-default is-cropped wp-block-gallery-5 is-layout-flex wp-block-gallery-is-layout-flex\">\n<figure class=\"wp-block-image size-large\"><img loading=\"lazy\" decoding=\"async\" width=\"700\" height=\"525\" data-id=\"11221\" src=\"https:\/\/echta-derminga.de\/wp-content\/uploads\/2021\/11\/19-1-700x525.jpg\" alt=\"\" class=\"wp-image-11221\" srcset=\"https:\/\/echta-derminga.de\/wp-content\/uploads\/2021\/11\/19-1-700x525.jpg 700w, https:\/\/echta-derminga.de\/wp-content\/uploads\/2021\/11\/19-1-300x225.jpg 300w, https:\/\/echta-derminga.de\/wp-content\/uploads\/2021\/11\/19-1-768x576.jpg 768w, https:\/\/echta-derminga.de\/wp-content\/uploads\/2021\/11\/19-1.jpg 960w\" sizes=\"auto, (max-width: 700px) 100vw, 700px\" \/><\/figure>\n\n\n\n<figure class=\"wp-block-image size-large\"><img loading=\"lazy\" decoding=\"async\" width=\"700\" height=\"467\" data-id=\"11222\" src=\"https:\/\/echta-derminga.de\/wp-content\/uploads\/2021\/11\/P1002707-700x467.jpg\" alt=\"\" class=\"wp-image-11222\" srcset=\"https:\/\/echta-derminga.de\/wp-content\/uploads\/2021\/11\/P1002707-700x467.jpg 700w, https:\/\/echta-derminga.de\/wp-content\/uploads\/2021\/11\/P1002707-300x200.jpg 300w, https:\/\/echta-derminga.de\/wp-content\/uploads\/2021\/11\/P1002707-768x512.jpg 768w, https:\/\/echta-derminga.de\/wp-content\/uploads\/2021\/11\/P1002707.jpg 900w\" sizes=\"auto, (max-width: 700px) 100vw, 700px\" \/><\/figure>\n\n\n\n<figure class=\"wp-block-image size-large\"><img loading=\"lazy\" decoding=\"async\" width=\"700\" height=\"467\" data-id=\"11223\" src=\"https:\/\/echta-derminga.de\/wp-content\/uploads\/2021\/11\/P1002705-700x467.jpg\" alt=\"\" class=\"wp-image-11223\" srcset=\"https:\/\/echta-derminga.de\/wp-content\/uploads\/2021\/11\/P1002705-700x467.jpg 700w, https:\/\/echta-derminga.de\/wp-content\/uploads\/2021\/11\/P1002705-300x200.jpg 300w, https:\/\/echta-derminga.de\/wp-content\/uploads\/2021\/11\/P1002705-768x512.jpg 768w, https:\/\/echta-derminga.de\/wp-content\/uploads\/2021\/11\/P1002705.jpg 900w\" sizes=\"auto, (max-width: 700px) 100vw, 700px\" \/><\/figure>\n\n\n\n<figure class=\"wp-block-image size-large\"><img loading=\"lazy\" decoding=\"async\" width=\"700\" height=\"467\" data-id=\"11224\" src=\"https:\/\/echta-derminga.de\/wp-content\/uploads\/2021\/11\/P1002701-700x467.jpg\" alt=\"\" class=\"wp-image-11224\" srcset=\"https:\/\/echta-derminga.de\/wp-content\/uploads\/2021\/11\/P1002701-700x467.jpg 700w, https:\/\/echta-derminga.de\/wp-content\/uploads\/2021\/11\/P1002701-300x200.jpg 300w, https:\/\/echta-derminga.de\/wp-content\/uploads\/2021\/11\/P1002701-768x512.jpg 768w, https:\/\/echta-derminga.de\/wp-content\/uploads\/2021\/11\/P1002701.jpg 900w\" sizes=\"auto, (max-width: 700px) 100vw, 700px\" \/><\/figure>\n\n\n\n<figure class=\"wp-block-image size-large\"><img loading=\"lazy\" decoding=\"async\" width=\"700\" height=\"467\" data-id=\"11225\" src=\"https:\/\/echta-derminga.de\/wp-content\/uploads\/2021\/11\/P1060537-700x467.jpg\" alt=\"\" class=\"wp-image-11225\" srcset=\"https:\/\/echta-derminga.de\/wp-content\/uploads\/2021\/11\/P1060537-700x467.jpg 700w, https:\/\/echta-derminga.de\/wp-content\/uploads\/2021\/11\/P1060537-300x200.jpg 300w, https:\/\/echta-derminga.de\/wp-content\/uploads\/2021\/11\/P1060537-768x512.jpg 768w, https:\/\/echta-derminga.de\/wp-content\/uploads\/2021\/11\/P1060537.jpg 900w\" sizes=\"auto, (max-width: 700px) 100vw, 700px\" \/><\/figure>\n<\/figure>\n","protected":false},"excerpt":{"rendered":"<p>Nach langem hin und her wurde der \u201eMittelalterlicher Weihnachtsmarkt\u201c 2021 nun doch abgesagt. Mit der nun endg\u00fcltigen Absage musste der Kulturverein erneut auf die Auswirkungen der Pandemie reagieren. Die Gesundheit der Menschen ist das h\u00f6chste Gut. Das Risiko w\u00e4re am Ende einfach zu gro\u00df und un\u00fcberschaubar gewesen. Auch die fehlende Planungssicherheit trug einen Teil dazu bei, dass die Absage des<\/p>\n","protected":false},"author":1,"featured_media":11198,"comment_status":"open","ping_status":"closed","sticky":false,"template":"","format":"standard","meta":{"_crdt_document":"","footnotes":""},"categories":[1,9,8],"tags":[5,85,618,127,525],"class_list":["post-11193","post","type-post","status-publish","format-standard","has-post-thumbnail","hentry","category-allgemein","category-dorfgetratsche","category-sellemols-und-awweile","tag-dirmingen","tag-evangelische-kirche-dirmingen","tag-gemeinde-eppelborn","tag-landkreis-neunkirchen","tag-mittelalterlicher-weihnachtsmarkt"],"_links":{"self":[{"href":"https:\/\/echta-derminga.de\/index.php?rest_route=\/wp\/v2\/posts\/11193","targetHints":{"allow":["GET"]}}],"collection":[{"href":"https:\/\/echta-derminga.de\/index.php?rest_route=\/wp\/v2\/posts"}],"about":[{"href":"https:\/\/echta-derminga.de\/index.php?rest_route=\/wp\/v2\/types\/post"}],"author":[{"embeddable":true,"href":"https:\/\/echta-derminga.de\/index.php?rest_route=\/wp\/v2\/users\/1"}],"replies":[{"embeddable":true,"href":"https:\/\/echta-derminga.de\/index.php?rest_route=%2Fwp%2Fv2%2Fcomments&post=11193"}],"version-history":[{"count":14,"href":"https:\/\/echta-derminga.de\/index.php?rest_route=\/wp\/v2\/posts\/11193\/revisions"}],"predecessor-version":[{"id":11233,"href":"https:\/\/echta-derminga.de\/index.php?rest_route=\/wp\/v2\/posts\/11193\/revisions\/11233"}],"wp:featuredmedia":[{"embeddable":true,"href":"https:\/\/echta-derminga.de\/index.php?rest_route=\/wp\/v2\/media\/11198"}],"wp:attachment":[{"href":"https:\/\/echta-derminga.de\/index.php?rest_route=%2Fwp%2Fv2%2Fmedia&parent=11193"}],"wp:term":[{"taxonomy":"category","embeddable":true,"href":"https:\/\/echta-derminga.de\/index.php?rest_route=%2Fwp%2Fv2%2Fcategories&post=11193"},{"taxonomy":"post_tag","embeddable":true,"href":"https:\/\/echta-derminga.de\/index.php?rest_route=%2Fwp%2Fv2%2Ftags&post=11193"}],"curies":[{"name":"wp","href":"https:\/\/api.w.org\/{rel}","templated":true}]}}