{"id":11236,"date":"2021-11-15T13:55:34","date_gmt":"2021-11-15T12:55:34","guid":{"rendered":"https:\/\/echta-derminga.de\/?p=11236"},"modified":"2021-11-15T14:26:03","modified_gmt":"2021-11-15T13:26:03","slug":"in-sachen-ortsvorsteher-von-einer-schmerzlichen-absage-einer-geschaeftseroeffnung-und-einer-wuerdevollen-erinnerungskultur","status":"publish","type":"post","link":"https:\/\/echta-derminga.de\/?p=11236","title":{"rendered":"In Sachen Ortsvorsteher: Von einer schmerzlichen Absage, einem Stromspar-Check, einer Gesch\u00e4ftser\u00f6ffnung und einer w\u00fcrdevollen Erinnerungskultur"},"content":{"rendered":"\n<p class=\"has-medium-font-size wp-block-paragraph\"><strong>Die Pandemie hat auch unseren Heiamtort mit ihrer nunmehr 4. Welle vollends erreicht. Der Kulturverein Dirmingen musste reagieren und hat den \u201eMittelalterlichen Weihnachtsmarkt\u201c an der Borrwieshalle nun endg\u00fcltig abgesagt. Neben der Gesundheit der Menschen stand auch die Planungssicherheit der Vereine im Vordergrund. Eine unmittelbar noch kurzfristigere Absage des Marktes h\u00e4tte wom\u00f6glich bei den Vereinen einen hohen finanziellen Schaden angerichtet. Auch f\u00fcr den Kulturverein selbst war die Ausgangsituation zu unsicher und am Ende sogar un\u00fcberschaubar. Geb\u00fchren, Anmietungen, Ank\u00e4ufe und auch die Verpflichtungen von Gruppen und Bands konnten unter diesen Umst\u00e4nden nicht ohne Bedenken durchgef\u00fchrt werden. Bleibt die Hoffnung, dass wir im Dezember zumindest ein wenig den Advent genie\u00dfen k\u00f6nnen und die geplanten Veranstaltungen erhalten bleiben.<\/strong> <strong>Ich w\u00fcnsche allen B\u00fcrgerinnen und B\u00fcrger eine gute Zeit. Bleiben Sie gesund !<\/strong><\/p>\n\n\n\n<p class=\"has-medium-font-size wp-block-paragraph\"><strong>Herzlichen Gl\u00fcckwunsch zum 90. Wiegenfest<\/strong><\/p>\n\n\n\n<p class=\"has-medium-font-size wp-block-paragraph\">Am 6. November feierte Frau Elke Rothfuchs ihr nunmehr 90. Wiegenfest. Der Stellvertretende Ortsvorsteher Michael Polotzek \u00fcberbrachte die Gl\u00fcckw\u00fcnsche des Ortsrates, des B\u00fcrgermeisters, des Landrates und des Ministerpr\u00e4sidenten. An dieser Stelle m\u00f6chte ich mich den Gl\u00fcckw\u00fcnschen anschlie\u00dfen und \u00fcbermittele die besten Geburtstagsgr\u00fc\u00dfe. Ich w\u00fcnschen Frau Elke Rothfuchs weiterhin viel Gl\u00fcck und Gesundheit in den Kreisen ihrer Familie.<\/p>\n\n\n\n<p class=\"has-medium-font-size wp-block-paragraph\"><strong>St. Martinsumzug begeisterte Kinder und Familien<\/strong><\/p>\n\n\n\n<p class=\"has-medium-font-size wp-block-paragraph\">Die diesj\u00e4hrige St. Martinsveranstaltung der Kolpingfamilie Dirmingen und des Pfarrgemeinderates der Wendalinusgemeinde am Martinstag, an der katholischen Kirche und dem Au\u00dfengel\u00e4nde der Rothenbergschule, lockten eine Vielzahl von Kindern und Familie an. Ich habe mich sehr dar\u00fcber gefreut, dass diese traditionsreiche Veranstaltung in schwierigen Zeiten durchgef\u00fchrt werden konnte. Nat\u00fcrlich habe ich auch in diesem Jahr, im Auftrag des Ortsrates, die Kosten f\u00fcr die Martinsbrezeln \u00fcbernommen. Ich m\u00f6chte mich bei allen bedanken, die dazu beigetragen haben, dass diese Veranstaltung durchgef\u00fchrt wurde. Mein Dank geht an alle Helferinnen und Helfer sowie an alle G\u00e4ste.<\/p>\n\n\n\n<figure class=\"wp-block-gallery has-nested-images columns-default is-cropped wp-block-gallery-1 is-layout-flex wp-block-gallery-is-layout-flex\">\n<figure class=\"wp-block-image size-large\"><img loading=\"lazy\" decoding=\"async\" width=\"700\" height=\"701\" data-id=\"11253\" src=\"https:\/\/echta-derminga.de\/wp-content\/uploads\/2021\/11\/20211112_143914-1-700x701.jpg\" alt=\"\" class=\"wp-image-11253\" srcset=\"https:\/\/echta-derminga.de\/wp-content\/uploads\/2021\/11\/20211112_143914-1-700x701.jpg 700w, https:\/\/echta-derminga.de\/wp-content\/uploads\/2021\/11\/20211112_143914-1-300x300.jpg 300w, https:\/\/echta-derminga.de\/wp-content\/uploads\/2021\/11\/20211112_143914-1-150x150.jpg 150w, https:\/\/echta-derminga.de\/wp-content\/uploads\/2021\/11\/20211112_143914-1-768x769.jpg 768w, https:\/\/echta-derminga.de\/wp-content\/uploads\/2021\/11\/20211112_143914-1-1533x1536.jpg 1533w, https:\/\/echta-derminga.de\/wp-content\/uploads\/2021\/11\/20211112_143914-1-90x90.jpg 90w, https:\/\/echta-derminga.de\/wp-content\/uploads\/2021\/11\/20211112_143914-1-75x75.jpg 75w, https:\/\/echta-derminga.de\/wp-content\/uploads\/2021\/11\/20211112_143914-1.jpg 1661w\" sizes=\"auto, (max-width: 700px) 100vw, 700px\" \/><\/figure>\n\n\n\n<figure class=\"wp-block-image size-large\"><img loading=\"lazy\" decoding=\"async\" width=\"700\" height=\"933\" data-id=\"11254\" src=\"https:\/\/echta-derminga.de\/wp-content\/uploads\/2021\/11\/IMG-20201111-WA0003-700x933.jpg\" alt=\"\" class=\"wp-image-11254\" srcset=\"https:\/\/echta-derminga.de\/wp-content\/uploads\/2021\/11\/IMG-20201111-WA0003-700x933.jpg 700w, https:\/\/echta-derminga.de\/wp-content\/uploads\/2021\/11\/IMG-20201111-WA0003-225x300.jpg 225w, https:\/\/echta-derminga.de\/wp-content\/uploads\/2021\/11\/IMG-20201111-WA0003.jpg 768w\" sizes=\"auto, (max-width: 700px) 100vw, 700px\" \/><\/figure>\n<\/figure>\n\n\n\n<p class=\"has-medium-font-size wp-block-paragraph\"><strong>Ehrenkranzniederlegung des Ortsrates am Mahnmal Dirmingen<\/strong><\/p>\n\n\n\n<p class=\"has-medium-font-size wp-block-paragraph\">Der Ortsrat Dirmingen veranstaltete auch am diesj\u00e4hrigen Volkstrauertag, dem 14. November, unter der Anteilnahme der Katholischen Kirchengemeinde und der evangelischen Kirchengemeinde sowie der Reservistenkameradschaft Illtal, dem evangelischen Posaunenchor und zahlreichen B\u00fcrgerinnen und B\u00fcrgern eine offizielle Kranzniederlegung am Mahnmal auf dem Friedhof. Nach einer kurzen Andacht der katholischen Gemeindereferentin Anne Haan und der evangelischen Pfarrerin Britt Goedeging wurde, nach meiner Gedenkrede, der Ehrenkranz niedergelegt. Seit der Verlegung des Mahnmals, vom alten Denkmal auf dem \u201eHundsberg\u201c zum Friedhof, richtet der Ortsrat j\u00e4hrlich zum Volkstrauertag diese Zeremonie aus. Mein Dank geht an die Reservistenkameradschaft Illtal, um ihren neuen Vorsitzenden Herrn Schuhmacher, den Evangelischen Posaunenchor sowie an Gemeindereferentin Frau Haan und Pfarrerin Britt Goedeking. Der Ortsrat setzte ein deutliches Zeichen gegen Krieg, Gewalt und Terror.<\/p>\n\n\n\n<figure class=\"wp-block-gallery has-nested-images columns-default is-cropped wp-block-gallery-2 is-layout-flex wp-block-gallery-is-layout-flex\">\n<figure class=\"wp-block-image size-large\"><img loading=\"lazy\" decoding=\"async\" width=\"700\" height=\"514\" data-id=\"11239\" src=\"https:\/\/echta-derminga.de\/wp-content\/uploads\/2021\/11\/257263821_4516683081759715_645165255648151119_n-700x514.jpg\" alt=\"\" class=\"wp-image-11239\" srcset=\"https:\/\/echta-derminga.de\/wp-content\/uploads\/2021\/11\/257263821_4516683081759715_645165255648151119_n-700x514.jpg 700w, https:\/\/echta-derminga.de\/wp-content\/uploads\/2021\/11\/257263821_4516683081759715_645165255648151119_n-300x220.jpg 300w, https:\/\/echta-derminga.de\/wp-content\/uploads\/2021\/11\/257263821_4516683081759715_645165255648151119_n-768x564.jpg 768w, https:\/\/echta-derminga.de\/wp-content\/uploads\/2021\/11\/257263821_4516683081759715_645165255648151119_n.jpg 1478w\" sizes=\"auto, (max-width: 700px) 100vw, 700px\" \/><\/figure>\n\n\n\n<figure class=\"wp-block-image size-large\"><img loading=\"lazy\" decoding=\"async\" width=\"700\" height=\"410\" data-id=\"11240\" src=\"https:\/\/echta-derminga.de\/wp-content\/uploads\/2021\/11\/255376977_4516683195093037_1647087396974096099_n-700x410.jpg\" alt=\"\" class=\"wp-image-11240\" srcset=\"https:\/\/echta-derminga.de\/wp-content\/uploads\/2021\/11\/255376977_4516683195093037_1647087396974096099_n-700x410.jpg 700w, https:\/\/echta-derminga.de\/wp-content\/uploads\/2021\/11\/255376977_4516683195093037_1647087396974096099_n-300x176.jpg 300w, https:\/\/echta-derminga.de\/wp-content\/uploads\/2021\/11\/255376977_4516683195093037_1647087396974096099_n-768x450.jpg 768w, https:\/\/echta-derminga.de\/wp-content\/uploads\/2021\/11\/255376977_4516683195093037_1647087396974096099_n-1536x900.jpg 1536w, https:\/\/echta-derminga.de\/wp-content\/uploads\/2021\/11\/255376977_4516683195093037_1647087396974096099_n.jpg 1835w\" sizes=\"auto, (max-width: 700px) 100vw, 700px\" \/><\/figure>\n\n\n\n<figure class=\"wp-block-image size-large\"><img loading=\"lazy\" decoding=\"async\" width=\"700\" height=\"476\" data-id=\"11241\" src=\"https:\/\/echta-derminga.de\/wp-content\/uploads\/2021\/11\/257131990_4516682258426464_2072983770105582725_n-700x476.jpg\" alt=\"\" class=\"wp-image-11241\" srcset=\"https:\/\/echta-derminga.de\/wp-content\/uploads\/2021\/11\/257131990_4516682258426464_2072983770105582725_n-700x476.jpg 700w, https:\/\/echta-derminga.de\/wp-content\/uploads\/2021\/11\/257131990_4516682258426464_2072983770105582725_n-300x204.jpg 300w, https:\/\/echta-derminga.de\/wp-content\/uploads\/2021\/11\/257131990_4516682258426464_2072983770105582725_n-768x522.jpg 768w, https:\/\/echta-derminga.de\/wp-content\/uploads\/2021\/11\/257131990_4516682258426464_2072983770105582725_n.jpg 866w\" sizes=\"auto, (max-width: 700px) 100vw, 700px\" \/><\/figure>\n\n\n\n<figure class=\"wp-block-image size-large\"><img loading=\"lazy\" decoding=\"async\" width=\"700\" height=\"448\" data-id=\"11242\" src=\"https:\/\/echta-derminga.de\/wp-content\/uploads\/2021\/11\/257122406_4516682925093064_1715667764869635235_n-1-700x448.jpg\" alt=\"\" class=\"wp-image-11242\" srcset=\"https:\/\/echta-derminga.de\/wp-content\/uploads\/2021\/11\/257122406_4516682925093064_1715667764869635235_n-1-700x448.jpg 700w, https:\/\/echta-derminga.de\/wp-content\/uploads\/2021\/11\/257122406_4516682925093064_1715667764869635235_n-1-300x192.jpg 300w, https:\/\/echta-derminga.de\/wp-content\/uploads\/2021\/11\/257122406_4516682925093064_1715667764869635235_n-1-768x491.jpg 768w, https:\/\/echta-derminga.de\/wp-content\/uploads\/2021\/11\/257122406_4516682925093064_1715667764869635235_n-1.jpg 971w\" sizes=\"auto, (max-width: 700px) 100vw, 700px\" \/><\/figure>\n\n\n\n<figure class=\"wp-block-image size-large\"><img loading=\"lazy\" decoding=\"async\" width=\"700\" height=\"331\" data-id=\"11243\" src=\"https:\/\/echta-derminga.de\/wp-content\/uploads\/2021\/11\/20211114_143227-700x331.jpg\" alt=\"\" class=\"wp-image-11243\" srcset=\"https:\/\/echta-derminga.de\/wp-content\/uploads\/2021\/11\/20211114_143227-700x331.jpg 700w, https:\/\/echta-derminga.de\/wp-content\/uploads\/2021\/11\/20211114_143227-300x142.jpg 300w, https:\/\/echta-derminga.de\/wp-content\/uploads\/2021\/11\/20211114_143227-768x363.jpg 768w, https:\/\/echta-derminga.de\/wp-content\/uploads\/2021\/11\/20211114_143227-1536x727.jpg 1536w, https:\/\/echta-derminga.de\/wp-content\/uploads\/2021\/11\/20211114_143227-2048x969.jpg 2048w\" sizes=\"auto, (max-width: 700px) 100vw, 700px\" \/><\/figure>\n<\/figure>\n\n\n\n<p class=\"has-medium-font-size wp-block-paragraph\"><strong>Neuer\u00f6ffnung Friseursalon &#8222;hairdesign&#8220; &#8211; Team Kani in Dirmingen<\/strong><\/p>\n\n\n\n<p class=\"has-medium-font-size wp-block-paragraph\">Gemeinsam mit B\u00fcrgermeister Dr. Andreas Feld durfte ich bereits im Oktober den neuer\u00f6ffneten Friseursalon &#8222;hairdesign&#8220; &#8211; Team Kani in Dirmingen besuchen. Bei unserem Antrittsbesuch lernten wir ein engagiertes und motiviertes Team kennen und sch\u00e4tzen. Diese Er\u00f6ffnung bedeutet eine weitere Aufwertung f\u00fcr unseren Heimatort. Unter der Telefonnummer 06827\/ 8002525 k\u00f6nnen Sie sich von der Qualit\u00e4t des Teams \u00fcberzeugen. Der Salon &#8222;hairdesign&#8220;- Team Kani hat au\u00dfer montags jeden Tag bis einschlie\u00dflich samstags ge\u00f6ffnet. Ich w\u00fcnsche dem Team Kani auch an dieser Stelle alles erdenklich Gute und viel Gl\u00fcck in unserem Heimatort Dirmingen. Laut eigener Aussage f\u00fchlen sich Sabrina und Anja Kani in ihrem neuen Salon im Herzen Dirmingens pudelwohl.<\/p>\n\n\n\n<figure class=\"wp-block-gallery has-nested-images columns-default is-cropped wp-block-gallery-3 is-layout-flex wp-block-gallery-is-layout-flex\">\n<figure class=\"wp-block-image size-large\"><img loading=\"lazy\" decoding=\"async\" width=\"700\" height=\"442\" data-id=\"11249\" src=\"https:\/\/echta-derminga.de\/wp-content\/uploads\/2021\/11\/42_Kani-2-Gross-1024x647-1-700x442.jpg\" alt=\"\" class=\"wp-image-11249\" srcset=\"https:\/\/echta-derminga.de\/wp-content\/uploads\/2021\/11\/42_Kani-2-Gross-1024x647-1-700x442.jpg 700w, https:\/\/echta-derminga.de\/wp-content\/uploads\/2021\/11\/42_Kani-2-Gross-1024x647-1-300x189.jpg 300w, https:\/\/echta-derminga.de\/wp-content\/uploads\/2021\/11\/42_Kani-2-Gross-1024x647-1-768x485.jpg 768w, https:\/\/echta-derminga.de\/wp-content\/uploads\/2021\/11\/42_Kani-2-Gross-1024x647-1.jpg 1500w\" sizes=\"auto, (max-width: 700px) 100vw, 700px\" \/><\/figure>\n\n\n\n<figure class=\"wp-block-image size-large\"><img loading=\"lazy\" decoding=\"async\" width=\"700\" height=\"430\" data-id=\"11251\" src=\"https:\/\/echta-derminga.de\/wp-content\/uploads\/2021\/11\/received_693896471804287-700x430.jpeg\" alt=\"\" class=\"wp-image-11251\" srcset=\"https:\/\/echta-derminga.de\/wp-content\/uploads\/2021\/11\/received_693896471804287-700x430.jpeg 700w, https:\/\/echta-derminga.de\/wp-content\/uploads\/2021\/11\/received_693896471804287-300x184.jpeg 300w, https:\/\/echta-derminga.de\/wp-content\/uploads\/2021\/11\/received_693896471804287-768x471.jpeg 768w, https:\/\/echta-derminga.de\/wp-content\/uploads\/2021\/11\/received_693896471804287.jpeg 945w\" sizes=\"auto, (max-width: 700px) 100vw, 700px\" \/><\/figure>\n<\/figure>\n\n\n\n<p class=\"has-medium-font-size wp-block-paragraph\"><strong>STROMSPAR-CHECK: Immer f\u00fcr Sie da \u2013 und vor Ort in der Sprechstunde, Dirmingen.&nbsp;<\/strong><\/p>\n\n\n\n<p class=\"has-medium-font-size wp-block-paragraph\"><strong>Die Diakonie Saar bittet uns folgende Information weiterzugeben:<\/strong><\/p>\n\n\n\n<p class=\"has-medium-font-size wp-block-paragraph\">Wir helfen Ihnen Energiekosten sparen!&nbsp; Unsere Beratungen k\u00f6nnen wir jederzeit bei und mit Ihnen durchf\u00fchren. Ob Online, am Telefon oder auch bei Ihnen zu Hause. Unsere Stromsparhelfer sind f\u00fcr Sie da und k\u00f6nnen den Check kontaktlos oder unter Einhaltung der aktuellen Corona-AHA-L Regeln durchf\u00fchren. Sie k\u00f6nnen uns immer telefonisch oder per E-Mail erreichen. Wir sind aber auch jede Woche bei Ihnen vor Ort: <strong>Jeden Dienstag von 09:30 \u2013 12:00 Uhr in der B\u00fccherei des Evangelischen Gemeindehauses, Marktplatz 8, Dirmingen. Anmeldungen \u00fcber 06821- 3629615. <\/strong>Wer kann teilnehmen? Alle Menschen, die \u00fcber ein geringes Einkommen verf\u00fcgen, also Bezieherinnen und Bezieher von Arbeitslosengeld II, Sozialhilfe oder Wohngeld. Aber auch Rentnerinnen und Rentner mit geringem Einkommen k\u00f6nnen teilnehmen. Neu im Angebot: K\u00fchlger\u00e4tef\u00f6rderung aufgestockt Weitere Informationen zum Projekt und zur K\u00fchlger\u00e4tef\u00f6rderung unter: www.stromsparcheck-saar.de und www.stromspar-check.de Interessierte Haushalte k\u00f6nnen sich direkt bei der Diakonie Saar anmelden oder unter: Stromspar-Check im Saarland Koordinierungsstelle ARGE SOLAR e.V. Tel.:&nbsp; 0681 \/ 99 88 4 \u2013 880. Bitte machen Sie Gebrauch von dieser M\u00f6glichkeit.<\/p>\n\n\n\n<figure class=\"wp-block-gallery has-nested-images columns-default is-cropped wp-block-gallery-4 is-layout-flex wp-block-gallery-is-layout-flex\">\n<figure class=\"wp-block-image size-large\"><img loading=\"lazy\" decoding=\"async\" width=\"700\" height=\"788\" data-id=\"11261\" src=\"https:\/\/echta-derminga.de\/wp-content\/uploads\/2021\/11\/Anzeigen-Spartipp-Facebook-96dpi-26-700x788.png\" alt=\"\" class=\"wp-image-11261\" srcset=\"https:\/\/echta-derminga.de\/wp-content\/uploads\/2021\/11\/Anzeigen-Spartipp-Facebook-96dpi-26-700x788.png 700w, https:\/\/echta-derminga.de\/wp-content\/uploads\/2021\/11\/Anzeigen-Spartipp-Facebook-96dpi-26-267x300.png 267w, https:\/\/echta-derminga.de\/wp-content\/uploads\/2021\/11\/Anzeigen-Spartipp-Facebook-96dpi-26-768x864.png 768w, https:\/\/echta-derminga.de\/wp-content\/uploads\/2021\/11\/Anzeigen-Spartipp-Facebook-96dpi-26-1365x1536.png 1365w, https:\/\/echta-derminga.de\/wp-content\/uploads\/2021\/11\/Anzeigen-Spartipp-Facebook-96dpi-26.png 1600w\" sizes=\"auto, (max-width: 700px) 100vw, 700px\" \/><\/figure>\n\n\n\n<figure class=\"wp-block-image size-large\"><img loading=\"lazy\" decoding=\"async\" width=\"581\" height=\"414\" data-id=\"11262\" src=\"https:\/\/echta-derminga.de\/wp-content\/uploads\/2021\/11\/gutschein-1.png\" alt=\"\" class=\"wp-image-11262\" srcset=\"https:\/\/echta-derminga.de\/wp-content\/uploads\/2021\/11\/gutschein-1.png 581w, https:\/\/echta-derminga.de\/wp-content\/uploads\/2021\/11\/gutschein-1-300x214.png 300w\" sizes=\"auto, (max-width: 581px) 100vw, 581px\" \/><\/figure>\n<\/figure>\n\n\n\n<p class=\"has-medium-font-size wp-block-paragraph\"><strong>Wasser auf dem Friedhof wird abgestellt.<\/strong><\/p>\n\n\n\n<p class=\"has-medium-font-size wp-block-paragraph\">Der Baubetriebshof hat uns mitgeteilt, dass aufgrund der Frostgefahr das Wasser auf allen Friedh\u00f6fen in der Gemeinde abgestellt wird. Die Toiletten bleiben noch bis zum 01.12.2021 ge\u00f6ffnet. Ich bitte Sie um Kenntnisnahme.<\/p>\n\n\n\n<figure class=\"wp-block-gallery has-nested-images columns-default is-cropped wp-block-gallery-5 is-layout-flex wp-block-gallery-is-layout-flex\">\n<figure class=\"wp-block-image size-large\"><img loading=\"lazy\" decoding=\"async\" width=\"700\" height=\"466\" data-id=\"11244\" src=\"https:\/\/echta-derminga.de\/wp-content\/uploads\/2021\/11\/Dirmingen-003-700x466-1.jpg\" alt=\"\" class=\"wp-image-11244\" srcset=\"https:\/\/echta-derminga.de\/wp-content\/uploads\/2021\/11\/Dirmingen-003-700x466-1.jpg 700w, https:\/\/echta-derminga.de\/wp-content\/uploads\/2021\/11\/Dirmingen-003-700x466-1-300x200.jpg 300w\" sizes=\"auto, (max-width: 700px) 100vw, 700px\" \/><\/figure>\n\n\n\n<figure class=\"wp-block-image size-large\"><img loading=\"lazy\" decoding=\"async\" width=\"700\" height=\"525\" data-id=\"11245\" src=\"https:\/\/echta-derminga.de\/wp-content\/uploads\/2021\/11\/IMG_20180418_182701_resized_20180419_025721436-700x525.jpg\" alt=\"\" class=\"wp-image-11245\" srcset=\"https:\/\/echta-derminga.de\/wp-content\/uploads\/2021\/11\/IMG_20180418_182701_resized_20180419_025721436-700x525.jpg 700w, https:\/\/echta-derminga.de\/wp-content\/uploads\/2021\/11\/IMG_20180418_182701_resized_20180419_025721436-300x225.jpg 300w, https:\/\/echta-derminga.de\/wp-content\/uploads\/2021\/11\/IMG_20180418_182701_resized_20180419_025721436-768x576.jpg 768w, https:\/\/echta-derminga.de\/wp-content\/uploads\/2021\/11\/IMG_20180418_182701_resized_20180419_025721436.jpg 800w\" sizes=\"auto, (max-width: 700px) 100vw, 700px\" \/><\/figure>\n<\/figure>\n\n\n\n<p class=\"has-medium-font-size wp-block-paragraph\"><strong>Planungen von gro\u00dfe Investitionen auf dem Friedhof Dirmingen<\/strong><\/p>\n\n\n\n<p class=\"has-medium-font-size wp-block-paragraph\">Besonders an den sogenannten stillen Feiertagen im November r\u00fcckt vielerorts auch der Zustand des \u00f6rtlichen Friedhofes in den Vordergrund. Den Menschen ist es wichtig, dass der Friedhof in einem guten Zustand bleibt. Unser Ortsrat befasst sich in regelm\u00e4\u00dfigen Abst\u00e4nden mit Angelegenheiten, die den Friedhof betreffen. Wir stehen diesbez\u00fcglich im engen Austausch mit der Verwaltungsspitze und dem Friedhofsamt. In Dirmingen sollen nun neue Grabfelder angelegt werden. Unser Friedhof wird um ein neues Rasen- sowie ein Urnenrasengrabfeld erweitert. Insgesamt sind 68 neue Grabstellen vorgesehen. 46 Urnenrasengr\u00e4ber werden im rechten Teil der oberen Terrasse entstehen, 22 weitere Rasengr\u00e4ber im linken Bereich. Aus Sicht aller Fraktionen im Ortsrat ist dies eine wichtige Investition in die Zukunft.<\/p>\n\n\n\n<p class=\"has-medium-font-size wp-block-paragraph\"><strong>Mit der Adventszeit steht uns die sch\u00f6nste Jahreszeit bevor. Ich w\u00fcnsche Ihnen schon heute, in diesen schwierigen Zeiten, eine besinnliche und angenehme Zeit im Kreise ihrer Familie, Freunden und Bekannten. Im Dezember sind einige Veranstaltungen vorgesehen. Diese m\u00fcssen wahrscheinlich unter den strengsten Hygienerichtlinien durchgef\u00fchrt werden. Es ist heute davon auszugehen, dass bei vielen Veranstaltungen die 2G- Reglung angewendet werden muss. Dabei finden einige musikalische Highlight in der Evangelischen Kirche statt. Auch die Weihnachtsbaumaktion des Kulturvereins wird im Dezember stattfinden.<\/strong><\/p>\n\n\n\n<p class=\"has-medium-font-size wp-block-paragraph\">Bitte achten Sie bei allem was Sie tun auf ihre Gesundheit. Gerade in diesen Zeiten m\u00fcssen wir mit Abstand zusammenr\u00fccken und zusammenhalten. Wenn Sie mich brauchen, bin ich jederzeit zur Stelle.<\/p>\n\n\n\n<p class=\"has-medium-font-size wp-block-paragraph\">Ihr Ortsvorsteher<\/p>\n\n\n\n<p class=\"has-medium-font-size wp-block-paragraph\"><em>Frank Klein<\/em><\/p>\n\n\n\n<figure class=\"wp-block-gallery has-nested-images columns-default is-cropped wp-block-gallery-6 is-layout-flex wp-block-gallery-is-layout-flex\">\n<figure class=\"wp-block-image size-large\"><img loading=\"lazy\" decoding=\"async\" width=\"560\" height=\"797\" data-id=\"11266\" src=\"https:\/\/echta-derminga.de\/wp-content\/uploads\/2021\/11\/stille-zeit.png\" alt=\"\" class=\"wp-image-11266\" srcset=\"https:\/\/echta-derminga.de\/wp-content\/uploads\/2021\/11\/stille-zeit.png 560w, https:\/\/echta-derminga.de\/wp-content\/uploads\/2021\/11\/stille-zeit-211x300.png 211w\" sizes=\"auto, (max-width: 560px) 100vw, 560px\" \/><\/figure>\n\n\n\n<figure class=\"wp-block-image size-large\"><img loading=\"lazy\" decoding=\"async\" width=\"637\" height=\"903\" data-id=\"11156\" src=\"https:\/\/echta-derminga.de\/wp-content\/uploads\/2021\/11\/Weihnachtskonzert-Chor.png\" alt=\"\" class=\"wp-image-11156\" srcset=\"https:\/\/echta-derminga.de\/wp-content\/uploads\/2021\/11\/Weihnachtskonzert-Chor.png 637w, https:\/\/echta-derminga.de\/wp-content\/uploads\/2021\/11\/Weihnachtskonzert-Chor-212x300.png 212w\" sizes=\"auto, (max-width: 637px) 100vw, 637px\" \/><\/figure>\n\n\n\n<figure class=\"wp-block-image size-large\"><img loading=\"lazy\" decoding=\"async\" width=\"600\" height=\"844\" data-id=\"11053\" src=\"https:\/\/echta-derminga.de\/wp-content\/uploads\/2021\/10\/246786762_345997310614918_1865162160480140897_n.jpg\" alt=\"\" class=\"wp-image-11053\" srcset=\"https:\/\/echta-derminga.de\/wp-content\/uploads\/2021\/10\/246786762_345997310614918_1865162160480140897_n.jpg 600w, https:\/\/echta-derminga.de\/wp-content\/uploads\/2021\/10\/246786762_345997310614918_1865162160480140897_n-213x300.jpg 213w\" sizes=\"auto, (max-width: 600px) 100vw, 600px\" \/><\/figure>\n\n\n\n<figure class=\"wp-block-image size-large\"><img loading=\"lazy\" decoding=\"async\" width=\"1891\" height=\"914\" data-id=\"11153\" src=\"https:\/\/echta-derminga.de\/wp-content\/uploads\/2021\/11\/Baumverkauf.png\" alt=\"\" class=\"wp-image-11153\" srcset=\"https:\/\/echta-derminga.de\/wp-content\/uploads\/2021\/11\/Baumverkauf.png 1891w, https:\/\/echta-derminga.de\/wp-content\/uploads\/2021\/11\/Baumverkauf-300x145.png 300w, https:\/\/echta-derminga.de\/wp-content\/uploads\/2021\/11\/Baumverkauf-700x338.png 700w, https:\/\/echta-derminga.de\/wp-content\/uploads\/2021\/11\/Baumverkauf-768x371.png 768w, https:\/\/echta-derminga.de\/wp-content\/uploads\/2021\/11\/Baumverkauf-1536x742.png 1536w\" sizes=\"auto, (max-width: 1891px) 100vw, 1891px\" \/><\/figure>\n<\/figure>\n","protected":false},"excerpt":{"rendered":"<p>Die Pandemie hat auch unseren Heiamtort mit ihrer nunmehr 4. Welle vollends erreicht. Der Kulturverein Dirmingen musste reagieren und hat den \u201eMittelalterlichen Weihnachtsmarkt\u201c an der Borrwieshalle nun endg\u00fcltig abgesagt. Neben der Gesundheit der Menschen stand auch die Planungssicherheit der Vereine im Vordergrund. Eine unmittelbar noch kurzfristigere Absage des Marktes h\u00e4tte wom\u00f6glich bei den Vereinen einen hohen finanziellen Schaden angerichtet. Auch<\/p>\n","protected":false},"author":1,"featured_media":11242,"comment_status":"open","ping_status":"closed","sticky":false,"template":"","format":"standard","meta":{"_crdt_document":"","footnotes":""},"categories":[1,9,812],"tags":[5,618,127,634,795,310],"class_list":["post-11236","post","type-post","status-publish","format-standard","has-post-thumbnail","hentry","category-allgemein","category-dorfgetratsche","category-ortsvorsteher-dirmingen","tag-dirmingen","tag-gemeinde-eppelborn","tag-landkreis-neunkirchen","tag-ortsvorsteher","tag-ortsvorsteher-dirmingen","tag-saarland"],"_links":{"self":[{"href":"https:\/\/echta-derminga.de\/index.php?rest_route=\/wp\/v2\/posts\/11236","targetHints":{"allow":["GET"]}}],"collection":[{"href":"https:\/\/echta-derminga.de\/index.php?rest_route=\/wp\/v2\/posts"}],"about":[{"href":"https:\/\/echta-derminga.de\/index.php?rest_route=\/wp\/v2\/types\/post"}],"author":[{"embeddable":true,"href":"https:\/\/echta-derminga.de\/index.php?rest_route=\/wp\/v2\/users\/1"}],"replies":[{"embeddable":true,"href":"https:\/\/echta-derminga.de\/index.php?rest_route=%2Fwp%2Fv2%2Fcomments&post=11236"}],"version-history":[{"count":11,"href":"https:\/\/echta-derminga.de\/index.php?rest_route=\/wp\/v2\/posts\/11236\/revisions"}],"predecessor-version":[{"id":11267,"href":"https:\/\/echta-derminga.de\/index.php?rest_route=\/wp\/v2\/posts\/11236\/revisions\/11267"}],"wp:featuredmedia":[{"embeddable":true,"href":"https:\/\/echta-derminga.de\/index.php?rest_route=\/wp\/v2\/media\/11242"}],"wp:attachment":[{"href":"https:\/\/echta-derminga.de\/index.php?rest_route=%2Fwp%2Fv2%2Fmedia&parent=11236"}],"wp:term":[{"taxonomy":"category","embeddable":true,"href":"https:\/\/echta-derminga.de\/index.php?rest_route=%2Fwp%2Fv2%2Fcategories&post=11236"},{"taxonomy":"post_tag","embeddable":true,"href":"https:\/\/echta-derminga.de\/index.php?rest_route=%2Fwp%2Fv2%2Ftags&post=11236"}],"curies":[{"name":"wp","href":"https:\/\/api.w.org\/{rel}","templated":true}]}}