{"id":11342,"date":"2021-11-21T17:06:18","date_gmt":"2021-11-21T16:06:18","guid":{"rendered":"https:\/\/echta-derminga.de\/?p=11342"},"modified":"2022-01-17T17:24:45","modified_gmt":"2022-01-17T16:24:45","slug":"kolpingfamilie-dirmingen-mit-herz-verstand-und-engagement-gutes-bewirken","status":"publish","type":"post","link":"https:\/\/echta-derminga.de\/?p=11342","title":{"rendered":"Kolpingfamilie Dirmingen- Mit Herz, Verstand und Engagement Gutes bewirken"},"content":{"rendered":"\n<p class=\"has-medium-font-size wp-block-paragraph\"><strong>Von Adolph Kolping stammt eines meiner Lieblingszitate: \u201eMancher rennt dem Gl\u00fcck nach und wei\u00df nicht, dass er es zu Hause hat.&#8220; Am 23. Januar des Jahres 1955 wurde die Kolpingfamilie Dirmingen gegr\u00fcndet. Aus der Kolpingsfamilie Dirmingen entstand zu Beginn der 2000-er Jahre der Kolping Karnevalsverein Dirmingen \u201edie Faasebooze\u201c als Untergruppierung der Kolpingfamilie.<\/strong><\/p>\n\n\n\n<p class=\"has-medium-font-size wp-block-paragraph\">W\u00e4hrend der Gr\u00fcndungsversammlung der Kolpingfamilie Dirmingen waren der Bezirkspr\u00e4ses der Kolping Saar sowie H.H Definitor Didas und Pastor Schenk anwesend. Besonders in den Anfangsjahren wurden politische und medizinische Vortr\u00e4ge, Wallfahrten und Besichtigungen organisiert. Gr\u00fcndungsmitglieder waren Herbert Giese, Anton Pulch, Franz-Josef Spaniol, Willibald Spaniol, Josef Kirsch, Josef Pulch, Gerhard Spaniol, Lambert Anton, Hans Recktenwald und G\u00fcnther Spaniol. Als erste Senioren fungierten Lehrer Edmund Jochum und Erwin John. Zum Altsenior wurde damals Nikolaus Spaniol bestimmt.<\/p>\n\n\n\n<div class=\"wp-block-image\"><figure class=\"aligncenter size-large\"><img loading=\"lazy\" decoding=\"async\" width=\"700\" height=\"472\" src=\"https:\/\/echta-derminga.de\/wp-content\/uploads\/2021\/11\/Kath-4-700x472.jpeg\" alt=\"\" class=\"wp-image-11347\" srcset=\"https:\/\/echta-derminga.de\/wp-content\/uploads\/2021\/11\/Kath-4-700x472.jpeg 700w, https:\/\/echta-derminga.de\/wp-content\/uploads\/2021\/11\/Kath-4-300x202.jpeg 300w, https:\/\/echta-derminga.de\/wp-content\/uploads\/2021\/11\/Kath-4-768x517.jpeg 768w, https:\/\/echta-derminga.de\/wp-content\/uploads\/2021\/11\/Kath-4.jpeg 800w\" sizes=\"auto, (max-width: 700px) 100vw, 700px\" \/><figcaption>Kolpingfamilie Dirmingen in den 1050-er Jahren.<\/figcaption><\/figure><\/div>\n\n\n\n<p class=\"has-medium-font-size wp-block-paragraph\"><strong>Der Gr\u00fcnder des Kolpingwerkes Adolph Kolping wurde am 8. Dezember 1813 in Kerpen bei K\u00f6ln geboren und verstarb am 4. Dezember 1865 in K\u00f6ln. Kolping war ein katholischer Priester, der sich insbesondere mit sozialen Fragen auseinandersetzte und aufgrund dessen auch die Gr\u00fcndung des Kolpingwerkes vorantrieb.<\/strong><\/p>\n\n\n\n<p class=\"has-medium-font-size wp-block-paragraph\">Schon im 19. Jahrhundert entstanden zahlreiche katholische Verb\u00e4nde und Organisationen. In einer Zeit, in der die Kirche zusehends an Bedeutung und Wirkung verlor, wurde die sogenannte Katholische Bewegung ins Leben gerufen. Dabei handelte es sich Zun\u00e4chst um freie Gruppierungen, in denen sich katholische M\u00e4nner und Frauen zusammentaten, um ihre Ziele gemeinsam zu verfolgen. Die daraus entstandenen katholischen Verb\u00e4nde widmeten sich vor allem sozialen, karitativen, gesellschaftlichen Aufgaben. Zu den bekanntesten Verb\u00e4nden und  Gruppierungen geh\u00f6rten: Bund der Deutschen katholischen Jugend, Caritasverband, DJK, Katholischer Frauenbund, Katholische Frauengemeinschaft Deutschlands, Kolping, Malteser und Pfadfinder. Aus diesen Verb\u00e4nden wiederum entstanden die ersten kirchlichen Vereine.<\/p>\n\n\n\n<figure class=\"wp-block-gallery has-nested-images columns-default is-cropped wp-block-gallery-1 is-layout-flex wp-block-gallery-is-layout-flex\">\n<figure class=\"wp-block-image size-large\"><img loading=\"lazy\" decoding=\"async\" width=\"700\" height=\"381\" data-id=\"11349\" src=\"https:\/\/echta-derminga.de\/wp-content\/uploads\/2021\/11\/3-700x381.jpeg\" alt=\"\" class=\"wp-image-11349\" srcset=\"https:\/\/echta-derminga.de\/wp-content\/uploads\/2021\/11\/3-700x381.jpeg 700w, https:\/\/echta-derminga.de\/wp-content\/uploads\/2021\/11\/3-300x163.jpeg 300w, https:\/\/echta-derminga.de\/wp-content\/uploads\/2021\/11\/3-768x418.jpeg 768w, https:\/\/echta-derminga.de\/wp-content\/uploads\/2021\/11\/3.jpeg 1309w\" sizes=\"auto, (max-width: 700px) 100vw, 700px\" \/><\/figure>\n\n\n\n<figure class=\"wp-block-image size-large\"><img loading=\"lazy\" decoding=\"async\" width=\"700\" height=\"425\" data-id=\"11350\" src=\"https:\/\/echta-derminga.de\/wp-content\/uploads\/2021\/11\/Kath-2-700x425.jpeg\" alt=\"\" class=\"wp-image-11350\" srcset=\"https:\/\/echta-derminga.de\/wp-content\/uploads\/2021\/11\/Kath-2-700x425.jpeg 700w, https:\/\/echta-derminga.de\/wp-content\/uploads\/2021\/11\/Kath-2-300x182.jpeg 300w, https:\/\/echta-derminga.de\/wp-content\/uploads\/2021\/11\/Kath-2-768x466.jpeg 768w, https:\/\/echta-derminga.de\/wp-content\/uploads\/2021\/11\/Kath-2.jpeg 1379w\" sizes=\"auto, (max-width: 700px) 100vw, 700px\" \/><\/figure>\n<figcaption class=\"blocks-gallery-caption\">J\u00fcnglingsverein Dirmingen und DJK Dirmingen<\/figcaption><\/figure>\n\n\n\n<p class=\"has-medium-font-size wp-block-paragraph\"><strong>Auch in der katholischen Kirchengemeinde Dirmingen wurde bereits in den 1920-ger Jahren zahlreiche kirchliche Vereine und Organisationen gegr\u00fcndet. Neben den Pfadfindern gab es einen J\u00fcnglingsverein, eine St. Barbarabruderschaft, einen Bergmannsverein, ein M\u00fctterverein und eine \u201cDeutsche Jugendkraft\u201d. W\u00e4hrend des zweiten Weltkrieges kamen die meisten Vereine und Organisationen zum Erliegen. Die Kolpingfamilie Dirmingen wurde, wie bereits erw\u00e4hnt, im Jahre 1955 gegr\u00fcndet. Der Verein bildet eine Gemeinschaft, in der Menschen aus allen Berufen und Altersbereichen miteinander umgehen und wirken. Bei Kolping treffen sich m\u00fcndige Christen, die etwas in Kirche und Gesellschaft bewegen m\u00f6chten. Dabei k\u00f6nnen auch evangelische Christen eine Mitgliedschaft in der Kolpingfamilie anstreben. Die Kolpingfamilie ist offen und l\u00e4dt alle Menschen guten Willens zum Mitmachen ein.<\/strong><\/p>\n\n\n\n<figure class=\"wp-block-gallery has-nested-images columns-default is-cropped wp-block-gallery-2 is-layout-flex wp-block-gallery-is-layout-flex\">\n<figure class=\"wp-block-image size-large\"><img loading=\"lazy\" decoding=\"async\" width=\"700\" height=\"467\" data-id=\"11352\" src=\"https:\/\/echta-derminga.de\/wp-content\/uploads\/2021\/11\/dirmingen1-700x467.jpg\" alt=\"\" class=\"wp-image-11352\" srcset=\"https:\/\/echta-derminga.de\/wp-content\/uploads\/2021\/11\/dirmingen1-700x467.jpg 700w, https:\/\/echta-derminga.de\/wp-content\/uploads\/2021\/11\/dirmingen1-300x200.jpg 300w, https:\/\/echta-derminga.de\/wp-content\/uploads\/2021\/11\/dirmingen1-768x512.jpg 768w, https:\/\/echta-derminga.de\/wp-content\/uploads\/2021\/11\/dirmingen1.jpg 900w\" sizes=\"auto, (max-width: 700px) 100vw, 700px\" \/><\/figure>\n\n\n\n<figure class=\"wp-block-image size-large\"><img loading=\"lazy\" decoding=\"async\" width=\"700\" height=\"467\" data-id=\"11353\" src=\"https:\/\/echta-derminga.de\/wp-content\/uploads\/2021\/11\/dirmingen2-700x467.jpg\" alt=\"\" class=\"wp-image-11353\" srcset=\"https:\/\/echta-derminga.de\/wp-content\/uploads\/2021\/11\/dirmingen2-700x467.jpg 700w, https:\/\/echta-derminga.de\/wp-content\/uploads\/2021\/11\/dirmingen2-300x200.jpg 300w, https:\/\/echta-derminga.de\/wp-content\/uploads\/2021\/11\/dirmingen2-768x512.jpg 768w, https:\/\/echta-derminga.de\/wp-content\/uploads\/2021\/11\/dirmingen2.jpg 900w\" sizes=\"auto, (max-width: 700px) 100vw, 700px\" \/><\/figure>\n<figcaption class=\"blocks-gallery-caption\">Nachbarschaftsfest der Rothenbergschule und der Kolpingfamilie<\/figcaption><\/figure>\n\n\n\n<p class=\"has-medium-font-size wp-block-paragraph\">Heute geh\u00f6rt das Kolpingwerk in Deutschland zu den gr\u00f6\u00dften Sozialwerken der Katholischen Kirche. Die Kolpingfamilie Dirmingen hingegen geh\u00f6rt mittlerweile zu den Aktivposten unseres Heimatortes. Vieles wird im Laufe eines Jahres organisiert und durchgef\u00fchrt. Nachbarschaftsfest, Sammelaktionen, St. Martinsumzug, Nikolausaktion, Kolpinggedenktag und nat\u00fcrlich auch das j\u00e4hrliche fastn\u00e4chtliche Treiben. Was w\u00e4re unsere \u201eFaasend\u201c ohne die Kolpingfamilie Dirmingen? Der soziale Aspekt steht bei unserer Kolpingfamilie immer im Vordergrund. Jedes Jahr werden in verschiedenen Varianten Spenden organisiert und an karikative Zwecke gereicht. Dabei hat gerade die j\u00e4hrliche Nikolausaktion einen hohen Stellenwert. \u00dcbrigens, die diesj\u00e4hrige Nikolausaktion der Kolpingfamilie findet am 05. Dezember statt. <strong>Anmeldungen nimmt Birgit Schlicher unter: 0163 6001 330 entgegen. <\/strong><\/p>\n\n\n\n<div class=\"wp-block-image\"><figure class=\"aligncenter size-large\"><img loading=\"lazy\" decoding=\"async\" width=\"700\" height=\"525\" src=\"https:\/\/echta-derminga.de\/wp-content\/uploads\/2021\/11\/1-700x525.jpg\" alt=\"\" class=\"wp-image-11355\" srcset=\"https:\/\/echta-derminga.de\/wp-content\/uploads\/2021\/11\/1-700x525.jpg 700w, https:\/\/echta-derminga.de\/wp-content\/uploads\/2021\/11\/1-300x225.jpg 300w, https:\/\/echta-derminga.de\/wp-content\/uploads\/2021\/11\/1-768x576.jpg 768w, https:\/\/echta-derminga.de\/wp-content\/uploads\/2021\/11\/1.jpg 800w\" sizes=\"auto, (max-width: 700px) 100vw, 700px\" \/><figcaption>Nikolausaktion der Kolpingfamilie Dirmingen<\/figcaption><\/figure><\/div>\n\n\n\n<p class=\"has-medium-font-size wp-block-paragraph\"><strong>Der heutige Vorstand der Kolpingfamilie setzt sich wie folgt zusammen: 1. Vorsitzender: Hans-Peter Hoffmann, Stellvertretende Vorsitzende: Frank Schlicher und Tobias Schlicher, Kassiererin: Nina Detzler, Stellvertretender Kassierer: Enrico Stieler, Schriftf\u00fchrerin: Jessica Colp, Stellvertretender Schriftf\u00fchrer: Oliver Mayer, Organisationsleiter: Marco Mayer, Stellvtr. Organisationsleiter: Fabian Schlicher, Beisitzer: Anke Stieler und Harald Bartsch.&nbsp;Als Kassenpr\u00fcfer wurden Martin Kauth und Beate Ames gew\u00e4hlt. Au\u00dferhalb des Vorstandes wirken Pressewart Frank Klein und Medienbeauftragter Benno Fries mit.<\/strong> <strong>Letztgenannter pflegt auch die <\/strong><strong>sehr gut aufgestellte Homepage des Vereins: http:\/\/www.kolping-dirmingen.de\/  <\/strong><\/p>\n\n\n\n<p class=\"has-medium-font-size wp-block-paragraph\"><strong>Die Kolingfamilie Dirmingen l\u00e4sst ihren Worten auch Taten folgen. Allein dies ist eine Eigenschaft, die in unserer Zeit nicht mehr selbstverst\u00e4ndlich erscheint.<\/strong><\/p>\n\n\n\n<p class=\"has-medium-font-size wp-block-paragraph\"><strong>Treu Kolping!<\/strong><\/p>\n","protected":false},"excerpt":{"rendered":"<p>Von Adolph Kolping stammt eines meiner Lieblingszitate: \u201eMancher rennt dem Gl\u00fcck nach und wei\u00df nicht, dass er es zu Hause hat.&#8220; Am 23. Januar des Jahres 1955 wurde die Kolpingfamilie Dirmingen gegr\u00fcndet. Aus der Kolpingsfamilie Dirmingen entstand zu Beginn der 2000-er Jahre der Kolping Karnevalsverein Dirmingen \u201edie Faasebooze\u201c als Untergruppierung der Kolpingfamilie. W\u00e4hrend der Gr\u00fcndungsversammlung der Kolpingfamilie Dirmingen waren der<\/p>\n","protected":false},"author":1,"featured_media":11346,"comment_status":"open","ping_status":"closed","sticky":false,"template":"","format":"standard","meta":{"_crdt_document":"","footnotes":""},"categories":[1,9,8],"tags":[5,618,32,127,310],"class_list":["post-11342","post","type-post","status-publish","format-standard","has-post-thumbnail","hentry","category-allgemein","category-dorfgetratsche","category-sellemols-und-awweile","tag-dirmingen","tag-gemeinde-eppelborn","tag-kolpingfamilie","tag-landkreis-neunkirchen","tag-saarland"],"_links":{"self":[{"href":"https:\/\/echta-derminga.de\/index.php?rest_route=\/wp\/v2\/posts\/11342","targetHints":{"allow":["GET"]}}],"collection":[{"href":"https:\/\/echta-derminga.de\/index.php?rest_route=\/wp\/v2\/posts"}],"about":[{"href":"https:\/\/echta-derminga.de\/index.php?rest_route=\/wp\/v2\/types\/post"}],"author":[{"embeddable":true,"href":"https:\/\/echta-derminga.de\/index.php?rest_route=\/wp\/v2\/users\/1"}],"replies":[{"embeddable":true,"href":"https:\/\/echta-derminga.de\/index.php?rest_route=%2Fwp%2Fv2%2Fcomments&post=11342"}],"version-history":[{"count":12,"href":"https:\/\/echta-derminga.de\/index.php?rest_route=\/wp\/v2\/posts\/11342\/revisions"}],"predecessor-version":[{"id":11914,"href":"https:\/\/echta-derminga.de\/index.php?rest_route=\/wp\/v2\/posts\/11342\/revisions\/11914"}],"wp:featuredmedia":[{"embeddable":true,"href":"https:\/\/echta-derminga.de\/index.php?rest_route=\/wp\/v2\/media\/11346"}],"wp:attachment":[{"href":"https:\/\/echta-derminga.de\/index.php?rest_route=%2Fwp%2Fv2%2Fmedia&parent=11342"}],"wp:term":[{"taxonomy":"category","embeddable":true,"href":"https:\/\/echta-derminga.de\/index.php?rest_route=%2Fwp%2Fv2%2Fcategories&post=11342"},{"taxonomy":"post_tag","embeddable":true,"href":"https:\/\/echta-derminga.de\/index.php?rest_route=%2Fwp%2Fv2%2Ftags&post=11342"}],"curies":[{"name":"wp","href":"https:\/\/api.w.org\/{rel}","templated":true}]}}