{"id":11363,"date":"2021-11-26T16:47:13","date_gmt":"2021-11-26T15:47:13","guid":{"rendered":"https:\/\/echta-derminga.de\/?p=11363"},"modified":"2022-03-31T12:56:20","modified_gmt":"2022-03-31T11:56:20","slug":"schwarz-weisses-denken-spaltet-unsere-gesellschaft","status":"publish","type":"post","link":"https:\/\/echta-derminga.de\/?p=11363","title":{"rendered":"Schwarz-Wei\u00dfes-Denken spaltet unsere Gesellschaft"},"content":{"rendered":"\n<p class=\"has-medium-font-size wp-block-paragraph\"><strong>Ich bin ein gro\u00dfer Fan unseres Grundgesetztes. Seit ich, dass Amt des Ortsvorstehers aus\u00fcbe, habe ich immer versucht jede Meinung zu akzeptieren und H\u00e4nde zu reichen. Mit dem Eintritt der nunmehr 4 Welle in unser Leben ist der Wind rauer und der Umgangston sch\u00e4rfer geworden. Ich trage die Sorge in mir, dass die Pandemie unsere Gesellschaft spaltet. Wer von uns ohne Schuld ist werfe den ersten Stein! Aus meiner Sicht der Dinge kann sich hier niemand frei von Fehlern sprechen. Dies gilt f\u00fcr Teile der Gesellschaft wie auch f\u00fcr die Politik. Pleiten, Pech und Pannen f\u00fchrten uns aus einem entspannten Sommer in einen h\u00f6chstwahrscheinlich katastrophalen Winter. Fakt ist, die Pandemie ist keineswegs vorbei und nimmt gerade richtig Fahrt auf. <\/strong><\/p>\n\n\n\n<p class=\"has-medium-font-size wp-block-paragraph\">Die Angst macht sich breit und entzweit unsere Gesellschaft. Wie gehen wir nun damit um? Im vergangenen Winter standen Zuschauer klatschend auf den Balkonen und feierten den Kampf gegen den Virus. Wir hatten genug Zeit etwas f\u00fcr das arggebeutelte Pflegepersonal zu tun, leider wurde diese Chance vertan. Nun ist es zu sp\u00e4t und unsere \u00c4rzte und auch das Pflegepersonal m\u00fcssen schon wieder an seine Grenzen sto\u00dfen. Dabei hatten wir in den letzten Monaten die M\u00f6glichkeit aus unseren Fehlern zu lernen. W\u00e4hrend am Anfang die Angst vor der Pandemie die Menschen zusammenschwei\u00dfte, stellen wir mittlerweile auch im l\u00e4ndlichen Raum eine gewissen Spaltung fest. Unsere Gesellschaft trennt sich zwischen geimpften und ungeimpften Menschen. Stellt sich die Frage: Wer sind die Guten und wer hat das Recht auf seiner Seite?<\/p>\n\n\n\n<p class=\"has-medium-font-size wp-block-paragraph\"><strong>Bei einer Impfung gibt es immer ein Rest-Risiko und niemand hat behauptet, dass diese Impfung auch hundertprozentig sch\u00fctzt. Auf der anderen Seite beweisen die aktuellen Krankenhauszahlen eindeutig, dass \u00fcberwiegend ungeimpfte Menschen auf den Intensivstationen landen. Die geimpften hingegen kommen mehr oder weniger sanft durch eine Erkrankung. Ausnahmen sind hier nat\u00fcrlich die Regel. Klar ist, dass geimpfte das Virus weiterhin verbreiten k\u00f6nnen und somit eine gro\u00dfe Gefahr f\u00fcr Risikopatienten oder ungeimpfte darstellen.<\/strong><\/p>\n\n\n\n<p class=\"has-medium-font-size wp-block-paragraph\">Mit dem aktuell um sich greifenden schwarz- wei\u00df-Denken machen wir uns alle das Leben schwer. Mir scheint, als g\u00e4be es nur noch eine Wahrheit. Niemand versucht mehr auf den anderen zuzugehen oder die Mitte zu finden. Wir befinden uns l\u00e4ngst im Kampf zwischen geimpften und ungeimpften. Jeder denkt er h\u00e4tte das Recht auf seiner Seite. Von gegenseitigem Verst\u00e4ndnis keine Spur. Dabei w\u00e4re es gerade jetzt wichtig aufeinander zuzugehen und gemeinsam L\u00f6sungen zu finden. Die Fronten sind verh\u00e4rtet, dabei gibt es auf beiden Seiten gegenseitige Schuldzuweisung: \u201eWie kannst du dich nur impfen lassen?\u201c oder \u201eWie, du bist nicht geimpft? Nimm bitte Abstand?\u201c Aus Freunden und guten Bekannten werden unter diesen Umst\u00e4nden gerne auch mal Feinde oder Gegner. Die Angst frisst uns alle auf. Die einen haben Panik vor dem Virus und die anderen vor einem gef\u00e4hrlichen Impfstoff oder dem Verlust ihrer Freiheit. Nun werden in der 4. Welle also neue Seiten aufgezogen. Die 2G Regel trifft besonders ungeimpfte und auch Menschen, die gehofft haben, mit ihrer Impfung endlich wieder Freiheiten genie\u00dfen zu d\u00fcrfen. Ja, auch 2 G spaltet unsere Gesellschaft. Zugegeben, die Zahl der erst Impfungen ist in den Letzen zwei Wochen gestiegen, aber reicht das aus?<\/p>\n\n\n\n<p class=\"has-medium-font-size wp-block-paragraph\"><strong>Virologen w\u00fcrden weiteren Lockdown begr\u00fc\u00dfen und die Politik mahnt vor weitern Einschr\u00e4nkungen. Wo f\u00fchrt das ganze hin und wie k\u00f6nnen wir es aufhalten? \u00c4rzte, Virologen und Politiker bekommen Morddrohungen und Menschen verlieren ihre Freunde nur weil diese sich nicht impfen lassen m\u00f6chten. L\u00e4sst uns das alles so kalt? Mittlerweile ist l\u00e4ngst klar, dass die Nebenwirkungen und Langzeitfolgen aufgrund einer Corona-Impfung nicht im leisesten mit den Nachfolgen einer Covid- 19 Infektion mithalten kann. Ich kann aufgrund eigener Erfahrung aus meinem Freundes- und Bekanntenkreis sagen, dass eine Covid -Erkrankung und die Sp\u00e4tfolgen weitaus schlimmer einzusch\u00e4tzen sind als die m\u00f6glichen Folgen einer Impfung. T\u00e4glich essen wir Dinge, von denen wir nicht wissen, woher sie stammen. Wir stopfen Tabletten in uns rein, ohne zu wissen welche Sp\u00e4tfolgen sie haben und wir lassen und Zeug spritzen nur um in den Urlaub zu fliegen. Das alles nehmen wir hin, vor dem Corona-Vakzine hingegen haben wir Angst ?<\/strong><\/p>\n\n\n\n<p class=\"has-medium-font-size wp-block-paragraph\">Der Karren ist an die Wand gefahren und niemand hat eine L\u00f6sung parat. Mittlerweile gibt es Impfleugner, Verschw\u00f6rungstheoretiker, Covid-Idioten, eine Corona-Diktatur und auch Bill Gates l\u00e4sst gr\u00fc\u00dfen. Andersdenkende werden verunglimpft und abgewertet. Inzwischen sind wir von einer Herdenimmunit\u00e4t so weit entfernt wie die Erde vom Mond. Ich frage mich allen Ernstes, ob die Pandemie ganz allein unser Problem ist oder ob wir nicht auch noch ganz andere Sorgen haben m\u00fcssen.<\/p>\n\n\n\n<p class=\"has-medium-font-size wp-block-paragraph\"><strong>Neben den gesundheitlichen Problemen liegt auch der soziale Aspekt am Boden. Die Spaltung trifft auch die Armen und besonders die Kinder. Es gibt Kinder, die vor zwei Jahren eingeschult wurden und kaum Unterricht hatten. Es gibt Sch\u00fclerinnen und Sch\u00fcler f\u00fcr die es keine Abschlusspartys, keine Disco oder auch keine Open-Airs gibt. Das erste kennenlernen eines M\u00e4dchens oder eines Jungens, dass erste Mal Disco, dass erste Mal allein mit der Clique im Schwimmbad. Das alles kann gar nicht oder nur begrenzt stattfinden. Kinder sitzen Zuhause am PC oder an der Spielkonsole und m\u00fcssen sich allein besch\u00e4ftigen. Wissenschaftler gehen davon aus, dass die Folgen dieser Entwicklung hart und weitreichend sein werden.<\/strong><\/p>\n\n\n\n<p class=\"has-medium-font-size wp-block-paragraph\">Unsere Kultur liegt am Boden. Gerade die Eventbranche kann sich kaum noch \u00fcber Wasser halten. Konzerte, Open-Air\u2019s, Kleinkunstfestivals und vieles andere muss fast st\u00fcndlich abgesagt werden. Als Musiker kannst du kaum noch von deiner Arbeit leben. Auch die Gastronomie liegt am Boden und sucht verzweifelt nach L\u00f6sungen. Ich bin mir nicht sicher, ob wir uns der Tragweite dieser Entwicklung bewusst sind! Besonders den Dorfkneipen ging es schon vor der Pandemie nicht besonders gut. Wie sollen sie diese Zeit mit m\u00f6glichen weiteren Einschr\u00e4nkungen \u00fcberstehen?<\/p>\n\n\n\n<p class=\"has-text-color has-medium-font-size wp-block-paragraph\" style=\"color:#000000\"><strong>Guter Rat ist teuer im Land der Dichter und Denker. Wo f\u00fchrt die Reise hin und wie stoppen wir diesen Wahnsinn? Ich habe keine L\u00f6sung und m\u00f6chte mich auch nicht als Besserwisser aufspielen. Jeder hat seine Meinung und darf diese auch gerne kundtun. Extremes Denken und Verschw\u00f6rungstheorien bringen uns nicht ans Ziel. Gegenseitiges Verst\u00e4ndnis hingegen kann Br\u00fccken bauen. Wer hat schon der Weisheit letzter Schluss? Meine Meinung m\u00f6chte ich dennoch gerne \u00c4u\u00dfern und kundtun. <\/strong><\/p>\n\n\n\n<p class=\"has-text-color has-medium-font-size wp-block-paragraph\" style=\"color:#cf2e2e\"><strong><em>Liebe Freunde, lasst euch impfen!<\/em> <\/strong><\/p>\n\n\n\n<p class=\"has-text-color has-medium-font-size wp-block-paragraph\" style=\"color:#000000\"><strong>Solltet ihr jedoch eure Bedenken nicht zur Seite schieben k\u00f6nnen, lasst uns zumindest verst\u00e4ndnisvoll miteinander umgehen und uns gegenseitig Respektieren. Es ist schlie\u00dflich f\u00fcr alle Menschen eine schwierige Zeit.<\/strong><\/p>\n","protected":false},"excerpt":{"rendered":"<p>Ich bin ein gro\u00dfer Fan unseres Grundgesetztes. Seit ich, dass Amt des Ortsvorstehers aus\u00fcbe, habe ich immer versucht jede Meinung zu akzeptieren und H\u00e4nde zu reichen. Mit dem Eintritt der nunmehr 4 Welle in unser Leben ist der Wind rauer und der Umgangston sch\u00e4rfer geworden. Ich trage die Sorge in mir, dass die Pandemie unsere Gesellschaft spaltet. Wer von uns<\/p>\n","protected":false},"author":1,"featured_media":7653,"comment_status":"closed","ping_status":"closed","sticky":false,"template":"","format":"standard","meta":{"_crdt_document":"","footnotes":""},"categories":[1,9,902],"tags":[5,618,127,795,310],"class_list":["post-11363","post","type-post","status-publish","format-standard","has-post-thumbnail","hentry","category-allgemein","category-dorfgetratsche","category-meine-meinung","tag-dirmingen","tag-gemeinde-eppelborn","tag-landkreis-neunkirchen","tag-ortsvorsteher-dirmingen","tag-saarland"],"_links":{"self":[{"href":"https:\/\/echta-derminga.de\/index.php?rest_route=\/wp\/v2\/posts\/11363","targetHints":{"allow":["GET"]}}],"collection":[{"href":"https:\/\/echta-derminga.de\/index.php?rest_route=\/wp\/v2\/posts"}],"about":[{"href":"https:\/\/echta-derminga.de\/index.php?rest_route=\/wp\/v2\/types\/post"}],"author":[{"embeddable":true,"href":"https:\/\/echta-derminga.de\/index.php?rest_route=\/wp\/v2\/users\/1"}],"replies":[{"embeddable":true,"href":"https:\/\/echta-derminga.de\/index.php?rest_route=%2Fwp%2Fv2%2Fcomments&post=11363"}],"version-history":[{"count":8,"href":"https:\/\/echta-derminga.de\/index.php?rest_route=\/wp\/v2\/posts\/11363\/revisions"}],"predecessor-version":[{"id":11397,"href":"https:\/\/echta-derminga.de\/index.php?rest_route=\/wp\/v2\/posts\/11363\/revisions\/11397"}],"wp:featuredmedia":[{"embeddable":true,"href":"https:\/\/echta-derminga.de\/index.php?rest_route=\/wp\/v2\/media\/7653"}],"wp:attachment":[{"href":"https:\/\/echta-derminga.de\/index.php?rest_route=%2Fwp%2Fv2%2Fmedia&parent=11363"}],"wp:term":[{"taxonomy":"category","embeddable":true,"href":"https:\/\/echta-derminga.de\/index.php?rest_route=%2Fwp%2Fv2%2Fcategories&post=11363"},{"taxonomy":"post_tag","embeddable":true,"href":"https:\/\/echta-derminga.de\/index.php?rest_route=%2Fwp%2Fv2%2Ftags&post=11363"}],"curies":[{"name":"wp","href":"https:\/\/api.w.org\/{rel}","templated":true}]}}