{"id":11367,"date":"2021-11-23T19:00:33","date_gmt":"2021-11-23T18:00:33","guid":{"rendered":"https:\/\/echta-derminga.de\/?p=11367"},"modified":"2021-11-23T19:20:31","modified_gmt":"2021-11-23T18:20:31","slug":"neues-heimatheft-des-foerderkreis-fuer-heimatkunde-und-denkmalpflege-e-v","status":"publish","type":"post","link":"https:\/\/echta-derminga.de\/?p=11367","title":{"rendered":"Neues Heimatheft des F\u00f6rderkreis f\u00fcr Heimatkunde und Denkmalpflege e.V"},"content":{"rendered":"\n<p class=\"has-medium-font-size wp-block-paragraph\"><strong>Nachdem ich bereits am 18. Heimatheft des F\u00f6rdervereins f\u00fcr Heimatkunde und Denkmalpflege e.V mitgearbeitet und einen ausf\u00fchrlichen Bericht zum Thema &#8222;Derminga Kerb&#8220; eingereicht hatte, durfte ich nun auch zur diesj\u00e4hrigen Neuausgabe meinen Beitrag leisten. <\/strong><\/p>\n\n\n\n<p class=\"has-medium-font-size wp-block-paragraph\"><strong>In der neuen Ausgabe des Heimatheftes, dass am 03.12.21 w\u00e4hrend einer Feierstunde vorgestellt wird, findet man meinen ausf\u00fchrlichen Bericht \u00fcber die Entstehung und die Geschichte der Sch\u00e4fer Brauerei Dirmingen.<\/strong><\/p>\n\n\n\n<p class=\"has-medium-font-size wp-block-paragraph\">Ich bin dankbar und sehr stolz an diesem neuen Heimatheft mitgearbeitet zu haben. In der j\u00e4hrlichen Ausgabe des Eppelborner Heimatheftes findet man historische und biographische Beitr\u00e4ge aus unserer Heimatgemeinde. In der Regel werden die Beitr\u00e4ge von Heimatforschern oder geschichtlich interessierten Mitb\u00fcrger\/innen verfasst.  <\/p>\n\n\n\n<p class=\"has-medium-font-size wp-block-paragraph\">Ein Schwerpunkt des neuen Heftes gilt der Aufarbeitung der NS-Geschichte in der B\u00fcrgermeisterei Eppelborn. Neben den unterschiedlichen Bestrebungen der politisch Hauptverantwortlichen in der Gemeinde werden u.a. das Schicksal des Eppelborner Jungscharf\u00fchrers Josef Bonner und des Dirminger Knappschaftsarztes Dr. Hans B\u00f6hme &nbsp;dargestellt.<\/p>\n\n\n\n<p class=\"has-medium-font-size wp-block-paragraph\">Ein weiterer Schwerpunkt des neuen Heftes werden biographische Skizzen sein und Eppelborner Pers\u00f6nlichkeiten des 20. Jahrhunderts, ihr Leben und Wirken, in den Fokus nehmen. Das gro\u00dfartige Engagement der Missions\u00e4rztin Dr. Johanna Davis-Ziegler aus Humes, die p\u00e4dagogische T\u00e4tigkeit von Rektor Alois Gro\u00df in Wiesbach, das medizinische Wirken des Eppelborner Knappschaftsarztes Dr. Egon Schmidt und das politische Bestreben des ehemaligen Kultusministers Josef Jochem, geboren in Wiesbach, werden dargestellt und gew\u00fcrdigt.<\/p>\n\n\n\n<div class=\"wp-block-image\"><figure class=\"aligncenter size-large\"><img loading=\"lazy\" decoding=\"async\" width=\"700\" height=\"674\" src=\"https:\/\/echta-derminga.de\/wp-content\/uploads\/2021\/11\/Buchabb_HH20_kl-700x674.jpg\" alt=\"\" class=\"wp-image-11371\" srcset=\"https:\/\/echta-derminga.de\/wp-content\/uploads\/2021\/11\/Buchabb_HH20_kl-700x674.jpg 700w, https:\/\/echta-derminga.de\/wp-content\/uploads\/2021\/11\/Buchabb_HH20_kl-300x289.jpg 300w, https:\/\/echta-derminga.de\/wp-content\/uploads\/2021\/11\/Buchabb_HH20_kl-768x740.jpg 768w, https:\/\/echta-derminga.de\/wp-content\/uploads\/2021\/11\/Buchabb_HH20_kl-1536x1479.jpg 1536w, https:\/\/echta-derminga.de\/wp-content\/uploads\/2021\/11\/Buchabb_HH20_kl-2048x1972.jpg 2048w\" sizes=\"auto, (max-width: 700px) 100vw, 700px\" \/><figcaption>20. Eppelborner Heimatheft 2021<\/figcaption><\/figure><\/div>\n\n\n\n<p class=\"has-medium-font-size wp-block-paragraph\">Ein Beitrag des saarl\u00e4ndischen Denkmalbeauftragten Thomas Besse beschreibt die Jahrhunderte alte Gemarkungsgrenze von Wiesbach und ein Beitrag von Dr. Werner Morgenthal den Wiederaufbau des Volksschulwesens nach dem Ende des 2. Weltkrieges.<\/p>\n\n\n\n<p class=\"has-medium-font-size wp-block-paragraph\">Die Anf\u00e4nge der Elektrizit\u00e4tsversorgung in Eppelborn, die Geschichte der Sch\u00e4fer Brauerei in Dirmingen, die Aktivit\u00e4ten der CAJ in Eppelborn &nbsp;und die Schulgeschichte von Wiesbach sind weitere Themen in dem wiederum reich bebilderten Heimatheft.<\/p>\n\n\n\n<p class=\"has-medium-font-size wp-block-paragraph\"><strong>Die neueste Publikation des F\u00f6rderkreises f\u00fcr Heimatkunde und Denkmalpflege Eppelborn, ein bestens geeignetes Weihnachtsgeschenk, kann ab dem 1. Dezember zum Preis von 15,00 \u20ac bei folgenden Verkaufsstellen erworben werden:<\/strong><\/p>\n\n\n\n<p class=\"has-medium-font-size wp-block-paragraph\">levoBank in Eppelborn, Wiesbach, Dirmingen und Humes<\/p>\n\n\n\n<p class=\"has-medium-font-size wp-block-paragraph\">Sparkasse Neunkirchen in Eppelborn<\/p>\n\n\n\n<p class=\"has-medium-font-size wp-block-paragraph\">Cafe Resch, Eppelborn, Am Markt 12<\/p>\n\n\n\n<p class=\"has-medium-font-size wp-block-paragraph\">Tabak &amp; More, Eppelborn, Europaplatz 2<\/p>\n\n\n\n<p class=\"has-medium-font-size wp-block-paragraph\">Gemeindeverwaltung Eppelborn, B\u00fcrgerinfo, Rathausstr. 27<\/p>\n\n\n\n<div class=\"wp-block-image\"><figure class=\"aligncenter size-large\"><img loading=\"lazy\" decoding=\"async\" width=\"700\" height=\"495\" src=\"https:\/\/echta-derminga.de\/wp-content\/uploads\/2021\/11\/Eppelborn_2022_K_A3q-700x495.jpg\" alt=\"\" class=\"wp-image-11372\" srcset=\"https:\/\/echta-derminga.de\/wp-content\/uploads\/2021\/11\/Eppelborn_2022_K_A3q-700x495.jpg 700w, https:\/\/echta-derminga.de\/wp-content\/uploads\/2021\/11\/Eppelborn_2022_K_A3q-300x212.jpg 300w, https:\/\/echta-derminga.de\/wp-content\/uploads\/2021\/11\/Eppelborn_2022_K_A3q-768x543.jpg 768w, https:\/\/echta-derminga.de\/wp-content\/uploads\/2021\/11\/Eppelborn_2022_K_A3q-1536x1086.jpg 1536w, https:\/\/echta-derminga.de\/wp-content\/uploads\/2021\/11\/Eppelborn_2022_K_A3q-2048x1448.jpg 2048w\" sizes=\"auto, (max-width: 700px) 100vw, 700px\" \/><figcaption>Bildkalender 2022<\/figcaption><\/figure><\/div>\n\n\n\n<p class=\"has-medium-font-size wp-block-paragraph\">Neben dem Eppelborner Heimatheft hat der F\u00f6rderkreis f\u00fcr Heimatkunde und Denkmalpflege, gemeinsam mit der Kalender-Manufaktur in Verden, einen Jahreskalender f\u00fcr das Jahr 2022 herausgebracht. Der imposante Kalender zeigt die sch\u00f6nsten historischen Aufnahmen von den Eppelborner Gemeindebezirken und kann bei Tabak&amp;More in Eppelborn erworben werden.<\/p>\n\n\n\n<p class=\"has-medium-font-size wp-block-paragraph\"><strong>Ich w\u00fcrde mich freuen wenn m\u00f6glichst viele Dirmingerinnen und Dirminger dieses Nachschlagewerk k\u00e4uflich erwerben w\u00fcrden. Es ist mir eine Herzensangelegenheit die Geschichte Heimatortes zu bewahren und zu pflegen. Ich w\u00fcnsche Euch viel Spa\u00df mit dem neuen Heimatheft und hoffe es findet einen Platz in eurem B\u00fccherregel.<\/strong><\/p>\n","protected":false},"excerpt":{"rendered":"<p>Nachdem ich bereits am 18. Heimatheft des F\u00f6rdervereins f\u00fcr Heimatkunde und Denkmalpflege e.V mitgearbeitet und einen ausf\u00fchrlichen Bericht zum Thema &#8222;Derminga Kerb&#8220; eingereicht hatte, durfte ich nun auch zur diesj\u00e4hrigen Neuausgabe meinen Beitrag leisten. In der neuen Ausgabe des Heimatheftes, dass am 03.12.21 w\u00e4hrend einer Feierstunde vorgestellt wird, findet man meinen ausf\u00fchrlichen Bericht \u00fcber die Entstehung und die Geschichte der<\/p>\n","protected":false},"author":1,"featured_media":11371,"comment_status":"open","ping_status":"closed","sticky":false,"template":"","format":"standard","meta":{"_crdt_document":"","footnotes":""},"categories":[1,9],"tags":[95,5,962,618,127,310],"class_list":["post-11367","post","type-post","status-publish","format-standard","has-post-thumbnail","hentry","category-allgemein","category-dorfgetratsche","tag-18-eppelborner-heimatheft","tag-dirmingen","tag-eppelborner-heimatheft","tag-gemeinde-eppelborn","tag-landkreis-neunkirchen","tag-saarland"],"_links":{"self":[{"href":"https:\/\/echta-derminga.de\/index.php?rest_route=\/wp\/v2\/posts\/11367","targetHints":{"allow":["GET"]}}],"collection":[{"href":"https:\/\/echta-derminga.de\/index.php?rest_route=\/wp\/v2\/posts"}],"about":[{"href":"https:\/\/echta-derminga.de\/index.php?rest_route=\/wp\/v2\/types\/post"}],"author":[{"embeddable":true,"href":"https:\/\/echta-derminga.de\/index.php?rest_route=\/wp\/v2\/users\/1"}],"replies":[{"embeddable":true,"href":"https:\/\/echta-derminga.de\/index.php?rest_route=%2Fwp%2Fv2%2Fcomments&post=11367"}],"version-history":[{"count":8,"href":"https:\/\/echta-derminga.de\/index.php?rest_route=\/wp\/v2\/posts\/11367\/revisions"}],"predecessor-version":[{"id":11379,"href":"https:\/\/echta-derminga.de\/index.php?rest_route=\/wp\/v2\/posts\/11367\/revisions\/11379"}],"wp:featuredmedia":[{"embeddable":true,"href":"https:\/\/echta-derminga.de\/index.php?rest_route=\/wp\/v2\/media\/11371"}],"wp:attachment":[{"href":"https:\/\/echta-derminga.de\/index.php?rest_route=%2Fwp%2Fv2%2Fmedia&parent=11367"}],"wp:term":[{"taxonomy":"category","embeddable":true,"href":"https:\/\/echta-derminga.de\/index.php?rest_route=%2Fwp%2Fv2%2Fcategories&post=11367"},{"taxonomy":"post_tag","embeddable":true,"href":"https:\/\/echta-derminga.de\/index.php?rest_route=%2Fwp%2Fv2%2Ftags&post=11367"}],"curies":[{"name":"wp","href":"https:\/\/api.w.org\/{rel}","templated":true}]}}