{"id":11419,"date":"2021-12-04T09:00:51","date_gmt":"2021-12-04T08:00:51","guid":{"rendered":"https:\/\/echta-derminga.de\/?p=11419"},"modified":"2021-12-04T09:00:53","modified_gmt":"2021-12-04T08:00:53","slug":"glueck-auf-zum-barbaratag-vom-leisen-sterben-des-bergmanns","status":"publish","type":"post","link":"https:\/\/echta-derminga.de\/?p=11419","title":{"rendered":"Gl\u00fcck auf zum Barbaratag &#8211; Vom leisen Sterben des Bergmanns"},"content":{"rendered":"\n<blockquote class=\"wp-block-quote is-layout-flow wp-block-quote-is-layout-flow\"><p><strong>\u201eSankt Barbara, bei Tag und Nacht fahr\u00b4 mit dem Vater in den Schacht! Steh\u00b4 du ihm bei in jeder Not! Bewahr\u00b4 ihn vor dem j\u00e4hen Tod!\u201c<\/strong><\/p><cite>Quelle: Pfarrblatt der kath. Kirchengemeinde Herdorf, (1953)<\/cite><\/blockquote>\n\n\n\n<p class=\"has-medium-font-size wp-block-paragraph\"><strong>Gl\u00fcck auf! Eine traditionsreiche Berufsgruppe nimmt leise Abschied und verabschiedet sich von der gro\u00dfen B\u00fchne. Viele Jahrhunderte hat der Bergbau unserem Land Wohlstand gebracht. Nun wartet auf diesen ehrenvollen Beruf ein leises Sterben auf Raten.<\/strong><\/p>\n\n\n\n<p class=\"has-medium-font-size wp-block-paragraph\">Nach Pl\u00e4nen der neuen Ampelregierung sollte, der f\u00fcr 2038 geplante Kohleausstieg auf 2030 vorgezogen werden. Selbst die Bergleute in den betroffenen Revieren leisten kaum noch Widerstand und setzen ihre Hoffnung in den Strukturwandel. Ich kann mir nicht vorstellen, wie die betroffenen Regionen wie z. B die Lausitz dieses versch\u00e4rfte Tempo verkraften k\u00f6nnen. Nat\u00fcrlich muss der Kohleausstieg in den besagten Bergbauregionen sozial abgefedert werden. Dabei m\u00fcssen sich die Verantwortlichen wieder mal mit einem sozialvertr\u00e4glichen Abbau der Arbeitspl\u00e4tze besch\u00e4ftigen. Genauso war es beim Ausstieg der Steinkohle an der Saar und an der Ruhr. In vielen F\u00e4llen wird ein solcher sozialvertr\u00e4glicher Abbau bestenfalls nur versprochen. Die Realit\u00e4t sieht in vielen F\u00e4llen ganz anders aus. Viele Bergleute sind bereits ins Bergfreie gefallen und Leben heute von Sozialhilfe.<\/p>\n\n\n\n<p class=\"has-medium-font-size wp-block-paragraph\"><strong>Neusten repr\u00e4sentativen Umfragen zufolge ist nun auch die Bev\u00f6lkerung mit gro\u00dfer Mehrheit daf\u00fcr, den Kohleausstieg so schnell wie m\u00f6glich voranzutreiben. Mittlerweile vertreten mehr als 70 Prozent der Menschen die Meinung, den beschlossenen Ausstieg zu beschleunigen. Scheint so als w\u00e4re der Kohleausstieg die einfachste Ma\u00dfnahme, um die Klimaziele zu erreichen. Keine Frage, dass Verbrennen von fossilen Energietr\u00e4gern wie die Braun -und Steinkohle schadet dem Klima. Auch die F\u00f6rderung des Erd\u00f6ls schadet unserem Planeten.<\/strong><\/p>\n\n\n\n<div class=\"wp-block-image\"><figure class=\"aligncenter size-large\"><img loading=\"lazy\" decoding=\"async\" width=\"644\" height=\"568\" src=\"https:\/\/echta-derminga.de\/wp-content\/uploads\/2019\/04\/IMG_20190404_212142_resized_20190426_051956570-644x568.jpg\" alt=\"\" class=\"wp-image-3644\" srcset=\"https:\/\/echta-derminga.de\/wp-content\/uploads\/2019\/04\/IMG_20190404_212142_resized_20190426_051956570-644x568.jpg 644w, https:\/\/echta-derminga.de\/wp-content\/uploads\/2019\/04\/IMG_20190404_212142_resized_20190426_051956570-300x264.jpg 300w, https:\/\/echta-derminga.de\/wp-content\/uploads\/2019\/04\/IMG_20190404_212142_resized_20190426_051956570-768x677.jpg 768w, https:\/\/echta-derminga.de\/wp-content\/uploads\/2019\/04\/IMG_20190404_212142_resized_20190426_051956570.jpg 800w\" sizes=\"auto, (max-width: 644px) 100vw, 644px\" \/><figcaption>Bergmannsverein  Dirmingen<\/figcaption><\/figure><\/div>\n\n\n\n<p class=\"has-medium-font-size wp-block-paragraph\">Unsere Heimat an der Saar wurde auf Kohle erbaut. Nachweislich hat jeder zweite Saarl\u00e4nder irgendeine Verbindung zum Bergbau. Generationen von Bergleuten fanden in den saarl\u00e4ndischen Gruben einen guten Arbeitsplatz. In Spitzenzeiten arbeiteten \u00fcber 60.000 Menschen in den saarl\u00e4ndischen Bergwerken. Im Ruhrgebiet waren sogar bis zu 600.000 Menschen in den Zechen besch\u00e4ftigt. Am Ende waren die Steinkohle und das Saarland fast 260 Jahre untrennbar miteinander verbunden. Die heutigen Generationen k\u00f6nnen sich kaum noch vorstellen welche Bedeutung der Bergbau f\u00fcr unser Land hatte. Kohle und Stahl verliehen unserem Land ihre Identit\u00e4t. Das Ende des Bergbaus im Saarland, am 30. Juni 2012, war f\u00fcr unser Land ein einschneidendes Erlebnis. Im Jahr 2018 wurde der Steinkohlebergbau in Deutschland offiziell f\u00fcr beendet erkl\u00e4rt. Der Braunkohleabbau wird jedoch bis heute fortgef\u00fchrt. Derzeit wird noch in den Tagebauen von Nordrhein-Westfalen, Brandenburg, Sachsen und Sachsen-Anhalt Braunkohle gef\u00f6rdert. Neusten Pl\u00e4nen zufolge soll nun, wie bereits erw\u00e4hnt, im Jahre 2030 damit Schluss sein. Ehrlichgesagt fehlt mir die Fantasie, wie man bis zu diesem Zeitpunkt gen\u00fcgend regenerative erneuerbare Energien erschaffen haben soll. Meiner Meinung ist dies ein ambitioniertes Unterfangen.<\/p>\n\n\n\n<p class=\"has-medium-font-size wp-block-paragraph\"><strong>Ich selbst war 18 Jahre im Saarbergbau t\u00e4tig. Auch mein Ur-Gro\u00dfvater, mein Gro\u00dfvater, mein Vater arbeiteten \u201eUnter Tage\u201c. Wenn ich an meine Zeit \u201eUnter Tage\u201c denke, erinnere ich mich an: Hitze, Staub, schwere Last, rauer Umgangston, schwer-verletzte und sogar Tote. Ich erinnere mich aber auch an: Schulterklopfen, Zuspruch, Ermutigung und Kameradschaft. Ich denke gerade am Barbaratag sollten wir Saarl\u00e4nder nicht nur der Schutzpatronin der Bergleute, sondern auch dem Berufsstand des Bergmannes selbst Gedenken. Immerhin haben uns Kohle und Stahl zu dem gemacht, was wir heute noch sind! In letzter Zeit beschleicht mich immer \u00f6fter das Gef\u00fchl, dass wir im Begriff sind unsere Erinnerungskultur zu vernachl\u00e4ssigen. Nat\u00fcrlich hat nicht jeder positive Erinnerungen an den Bergbau. Gerade die Menschen, die am Ende des Saarbergbaus unter den schlimmen Erdersch\u00fctterungen gelitten haben, werden dem Ende des Bergbaus nicht nachweinen.<\/strong><\/p>\n\n\n\n<div class=\"wp-block-image\"><figure class=\"aligncenter size-large\"><img loading=\"lazy\" decoding=\"async\" width=\"644\" height=\"580\" src=\"https:\/\/echta-derminga.de\/wp-content\/uploads\/2019\/04\/IMG_20190404_212037_resized_20190426_051955989-644x580.jpg\" alt=\"\" class=\"wp-image-3641\" srcset=\"https:\/\/echta-derminga.de\/wp-content\/uploads\/2019\/04\/IMG_20190404_212037_resized_20190426_051955989-644x580.jpg 644w, https:\/\/echta-derminga.de\/wp-content\/uploads\/2019\/04\/IMG_20190404_212037_resized_20190426_051955989-300x270.jpg 300w, https:\/\/echta-derminga.de\/wp-content\/uploads\/2019\/04\/IMG_20190404_212037_resized_20190426_051955989-768x692.jpg 768w, https:\/\/echta-derminga.de\/wp-content\/uploads\/2019\/04\/IMG_20190404_212037_resized_20190426_051955989.jpg 800w\" sizes=\"auto, (max-width: 644px) 100vw, 644px\" \/><figcaption>Dirminger Bergmannsverein <\/figcaption><\/figure><\/div>\n\n\n\n<p class=\"has-medium-font-size wp-block-paragraph\">Der Bergbau hat mich geformt und mir einige wichtige Eigenschaften nahegelegt. Loyalit\u00e4t, Treue, Solidarit\u00e4t und Kameradschaft waren f\u00fcr den Bergmann selbstverst\u00e4ndlich und wurden stets gro\u00dfgeschrieben. Dies alles sind Eigenschaften die heute Zusehens verloren gehen.<\/p>\n\n\n\n<p class=\"has-medium-font-size wp-block-paragraph\">Bergmannsgebet der Kinder f\u00fcr den Vater:<\/p>\n\n\n\n<blockquote class=\"wp-block-quote is-layout-flow wp-block-quote-is-layout-flow\"><p><strong>\u201eLieber Gott, ich fleh zu dir, besch\u00fctz den guten Vater mir! Dort unten in dem tiefen Schacht, gib auf seine Schritte acht! Der treue Engel sei ihm gut! Und segne alles was er tut! Und lass ihn bald zu Hause sein, den lieben guten Vater mein! Amen\u201c<\/strong><\/p><cite>\u00dcberliefert aus der Familie des Bergmanns Heinrich Schmitz aus Obersteinebach<\/cite><\/blockquote>\n\n\n\n<p class=\"has-medium-font-size wp-block-paragraph\"><strong>Am 4. Dezember gedenken also die katholischen Christen und mit ihr alle die sich dem Bergbau verbunden f\u00fchlen der christliche M\u00e4rtyrerin Barbara von Nikomedien. Obwohl ihre Existenz historisch nicht belegt ist, hat sich ihre bewegende Geschichte bis heute gehalten. Der \u00dcberlieferung zufolge lebte Barbara als Tochter eines reichen Kaufmanns im 3. Jahrhundert in Nikomedien in der heutigen T\u00fcrkei. Der heidnische Vater wollte Barbara gegen ihren Willen verheiraten. Die junge Frau hingegen wollte ihr Leben Christus widmen. Obwohl der Vater seine eigene Tochter foltern lie\u00df, hielt Barbara an ihrem christlichen Glauben fest. Der Legende nach brachte ihr Vater Barbara vor Gericht und enthauptete sie schlie\u00dflich eigenh\u00e4ndig. Bis heute gilt die heilige Barbara als Schutzpatronin der Bergleute. Der \u00dcberlieferung zufolge suchte Barbara auf ihrer Flucht vor ihrem Vater Schutz in einer Felsspalte. Der Felsen soll sich auf wundersame Weise vor ihr ge\u00f6ffnet haben. Auch die \u00dcberlieferung wonach Barbara in einem dunklen Turm eingesperrt und gefoltert wurde l\u00e4sst auf eine Verbindung zu den Bergleuten und ihrer Arbeit unter Tage schlie\u00dfen. Der dunkle finstere Turm der heiligen Barbara auf der einen und der finstere dunkle Stollen der Bergleute auf der anderen Seite haben sicherlich etwas Gemeinsames.<\/strong><\/p>\n\n\n\n<p class=\"has-medium-font-size wp-block-paragraph\"><strong>Einfahrtsgebet<\/strong>:<\/p>\n\n\n\n<blockquote class=\"wp-block-quote is-layout-flow wp-block-quote-is-layout-flow\"><p><strong>Wir richten, eh\u2019 wir niederfahren, Den Blick, o Gott empor zu dir. O woll uns, Herr, getreu bewahren,,La\u00df wiederkehren uns nach hier. Schlie\u00df auf den Stollen Deiner Liebe, Den finsteren Schacht, in dem wir bauen. Schirm uns vor Ort und im Betriebe, La\u00df fromm und treu uns Dir vertrauen.<\/strong><\/p><\/blockquote>\n\n\n\n<blockquote class=\"wp-block-quote is-layout-flow wp-block-quote-is-layout-flow\"><p><strong>Herr, segne Streben, Schacht und Stollen, Bewahr uns vor Flut und Brand. Herr, dem wir treu geh\u00f6ren wollen, Du hast die Welt in Deiner Hand.<\/strong><\/p><\/blockquote>\n\n\n\n<p class=\"has-medium-font-size wp-block-paragraph\">Sei\u2019s drum, der Bergbau hat meiner Familie vieles gegeben. Am Ende bleibt jedoch ein ungutes Gef\u00fchl. Ich glaube wir pflegen keine gute Erinnerungskultur und werden irgendwann den Bergmann vergessen. Die kommenden Generationen werden von dem Beruf des Bergmanns bestenfalls noch im Geschichtsunterricht erfahren. Es liegt auch an uns selbst dagegen einzuwirken. Lasst uns den Bergbau nicht vergessen! Alles im Leben hat seine Zeit und angesichts des drohenden Klimawandels hat ein Umdenken durchaus seine Berechtigung. Die Bergleute in Sachsen, Nordrhein-Westfalen und der Lausitz wissen l\u00e4ngst was ihnen bevorsteht. Nun geht es darum diesen Strukturwandel fair und ehrlich zu gestalten. Das sind wir diesem ehrenvollen Berufsstand des Bergmanns mehr als schuldig.<\/p>\n\n\n\n<p class=\"has-medium-font-size wp-block-paragraph\">Manchmal schlie\u00dft sich ein Kreis auf sonderbare Weise. In den 1990-er Jahren war ich fast 10 Jahre Vorsitzende der IGBCE- Ortsgruppe Dirmingen-Berschweiler. Nach meinem Berufswechsel im Jahr 2000 musste ich dieses Amt niederlegen. Noch vor dem zweiten Weltkrieg existierte in Dirmingen ein Bergmannsverein. Nach dem Krieg ging dieser Verein \u00fcber in den Sterbe- und Unterst\u00fctzerverein Dirmingen. Seit August bin ich Vorsitzender dieses gr\u00f6\u00dften Vereins unseres Heimatortes. Irgendwie kommt alles immer wieder zur\u00fcck und dreht sich im Kreis.<\/p>\n\n\n\n<p class=\"has-medium-font-size wp-block-paragraph\"><strong>Ich w\u00fcnsche allen ehemaligen Bergleuten und allen Freunden einen besinnlichen Barbaratag und uns allen das Gedenken an den Bergbau.<\/strong><\/p>\n\n\n\n<p class=\"has-medium-font-size wp-block-paragraph\"><strong>Gl\u00fcck auf!<\/strong><\/p>\n\n\n\n<blockquote class=\"wp-block-quote is-layout-flow wp-block-quote-is-layout-flow\"><p><strong>O, St. Barbara, o, St. Barbara, aller Knappen Besch\u00fctzerin. In den Gefahren wollt uns bewahren. Sch\u00fctze uns, sch\u00fctze uns, St. Barbara. O, St. Barbara, o, St. Barbara, aller Knappen Besch\u00fctzerin. Sei uns Erretter bei schlagend Wetter. Sch\u00fctze uns, sch\u00fctze uns, St. Barbara. O, St. Barbara, o, St. Barbara, aller Knappen Besch\u00fctzerin. Wollst uns erhalten, wenn Felsen spalten. Sch\u00fctze uns, sch\u00fctze uns, St. Barbara. O, St. Barbara, o, St. Barbara, aller Knappen Besch\u00fctzerin. In den letzten Streiten steh\u2019 uns zur Seite. Sch\u00fctze uns, sch\u00fctze uns, St. Barbara.<\/strong><\/p><cite>Traditionelles Knappenlied<\/cite><\/blockquote>\n\n\n\n<div class=\"wp-block-image\"><figure class=\"aligncenter size-large\"><img loading=\"lazy\" decoding=\"async\" width=\"700\" height=\"933\" src=\"https:\/\/echta-derminga.de\/wp-content\/uploads\/2020\/12\/Grube-700x933.jpg\" alt=\"\" class=\"wp-image-8038\" srcset=\"https:\/\/echta-derminga.de\/wp-content\/uploads\/2020\/12\/Grube-700x933.jpg 700w, https:\/\/echta-derminga.de\/wp-content\/uploads\/2020\/12\/Grube-225x300.jpg 225w, https:\/\/echta-derminga.de\/wp-content\/uploads\/2020\/12\/Grube-768x1024.jpg 768w, https:\/\/echta-derminga.de\/wp-content\/uploads\/2020\/12\/Grube.jpg 900w\" sizes=\"auto, (max-width: 700px) 100vw, 700px\" \/><figcaption>Gl\u00fcck auf !<\/figcaption><\/figure><\/div>\n","protected":false},"excerpt":{"rendered":"<p>\u201eSankt Barbara, bei Tag und Nacht fahr\u00b4 mit dem Vater in den Schacht! Steh\u00b4 du ihm bei in jeder Not! Bewahr\u00b4 ihn vor dem j\u00e4hen Tod!\u201c Quelle: Pfarrblatt der kath. Kirchengemeinde Herdorf, (1953) Gl\u00fcck auf! Eine traditionsreiche Berufsgruppe nimmt leise Abschied und verabschiedet sich von der gro\u00dfen B\u00fchne. Viele Jahrhunderte hat der Bergbau unserem Land Wohlstand gebracht. Nun wartet auf<\/p>\n","protected":false},"author":1,"featured_media":11429,"comment_status":"open","ping_status":"closed","sticky":false,"template":"","format":"standard","meta":{"_crdt_document":"","footnotes":""},"categories":[1,9,902,8],"tags":[544,5,618,127,310],"class_list":["post-11419","post","type-post","status-publish","format-standard","has-post-thumbnail","hentry","category-allgemein","category-dorfgetratsche","category-meine-meinung","category-sellemols-und-awweile","tag-bergbau-saar","tag-dirmingen","tag-gemeinde-eppelborn","tag-landkreis-neunkirchen","tag-saarland"],"_links":{"self":[{"href":"https:\/\/echta-derminga.de\/index.php?rest_route=\/wp\/v2\/posts\/11419","targetHints":{"allow":["GET"]}}],"collection":[{"href":"https:\/\/echta-derminga.de\/index.php?rest_route=\/wp\/v2\/posts"}],"about":[{"href":"https:\/\/echta-derminga.de\/index.php?rest_route=\/wp\/v2\/types\/post"}],"author":[{"embeddable":true,"href":"https:\/\/echta-derminga.de\/index.php?rest_route=\/wp\/v2\/users\/1"}],"replies":[{"embeddable":true,"href":"https:\/\/echta-derminga.de\/index.php?rest_route=%2Fwp%2Fv2%2Fcomments&post=11419"}],"version-history":[{"count":14,"href":"https:\/\/echta-derminga.de\/index.php?rest_route=\/wp\/v2\/posts\/11419\/revisions"}],"predecessor-version":[{"id":11435,"href":"https:\/\/echta-derminga.de\/index.php?rest_route=\/wp\/v2\/posts\/11419\/revisions\/11435"}],"wp:featuredmedia":[{"embeddable":true,"href":"https:\/\/echta-derminga.de\/index.php?rest_route=\/wp\/v2\/media\/11429"}],"wp:attachment":[{"href":"https:\/\/echta-derminga.de\/index.php?rest_route=%2Fwp%2Fv2%2Fmedia&parent=11419"}],"wp:term":[{"taxonomy":"category","embeddable":true,"href":"https:\/\/echta-derminga.de\/index.php?rest_route=%2Fwp%2Fv2%2Fcategories&post=11419"},{"taxonomy":"post_tag","embeddable":true,"href":"https:\/\/echta-derminga.de\/index.php?rest_route=%2Fwp%2Fv2%2Ftags&post=11419"}],"curies":[{"name":"wp","href":"https:\/\/api.w.org\/{rel}","templated":true}]}}