{"id":11436,"date":"2021-12-05T14:19:30","date_gmt":"2021-12-05T13:19:30","guid":{"rendered":"https:\/\/echta-derminga.de\/?p=11436"},"modified":"2021-12-05T14:25:02","modified_gmt":"2021-12-05T13:25:02","slug":"in-sachen-ortsvorsteher-von-einer-auffrischimpfaktion-einem-weihnachtsbaum-tollen-solidaritaetsaktionen-sanierungsarbeiten-in-einem-unruhigen-advent","status":"publish","type":"post","link":"https:\/\/echta-derminga.de\/?p=11436","title":{"rendered":"In Sachen Ortsvorsteher: Von einer Auffrischimpfaktion, einem Weihnachtsbaum, tollen Solidarit\u00e4tsaktionen, Sanierungsarbeiten in einem unruhigen Advent"},"content":{"rendered":"\n<p class=\"has-medium-font-size wp-block-paragraph\"><strong>Am Samstag, 04. Dezember fand in der Dirminger Borrwieshalle eine f\u00fcr unsere Heimatgemeinde beispiellose Auffrischimpfaktion statt. Am Ende eines arbeitsreichen Tages wurden 230 Menschen aus unserem Dorf, unserer Heimatgemeinde und den umliegenden Ortschaften mit dem Impfstoff Moderna &#8222;geboostert&#8220;. Diese Aktion wurde von der Gemeinschaftspraxis &#8222;Ammann &amp; Bungert&#8220; aus Urexweiler durchgef\u00fchrt. Dabei war es dem Dirminger Henning Bungert und seiner Ehefrau unserer Apothekerin Manuela Bungert wichtig diese Aktion in unserem Heimatort anzubieten. Ich m\u00f6chte mich auch an dieser Stelle ganz herzlich bei der Gemeinschaftspraxis &#8222;Ammann &amp; Bungert&#8220; sowie bei Herrn Henning Bungert und seiner Frau Manuela bedanken. Mein Dank geht zudem an unseren B\u00fcrgermeister Dr. Andreas Feld, der unsere Aktion besuchte und unterst\u00fctzte sowie an die Mitarbeiter der Gemeindeverwaltung. Ein herzliches Dankesch\u00f6n geht an alle ehrenamtlichen Helfer\/innen f\u00fcr ihren gro\u00dfartigen Einsatz. Danke an Hans-Werner Guth\u00f6rl, Bjorn Krabbe, Benjamin R\u00f6diger und Daniel Klein. Ich m\u00f6chte zudem die Gelegenheit nutzen um allen Menschen zu danken die unser Angebot angenommen haben. Vielen Dank f\u00fcr ihr Kommen und das Verst\u00e4ndnis. Ich bin sehr stolz auf diese gro\u00dfartige Aktion und das Engagement meiner Landsleute.<\/strong><\/p>\n\n\n\n<figure class=\"wp-block-gallery has-nested-images columns-default is-cropped wp-block-gallery-1 is-layout-flex wp-block-gallery-is-layout-flex\">\n<figure class=\"wp-block-image size-large\"><img loading=\"lazy\" decoding=\"async\" width=\"700\" height=\"525\" data-id=\"11441\" src=\"https:\/\/echta-derminga.de\/wp-content\/uploads\/2021\/12\/IMG-20211204-WA0010-700x525.jpg\" alt=\"\" class=\"wp-image-11441\" srcset=\"https:\/\/echta-derminga.de\/wp-content\/uploads\/2021\/12\/IMG-20211204-WA0010-700x525.jpg 700w, https:\/\/echta-derminga.de\/wp-content\/uploads\/2021\/12\/IMG-20211204-WA0010-300x225.jpg 300w, https:\/\/echta-derminga.de\/wp-content\/uploads\/2021\/12\/IMG-20211204-WA0010-768x576.jpg 768w, https:\/\/echta-derminga.de\/wp-content\/uploads\/2021\/12\/IMG-20211204-WA0010-1536x1152.jpg 1536w, https:\/\/echta-derminga.de\/wp-content\/uploads\/2021\/12\/IMG-20211204-WA0010.jpg 1600w\" sizes=\"auto, (max-width: 700px) 100vw, 700px\" \/><\/figure>\n<\/figure>\n\n\n\n<figure class=\"wp-block-gallery has-nested-images columns-default is-cropped wp-block-gallery-2 is-layout-flex wp-block-gallery-is-layout-flex\">\n<figure class=\"wp-block-image size-large\"><img loading=\"lazy\" decoding=\"async\" width=\"700\" height=\"525\" data-id=\"11442\" src=\"https:\/\/echta-derminga.de\/wp-content\/uploads\/2021\/12\/20211204_155436-700x525.jpg\" alt=\"\" class=\"wp-image-11442\" srcset=\"https:\/\/echta-derminga.de\/wp-content\/uploads\/2021\/12\/20211204_155436-700x525.jpg 700w, https:\/\/echta-derminga.de\/wp-content\/uploads\/2021\/12\/20211204_155436-300x225.jpg 300w, https:\/\/echta-derminga.de\/wp-content\/uploads\/2021\/12\/20211204_155436-768x576.jpg 768w, https:\/\/echta-derminga.de\/wp-content\/uploads\/2021\/12\/20211204_155436-1536x1152.jpg 1536w, https:\/\/echta-derminga.de\/wp-content\/uploads\/2021\/12\/20211204_155436-2048x1536.jpg 2048w\" sizes=\"auto, (max-width: 700px) 100vw, 700px\" \/><\/figure>\n\n\n\n<figure class=\"wp-block-image size-large\"><img loading=\"lazy\" decoding=\"async\" width=\"700\" height=\"525\" data-id=\"11443\" src=\"https:\/\/echta-derminga.de\/wp-content\/uploads\/2021\/12\/20211204_105043-700x525.jpg\" alt=\"\" class=\"wp-image-11443\" srcset=\"https:\/\/echta-derminga.de\/wp-content\/uploads\/2021\/12\/20211204_105043-700x525.jpg 700w, https:\/\/echta-derminga.de\/wp-content\/uploads\/2021\/12\/20211204_105043-300x225.jpg 300w, https:\/\/echta-derminga.de\/wp-content\/uploads\/2021\/12\/20211204_105043-768x576.jpg 768w, https:\/\/echta-derminga.de\/wp-content\/uploads\/2021\/12\/20211204_105043-1536x1152.jpg 1536w, https:\/\/echta-derminga.de\/wp-content\/uploads\/2021\/12\/20211204_105043-2048x1536.jpg 2048w\" sizes=\"auto, (max-width: 700px) 100vw, 700px\" \/><\/figure>\n\n\n\n<figure class=\"wp-block-image size-large\"><img loading=\"lazy\" decoding=\"async\" width=\"700\" height=\"315\" data-id=\"11444\" src=\"https:\/\/echta-derminga.de\/wp-content\/uploads\/2021\/12\/IMG-20211204-WA0018-700x315.jpg\" alt=\"\" class=\"wp-image-11444\" srcset=\"https:\/\/echta-derminga.de\/wp-content\/uploads\/2021\/12\/IMG-20211204-WA0018-700x315.jpg 700w, https:\/\/echta-derminga.de\/wp-content\/uploads\/2021\/12\/IMG-20211204-WA0018-300x135.jpg 300w, https:\/\/echta-derminga.de\/wp-content\/uploads\/2021\/12\/IMG-20211204-WA0018-768x346.jpg 768w, https:\/\/echta-derminga.de\/wp-content\/uploads\/2021\/12\/IMG-20211204-WA0018-1536x691.jpg 1536w, https:\/\/echta-derminga.de\/wp-content\/uploads\/2021\/12\/IMG-20211204-WA0018.jpg 2000w\" sizes=\"auto, (max-width: 700px) 100vw, 700px\" \/><\/figure>\n<\/figure>\n\n\n\n<p class=\"has-medium-font-size wp-block-paragraph\"><strong>Herzlichen Gl\u00fcckwunsch zur Goldenen Hochzeit<\/strong><\/p>\n\n\n\n<p class=\"has-medium-font-size wp-block-paragraph\"><strong>\u201eDie Liebe allein versteht das Geheimnis, andere zu beschenken und dabei selbst reich zu werden.\u201c (Clemens Brentano)<\/strong><\/p>\n\n\n\n<p class=\"has-medium-font-size wp-block-paragraph\">Mit der Goldene Hochzeit feiert das Jubelpaar ein besonderes Hochzeitsjubil\u00e4um. Vor 50 Jahre hat sich das Brautpaar das Jawort gegeben hat. Seitdem geht man gemeinsam durch die H\u00f6hen und Tiefen des Lebens. Am Montag, 22.November 2021 feierten Regina und J\u00f6rg Eberhardt das Fest der Goldenen Hochzeit. Bei meinem Besuch \u00fcberbrachte ich die Gl\u00fcckw\u00fcnsche des Ortsrates, des Ministerpr\u00e4sidenten, des Landrates und des B\u00fcrgermeisters. Ich m\u00f6chte Regina und J\u00f6rg Eberhardt auch an dieser Stelle alles erdenklich Gute sowie viel Gl\u00fcck und Gesundheit auf ihrem weiteren Lebensweg w\u00fcnschen.<\/p>\n\n\n\n<div class=\"wp-block-image\"><figure class=\"aligncenter size-large\"><img loading=\"lazy\" decoding=\"async\" width=\"700\" height=\"525\" src=\"https:\/\/echta-derminga.de\/wp-content\/uploads\/2021\/12\/20211122_145721-700x525.jpg\" alt=\"\" class=\"wp-image-11446\" srcset=\"https:\/\/echta-derminga.de\/wp-content\/uploads\/2021\/12\/20211122_145721-700x525.jpg 700w, https:\/\/echta-derminga.de\/wp-content\/uploads\/2021\/12\/20211122_145721-300x225.jpg 300w, https:\/\/echta-derminga.de\/wp-content\/uploads\/2021\/12\/20211122_145721-768x576.jpg 768w, https:\/\/echta-derminga.de\/wp-content\/uploads\/2021\/12\/20211122_145721-1536x1152.jpg 1536w, https:\/\/echta-derminga.de\/wp-content\/uploads\/2021\/12\/20211122_145721-2048x1536.jpg 2048w\" sizes=\"auto, (max-width: 700px) 100vw, 700px\" \/><\/figure><\/div>\n\n\n\n<p class=\"has-medium-font-size wp-block-paragraph\"><strong>Vollsperrung des Feldweges zwischen der \u201eHumeser Stra\u00dfe\u201c und der Waldstrasse<\/strong><\/p>\n\n\n\n<p class=\"has-medium-font-size wp-block-paragraph\">Die Gemeindeverwaltung informiert dar\u00fcber, dass ab Mittwoch, dem 01.12.2021 in Abh\u00e4ngigkeit von den Witterungsverh\u00e4ltnissen der Feldweg zwischen der \u201eHumeser Stra\u00dfe\u201c und der \u201eWaldstra\u00dfe\u201c im Gemeindebezirk Dirmingen als Notumfahrung ausgebaut wird. Hierzu wird der Feldweg von der \u201eHumeser Stra\u00dfe\u201c bis zur \u201eWaldstra\u00dfe\u201c in Dirmingen auf einer L\u00e4nge von ca. 520 m durch Tief- und Wegebauarbeiten, sowie die Bankette und Entw\u00e4sserung des Feldweges instandgesetzt und asphaltier, so dass der Winterdienst und die Befahrbarkeit auch im Winter gew\u00e4hrleistet werden kann. W\u00e4hrend der gesamten Ma\u00dfnahme muss der betroffene Teilabschnitt voll gesperrt werden. Sollte in dringenden F\u00e4llen eine Zufahrt f\u00fcr Fahrzeuge \u00fcber 3,5 to notwendig sein, so wenden Sie sich bitte rechtzeitig an unser Bauamt (06881 \u2013 969 249), um in Abstimmung mit der Baufirma eine Durchfahrt zu erm\u00f6glichen. Die Arbeiten beginnen aufgrund der Witterung am 01.12.2021 und dauern voraussichtlich bis einschlie\u00dflich 10.12.2021. <\/p>\n\n\n\n<div class=\"wp-block-image\"><figure class=\"aligncenter size-large\"><img loading=\"lazy\" decoding=\"async\" width=\"700\" height=\"495\" src=\"https:\/\/echta-derminga.de\/wp-content\/uploads\/2021\/12\/210928-FW-Humeser-Strasse-Lageplan-1-700x495.jpg\" alt=\"\" class=\"wp-image-11448\" srcset=\"https:\/\/echta-derminga.de\/wp-content\/uploads\/2021\/12\/210928-FW-Humeser-Strasse-Lageplan-1-700x495.jpg 700w, https:\/\/echta-derminga.de\/wp-content\/uploads\/2021\/12\/210928-FW-Humeser-Strasse-Lageplan-1-300x212.jpg 300w, https:\/\/echta-derminga.de\/wp-content\/uploads\/2021\/12\/210928-FW-Humeser-Strasse-Lageplan-1-768x543.jpg 768w, https:\/\/echta-derminga.de\/wp-content\/uploads\/2021\/12\/210928-FW-Humeser-Strasse-Lageplan-1-1536x1086.jpg 1536w, https:\/\/echta-derminga.de\/wp-content\/uploads\/2021\/12\/210928-FW-Humeser-Strasse-Lageplan-1-rotated.jpg 1754w\" sizes=\"auto, (max-width: 700px) 100vw, 700px\" \/><\/figure><\/div>\n\n\n\n<p class=\"has-medium-font-size wp-block-paragraph\"><strong>Weihnachtsbaum in der Dirminger Ortsmitte<\/strong><\/p>\n\n\n\n<p class=\"has-medium-font-size wp-block-paragraph\">Viele Dirmingerinnen und Dirmingern haben in den letzten Jahren einen Weihnachtsbaum in der Ortsmitte vermisst. Von daher war es mir eine Herzensangelegenheit diesem Wunsch gerecht zu werden. Mit Unterst\u00fctzung der Verwaltungsspitze wurden bereits vor Wochen die Vorarbeiten in die Wege geleitet. Nun war es an der Zeit den Weihnachtsbaum an seinen Platz vor der Evangelischen Kirche zu stellen. Mein Dank geht an Elmar Kiefer, Thomas Franz, Raimund Klein und Astrid Molter f\u00fcr die wertvolle Unterst\u00fctzung. Ein weiteres Dankesch\u00f6n geht an die Mitarbeiter der Verwaltung und an den Baubetriebshof. Ich hoffe, dass unser Weihnachtsbaum den Menschen unseres Heimatortes eine sch\u00f6ne Adventszeit beschert. &nbsp;&nbsp;<\/p>\n\n\n\n<figure class=\"wp-block-gallery has-nested-images columns-default is-cropped wp-block-gallery-3 is-layout-flex wp-block-gallery-is-layout-flex\">\n<figure class=\"wp-block-image size-large\"><img loading=\"lazy\" decoding=\"async\" width=\"700\" height=\"900\" data-id=\"11450\" src=\"https:\/\/echta-derminga.de\/wp-content\/uploads\/2021\/12\/W-Baam-700x900.jpg\" alt=\"\" class=\"wp-image-11450\" srcset=\"https:\/\/echta-derminga.de\/wp-content\/uploads\/2021\/12\/W-Baam-700x900.jpg 700w, https:\/\/echta-derminga.de\/wp-content\/uploads\/2021\/12\/W-Baam-233x300.jpg 233w, https:\/\/echta-derminga.de\/wp-content\/uploads\/2021\/12\/W-Baam-768x987.jpg 768w, https:\/\/echta-derminga.de\/wp-content\/uploads\/2021\/12\/W-Baam-1195x1536.jpg 1195w, https:\/\/echta-derminga.de\/wp-content\/uploads\/2021\/12\/W-Baam-1594x2048.jpg 1594w, https:\/\/echta-derminga.de\/wp-content\/uploads\/2021\/12\/W-Baam-scaled.jpg 1992w\" sizes=\"auto, (max-width: 700px) 100vw, 700px\" \/><\/figure>\n\n\n\n<figure class=\"wp-block-image size-large\"><img loading=\"lazy\" decoding=\"async\" width=\"700\" height=\"525\" data-id=\"11451\" src=\"https:\/\/echta-derminga.de\/wp-content\/uploads\/2021\/12\/20211122_151254-700x525.jpg\" alt=\"\" class=\"wp-image-11451\" srcset=\"https:\/\/echta-derminga.de\/wp-content\/uploads\/2021\/12\/20211122_151254-700x525.jpg 700w, https:\/\/echta-derminga.de\/wp-content\/uploads\/2021\/12\/20211122_151254-300x225.jpg 300w, https:\/\/echta-derminga.de\/wp-content\/uploads\/2021\/12\/20211122_151254-768x576.jpg 768w, https:\/\/echta-derminga.de\/wp-content\/uploads\/2021\/12\/20211122_151254-1536x1152.jpg 1536w, https:\/\/echta-derminga.de\/wp-content\/uploads\/2021\/12\/20211122_151254-2048x1536.jpg 2048w\" sizes=\"auto, (max-width: 700px) 100vw, 700px\" \/><\/figure>\n\n\n\n<figure class=\"wp-block-image size-large\"><img loading=\"lazy\" decoding=\"async\" width=\"700\" height=\"933\" data-id=\"11452\" src=\"https:\/\/echta-derminga.de\/wp-content\/uploads\/2021\/12\/20211122_151743-700x933.jpg\" alt=\"\" class=\"wp-image-11452\" srcset=\"https:\/\/echta-derminga.de\/wp-content\/uploads\/2021\/12\/20211122_151743-700x933.jpg 700w, https:\/\/echta-derminga.de\/wp-content\/uploads\/2021\/12\/20211122_151743-225x300.jpg 225w, https:\/\/echta-derminga.de\/wp-content\/uploads\/2021\/12\/20211122_151743-768x1024.jpg 768w, https:\/\/echta-derminga.de\/wp-content\/uploads\/2021\/12\/20211122_151743-1152x1536.jpg 1152w, https:\/\/echta-derminga.de\/wp-content\/uploads\/2021\/12\/20211122_151743-1536x2048.jpg 1536w, https:\/\/echta-derminga.de\/wp-content\/uploads\/2021\/12\/20211122_151743-scaled.jpg 1920w\" sizes=\"auto, (max-width: 700px) 100vw, 700px\" \/><\/figure>\n<\/figure>\n\n\n\n<div class=\"wp-block-image\"><figure class=\"aligncenter size-large\"><img loading=\"lazy\" decoding=\"async\" width=\"700\" height=\"480\" src=\"https:\/\/echta-derminga.de\/wp-content\/uploads\/2021\/12\/kerch-700x480.jpg\" alt=\"\" class=\"wp-image-11477\" srcset=\"https:\/\/echta-derminga.de\/wp-content\/uploads\/2021\/12\/kerch-700x480.jpg 700w, https:\/\/echta-derminga.de\/wp-content\/uploads\/2021\/12\/kerch-300x206.jpg 300w, https:\/\/echta-derminga.de\/wp-content\/uploads\/2021\/12\/kerch-768x527.jpg 768w, https:\/\/echta-derminga.de\/wp-content\/uploads\/2021\/12\/kerch.jpg 1000w\" sizes=\"auto, (max-width: 700px) 100vw, 700px\" \/><\/figure><\/div>\n\n\n\n<p class=\"has-medium-font-size wp-block-paragraph\">Nach der schmerzlichen Absage unseres \u201eMittelalterlichen Weihnachtsmarktes&#8220; wurde nun auch das Weihnachtskonzert von Zimtkl\u00e4nge coronabedingt abgesagt. Die Kosten der Eintrittskarten werden nat\u00fcrlich zur\u00fcckerstattet. Bitte melden Sie sich bei den Verantwortlichen von der Gruppe &#8222;Zimtkl\u00e4nge&#8220;. Allen noch vorgesehenen Aktionen im Dezember m\u00fcssen unter den strengsten Hygienerichtlinien nach den 2 G-Regeln oder sogar 2 G- + durchgef\u00fchrt werden. Die  Weihnachtsbaumaktion des Kulturvereins wird in der Zeit vom 11.- 23. 12.21 ebenso stattfinden, wie die Baumaktion der von Volker Klein. Bitte achten Sie bei allem was Sie tun auf ihre Gesundheit. Gerade in diesen Zeiten m\u00fcssen wir Abstand halten und dennoch zusammenr\u00fccken und zusammenhalten. Unsere Nachbarschaftshilfegruppe steht weiterhin zur Verf\u00fcgung. Wenn Sie uns brauchen, sind wir jederzeit zur Stelle.<\/p>\n\n\n\n<div class=\"wp-block-image\"><figure class=\"aligncenter size-large\"><img loading=\"lazy\" decoding=\"async\" width=\"700\" height=\"519\" src=\"https:\/\/echta-derminga.de\/wp-content\/uploads\/2021\/12\/263364796_372622244619091_2604531242633503477_n-700x519.jpg\" alt=\"\" class=\"wp-image-11453\" srcset=\"https:\/\/echta-derminga.de\/wp-content\/uploads\/2021\/12\/263364796_372622244619091_2604531242633503477_n-700x519.jpg 700w, https:\/\/echta-derminga.de\/wp-content\/uploads\/2021\/12\/263364796_372622244619091_2604531242633503477_n-300x222.jpg 300w, https:\/\/echta-derminga.de\/wp-content\/uploads\/2021\/12\/263364796_372622244619091_2604531242633503477_n-768x569.jpg 768w, https:\/\/echta-derminga.de\/wp-content\/uploads\/2021\/12\/263364796_372622244619091_2604531242633503477_n.jpg 1080w\" sizes=\"auto, (max-width: 700px) 100vw, 700px\" \/><\/figure><\/div>\n\n\n\n<p class=\"has-medium-font-size wp-block-paragraph\"><strong>&#8222;Stille Zeit&#8220; &#8211; Benefizkonzert Hennes, Mac &amp; Freunde<\/strong><\/p>\n\n\n\n<p class=\"has-medium-font-size wp-block-paragraph\">Gerne habe ich die Schirmherrschaft f\u00fcr das Benefizkonzert am Freitag, 10. Dezember 21 um 19:30 Uhr in der evangelischen Kirche \u00fcbernommen. Eintrittskarten gibt es zum Preis f\u00fcr 10,- \u20ac bei &#8222;Schreiben und Schenken&#8220;. Der Erl\u00f6s dieser Veranstaltung geht zugunsten des Vereins &#8222;Eppelborner Tafelrunde e.V&#8220;. Nat\u00fcrlich m\u00fcssen wir auch hier den Verlauf der Pandemie im Auge behalten. Es k\u00f6nnte durchaus sein, dass auch dieses Konzert sowie das Adventskonzert des Kirchenchores kurzfristig abgesagt wird. Bitte beachten Sie hierbei die sozialen Medien oder die lokalen Pressemitteilungen.<\/p>\n\n\n\n<figure class=\"wp-block-gallery has-nested-images columns-default is-cropped wp-block-gallery-4 is-layout-flex wp-block-gallery-is-layout-flex\">\n<figure class=\"wp-block-image size-large\"><img loading=\"lazy\" decoding=\"async\" width=\"659\" height=\"842\" data-id=\"11454\" src=\"https:\/\/echta-derminga.de\/wp-content\/uploads\/2021\/12\/IMG-20211122-WA0016.jpg\" alt=\"\" class=\"wp-image-11454\" srcset=\"https:\/\/echta-derminga.de\/wp-content\/uploads\/2021\/12\/IMG-20211122-WA0016.jpg 659w, https:\/\/echta-derminga.de\/wp-content\/uploads\/2021\/12\/IMG-20211122-WA0016-235x300.jpg 235w\" sizes=\"auto, (max-width: 659px) 100vw, 659px\" \/><\/figure>\n\n\n\n<figure class=\"wp-block-image size-large\"><img loading=\"lazy\" decoding=\"async\" width=\"560\" height=\"797\" data-id=\"11455\" src=\"https:\/\/echta-derminga.de\/wp-content\/uploads\/2021\/12\/stille-zeit.png\" alt=\"\" class=\"wp-image-11455\" srcset=\"https:\/\/echta-derminga.de\/wp-content\/uploads\/2021\/12\/stille-zeit.png 560w, https:\/\/echta-derminga.de\/wp-content\/uploads\/2021\/12\/stille-zeit-211x300.png 211w\" sizes=\"auto, (max-width: 560px) 100vw, 560px\" \/><\/figure>\n<\/figure>\n\n\n\n<p class=\"has-medium-font-size wp-block-paragraph\"><strong>Adventskonzert des evangelischen Kirchenchores <\/strong><\/p>\n\n\n\n<p class=\"has-medium-font-size wp-block-paragraph\">Auch das Adventskonzert unseres Kirchenchores ist noch nicht abgesagt. Sollten sich die Situation weiterhin zuspitzen k\u00f6nnte dies zu einer kurzfristigen Absage f\u00fchren. Bitte beachten Sie die lokalen Pressemitteilungen und die Nachrichten in den sozialen Medien. Das Konzert muss definitiv nach den 2 G- + Regeln durchgef\u00fchrt werden. Wir bitten alle Besucher\/innen um Verst\u00e4ndnis.<\/p>\n\n\n\n<figure class=\"wp-block-gallery has-nested-images columns-default is-cropped wp-block-gallery-5 is-layout-flex wp-block-gallery-is-layout-flex\">\n<figure class=\"wp-block-image size-large\"><img loading=\"lazy\" decoding=\"async\" width=\"637\" height=\"903\" data-id=\"11156\" src=\"https:\/\/echta-derminga.de\/wp-content\/uploads\/2021\/11\/Weihnachtskonzert-Chor.png\" alt=\"\" class=\"wp-image-11156\" srcset=\"https:\/\/echta-derminga.de\/wp-content\/uploads\/2021\/11\/Weihnachtskonzert-Chor.png 637w, https:\/\/echta-derminga.de\/wp-content\/uploads\/2021\/11\/Weihnachtskonzert-Chor-212x300.png 212w\" sizes=\"auto, (max-width: 637px) 100vw, 637px\" \/><\/figure>\n\n\n\n<figure class=\"wp-block-image size-large\"><img loading=\"lazy\" decoding=\"async\" width=\"700\" height=\"830\" data-id=\"11471\" src=\"https:\/\/echta-derminga.de\/wp-content\/uploads\/2021\/12\/timo-Kopie-700x830.jpg\" alt=\"\" class=\"wp-image-11471\" srcset=\"https:\/\/echta-derminga.de\/wp-content\/uploads\/2021\/12\/timo-Kopie-700x830.jpg 700w, https:\/\/echta-derminga.de\/wp-content\/uploads\/2021\/12\/timo-Kopie-253x300.jpg 253w, https:\/\/echta-derminga.de\/wp-content\/uploads\/2021\/12\/timo-Kopie-768x911.jpg 768w, https:\/\/echta-derminga.de\/wp-content\/uploads\/2021\/12\/timo-Kopie-1295x1536.jpg 1295w, https:\/\/echta-derminga.de\/wp-content\/uploads\/2021\/12\/timo-Kopie.jpg 1600w\" sizes=\"auto, (max-width: 700px) 100vw, 700px\" \/><\/figure>\n<\/figure>\n\n\n\n<p class=\"has-medium-font-size wp-block-paragraph\"><strong>Neues Heimatheft mit Dirminger Geschichte<\/strong><\/p>\n\n\n\n<p class=\"has-medium-font-size wp-block-paragraph\">Vielleicht suchen Sie noch ein kleines Weihnachtsgeschenk ? Der F\u00f6rderkreis f\u00fcr Heimatkunde und Denkmalpflege e. V. Eppelborn hat ein neues Heimatheft herausgebracht. Ein Schwerpunkt des neuen Heftes gilt der Aufarbeitung der NS-Geschichte in der B\u00fcrgermeisterei Eppelborn. Neben den unterschiedlichen Bestrebungen der politisch Hauptverantwortlichen in der Gemeinde werden u.a. das Schicksal des Eppelborner Jungscharf\u00fchrers Josef Bonner und des Dirminger Knappschaftsarztes Dr. Hans B\u00f6hme &nbsp;dargestellt. Ein weiterer Schwerpunkt des neuen Heftes werden biographische Skizzen sein und Eppelborner Pers\u00f6nlichkeiten des 20. Jahrhunderts, ihr Leben und Wirken, in den Fokus nehmen. Das gro\u00dfartige Engagement der Missions\u00e4rztin Dr. Johanna Davis-Ziegler aus Humes, die p\u00e4dagogische T\u00e4tigkeit von Rektor Alois Gro\u00df in Wiesbach, das medizinische Wirken des Eppelborner Knappschaftsarztes Dr. Egon Schmidt und das politische Bestreben des ehemaligen Kultusministers Josef Jochem, geboren in Wiesbach, werden dargestellt und gew\u00fcrdigt. Ein Beitrag des saarl\u00e4ndischen Denkmalbeauftragten Thomas Besse beschreibt die Jahrhunderte alte Gemarkungsgrenze von Wiesbach und ein Beitrag von Dr. Werner Morgenthal den Wiederaufbau des Volksschulwesens nach dem Ende des 2. Weltkrieges. Die Anf\u00e4nge der Elektrizit\u00e4tsversorgung in Eppelborn, die Geschichte der Sch\u00e4fer Brauerei in Dirmingen, die Aktivit\u00e4ten der CAJ in Eppelborn &nbsp;und die Schulgeschichte von Wiesbach sind weitere Themen in dem wiederum reich bebilderten Heimatheft. <strong>Die neueste Publikation des F\u00f6rderkreises f\u00fcr Heimatkunde und Denkmalpflege Eppelborn, ein bestens geeignetes Weihnachtsgeschenk, kann ab dem 1. Dezember zum Preis von 15,00 \u20ac bei folgenden Verkaufsstellen erworben werden: levoBank in Eppelborn, Wiesbach, Dirmingen und Humes,, Sparkasse Neunkirchen in Eppelborn, Cafe Resch, Eppelborn, Am Markt 12, Tabak &amp; More, Eppelborn, Europaplatz 2, Gemeindeverwaltung Eppelborn, B\u00fcrgerinfo, Rathausstr. 27<\/strong><\/p>\n\n\n\n<div class=\"wp-block-image\"><figure class=\"aligncenter size-large\"><img loading=\"lazy\" decoding=\"async\" width=\"700\" height=\"674\" src=\"https:\/\/echta-derminga.de\/wp-content\/uploads\/2021\/12\/Buchabb_HH20_kl-700x674.jpg\" alt=\"\" class=\"wp-image-11456\" srcset=\"https:\/\/echta-derminga.de\/wp-content\/uploads\/2021\/12\/Buchabb_HH20_kl-700x674.jpg 700w, https:\/\/echta-derminga.de\/wp-content\/uploads\/2021\/12\/Buchabb_HH20_kl-300x289.jpg 300w, https:\/\/echta-derminga.de\/wp-content\/uploads\/2021\/12\/Buchabb_HH20_kl-768x740.jpg 768w, https:\/\/echta-derminga.de\/wp-content\/uploads\/2021\/12\/Buchabb_HH20_kl-1536x1479.jpg 1536w, https:\/\/echta-derminga.de\/wp-content\/uploads\/2021\/12\/Buchabb_HH20_kl-2048x1972.jpg 2048w\" sizes=\"auto, (max-width: 700px) 100vw, 700px\" \/><\/figure><\/div>\n\n\n\n<p class=\"has-medium-font-size wp-block-paragraph\"><strong>Ich bin sehr dankbar dar\u00fcber, dass ich einen bescheidenen Teil zu diesem Heimatheft beitragen durfte. Neben meinem Beitrag zur Geschichte der Sch\u00e4fer Brauerei findet man im Heft einen Mundarttext unseres Mitb\u00fcrgers Ernst Lutz. <\/strong><\/p>\n\n\n\n<p class=\"has-medium-font-size wp-block-paragraph\"><strong>Zeichen der Solidarit\u00e4t &#8211; Dirminger Ortsrat verteilt Ortsratsmittel an Vereine und Organisationen<\/strong><\/p>\n\n\n\n<p class=\"has-medium-font-size wp-block-paragraph\">Der Ortsrat Dirmingen hat in seiner letzten Sitzung am 03.Dezember 2021 \u00fcber die Verteilung der Ortsratsmittel entschieden. Dabei wurde auch in diesem Jahr der Schwerpunkt auf die Unterst\u00fctzung der Dirminger Vereine, Gremien und Organisationen gelegt. Der Ortsrat vertritt die Meinung, dass in dieser f\u00fcr uns alle schwierigen Zeit unsere Vereine und Organisationen neben unserer Gastronomie besonders leidet. Aus diesem Grunde sollte auch in diesem Jahr unsere Vereine eine finanzielle Unterst\u00fctzung erfahren. Der Ortsrat hat sich gro\u00dfe M\u00fche bei der Verteilung der Mittel gegeben und zudem das Augenmerk auf die Jugendarbeit gelegt. Wir hoffen, dass die finanzielle Unterst\u00fctzung ein wenig hilft und aufmuntert. Ich freue mich sehr dar\u00fcber, dass der Ortsrat meinem Vorschlag folgte und einstimmig die Meinung teilt, dass wir nach dem Jahr 2020 auch in diesem Jahr an unsere Vereine, Gremien und Organisationen denken sollten. Die finanziellen Mittel werden den Vereinen im Dezember zugestellt. Abschlie\u00dfend m\u00f6chte ich auch an dieser Stelle den Fraktionen im Ortsrat f\u00fcr ihre wertvolle Arbeit danken. Besonders gefreut hat mich die Tatsache, dass partei\u00fcbergreifend zum Wohle unseres Dorfes gearbeitet wurde. <\/p>\n\n\n\n<p class=\"has-medium-font-size wp-block-paragraph\"><strong>&#8222;Kauf eines mehr&#8220; &#8211; Gro\u00dfartige Sammelaktion der Dirminger JUSOS<\/strong><\/p>\n\n\n\n<p class=\"has-medium-font-size wp-block-paragraph\">Die Dirminger JUSOS haben mit einer gro\u00dfartigen Sammelaktion auf sich aufmerksam gemacht. Mit Unterst\u00fctzung von Herr Karl-Heinz Rau von der Eppelborner Tafelrunde wurde am Samstag, 04. 12.2021 vor dem WASGAU in Eppelborn Lebensmittel-und Geldspenden gesammelt. Dabei haben sich auch mehrere Dirminger Gesch\u00e4ftsleute, Vereine und auch die Gastronomie mit gro\u00dfz\u00fcgigen Spenden beteiligt. Die JUSOS konnten am Ende des Tages \u00fcber 500,- \u20ac  und fast 10 Kisten Lebensmittel an die Eppelborner Tafelrunde \u00fcberreichen. Ich m\u00f6chte mich bei den JUSOS ganz herzlich bedanken. Ein weiterer Dank geht an Herrn Karl -Heinz Rau von der Eppelborner Tafelrunde sowie an den SV Dirmingen, die Naturheilpraxis Feit, das Gasthaus &#8222;Destille&#8220; und viele weitere G\u00f6nner f\u00fcr ihre Spendenbereitschaft.<\/p>\n\n\n\n<figure class=\"wp-block-gallery has-nested-images columns-default is-cropped wp-block-gallery-6 is-layout-flex wp-block-gallery-is-layout-flex\">\n<figure class=\"wp-block-image size-large\"><img loading=\"lazy\" decoding=\"async\" width=\"700\" height=\"569\" data-id=\"11457\" src=\"https:\/\/echta-derminga.de\/wp-content\/uploads\/2021\/12\/IMG-20211204-WA0009-700x569.jpg\" alt=\"\" class=\"wp-image-11457\" srcset=\"https:\/\/echta-derminga.de\/wp-content\/uploads\/2021\/12\/IMG-20211204-WA0009-700x569.jpg 700w, https:\/\/echta-derminga.de\/wp-content\/uploads\/2021\/12\/IMG-20211204-WA0009-300x244.jpg 300w, https:\/\/echta-derminga.de\/wp-content\/uploads\/2021\/12\/IMG-20211204-WA0009-768x624.jpg 768w, https:\/\/echta-derminga.de\/wp-content\/uploads\/2021\/12\/IMG-20211204-WA0009.jpg 821w\" sizes=\"auto, (max-width: 700px) 100vw, 700px\" \/><\/figure>\n\n\n\n<figure class=\"wp-block-image size-large\"><img loading=\"lazy\" decoding=\"async\" width=\"700\" height=\"525\" data-id=\"11458\" src=\"https:\/\/echta-derminga.de\/wp-content\/uploads\/2021\/12\/IMG-20211204-WA0011-700x525.jpg\" alt=\"\" class=\"wp-image-11458\" srcset=\"https:\/\/echta-derminga.de\/wp-content\/uploads\/2021\/12\/IMG-20211204-WA0011-700x525.jpg 700w, https:\/\/echta-derminga.de\/wp-content\/uploads\/2021\/12\/IMG-20211204-WA0011-300x225.jpg 300w, https:\/\/echta-derminga.de\/wp-content\/uploads\/2021\/12\/IMG-20211204-WA0011-768x576.jpg 768w, https:\/\/echta-derminga.de\/wp-content\/uploads\/2021\/12\/IMG-20211204-WA0011-1536x1152.jpg 1536w, https:\/\/echta-derminga.de\/wp-content\/uploads\/2021\/12\/IMG-20211204-WA0011.jpg 1600w\" sizes=\"auto, (max-width: 700px) 100vw, 700px\" \/><\/figure>\n\n\n\n<figure class=\"wp-block-image size-large\"><img loading=\"lazy\" decoding=\"async\" width=\"700\" height=\"525\" data-id=\"11459\" src=\"https:\/\/echta-derminga.de\/wp-content\/uploads\/2021\/12\/IMG-20211204-WA0031-700x525.jpg\" alt=\"\" class=\"wp-image-11459\" srcset=\"https:\/\/echta-derminga.de\/wp-content\/uploads\/2021\/12\/IMG-20211204-WA0031-700x525.jpg 700w, https:\/\/echta-derminga.de\/wp-content\/uploads\/2021\/12\/IMG-20211204-WA0031-300x225.jpg 300w, https:\/\/echta-derminga.de\/wp-content\/uploads\/2021\/12\/IMG-20211204-WA0031-768x576.jpg 768w, https:\/\/echta-derminga.de\/wp-content\/uploads\/2021\/12\/IMG-20211204-WA0031-1536x1152.jpg 1536w, https:\/\/echta-derminga.de\/wp-content\/uploads\/2021\/12\/IMG-20211204-WA0031.jpg 1600w\" sizes=\"auto, (max-width: 700px) 100vw, 700px\" \/><\/figure>\n\n\n\n<figure class=\"wp-block-image size-large\"><img loading=\"lazy\" decoding=\"async\" width=\"700\" height=\"525\" data-id=\"11460\" src=\"https:\/\/echta-derminga.de\/wp-content\/uploads\/2021\/12\/IMG-20211204-WA0016-700x525.jpg\" alt=\"\" class=\"wp-image-11460\" srcset=\"https:\/\/echta-derminga.de\/wp-content\/uploads\/2021\/12\/IMG-20211204-WA0016-700x525.jpg 700w, https:\/\/echta-derminga.de\/wp-content\/uploads\/2021\/12\/IMG-20211204-WA0016-300x225.jpg 300w, https:\/\/echta-derminga.de\/wp-content\/uploads\/2021\/12\/IMG-20211204-WA0016-768x576.jpg 768w, https:\/\/echta-derminga.de\/wp-content\/uploads\/2021\/12\/IMG-20211204-WA0016-1536x1152.jpg 1536w, https:\/\/echta-derminga.de\/wp-content\/uploads\/2021\/12\/IMG-20211204-WA0016.jpg 2048w\" sizes=\"auto, (max-width: 700px) 100vw, 700px\" \/><\/figure>\n\n\n\n<figure class=\"wp-block-image size-large\"><img loading=\"lazy\" decoding=\"async\" width=\"700\" height=\"525\" data-id=\"11461\" src=\"https:\/\/echta-derminga.de\/wp-content\/uploads\/2021\/12\/IMG-20211204-WA0033-700x525.jpg\" alt=\"\" class=\"wp-image-11461\" srcset=\"https:\/\/echta-derminga.de\/wp-content\/uploads\/2021\/12\/IMG-20211204-WA0033-700x525.jpg 700w, https:\/\/echta-derminga.de\/wp-content\/uploads\/2021\/12\/IMG-20211204-WA0033-300x225.jpg 300w, https:\/\/echta-derminga.de\/wp-content\/uploads\/2021\/12\/IMG-20211204-WA0033-768x576.jpg 768w, https:\/\/echta-derminga.de\/wp-content\/uploads\/2021\/12\/IMG-20211204-WA0033-1536x1152.jpg 1536w, https:\/\/echta-derminga.de\/wp-content\/uploads\/2021\/12\/IMG-20211204-WA0033.jpg 1600w\" sizes=\"auto, (max-width: 700px) 100vw, 700px\" \/><\/figure>\n\n\n\n<figure class=\"wp-block-image size-large\"><img loading=\"lazy\" decoding=\"async\" width=\"700\" height=\"388\" data-id=\"11462\" src=\"https:\/\/echta-derminga.de\/wp-content\/uploads\/2021\/12\/IMG-20211204-WA0054-700x388.jpg\" alt=\"\" class=\"wp-image-11462\" srcset=\"https:\/\/echta-derminga.de\/wp-content\/uploads\/2021\/12\/IMG-20211204-WA0054-700x388.jpg 700w, https:\/\/echta-derminga.de\/wp-content\/uploads\/2021\/12\/IMG-20211204-WA0054-300x166.jpg 300w, https:\/\/echta-derminga.de\/wp-content\/uploads\/2021\/12\/IMG-20211204-WA0054-768x425.jpg 768w, https:\/\/echta-derminga.de\/wp-content\/uploads\/2021\/12\/IMG-20211204-WA0054-1536x851.jpg 1536w, https:\/\/echta-derminga.de\/wp-content\/uploads\/2021\/12\/IMG-20211204-WA0054.jpg 1556w\" sizes=\"auto, (max-width: 700px) 100vw, 700px\" \/><\/figure>\n<\/figure>\n\n\n\n<p class=\"has-medium-font-size wp-block-paragraph\"><strong>Br\u00fccken \u00fcber Als-und Illbach werden im Dezember gesetzt.<\/strong><\/p>\n\n\n\n<p class=\"has-medium-font-size wp-block-paragraph\">Nach Informationen der Gemeindeverwaltung sollen am 10 Dezember die beiden Br\u00fccken \u00fcber Alsbach und Illbach gesetzt werden. Somit wurde ein weiterer Punkt der Priorit\u00e4tenliste des Dirminger Ortsrates in die Tat umgesetzt. Die Arbeiten an den beiden Br\u00fccken sollen noch im Dezember beendet werden. Voraussetzung ist nat\u00fcrlich, dass das Wetter mitspielt. Der Ortsrat begr\u00fc\u00dft diese Arbeiten und freut sich \u00fcber diese beiden neuen Br\u00fccken an unserer Grundschule und im Br\u00fchlpark.<\/p>\n\n\n\n<figure class=\"wp-block-gallery has-nested-images columns-default is-cropped wp-block-gallery-7 is-layout-flex wp-block-gallery-is-layout-flex\">\n<figure class=\"wp-block-image size-large\"><img loading=\"lazy\" decoding=\"async\" width=\"900\" height=\"512\" data-id=\"10662\" src=\"https:\/\/echta-derminga.de\/wp-content\/uploads\/2021\/09\/22.jpg\" alt=\"\" class=\"wp-image-10662\" srcset=\"https:\/\/echta-derminga.de\/wp-content\/uploads\/2021\/09\/22.jpg 900w, https:\/\/echta-derminga.de\/wp-content\/uploads\/2021\/09\/22-300x171.jpg 300w, https:\/\/echta-derminga.de\/wp-content\/uploads\/2021\/09\/22-700x398.jpg 700w, https:\/\/echta-derminga.de\/wp-content\/uploads\/2021\/09\/22-768x437.jpg 768w\" sizes=\"auto, (max-width: 900px) 100vw, 900px\" \/><\/figure>\n\n\n\n<figure class=\"wp-block-image size-large\"><img loading=\"lazy\" decoding=\"async\" width=\"900\" height=\"571\" data-id=\"10663\" src=\"https:\/\/echta-derminga.de\/wp-content\/uploads\/2021\/09\/33-1.jpg\" alt=\"\" class=\"wp-image-10663\" srcset=\"https:\/\/echta-derminga.de\/wp-content\/uploads\/2021\/09\/33-1.jpg 900w, https:\/\/echta-derminga.de\/wp-content\/uploads\/2021\/09\/33-1-300x190.jpg 300w, https:\/\/echta-derminga.de\/wp-content\/uploads\/2021\/09\/33-1-700x444.jpg 700w, https:\/\/echta-derminga.de\/wp-content\/uploads\/2021\/09\/33-1-768x487.jpg 768w\" sizes=\"auto, (max-width: 900px) 100vw, 900px\" \/><\/figure>\n<\/figure>\n\n\n\n<p class=\"has-medium-font-size wp-block-paragraph\">Liebe B\u00fcrgerinnen und B\u00fcrger, WIR werden auch diese schwierige 4. Welle der Pandemie &#8222;graad se l\u00e4\u00e4ds&#8220; \u00fcberstehen und daraus wachsen. Ich glaube fest an unsere Dorfgemeinschaft und bin \u00fcberzeugt, dass uns dieser Bazillus nicht spalten wird. <strong>Am Ende wir alles gut, wenn es noch nicht gut ist, ist es noch nicht zu Ende. <\/strong>Bitte lassen Sie sich Impfen und helfen Sie mit diese Pandemie zu besiegen. Sollten Sie sich aus pers\u00f6nlichen Gr\u00fcnden gegen eine Impfung entscheiden, nehmen Sie bitte unsere Hilfs-und Testangebote an. Unsere Nachbarschaftsgruppe steht ihnen weiterhin zur Verf\u00fcgung. Bitte lassen Sie nicht zu, dass unsere Dorfgemeinschaft von dieser uns\u00e4glichen Pandemie gespaltet wird. Reichen Sie die Hand zum gemeinsamen Miteinander. WIR sind ein Dorf und eine gro\u00dfe Gemeinschaft. In unserer Gemeinde gibt es neuerdings mehrere Teststationen. Dabei finden Sie auch in Dirmingen die M\u00f6glichkeit sich auf das Covid-19 Virus testen zu lassen.<\/p>\n\n\n\n<div class=\"wp-block-image\"><figure class=\"aligncenter size-large\"><img loading=\"lazy\" decoding=\"async\" width=\"700\" height=\"639\" src=\"https:\/\/echta-derminga.de\/wp-content\/uploads\/2021\/12\/262784215_993850388139685_5350000629082030819_n-700x639.jpg\" alt=\"\" class=\"wp-image-11465\" srcset=\"https:\/\/echta-derminga.de\/wp-content\/uploads\/2021\/12\/262784215_993850388139685_5350000629082030819_n-700x639.jpg 700w, https:\/\/echta-derminga.de\/wp-content\/uploads\/2021\/12\/262784215_993850388139685_5350000629082030819_n-300x274.jpg 300w, https:\/\/echta-derminga.de\/wp-content\/uploads\/2021\/12\/262784215_993850388139685_5350000629082030819_n-768x701.jpg 768w, https:\/\/echta-derminga.de\/wp-content\/uploads\/2021\/12\/262784215_993850388139685_5350000629082030819_n.jpg 1119w\" sizes=\"auto, (max-width: 700px) 100vw, 700px\" \/><\/figure><\/div>\n\n\n\n<p class=\"has-medium-font-size wp-block-paragraph\">In der vergangenen Woche wurden die neuen Abfuhrkalender der Gemeindeverwaltung ver\u00f6ffentlicht. Ich habe Exemplare zum Mitnehmen in der B\u00e4ckerei Bost sowie bei &#8222;Schreiben und Schenken&#8220; in der Ortsmitte ausgelegt. Au\u00dferdem k\u00f6nnen Sie die Vorlagen auch auf der Seite der Gemeindeverwaltung und auf der Dirminger Homepage downloaden. https:\/\/dirmingen.eu\/wp-content\/uploads\/2021\/11\/Abfuhrkalender_2021_Dirmingen.pdf oder https:\/\/www.afze.de\/abfuhrkalender\/articles\/dirmingen.html oder auch hier auf meinem Blog ausdrucken. Vielen Dank f\u00fcr die Kenntnisnahme.<\/p>\n\n\n\n<div data-wp-interactive=\"core\/file\" class=\"wp-block-file\"><object data-wp-bind--hidden=\"!state.hasPdfPreview\" hidden class=\"wp-block-file__embed\" data=\"https:\/\/echta-derminga.de\/wp-content\/uploads\/2021\/12\/Abfuhrkalender_2021_Dirmingen.pdf\" type=\"application\/pdf\" style=\"width:100%;height:600px\" aria-label=\"Einbettung von Einbettung von Abfuhrkalender_2021_Dirmingen..\"><\/object><a id=\"wp-block-file--media-f7b51ec7-17a7-4dec-9cdf-5806dd93501c\" href=\"https:\/\/echta-derminga.de\/wp-content\/uploads\/2021\/12\/Abfuhrkalender_2021_Dirmingen.pdf\">Abfuhrkalender_2021_Dirmingen<\/a><a href=\"https:\/\/echta-derminga.de\/wp-content\/uploads\/2021\/12\/Abfuhrkalender_2021_Dirmingen.pdf\" class=\"wp-block-file__button\" download aria-describedby=\"wp-block-file--media-f7b51ec7-17a7-4dec-9cdf-5806dd93501c\">Herunterladen<\/a><\/div>\n\n\n\n<p class=\"has-medium-font-size wp-block-paragraph\"><strong>Am Dienstag, 07. Dezember wird uns der evangelische Posaunenchor den Advent vers\u00fc\u00dfen. Um 19:30 Uhr wird der Posaunenchor unter der Leitung von Thomas Zimmermann vor der evangelischen Kirche spielen. Vielleicht haben Sie Lust auf einen kleinen Spaziergang in unsere Ortsmitte. Der Posaunenchor freut sich auf ihren Besuch und eine besinnliche Zeit.<\/strong><\/p>\n\n\n\n<div class=\"wp-block-image\"><figure class=\"aligncenter size-large\"><img loading=\"lazy\" decoding=\"async\" width=\"700\" height=\"467\" src=\"https:\/\/echta-derminga.de\/wp-content\/uploads\/2021\/12\/DSC3452-700x467.jpg\" alt=\"\" class=\"wp-image-11475\" srcset=\"https:\/\/echta-derminga.de\/wp-content\/uploads\/2021\/12\/DSC3452-700x467.jpg 700w, https:\/\/echta-derminga.de\/wp-content\/uploads\/2021\/12\/DSC3452-300x200.jpg 300w, https:\/\/echta-derminga.de\/wp-content\/uploads\/2021\/12\/DSC3452-768x513.jpg 768w, https:\/\/echta-derminga.de\/wp-content\/uploads\/2021\/12\/DSC3452.jpg 900w\" sizes=\"auto, (max-width: 700px) 100vw, 700px\" \/><\/figure><\/div>\n\n\n\n<p class=\"has-medium-font-size wp-block-paragraph\"><strong>Ich w\u00fcnsche allen B\u00fcrgerinnen und B\u00fcrgern eine sch\u00f6ne Adventszeit. Ich hoffe Sie genie\u00dfen in dieser unruhigen Zeit ein paar sch\u00f6ne Momente in den Kreisen ihrer Familien, Freunden und Bekannten.<\/strong> <\/p>\n\n\n\n<p class=\"has-medium-font-size wp-block-paragraph\"><strong>Allen Kindern w\u00fcnsche ich einen sch\u00f6nen Nikolaustag mit vielen kleinen \u00dcberraschungen. Danke an die Kolpingfamilie Dirmingen die immer wieder gerne dem guten Nikolaus behilflich zur Seite steht.<\/strong><\/p>\n\n\n\n<p class=\"has-medium-font-size wp-block-paragraph\"><strong>Ihr Ortsvorsteher<\/strong><\/p>\n\n\n\n<p class=\"has-medium-font-size wp-block-paragraph\"><strong><em>Frank Klein<\/em><\/strong><\/p>\n\n\n\n<div class=\"wp-block-image\"><figure class=\"aligncenter size-large\"><img loading=\"lazy\" decoding=\"async\" width=\"700\" height=\"498\" src=\"https:\/\/echta-derminga.de\/wp-content\/uploads\/2021\/12\/263062756_5141909909170220_3913550542256895501_n-700x498.jpg\" alt=\"\" class=\"wp-image-11466\" srcset=\"https:\/\/echta-derminga.de\/wp-content\/uploads\/2021\/12\/263062756_5141909909170220_3913550542256895501_n-700x498.jpg 700w, https:\/\/echta-derminga.de\/wp-content\/uploads\/2021\/12\/263062756_5141909909170220_3913550542256895501_n-300x214.jpg 300w, https:\/\/echta-derminga.de\/wp-content\/uploads\/2021\/12\/263062756_5141909909170220_3913550542256895501_n-768x547.jpg 768w, https:\/\/echta-derminga.de\/wp-content\/uploads\/2021\/12\/263062756_5141909909170220_3913550542256895501_n.jpg 1024w\" sizes=\"auto, (max-width: 700px) 100vw, 700px\" \/><\/figure><\/div>\n\n\n\n<div class=\"wp-block-image\"><figure class=\"aligncenter size-large\"><img loading=\"lazy\" decoding=\"async\" width=\"700\" height=\"338\" src=\"https:\/\/echta-derminga.de\/wp-content\/uploads\/2021\/11\/Baumverkauf-700x338.png\" alt=\"\" class=\"wp-image-11153\" srcset=\"https:\/\/echta-derminga.de\/wp-content\/uploads\/2021\/11\/Baumverkauf-700x338.png 700w, https:\/\/echta-derminga.de\/wp-content\/uploads\/2021\/11\/Baumverkauf-300x145.png 300w, https:\/\/echta-derminga.de\/wp-content\/uploads\/2021\/11\/Baumverkauf-768x371.png 768w, https:\/\/echta-derminga.de\/wp-content\/uploads\/2021\/11\/Baumverkauf-1536x742.png 1536w, https:\/\/echta-derminga.de\/wp-content\/uploads\/2021\/11\/Baumverkauf.png 1891w\" sizes=\"auto, (max-width: 700px) 100vw, 700px\" \/><\/figure><\/div>\n","protected":false},"excerpt":{"rendered":"<p>Am Samstag, 04. Dezember fand in der Dirminger Borrwieshalle eine f\u00fcr unsere Heimatgemeinde beispiellose Auffrischimpfaktion statt. Am Ende eines arbeitsreichen Tages wurden 230 Menschen aus unserem Dorf, unserer Heimatgemeinde und den umliegenden Ortschaften mit dem Impfstoff Moderna &#8222;geboostert&#8220;. Diese Aktion wurde von der Gemeinschaftspraxis &#8222;Ammann &amp; Bungert&#8220; aus Urexweiler durchgef\u00fchrt. Dabei war es dem Dirminger Henning Bungert und seiner Ehefrau<\/p>\n","protected":false},"author":1,"featured_media":11444,"comment_status":"closed","ping_status":"closed","sticky":false,"template":"","format":"standard","meta":{"_crdt_document":"","footnotes":""},"categories":[1,812],"tags":[5,618,127,634,795,310],"class_list":["post-11436","post","type-post","status-publish","format-standard","has-post-thumbnail","hentry","category-allgemein","category-ortsvorsteher-dirmingen","tag-dirmingen","tag-gemeinde-eppelborn","tag-landkreis-neunkirchen","tag-ortsvorsteher","tag-ortsvorsteher-dirmingen","tag-saarland"],"_links":{"self":[{"href":"https:\/\/echta-derminga.de\/index.php?rest_route=\/wp\/v2\/posts\/11436","targetHints":{"allow":["GET"]}}],"collection":[{"href":"https:\/\/echta-derminga.de\/index.php?rest_route=\/wp\/v2\/posts"}],"about":[{"href":"https:\/\/echta-derminga.de\/index.php?rest_route=\/wp\/v2\/types\/post"}],"author":[{"embeddable":true,"href":"https:\/\/echta-derminga.de\/index.php?rest_route=\/wp\/v2\/users\/1"}],"replies":[{"embeddable":true,"href":"https:\/\/echta-derminga.de\/index.php?rest_route=%2Fwp%2Fv2%2Fcomments&post=11436"}],"version-history":[{"count":22,"href":"https:\/\/echta-derminga.de\/index.php?rest_route=\/wp\/v2\/posts\/11436\/revisions"}],"predecessor-version":[{"id":11486,"href":"https:\/\/echta-derminga.de\/index.php?rest_route=\/wp\/v2\/posts\/11436\/revisions\/11486"}],"wp:featuredmedia":[{"embeddable":true,"href":"https:\/\/echta-derminga.de\/index.php?rest_route=\/wp\/v2\/media\/11444"}],"wp:attachment":[{"href":"https:\/\/echta-derminga.de\/index.php?rest_route=%2Fwp%2Fv2%2Fmedia&parent=11436"}],"wp:term":[{"taxonomy":"category","embeddable":true,"href":"https:\/\/echta-derminga.de\/index.php?rest_route=%2Fwp%2Fv2%2Fcategories&post=11436"},{"taxonomy":"post_tag","embeddable":true,"href":"https:\/\/echta-derminga.de\/index.php?rest_route=%2Fwp%2Fv2%2Ftags&post=11436"}],"curies":[{"name":"wp","href":"https:\/\/api.w.org\/{rel}","templated":true}]}}