{"id":1152,"date":"2018-04-19T14:30:17","date_gmt":"2018-04-19T13:30:17","guid":{"rendered":"http:\/\/echta-derminga.de\/?p=1152"},"modified":"2018-04-23T17:03:50","modified_gmt":"2018-04-23T16:03:50","slug":"baumbestattungen-auf-dem-dirminger-friedhof-waeren-eine-echte-alternative","status":"publish","type":"post","link":"https:\/\/echta-derminga.de\/?p=1152","title":{"rendered":"Baumbestattungen auf dem Dirminger Friedhof w\u00e4ren eine echte Alternative"},"content":{"rendered":"<div id=\"attachment_1159\" style=\"width: 310px\" class=\"wp-caption alignleft\"><img loading=\"lazy\" decoding=\"async\" aria-describedby=\"caption-attachment-1159\" class=\"wp-image-1159 size-medium\" src=\"https:\/\/echta-derminga.de\/wp-content\/uploads\/2018\/04\/blo-300x225.jpg\" alt=\"\" width=\"300\" height=\"225\" srcset=\"https:\/\/echta-derminga.de\/wp-content\/uploads\/2018\/04\/blo-300x225.jpg 300w, https:\/\/echta-derminga.de\/wp-content\/uploads\/2018\/04\/blo-768x576.jpg 768w, https:\/\/echta-derminga.de\/wp-content\/uploads\/2018\/04\/blo-644x483.jpg 644w, https:\/\/echta-derminga.de\/wp-content\/uploads\/2018\/04\/blo.jpg 800w\" sizes=\"auto, (max-width: 300px) 100vw, 300px\" \/><p id=\"caption-attachment-1159\" class=\"wp-caption-text\">Leere Stellen auf dem Dirminger Friedhof<\/p><\/div>\n<p><strong>Mit dem Thema Sterben und Beerdigung besch\u00e4ftigt man sich in der Regel erst dann, wenn es unausweichlich ist. Meistens schiebt man das Thema auf die lange Bank und hofft das man, wenn es soweit ist, gen\u00fcgend Unterst\u00fctzung bei der Familie und den Freunden findet. Weil sich die meisten Menschen nicht gern mit dem Thema Beerdigungen besch\u00e4ftigen, gibt es in der Bestattungsbranche leider gen\u00fcgend Anbieter, die gut davon leben, dass niemand Fragen stellt. Dabei raten die Experten, sich bereits fr\u00fch mit dem Thema Vorsorge zu besch\u00e4ftigen. Der Tod eines nahen Menschen ist eine starke Belastung f\u00fcr die Angeh\u00f6rigen. Die Trauernden m\u00fcssen schnellstm\u00f6glich nach dem Tod ihres Angeh\u00f6rigen zeitnah eine Reihe von Entscheidungen treffen. Dabei spielt es eine gewichtige Rolle welche W\u00fcnsche des Verstorbenen beachtet werden m\u00fcssen, welche Kosten die bevorstehende Beerdigung betr\u00e4gt und nicht zuletzt welche Grabform gew\u00e4hlt werden muss. Oftmals bleibt f\u00fcr die Angeh\u00f6rigen nicht gen\u00fcgend Zeit um sich ausreichend zu informieren und in Ruhe alles zu kl\u00e4ren.<\/strong><\/p>\n<p>Der Dirminger Ortsrat befasst sich derzeit intensiv mit dem Thema Friedhof. Neben der uns\u00e4glichen Debatte \u00fcber die Anpassungen der Friedhofsgeb\u00fchren kommen weitaus schwieriger Entscheidungen auf das Gremium und die Gemeindeverwaltung zu. Aus Sicht der Kommunalpolitiker und der Gemeindeverwaltung muss die ganze Friedhofsanlage \u00fcberarbeitet werden. Dies ist in Anbetracht des klammen Finanzhaushaltes der Verwaltung keine leichte Aufgabe. In den letzten Jahren stieg die Zahl der Urnenbeisetzungen erheblich. Die Menschen haben ihren Frieden mit dieser Form der Beerdigungskultur gemacht. Die herk\u00f6mmliche Form der Erdbestattung hingegen gibt es immer weniger. Die Experten gehen heute davon aus, dass diese uralte Bestattungsform irgendwann abgeschafft wird.<\/p>\n<p><strong>F\u00fcr die Gemeindeverwaltung bedeutet dies, dass immer mehr Urnenw\u00e4nde gebaut werden m\u00fcssen. Auch die Zahl der Urnentiefengr\u00e4ber ist ansteigend und wird von Jahr zu Jahr beliebter. Auf der anderen Seite fordert diese Entwicklung ihren Tribut. In der Mitte unserer Friedhofsanlage klafft mittlerweile ein riesengro\u00dfes Loch. Die Zahl der Erdbestattungen reicht bei weitem nicht mehr aus um den Friedhof ausgewogen zu belegen.<\/strong><\/p>\n<p>Noch in diesem Jahr beginnen die Bauarbeiten f\u00fcr eine neue Urnenwand. Diese neue Wandreihe soll unmittelbar hinter die bestehende Urnenwand gebaut werden. Dies bedeutet auch, dass sich die zuk\u00fcnftige zentrale Belegungsfl\u00e4che des Friedhofes bald um die Einsegnungshalle konzentriert. In den n\u00e4chsten Jahren werden immer mehr freie Stellen auf unserem Friedhof entstehen. Was ist zu tun und wie wirken wir dieser Entwicklung entgegen? <strong>Die SPD Ortsratsfraktion hat nun, w\u00e4hrend einer Ortsratsbegehung auf dem Friedhof, einen neuen Vorschlag gemacht. Warum legen wir keine Baumfelder f\u00fcr Baumbestattungen an ?<\/strong><\/p>\n<div id=\"attachment_1157\" style=\"width: 310px\" class=\"wp-caption alignleft\"><img loading=\"lazy\" decoding=\"async\" aria-describedby=\"caption-attachment-1157\" class=\"wp-image-1157 size-medium\" src=\"https:\/\/echta-derminga.de\/wp-content\/uploads\/2018\/04\/spd-2-300x225.jpg\" alt=\"\" width=\"300\" height=\"225\" srcset=\"https:\/\/echta-derminga.de\/wp-content\/uploads\/2018\/04\/spd-2-300x225.jpg 300w, https:\/\/echta-derminga.de\/wp-content\/uploads\/2018\/04\/spd-2-768x576.jpg 768w, https:\/\/echta-derminga.de\/wp-content\/uploads\/2018\/04\/spd-2-644x483.jpg 644w, https:\/\/echta-derminga.de\/wp-content\/uploads\/2018\/04\/spd-2.jpg 800w\" sizes=\"auto, (max-width: 300px) 100vw, 300px\" \/><p id=\"caption-attachment-1157\" class=\"wp-caption-text\">Soweit das Auge reicht<\/p><\/div>\n<p>Das Thema Baumbestattung k\u00f6nnte eine echte Alternative f\u00fcr die Menschen in Dirmingen und nicht zuletzt auch f\u00fcr die Friedhofsanlage werden. Ohnehin ist die Anzahl der Beisetzungen in den deutschen Friedw\u00e4ldern rapide gestiegen. Diese Entwicklung k\u00f6nnten wir auch in Dirmingen nutzen. Machen wir uns nichts vor, einen echten Friedwald werden wir in Dirmingen nicht errichten k\u00f6nnen. Es gibt jedoch andere M\u00f6glichkeiten und eine wunderbare Alternative dazu. <strong>Wir k\u00f6nnten in Dirmingen zuk\u00fcnftig Baumbestattungen anbieten.<\/strong> Ganz nebenbei w\u00fcrden somit die gro\u00dfr\u00e4umigen leeren Fl\u00e4chen auf unserem Friedhof mit einem neuen sch\u00f6nen sogenannten \u201eBaumfeld\u201c geschm\u00fcckt.<\/p>\n<p>Eine Baumbestattung oder auch Waldbestattung, ist eine noch relativ neue Bestattungsart in Deutschland. Bei dieser Form der Bestattung wird die Asche des Verstorbenen im Wurzelbereich eines Baumes beigesetzt. Aufgrund der N\u00e4he zur Natur und dem Wegfall der Grabpflege, entscheiden sich immer mehr Menschen f\u00fcr diese Bestattungsform. In Deutschland gibt es mittlerweile zahlreiche Waldfriedh\u00f6fe mit unterschiedlichen M\u00f6glichkeiten, wie Familien- oder Freundschaftsb\u00e4umen<strong>. Die Baumbestattung wird aber auch immer mehr auf verschiedenen Friedh\u00f6fen erm\u00f6glicht. Diese bieten auf sogenannten Baumfeldern ebenfalls eine Beisetzung der Urne im Wurzelbereich an.<\/strong><\/p>\n<p>Wenn der Verstorbene zu Lebzeiten einen starken Bezug zur Natur hatte, w\u00e4hlen die Hinterbliebenen in der Regel die Baumbestattung f\u00fcr die Beisetzung der Urne. Die Angeh\u00f6rigen verbinden damit den Gedanken, dass die sterblichen Reste des Verstorbenen auf diese Weise schnell wieder in den Naturkreislauf zur\u00fcckgelangen. Um die Umwelt zu sch\u00fctzen, werden f\u00fcr diese Beisetzungsart spezielle Urnen verwendet. Die sogenannten Bio-Urnen werden aus \u00f6kologisch abbaubaren Materialien hergestellt. Eine solche Urne zerf\u00e4llt mit den Jahren in \u00f6kologisch unbedenkliche Bestandteile. F\u00fcr eine Baumbestattung kann aber auch eine Urne aus Holz verwendet werden. M\u00f6glichkeiten gibt es gen\u00fcgend!<\/p>\n<p><strong>Ich pers\u00f6nlich finde, dass die Form der Baumbestattung eine echte Alternative f\u00fcr Dirmingen darstellt. Ich glaube immer mehr Menschen werden zuk\u00fcnftig diese Form der Bestattung w\u00e4hlen. Nicht zuletzt, k\u00f6nnten wir unserem Friedhof ein neues Aussehen verleihen. Manchmal muss man sich von den alten traditionellen Gegebenheiten verabschieden. Wir m\u00fcssen uns \u00f6ffnen und den Zeitgeist annehmen. Ich finde diese neue Bestattungsform w\u00e4re eine echte Chance. Was ist schlecht daran neue Wege zu beschreiten ?<\/strong><\/p>\n<p>&nbsp;<\/p>\n","protected":false},"excerpt":{"rendered":"<p>Mit dem Thema Sterben und Beerdigung besch\u00e4ftigt man sich in der Regel erst dann, wenn es unausweichlich ist. Meistens schiebt man das Thema auf die lange Bank und hofft das man, wenn es soweit ist, gen\u00fcgend Unterst\u00fctzung bei der Familie und den Freunden findet. Weil sich die meisten Menschen nicht gern mit dem Thema Beerdigungen besch\u00e4ftigen, gibt es in der<\/p>\n","protected":false},"author":1,"featured_media":1153,"comment_status":"open","ping_status":"closed","sticky":false,"template":"","format":"standard","meta":{"_crdt_document":"","footnotes":""},"categories":[1,46],"tags":[199,202,200,203,204,201],"class_list":["post-1152","post","type-post","status-publish","format-standard","has-post-thumbnail","hentry","category-allgemein","category-meine-politik","tag-baumbestattung","tag-baumfeld","tag-friedhof-dirmingen","tag-ortsrat-dirmingen","tag-spd-ortsratsfraktion","tag-waldfried"],"_links":{"self":[{"href":"https:\/\/echta-derminga.de\/index.php?rest_route=\/wp\/v2\/posts\/1152","targetHints":{"allow":["GET"]}}],"collection":[{"href":"https:\/\/echta-derminga.de\/index.php?rest_route=\/wp\/v2\/posts"}],"about":[{"href":"https:\/\/echta-derminga.de\/index.php?rest_route=\/wp\/v2\/types\/post"}],"author":[{"embeddable":true,"href":"https:\/\/echta-derminga.de\/index.php?rest_route=\/wp\/v2\/users\/1"}],"replies":[{"embeddable":true,"href":"https:\/\/echta-derminga.de\/index.php?rest_route=%2Fwp%2Fv2%2Fcomments&post=1152"}],"version-history":[{"count":5,"href":"https:\/\/echta-derminga.de\/index.php?rest_route=\/wp\/v2\/posts\/1152\/revisions"}],"predecessor-version":[{"id":1163,"href":"https:\/\/echta-derminga.de\/index.php?rest_route=\/wp\/v2\/posts\/1152\/revisions\/1163"}],"wp:featuredmedia":[{"embeddable":true,"href":"https:\/\/echta-derminga.de\/index.php?rest_route=\/wp\/v2\/media\/1153"}],"wp:attachment":[{"href":"https:\/\/echta-derminga.de\/index.php?rest_route=%2Fwp%2Fv2%2Fmedia&parent=1152"}],"wp:term":[{"taxonomy":"category","embeddable":true,"href":"https:\/\/echta-derminga.de\/index.php?rest_route=%2Fwp%2Fv2%2Fcategories&post=1152"},{"taxonomy":"post_tag","embeddable":true,"href":"https:\/\/echta-derminga.de\/index.php?rest_route=%2Fwp%2Fv2%2Ftags&post=1152"}],"curies":[{"name":"wp","href":"https:\/\/api.w.org\/{rel}","templated":true}]}}