{"id":11544,"date":"2021-12-19T14:02:38","date_gmt":"2021-12-19T13:02:38","guid":{"rendered":"https:\/\/echta-derminga.de\/?p=11544"},"modified":"2022-03-31T12:56:07","modified_gmt":"2022-03-31T11:56:07","slug":"kann-ein-weihnachtssaeckchen-helfen-unsere-dorfgemeinschaft-aufzuwerten","status":"publish","type":"post","link":"https:\/\/echta-derminga.de\/?p=11544","title":{"rendered":"Kann ein &#8222;Weihnachtss\u00e4ckchen&#8220; helfen unsere Dorfgemeinschaft aufzuwerten ?"},"content":{"rendered":"\n<p class=\"has-medium-font-size wp-block-paragraph\"><strong>Nach der erfolgreichen &#8222;Wunschengelaktion&#8220; des vergangenen Jahres haben wir auch in diesem Jahr \u00fcberlegt, wie wir den Menschen unseres Dorfes eine Freude bereiten k\u00f6nnen. Dabei ging es uns darum das Miteinander und die Gemeinschaft in unserem Dorf zu f\u00f6rdern und zu heben. Einer Umfrage zufolge ist die Anzahl der Nachbarschaftsstreitereien im Saarland in den letzten Jahren enorm angestiegen. Die Zeiten haben sich ge\u00e4ndert und der Egoismus hat an \u00dcberhand gewonnen. Das Miteinander steht l\u00e4ngst nicht mehr im Vordergrund. &#8222;Was k\u00fcmmert mich mein Nachbar oder die Dorfgemeinschaft ?&#8220; oder &#8222;Alleine ergeht es mir doch viel besser und ich muss mich \u00fcber niemanden \u00e4rgern&#8220;. Ist das wirklich unsere Einstellung oder ist das alles \u00fcberhaupt nicht so schlimm wie man vielleicht annimmt ?<\/strong><\/p>\n\n\n\n<p class=\"has-medium-font-size wp-block-paragraph\">Im Laufe eines Jahres kommt es immer wieder vor, dass man sich \u00fcber einen Nachbarn oder die Menschen in seinem Heimatort \u00e4rgert. Dabei geht es ganz oft um die Lautst\u00e4rke oder um Grenzstreitigkeiten. Oftmals geht das gegenseitige Verst\u00e4ndnis und die Empathie f\u00fcr den anderen verloren. Wir k\u00f6nnen uns nicht vorstellen welche Sorgen den anderen Plagen und welche Probleme er vor sich herschiebt. Das &#8222;Wir-Gef\u00fchl&#8220; liegt am Boden und der Egoismus hat die Vorherrschaft.<\/p>\n\n\n\n<p class=\"has-medium-font-size wp-block-paragraph\"><strong>Dieser Einstellung gilt es mit der &#8222;Weihnachtss\u00e4ckchenaktion&#8220; entgegenzuwirken ! Lange haben wir \u00fcberlegt welchen Weg wir gehen und wie wir zu Weihnachten unser &#8222;Wir-Gef\u00fchl&#8220; aufwerten. Die rettende Idee kam schlie\u00dflich von Vera Spaniol, Edeltrud Reichert und Manuela Beicht. Die drei Damen vertreiben sich ihre Freizeit gerne mit N\u00e4hen und Stricken. Kurzum entstand aus diesem Hobby die Idee der &#8222;Weihnachtss\u00e4ckchen&#8220;. <\/strong><\/p>\n\n\n<div class=\"wp-block-image\">\n<figure class=\"aligncenter size-large\"><img loading=\"lazy\" decoding=\"async\" width=\"700\" height=\"423\" src=\"https:\/\/echta-derminga.de\/wp-content\/uploads\/2021\/12\/268780442_4620778671350155_4988129066751532717_n-700x423.jpg\" alt=\"\" class=\"wp-image-11551\" srcset=\"https:\/\/echta-derminga.de\/wp-content\/uploads\/2021\/12\/268780442_4620778671350155_4988129066751532717_n-700x423.jpg 700w, https:\/\/echta-derminga.de\/wp-content\/uploads\/2021\/12\/268780442_4620778671350155_4988129066751532717_n-300x181.jpg 300w, https:\/\/echta-derminga.de\/wp-content\/uploads\/2021\/12\/268780442_4620778671350155_4988129066751532717_n-768x464.jpg 768w, https:\/\/echta-derminga.de\/wp-content\/uploads\/2021\/12\/268780442_4620778671350155_4988129066751532717_n.jpg 960w\" sizes=\"auto, (max-width: 700px) 100vw, 700px\" \/><\/figure>\n<\/div>\n\n\n<p class=\"has-medium-font-size wp-block-paragraph\">F\u00fcr mich war es eine Selbstverst\u00e4ndlichkeit diese Aktion finanziell und mit aller Tatkraft zu unterst\u00fctzen. In k\u00fcrzester Zeit standen mir einige Helferinnen und Helfer zur Seite. Binnen weniger Tage sollten die &#8222;Weihnachtss\u00e4ckchen&#8220; jedem Dirminger Haushalt zur Verf\u00fcgung stehen. <\/p>\n\n\n\n<p class=\"has-medium-font-size wp-block-paragraph\"><strong>Die Idee: Jede oder Jeder sollte das &#8222;Weihnachtss\u00e4ckchen&#8220; mit einem kleinen Pr\u00e4sent f\u00fcllen und seinem Nachbarn schenken. Dabei ist es gar nicht wichtig wie wertvoll oder gro\u00df das Geschenk tats\u00e4chlich ist. Am Ende sollte alleine die Geste im Vordergrund stehen. Das &#8222;Weihnachtss\u00e4ckchen&#8220; kann Br\u00fccken schlagen, Solidarit\u00e4t schaffen, Grenzen \u00fcberwinden und Menschen zum einlenken bringen. Vielleicht ergibt es sich, dass sich Nachbarn nach vielen Jahren im Streit wieder die H\u00e4nde reichen. Vielleicht ergibt es sich, dass unsere Dorfgemeinschaft  von dieser kleinen Geste profitiert. Vielleicht ergibt es sich, dass wir alle wieder verst\u00e4rkt dieses &#8222;Wir-Gef\u00fchl&#8220; sp\u00fcren. Dabei spielt es keine Rolle ob dies in der Nachbarschaft, unter zerstrittenen Freunden oder unter vergessenen Bekannten zum Vorschein kommt.<\/strong><\/p>\n\n\n\n<p class=\"has-medium-font-size wp-block-paragraph\">Ich w\u00fcnsche mir, dass m\u00f6glichst viele Landsleute dieses &#8222;Weihnachtss\u00e4ckchen&#8220; als Chance annehmen und mitmachen. Gerade in dieser schwierigen Zeit voller Hass und Spaltung bietet das &#8222;Derminga Weihnachtss\u00e4ckchen&#8220; die M\u00f6glichkeit die Menschlichkeit in den Vordergrund zu r\u00fccken.<\/p>\n\n\n\n<p class=\"has-medium-font-size wp-block-paragraph\">Ganz herzlich danken m\u00f6chte ich der Mittelaltergruppe &#8222;Ars Vendi&#8220;, Vera Spaniol, Edeltrud Reichert, Manuela Beicht sowie allen Helferinnen und Helfern die beim Austeilen geholfen haben: Catherine und Benjamin R\u00f6diger, Vanessa Klein und Nils, Luca Heinen, Tobias Jung, Annika Klein, Michael Polotzek, Susanne Pesch, Stephan Br\u00fcck und auch dem Ortsrat Dirmingen, der meinem Vorschlag zur Unterst\u00fctzung dieser Aktion folgte.<\/p>\n\n\n\n<p class=\"has-medium-font-size wp-block-paragraph\"><strong>Ich w\u00fcnsche euch allen bei dieser &#8222;Derminga Weihnachtsaktion&#8220; einige wundersch\u00f6ne und unvergessliche Momente. Der Zauber des Schenkens soll eure Herzen mit W\u00e4rme erf\u00fcllen!<\/strong><\/p>\n\n\n<div class=\"wp-block-image\">\n<figure class=\"aligncenter size-large\"><img loading=\"lazy\" decoding=\"async\" width=\"700\" height=\"933\" src=\"https:\/\/echta-derminga.de\/wp-content\/uploads\/2021\/12\/20211214_203345-700x933.jpg\" alt=\"\" class=\"wp-image-11548\" srcset=\"https:\/\/echta-derminga.de\/wp-content\/uploads\/2021\/12\/20211214_203345-700x933.jpg 700w, https:\/\/echta-derminga.de\/wp-content\/uploads\/2021\/12\/20211214_203345-225x300.jpg 225w, https:\/\/echta-derminga.de\/wp-content\/uploads\/2021\/12\/20211214_203345-768x1024.jpg 768w, https:\/\/echta-derminga.de\/wp-content\/uploads\/2021\/12\/20211214_203345-1152x1536.jpg 1152w, https:\/\/echta-derminga.de\/wp-content\/uploads\/2021\/12\/20211214_203345-1536x2048.jpg 1536w, https:\/\/echta-derminga.de\/wp-content\/uploads\/2021\/12\/20211214_203345-scaled.jpg 1920w\" sizes=\"auto, (max-width: 700px) 100vw, 700px\" \/><\/figure>\n<\/div>","protected":false},"excerpt":{"rendered":"<p>Nach der erfolgreichen &#8222;Wunschengelaktion&#8220; des vergangenen Jahres haben wir auch in diesem Jahr \u00fcberlegt, wie wir den Menschen unseres Dorfes eine Freude bereiten k\u00f6nnen. Dabei ging es uns darum das Miteinander und die Gemeinschaft in unserem Dorf zu f\u00f6rdern und zu heben. Einer Umfrage zufolge ist die Anzahl der Nachbarschaftsstreitereien im Saarland in den letzten Jahren enorm angestiegen. Die Zeiten<\/p>\n","protected":false},"author":1,"featured_media":11547,"comment_status":"closed","ping_status":"closed","sticky":false,"template":"","format":"standard","meta":{"_crdt_document":"","footnotes":""},"categories":[1,9],"tags":[5,618,127,634,310],"class_list":["post-11544","post","type-post","status-publish","format-standard","has-post-thumbnail","hentry","category-allgemein","category-dorfgetratsche","tag-dirmingen","tag-gemeinde-eppelborn","tag-landkreis-neunkirchen","tag-ortsvorsteher","tag-saarland"],"_links":{"self":[{"href":"https:\/\/echta-derminga.de\/index.php?rest_route=\/wp\/v2\/posts\/11544","targetHints":{"allow":["GET"]}}],"collection":[{"href":"https:\/\/echta-derminga.de\/index.php?rest_route=\/wp\/v2\/posts"}],"about":[{"href":"https:\/\/echta-derminga.de\/index.php?rest_route=\/wp\/v2\/types\/post"}],"author":[{"embeddable":true,"href":"https:\/\/echta-derminga.de\/index.php?rest_route=\/wp\/v2\/users\/1"}],"replies":[{"embeddable":true,"href":"https:\/\/echta-derminga.de\/index.php?rest_route=%2Fwp%2Fv2%2Fcomments&post=11544"}],"version-history":[{"count":6,"href":"https:\/\/echta-derminga.de\/index.php?rest_route=\/wp\/v2\/posts\/11544\/revisions"}],"predecessor-version":[{"id":12489,"href":"https:\/\/echta-derminga.de\/index.php?rest_route=\/wp\/v2\/posts\/11544\/revisions\/12489"}],"wp:featuredmedia":[{"embeddable":true,"href":"https:\/\/echta-derminga.de\/index.php?rest_route=\/wp\/v2\/media\/11547"}],"wp:attachment":[{"href":"https:\/\/echta-derminga.de\/index.php?rest_route=%2Fwp%2Fv2%2Fmedia&parent=11544"}],"wp:term":[{"taxonomy":"category","embeddable":true,"href":"https:\/\/echta-derminga.de\/index.php?rest_route=%2Fwp%2Fv2%2Fcategories&post=11544"},{"taxonomy":"post_tag","embeddable":true,"href":"https:\/\/echta-derminga.de\/index.php?rest_route=%2Fwp%2Fv2%2Ftags&post=11544"}],"curies":[{"name":"wp","href":"https:\/\/api.w.org\/{rel}","templated":true}]}}