{"id":11796,"date":"2022-01-09T11:57:00","date_gmt":"2022-01-09T10:57:00","guid":{"rendered":"https:\/\/echta-derminga.de\/?p=11796"},"modified":"2022-01-09T11:57:02","modified_gmt":"2022-01-09T10:57:02","slug":"in-sachen-ortsvorsteher-von-hohen-pegelstaenden-vorbildlichen-sternsaengern-und-einem-tollen-jubelpaar","status":"publish","type":"post","link":"https:\/\/echta-derminga.de\/?p=11796","title":{"rendered":"In Sachen Ortsvorsteher: Von hohen Pegelst\u00e4nden, vorbildlichen Sterns\u00e4ngern und einem tollen Jubelpaar"},"content":{"rendered":"\n<p class=\"has-medium-font-size wp-block-paragraph\"><strong><em>In der Hoffnung, dass Sie alle gut und entspannt r\u00fcbergekommen sind, w\u00fcnsche ich allen B\u00fcrgerinnen und B\u00fcrgern ein frohes, gesundes und gesegnetes Jahr 2022.<\/em><\/strong><\/p>\n\n\n\n<p class=\"has-medium-font-size wp-block-paragraph\"><strong>F\u00fcr die Menschen unseres Heimatortes begann die erste Woche des neuen Jahres mit viel Aufregung. Am Dienstag, 04.Januar hatten die Pegelst\u00e4nde der Ill- und Alsbach eine besorgniserregende H\u00f6he gewonnen. Der L\u00f6schbezirk Dirmingen musste ausr\u00fccken und wichtige Hilfsma\u00dfnahmen leisten. Wieder mal konnten wir uns von der Einsatzbereitschaft und der Qualit\u00e4t unseres L\u00f6schbezirks \u00fcberzeugen. Das \u201eDrive- in- Testzentrum\u201c im Br\u00fchlpark musste aufgrund der Hochwassersituation kurzfristig geschlossen werden. Gemeinsam mit B\u00fcrgermeister Dr. Andreas Feld und Wehrf\u00fchrer Gro\u00df durfte ich mir ein genaues Bild der Lage in Dirmingen machen. Ich m\u00f6chte mich an dieser Stelle herzlich bei unserem L\u00f6schbezirk Dirmingen f\u00fcr die geleistete Arbeit bedanken.<\/strong><\/p>\n\n\n\n<figure class=\"wp-block-gallery has-nested-images columns-default is-cropped wp-block-gallery-1 is-layout-flex wp-block-gallery-is-layout-flex\">\n<figure class=\"wp-block-image size-large\"><img loading=\"lazy\" decoding=\"async\" width=\"700\" height=\"685\" data-id=\"11803\" src=\"https:\/\/echta-derminga.de\/wp-content\/uploads\/2022\/01\/270804949_4697031210391567_5491942421699193320_n-700x685.jpg\" alt=\"\" class=\"wp-image-11803\" srcset=\"https:\/\/echta-derminga.de\/wp-content\/uploads\/2022\/01\/270804949_4697031210391567_5491942421699193320_n-700x685.jpg 700w, https:\/\/echta-derminga.de\/wp-content\/uploads\/2022\/01\/270804949_4697031210391567_5491942421699193320_n-300x294.jpg 300w, https:\/\/echta-derminga.de\/wp-content\/uploads\/2022\/01\/270804949_4697031210391567_5491942421699193320_n-768x752.jpg 768w, https:\/\/echta-derminga.de\/wp-content\/uploads\/2022\/01\/270804949_4697031210391567_5491942421699193320_n.jpg 960w\" sizes=\"auto, (max-width: 700px) 100vw, 700px\" \/><\/figure>\n\n\n\n<figure class=\"wp-block-image size-large\"><img loading=\"lazy\" decoding=\"async\" width=\"700\" height=\"315\" data-id=\"11804\" src=\"https:\/\/echta-derminga.de\/wp-content\/uploads\/2022\/01\/271285998_4697031583724863_4296190740188991123_n-700x315.jpg\" alt=\"\" class=\"wp-image-11804\" srcset=\"https:\/\/echta-derminga.de\/wp-content\/uploads\/2022\/01\/271285998_4697031583724863_4296190740188991123_n-700x315.jpg 700w, https:\/\/echta-derminga.de\/wp-content\/uploads\/2022\/01\/271285998_4697031583724863_4296190740188991123_n-300x135.jpg 300w, https:\/\/echta-derminga.de\/wp-content\/uploads\/2022\/01\/271285998_4697031583724863_4296190740188991123_n-768x346.jpg 768w, https:\/\/echta-derminga.de\/wp-content\/uploads\/2022\/01\/271285998_4697031583724863_4296190740188991123_n.jpg 1420w\" sizes=\"auto, (max-width: 700px) 100vw, 700px\" \/><\/figure>\n\n\n\n<figure class=\"wp-block-image size-large\"><img loading=\"lazy\" decoding=\"async\" width=\"700\" height=\"315\" data-id=\"11805\" src=\"https:\/\/echta-derminga.de\/wp-content\/uploads\/2022\/01\/271180121_4697031347058220_9095265738392002931_n-700x315.jpg\" alt=\"\" class=\"wp-image-11805\" srcset=\"https:\/\/echta-derminga.de\/wp-content\/uploads\/2022\/01\/271180121_4697031347058220_9095265738392002931_n-700x315.jpg 700w, https:\/\/echta-derminga.de\/wp-content\/uploads\/2022\/01\/271180121_4697031347058220_9095265738392002931_n-300x135.jpg 300w, https:\/\/echta-derminga.de\/wp-content\/uploads\/2022\/01\/271180121_4697031347058220_9095265738392002931_n-768x346.jpg 768w, https:\/\/echta-derminga.de\/wp-content\/uploads\/2022\/01\/271180121_4697031347058220_9095265738392002931_n.jpg 1420w\" sizes=\"auto, (max-width: 700px) 100vw, 700px\" \/><\/figure>\n<\/figure>\n\n\n\n<blockquote class=\"wp-block-quote is-layout-flow wp-block-quote-is-layout-flow\"><p><strong>Die Weisen sind gegangen. Der Schall verklang, der Schein verging, der Alltag hat in jedem Ding nun wieder angefangen.<\/strong><\/p><p><strong>Der Wanderstern vergl\u00fchte, kein Engel spricht, kein Sch\u00e4fer rennt, und niemand beugt sich und erkennt die Gr\u00f6sse und die G\u00fcte.<\/strong><\/p><cite><strong>Gerhard Valentin, in: Blarr, Oskar Gottlieb, Ich singe dir ein Weihnachtslied, Strube Verlag VS 6315<\/strong><\/cite><\/blockquote>\n\n\n\n<p class=\"has-medium-font-size wp-block-paragraph\"><strong>Sternsingeraktion in der Pfarrei St. Wendalinus Dirmingen<\/strong><\/p>\n\n\n\n<p class=\"has-medium-font-size wp-block-paragraph\">Aufgrund der angespannten Pandemielage hat sich die Pfarreiengemeinschaft Eppelborn-Dirmingen auch in diesem Jahr dazu entschlossen, auf dass Spendensammeln an den Haust\u00fcren unseres Heimatortes zu verzichten. Unsere Sterns\u00e4nger h\u00e4tten sehr gerne ihren Segensspruch an ihre Haust\u00fcr geheftet. Leider verhindert die Pandemie auch in diesem Jahr den Hausbesuch der Sterns\u00e4nger. Die Pfarreiengemeinschaft Eppelborn-Dirmingen hat jedoch daf\u00fcr Sorge getragen, dass jede Spende abgegeben werden kann und jeder Haushalt auch seinen Segensaufkleber erh\u00e4lt. In Dirmingen werden auch in diesem Jahr wieder Spendenboxen und Segensaufkleber f\u00fcr die Haust\u00fcren ab dem 6. Januar bis Ende Januar 2022 an folgenden Standorten ausgelegt:<\/p>\n\n\n\n<div class=\"wp-block-group\"><div class=\"wp-block-group__inner-container is-layout-flow wp-block-group-is-layout-flow\">\n<p class=\"wp-block-paragraph\"><strong>1) &#8222;Schreiben und Schenken&#8220; Gordner \/ Marktplatz<\/strong><\/p>\n\n\n\n<p class=\"wp-block-paragraph\"><strong>2) Fris\u00f6r Astrid Molter \/ Marktplatz<\/strong><\/p>\n\n\n\n<p class=\"wp-block-paragraph\"><strong>3) Fris\u00f6r Sandra R\u00f6hrig \/ Illinger Stra\u00dfe<\/strong><\/p>\n\n\n\n<p class=\"wp-block-paragraph\"><strong>4) Fris\u00f6r Kani \/ Marktplatz<\/strong><\/p>\n\n\n\n<p class=\"wp-block-paragraph\"><strong>5) Bettina Floristik \/ Marktplatz<\/strong><\/p>\n\n\n\n<p class=\"wp-block-paragraph\"><strong>6) B\u00e4ckerei Bost \/ Marktplatz<\/strong><\/p>\n\n\n\n<p class=\"wp-block-paragraph\"><strong>7) Physiotherapie Andrea Reinhard \/ Lebacher Stra\u00dfe<\/strong><\/p>\n\n\n\n<p class=\"wp-block-paragraph\"><strong>8) Naturheilpraxis Feit \/ B\u00f6llinger Stra\u00dfe<\/strong><\/p>\n\n\n\n<p class=\"wp-block-paragraph\">\u00a0<strong>9) Baustoffe Hell \/ Zum Alten M\u00fchle<\/strong><\/p>\n\n\n\n<p class=\"wp-block-paragraph\"><strong>10) Apotheke Bungert \/ Zur Alten M\u00fchle<\/strong><\/p>\n\n\n\n<p class=\"wp-block-paragraph\"><strong>11) Prakt. \u00c4rztin Katrin Bungert \/ Zur Alten M\u00fchle<\/strong><\/p>\n\n\n\n<p class=\"wp-block-paragraph\"><strong>12) Dr. Ammar Ezzddin \/ Im Fritzeeck<\/strong><\/p>\n\n\n\n<p class=\"wp-block-paragraph\"><strong>13) B\u00fcro des Ortsvorstehers Frank Klein \/ Marktplatz<\/strong><\/p>\n\n\n\n<div class=\"wp-block-image\"><figure class=\"aligncenter size-large\"><img loading=\"lazy\" decoding=\"async\" width=\"700\" height=\"559\" src=\"https:\/\/echta-derminga.de\/wp-content\/uploads\/2022\/01\/20220109_110528-700x559.jpg\" alt=\"\" class=\"wp-image-11824\" srcset=\"https:\/\/echta-derminga.de\/wp-content\/uploads\/2022\/01\/20220109_110528-700x559.jpg 700w, https:\/\/echta-derminga.de\/wp-content\/uploads\/2022\/01\/20220109_110528-300x239.jpg 300w, https:\/\/echta-derminga.de\/wp-content\/uploads\/2022\/01\/20220109_110528-768x613.jpg 768w, https:\/\/echta-derminga.de\/wp-content\/uploads\/2022\/01\/20220109_110528.jpg 1000w\" sizes=\"auto, (max-width: 700px) 100vw, 700px\" \/><figcaption>Wir bitten um ihre Spenden.<\/figcaption><\/figure><\/div>\n<\/div><\/div>\n\n\n\n<p class=\"has-medium-font-size wp-block-paragraph\">W\u00e4hrend eines sch\u00f6nen themenbezogenen Gottesdienstes in der Evangelischen Kirche in Dirmingen bekam ich von den zust\u00e4ndigen Mitarbeitern des Pfarrgemeinderates eine Spendenbox \u00fcberreicht. Diese wird bis zum Ende der Aktion in meinem B\u00fcro f\u00fcr alle Spender\/innen zur Verf\u00fcgung stehen. Pfarrer i.R Siegfried Arneth lie\u00df w\u00e4hrend dieses Gottesdienstes zum evangelischen Epiphanias oder dem katholischen &#8222;Heiligen drei K\u00f6nige&#8220; ein passendes und auch nachdenkliches Lied singen. Vor Jahren w\u00e4re es kaum m\u00f6glich gewesen, dass die Sterns\u00e4nger einen evangelischen Gottesdienst besuchen und dort aktiv mitwirken. Ich finde diese Entwicklung gro\u00dfartig und lege gro\u00dfen Wert darauf diesen gemeinsamen Weg fortzuf\u00fchren. Selten arbeiteten unsere beiden Konfessionen so gut effektiv zusammen. Der gemeinsame Weg ist eine Bereicherung f\u00fcr unsere Dorfgemeinschaft. Ein herzliches Dankesch\u00f6n geht an die Pfarreiengemeinschaft Eppelborn-Dirmingen und insbesondere an den Pfarrgemeinderat unserer St. Wendalinusgemeinde, sowie alle Helferinnen und Helfer. Ein ganz besonderer Dank geht an die Kinder, die sich jedes Jahr selbstlos in den Dienst der guten Sache stellen. Kinder helfen Kindern- was gibt es sch\u00f6neres ?<\/p>\n\n\n\n<div class=\"wp-block-image\"><figure class=\"aligncenter size-large\"><img loading=\"lazy\" decoding=\"async\" width=\"700\" height=\"525\" src=\"https:\/\/echta-derminga.de\/wp-content\/uploads\/2022\/01\/koenige-700x525.jpg\" alt=\"\" class=\"wp-image-11808\" srcset=\"https:\/\/echta-derminga.de\/wp-content\/uploads\/2022\/01\/koenige-700x525.jpg 700w, https:\/\/echta-derminga.de\/wp-content\/uploads\/2022\/01\/koenige-300x225.jpg 300w, https:\/\/echta-derminga.de\/wp-content\/uploads\/2022\/01\/koenige-768x576.jpg 768w, https:\/\/echta-derminga.de\/wp-content\/uploads\/2022\/01\/koenige.jpg 1200w\" sizes=\"auto, (max-width: 700px) 100vw, 700px\" \/><figcaption>UNSERE Sternsinger 2022<\/figcaption><\/figure><\/div>\n\n\n\n<blockquote class=\"wp-block-quote is-layout-flow wp-block-quote-is-layout-flow\"><p><strong>Wie l\u00e4sst sich das vereinen: der Stern war da, der Engel rief, der Sch\u00e4fer mit den Weisen lief, und kniete vor dem Kleinen.<\/strong><\/p><p><strong>Auch sie sind nicht geblieben, die beiden mit dem kleinen Kind. Ob sie schon an der Grenze sind, gefl\u00fcchtet und vertrieben?<\/strong><\/p><p><strong>Was soll ich weiterfragen. Ich habe manches mitgemacht \u2013 wem trau ich mehr: der einen Nacht oder den vielen Tagen?<\/strong><\/p><cite><strong>Gerhard Valentin, in: Blarr, Oskar Gottlieb, Ich singe dir ein Weihnachtslied, Strube Verlag VS 6315<\/strong><\/cite><\/blockquote>\n\n\n\n<p class=\"has-medium-font-size wp-block-paragraph\"><strong>Herzlichen Gl\u00fcckwunsch zur Diamantenen Hochzeit<\/strong><\/p>\n\n\n\n<p class=\"has-medium-font-size wp-block-paragraph\">Gemeinsam mit B\u00fcrgermeister Dr. Andreas Feld durfte ich am Donnerstag, 06. Januar dem Jubelpaar Edith und Hans-Georg Glaser zur Diamantenen Hochzeit gratulieren. Dieses besondere Hochzeitsjubil\u00e4um bedeutet ein ganzes Leben in Vertrauen, Harmonie und Liebe. Gefeiert wurde unter den vorhandenen Hygienerichtlinien im kleinsten Familien -und Freundeskreis. Hans-Georg Glaser und seine liebe Frau Edith haben sich viele Jahrzehnte in verschiedenen Vereinen und Organisationen unseres Heimatortes ehrenamtlich beteiligt. Die aktive Teilnahme an unserer Dorfgemeinschaft war f\u00fcr das Ehepaar immer eine Selbstverst\u00e4ndlichkeit. Ich w\u00fcnsche dem Jubelpaar auch an dieser Stelle alles erdenklich Gute sowie viel Gl\u00fcck und Gesundheit. W\u00e4hrend ich als Ortsvorsteher die Gr\u00fc\u00dfe des Ortsrates \u00fcberbringen durfte, gratulierte unser B\u00fcrgermeister Dr. Andreas Feld im Namen seines Hauses, des Ministerpr\u00e4sidenten und des Landrates.<\/p>\n\n\n\n<div class=\"wp-block-image\"><figure class=\"aligncenter size-large\"><img loading=\"lazy\" decoding=\"async\" width=\"700\" height=\"700\" src=\"https:\/\/echta-derminga.de\/wp-content\/uploads\/2022\/01\/271604626_4702702986491056_5898602613994242973_n-700x700.jpg\" alt=\"\" class=\"wp-image-11811\" srcset=\"https:\/\/echta-derminga.de\/wp-content\/uploads\/2022\/01\/271604626_4702702986491056_5898602613994242973_n-700x700.jpg 700w, https:\/\/echta-derminga.de\/wp-content\/uploads\/2022\/01\/271604626_4702702986491056_5898602613994242973_n-300x300.jpg 300w, https:\/\/echta-derminga.de\/wp-content\/uploads\/2022\/01\/271604626_4702702986491056_5898602613994242973_n-150x150.jpg 150w, https:\/\/echta-derminga.de\/wp-content\/uploads\/2022\/01\/271604626_4702702986491056_5898602613994242973_n-768x768.jpg 768w, https:\/\/echta-derminga.de\/wp-content\/uploads\/2022\/01\/271604626_4702702986491056_5898602613994242973_n-90x90.jpg 90w, https:\/\/echta-derminga.de\/wp-content\/uploads\/2022\/01\/271604626_4702702986491056_5898602613994242973_n-75x75.jpg 75w, https:\/\/echta-derminga.de\/wp-content\/uploads\/2022\/01\/271604626_4702702986491056_5898602613994242973_n.jpg 1163w\" sizes=\"auto, (max-width: 700px) 100vw, 700px\" \/><figcaption>Herzlichen Gl\u00fcckwunsch an das Jubelpaar<\/figcaption><\/figure><\/div>\n\n\n\n<p class=\"has-medium-font-size wp-block-paragraph\"><strong>Eppelborner SaarL.Y.T.E treibt Glasfaserausbau voran!<\/strong><\/p>\n\n\n\n<p class=\"has-medium-font-size wp-block-paragraph\">Mit der Er\u00f6ffnung ihres B\u00fcros im Sp\u00e4tsommer des vergangenen Jahres hat das Unternehmen SaarL.Y.T.E erstmals auf sich aufmerksam gemacht. Gesch\u00e4ftsf\u00fchrer, Mergim Mucaj, Johannes Dib und Steffen Mai m\u00f6chten den fl\u00e4chendeckenden Glasfaserausbau in unserer Gemeinde vorantreiben. Aus eigener Erfahrung wei\u00df ich, dass dieses Thema auch vielen Dirmingerinnen und Dirminger am Herzen liegt. \u00d6fters werde ich nach dem aktuellen Stand der Dinge gefragt. Die Menschen in unserem Dorf sehnen sich nach einem schnellen Glasfaserausbau und der damit verbundenen schnelleren Internetverbindung. Im Juli des vergangenen Jahres wurde ein Kooperationsvereinbarung zwischen der Gemeinde und dem Unternehmen unterzeichnet. Im Januar 2022 sollen die die Arbeiten in Bubach-Calmesweiler beginnen. Der vorliegende Plan sieht vor, dass Dirmingen erst im Jahre 2025 an der Reihe w\u00e4re. In einem Gespr\u00e4ch mit der Gesch\u00e4ftsf\u00fchrung wurde mir jedoch versichert, dass zahlreiche Meldungen und Interessenbekundungen daf\u00fcr sorgen k\u00f6nnten, dass unser Dorf vielleicht doch vorher ber\u00fccksichtigt wird. Interessierte Kundinnen und Kunden k\u00f6nnen sich im Infocenter im &#8222;big Eppel&#8220; unverbindlich informieren und beraten lassen. Ich w\u00fcnsche dem Unternehmen weiterhin viel Erfolg und hoffe nat\u00fcrlich, dass Dirmingen am Ende doch fr\u00fcher zum Zuge kommt als bisher geplant. Nutzen Sie das lokale Angebot und die Vorteile, die das junge Unternehmen SaarL.Y.T.E zu bieten hat. Informationen finden sie auch unter <a href=\"http:\/\/www.saarlyte.de\">www.saarlyte.de<\/a><\/p>\n\n\n\n<p class=\"has-medium-font-size wp-block-paragraph\"><strong>Eppelborner B\u00fcrgerbus ist eine Bereicherung f\u00fcr unser Dorf<\/strong><\/p>\n\n\n\n<p class=\"has-medium-font-size wp-block-paragraph\">Der B\u00fcrgerbus liegt seit einiger Zeit im Trend und wird bereits in einigen Gemeinden erfolgreich angeboten. Von daher freue ich mich, dass B\u00fcrgermeister Dr. Feld diese Idee aufgegriffen und umgesetzt hat. Ein vor Ort organisierter Fahrdienst sorgt nun auch in der Gemeinde Eppelborn f\u00fcr die lokale Mobilit\u00e4t. Gerade f\u00fcr \u00e4ltere Menschen bietet der B\u00fcrgerbus mehr M\u00f6glichkeiten. Oft ist der Fahrweg zum Arzt oder zur Verwaltung ein Problem. Die Einf\u00fchrung des Eppelborner B\u00fcrgerbuses d\u00fcrfte f\u00fcr die Menschen in unserer Gemeinde eine echte Bereicherung sein. Wir sind froh, dass das Ministerium f\u00fcr Wirtschaft, Arbeit, Energie und Verkehr im Jahre 2020 unsere Gemeinde als Pilotkommune, f\u00fcr die die Umsetzung eines B\u00fcrgerbusprojektes ausgew\u00e4hlt hat. Eine Gruppe von etwa 20 Eppelborner B\u00fcrgern hat sich aktiv an den Planungen beteiligt und engagiert sich beim B\u00fcrgerbusprojekt als Fahrer oder im Telefondienst. Als Sprecher f\u00fcr das B\u00fcrgerbus-Team wurde Markus Baus gew\u00e4hlt. Er ist unter Tel.: 06881\/897956 Ansprechpartner f\u00fcr weitere Engagierte, die sich jederzeit melden k\u00f6nnen. Seit November des vergangenen Jahres ist der Bus im Einsatz. Die Fahrten f\u00fcr die Eppelborner B\u00fcrger werden dienstags und donnerstags im Zeitraum von 8.00 \u2013 18.00 Uhr angeboten. Jeweils am Vortrag m\u00fcssen sich die Fahrtg\u00e4ste telefonisch in der Zeit von 15.00 \u2013 16.30 Uhr mit ihren Fahrtw\u00fcnschen anmelden. Das Angebot ist f\u00fcr die Menschen in unserer Gemeinde kostenlos!<\/p>\n\n\n\n<div class=\"wp-block-image\"><figure class=\"aligncenter size-large\"><img loading=\"lazy\" decoding=\"async\" width=\"700\" height=\"420\" src=\"https:\/\/echta-derminga.de\/wp-content\/uploads\/2022\/01\/48_Buergerbus-3-Gross-700x420.jpg\" alt=\"\" class=\"wp-image-11813\" srcset=\"https:\/\/echta-derminga.de\/wp-content\/uploads\/2022\/01\/48_Buergerbus-3-Gross-700x420.jpg 700w, https:\/\/echta-derminga.de\/wp-content\/uploads\/2022\/01\/48_Buergerbus-3-Gross-300x180.jpg 300w, https:\/\/echta-derminga.de\/wp-content\/uploads\/2022\/01\/48_Buergerbus-3-Gross-768x461.jpg 768w, https:\/\/echta-derminga.de\/wp-content\/uploads\/2022\/01\/48_Buergerbus-3-Gross-1536x922.jpg 1536w, https:\/\/echta-derminga.de\/wp-content\/uploads\/2022\/01\/48_Buergerbus-3-Gross-500x300.jpg 500w, https:\/\/echta-derminga.de\/wp-content\/uploads\/2022\/01\/48_Buergerbus-3-Gross.jpg 1799w\" sizes=\"auto, (max-width: 700px) 100vw, 700px\" \/><figcaption>Quelle: Gemeinde Eppelborn<\/figcaption><\/figure><\/div>\n\n\n\n<p class=\"has-medium-font-size wp-block-paragraph\">Lieber Dirmingerinnen und Dirminger,<\/p>\n\n\n\n<p class=\"has-medium-font-size wp-block-paragraph\">auch das neue Jahr 2022 wird uns vor Herausforderungen und H\u00fcrden stellen. Gemeinsam werden wir diese jedoch hinter uns lassen k\u00f6nnen. Dabei ist es immer wieder wichtig, dass wir mit Aktionen das \u201eWir-Gef\u00fchl\u201c in unserem Heimatort heben. Am Samstag, 08. Januar fand zum wiederholten Male die Weihnachtsbaumabholaktion des SPD-Ortsvereins Dirmingen statt. Am Ende sorgten 14 engagierte M\u00e4nner und eine Frau f\u00fcr die Entsorgung der Weihnachtsb\u00e4ume in unserem Dorf. Vielen Dank an die Dirminger SPD f\u00fcr ihren Einsatz.<\/p>\n\n\n\n<figure class=\"wp-block-gallery has-nested-images columns-default is-cropped wp-block-gallery-2 is-layout-flex wp-block-gallery-is-layout-flex\">\n<figure class=\"wp-block-image size-large\"><img loading=\"lazy\" decoding=\"async\" width=\"1420\" height=\"640\" data-id=\"11799\" src=\"https:\/\/echta-derminga.de\/wp-content\/uploads\/2022\/01\/271645796_4708161475945207_4139269715710626144_n.jpg\" alt=\"\" class=\"wp-image-11799\" srcset=\"https:\/\/echta-derminga.de\/wp-content\/uploads\/2022\/01\/271645796_4708161475945207_4139269715710626144_n.jpg 1420w, https:\/\/echta-derminga.de\/wp-content\/uploads\/2022\/01\/271645796_4708161475945207_4139269715710626144_n-300x135.jpg 300w, https:\/\/echta-derminga.de\/wp-content\/uploads\/2022\/01\/271645796_4708161475945207_4139269715710626144_n-700x315.jpg 700w, https:\/\/echta-derminga.de\/wp-content\/uploads\/2022\/01\/271645796_4708161475945207_4139269715710626144_n-768x346.jpg 768w\" sizes=\"auto, (max-width: 1420px) 100vw, 1420px\" \/><\/figure>\n\n\n\n<figure class=\"wp-block-image size-large\"><img loading=\"lazy\" decoding=\"async\" width=\"1420\" height=\"640\" data-id=\"11800\" src=\"https:\/\/echta-derminga.de\/wp-content\/uploads\/2022\/01\/271708462_4708161622611859_1627075122701443647_n.jpg\" alt=\"\" class=\"wp-image-11800\" srcset=\"https:\/\/echta-derminga.de\/wp-content\/uploads\/2022\/01\/271708462_4708161622611859_1627075122701443647_n.jpg 1420w, https:\/\/echta-derminga.de\/wp-content\/uploads\/2022\/01\/271708462_4708161622611859_1627075122701443647_n-300x135.jpg 300w, https:\/\/echta-derminga.de\/wp-content\/uploads\/2022\/01\/271708462_4708161622611859_1627075122701443647_n-700x315.jpg 700w, https:\/\/echta-derminga.de\/wp-content\/uploads\/2022\/01\/271708462_4708161622611859_1627075122701443647_n-768x346.jpg 768w\" sizes=\"auto, (max-width: 1420px) 100vw, 1420px\" \/><\/figure>\n\n\n\n<figure class=\"wp-block-image size-large\"><img loading=\"lazy\" decoding=\"async\" width=\"960\" height=\"720\" data-id=\"11801\" src=\"https:\/\/echta-derminga.de\/wp-content\/uploads\/2022\/01\/271554898_4708161735945181_8259275901240464177_n.jpg\" alt=\"\" class=\"wp-image-11801\" srcset=\"https:\/\/echta-derminga.de\/wp-content\/uploads\/2022\/01\/271554898_4708161735945181_8259275901240464177_n.jpg 960w, https:\/\/echta-derminga.de\/wp-content\/uploads\/2022\/01\/271554898_4708161735945181_8259275901240464177_n-300x225.jpg 300w, https:\/\/echta-derminga.de\/wp-content\/uploads\/2022\/01\/271554898_4708161735945181_8259275901240464177_n-700x525.jpg 700w, https:\/\/echta-derminga.de\/wp-content\/uploads\/2022\/01\/271554898_4708161735945181_8259275901240464177_n-768x576.jpg 768w\" sizes=\"auto, (max-width: 960px) 100vw, 960px\" \/><\/figure>\n<figcaption class=\"blocks-gallery-caption\">Weihnachtsbaumabholaktion 2022<\/figcaption><\/figure>\n\n\n\n<p class=\"has-medium-font-size wp-block-paragraph\">Ehrenamtliches Engagement kann schon bei jedem einzelnen pers\u00f6nlich beginnen. Daf\u00fcr ben\u00f6tigt man nicht immer einen Verein oder eine Organisation. In der vergangenen Woche hat der Dirminger Hans-Werner Guth\u00f6rl zwei defekte historische Schauk\u00e4sten repariert und aufgewertet. Leider wurden diese K\u00e4sten im vergangenen Jahr vermehrt Opfer von Vandalismus und groben Unfugs. Ich m\u00f6chte Hans-Werner Guth\u00f6rl ganz herzlich f\u00fcr seinen ehrenamtlichen Arbeit in unserem Dorf danken. Dies ist ein gutes Zeichen gegen den Vandalismus in unserem Dorf. WIR lassen uns nicht unterkriegen !<\/p>\n\n\n\n<figure class=\"wp-block-gallery has-nested-images columns-default is-cropped wp-block-gallery-3 is-layout-flex wp-block-gallery-is-layout-flex\">\n<figure class=\"wp-block-image size-large\"><img loading=\"lazy\" decoding=\"async\" width=\"700\" height=\"525\" data-id=\"11817\" src=\"https:\/\/echta-derminga.de\/wp-content\/uploads\/2022\/01\/271427086_4703450129749675_5538360457384385656_n-700x525.jpg\" alt=\"\" class=\"wp-image-11817\" srcset=\"https:\/\/echta-derminga.de\/wp-content\/uploads\/2022\/01\/271427086_4703450129749675_5538360457384385656_n-700x525.jpg 700w, https:\/\/echta-derminga.de\/wp-content\/uploads\/2022\/01\/271427086_4703450129749675_5538360457384385656_n-300x225.jpg 300w, https:\/\/echta-derminga.de\/wp-content\/uploads\/2022\/01\/271427086_4703450129749675_5538360457384385656_n-768x576.jpg 768w, https:\/\/echta-derminga.de\/wp-content\/uploads\/2022\/01\/271427086_4703450129749675_5538360457384385656_n.jpg 960w\" sizes=\"auto, (max-width: 700px) 100vw, 700px\" \/><\/figure>\n\n\n\n<figure class=\"wp-block-image size-large\"><img loading=\"lazy\" decoding=\"async\" width=\"700\" height=\"525\" data-id=\"11818\" src=\"https:\/\/echta-derminga.de\/wp-content\/uploads\/2022\/01\/271360376_4703450346416320_8034146155469396140_n-700x525.jpg\" alt=\"\" class=\"wp-image-11818\" srcset=\"https:\/\/echta-derminga.de\/wp-content\/uploads\/2022\/01\/271360376_4703450346416320_8034146155469396140_n-700x525.jpg 700w, https:\/\/echta-derminga.de\/wp-content\/uploads\/2022\/01\/271360376_4703450346416320_8034146155469396140_n-300x225.jpg 300w, https:\/\/echta-derminga.de\/wp-content\/uploads\/2022\/01\/271360376_4703450346416320_8034146155469396140_n-768x576.jpg 768w, https:\/\/echta-derminga.de\/wp-content\/uploads\/2022\/01\/271360376_4703450346416320_8034146155469396140_n.jpg 960w\" sizes=\"auto, (max-width: 700px) 100vw, 700px\" \/><\/figure>\n\n\n\n<figure class=\"wp-block-image size-large\"><img loading=\"lazy\" decoding=\"async\" width=\"700\" height=\"525\" data-id=\"11819\" src=\"https:\/\/echta-derminga.de\/wp-content\/uploads\/2022\/01\/271540358_4703450236416331_8044339455627631124_n-700x525.jpg\" alt=\"\" class=\"wp-image-11819\" srcset=\"https:\/\/echta-derminga.de\/wp-content\/uploads\/2022\/01\/271540358_4703450236416331_8044339455627631124_n-700x525.jpg 700w, https:\/\/echta-derminga.de\/wp-content\/uploads\/2022\/01\/271540358_4703450236416331_8044339455627631124_n-300x225.jpg 300w, https:\/\/echta-derminga.de\/wp-content\/uploads\/2022\/01\/271540358_4703450236416331_8044339455627631124_n-768x576.jpg 768w, https:\/\/echta-derminga.de\/wp-content\/uploads\/2022\/01\/271540358_4703450236416331_8044339455627631124_n.jpg 960w\" sizes=\"auto, (max-width: 700px) 100vw, 700px\" \/><\/figure>\n<figcaption class=\"blocks-gallery-caption\">Ehrenamtliches Engagement kann sich sehen lassen !<\/figcaption><\/figure>\n\n\n\n<p class=\"has-medium-font-size wp-block-paragraph\"><strong>Ich w\u00fcnsche Ihnen eine unbeschwerte und gesegnete Zeit in den Kreisen ihrer Lieben, Familien und Bekannten. Blicken Sie zuversichtlich und mutig in die Zukunft. Ich bin \u00fcberzeugt davon, dass am Ende alles gut wird. Sollte es noch nicht gut sein, ist es noch nicht zu Ende.<\/strong><\/p>\n\n\n\n<p class=\"has-medium-font-size wp-block-paragraph\"><strong>Bitte achten sie auf ihre Gesundheit und bleiben Sie immer sch\u00f6n heimattreu\u2018<\/strong><\/p>\n\n\n\n<p class=\"has-medium-font-size wp-block-paragraph\"><strong><em>Ihr Ortsvorsteher<\/em><\/strong><\/p>\n\n\n\n<p class=\"has-medium-font-size wp-block-paragraph\"><em><strong>Frank Klein<\/strong><\/em><\/p>\n","protected":false},"excerpt":{"rendered":"<p>In der Hoffnung, dass Sie alle gut und entspannt r\u00fcbergekommen sind, w\u00fcnsche ich allen B\u00fcrgerinnen und B\u00fcrgern ein frohes, gesundes und gesegnetes Jahr 2022. F\u00fcr die Menschen unseres Heimatortes begann die erste Woche des neuen Jahres mit viel Aufregung. Am Dienstag, 04.Januar hatten die Pegelst\u00e4nde der Ill- und Alsbach eine besorgniserregende H\u00f6he gewonnen. Der L\u00f6schbezirk Dirmingen musste ausr\u00fccken und wichtige<\/p>\n","protected":false},"author":1,"featured_media":11808,"comment_status":"open","ping_status":"closed","sticky":false,"template":"","format":"standard","meta":{"_crdt_document":"","footnotes":""},"categories":[1,9,812],"tags":[5,85,618,568,127,634,795,310],"class_list":["post-11796","post","type-post","status-publish","format-standard","has-post-thumbnail","hentry","category-allgemein","category-dorfgetratsche","category-ortsvorsteher-dirmingen","tag-dirmingen","tag-evangelische-kirche-dirmingen","tag-gemeinde-eppelborn","tag-katholische-kirchengemeinde","tag-landkreis-neunkirchen","tag-ortsvorsteher","tag-ortsvorsteher-dirmingen","tag-saarland"],"_links":{"self":[{"href":"https:\/\/echta-derminga.de\/index.php?rest_route=\/wp\/v2\/posts\/11796","targetHints":{"allow":["GET"]}}],"collection":[{"href":"https:\/\/echta-derminga.de\/index.php?rest_route=\/wp\/v2\/posts"}],"about":[{"href":"https:\/\/echta-derminga.de\/index.php?rest_route=\/wp\/v2\/types\/post"}],"author":[{"embeddable":true,"href":"https:\/\/echta-derminga.de\/index.php?rest_route=\/wp\/v2\/users\/1"}],"replies":[{"embeddable":true,"href":"https:\/\/echta-derminga.de\/index.php?rest_route=%2Fwp%2Fv2%2Fcomments&post=11796"}],"version-history":[{"count":20,"href":"https:\/\/echta-derminga.de\/index.php?rest_route=\/wp\/v2\/posts\/11796\/revisions"}],"predecessor-version":[{"id":11830,"href":"https:\/\/echta-derminga.de\/index.php?rest_route=\/wp\/v2\/posts\/11796\/revisions\/11830"}],"wp:featuredmedia":[{"embeddable":true,"href":"https:\/\/echta-derminga.de\/index.php?rest_route=\/wp\/v2\/media\/11808"}],"wp:attachment":[{"href":"https:\/\/echta-derminga.de\/index.php?rest_route=%2Fwp%2Fv2%2Fmedia&parent=11796"}],"wp:term":[{"taxonomy":"category","embeddable":true,"href":"https:\/\/echta-derminga.de\/index.php?rest_route=%2Fwp%2Fv2%2Fcategories&post=11796"},{"taxonomy":"post_tag","embeddable":true,"href":"https:\/\/echta-derminga.de\/index.php?rest_route=%2Fwp%2Fv2%2Ftags&post=11796"}],"curies":[{"name":"wp","href":"https:\/\/api.w.org\/{rel}","templated":true}]}}