{"id":1185,"date":"2018-04-26T20:17:34","date_gmt":"2018-04-26T19:17:34","guid":{"rendered":"http:\/\/echta-derminga.de\/?p=1185"},"modified":"2018-04-26T21:28:12","modified_gmt":"2018-04-26T20:28:12","slug":"das-kreuz-mit-dem-kreuz-vom-irrglauben-besser-als-die-anderen-zu-sein","status":"publish","type":"post","link":"https:\/\/echta-derminga.de\/?p=1185","title":{"rendered":"Das Kreuz mit dem Kreuz \u2013 Vom Irrglauben besser als die anderen zu sein!"},"content":{"rendered":"<p><strong>Seit meinem 8. Lebensjahr trage ich ein kleines Kreuz um meinen Hals. Irgendwie geh\u00f6rt das Teil zu mir und ich k\u00e4me nie auf die Idee es abzustreifen. Manchmal nehme ich das kleine goldene Kreuz in meine Hand und frage mich warum ich mich nicht davon trennen kann. Eigentlich ist es ein Kreuz mit dem Kreuz! F\u00fcr die Christen hingegen ist das Kreuz ein Zeichen des Sieges. Jesus hat den Tot besiegt. Mit seinem Tot am Kreuz hat Jesus gezeigt, wie weit er bereit war zu gehen, um uns aus unserer Schuld zu befreien. Das Kreuz als Symbol hat sich im Laufe der Jahrhunderte durchgesetzt und wurde mehr und mehr zum Spielball von Macht und Politik.<\/strong><\/p>\n<p>In der Bibel finden wir kein Indiz daf\u00fcr, dass Christen ein Kreuz tragen oder aufstellen m\u00fcssen. Fakt ist, dass sich das Kreuz erst um das Jahr 400, nach Christus, als Symbol behauptete. F\u00fcr die Ur-Christen war das Fischsymbol viel wichtiger und wurde gerade in Zeiten der Verfolgung benutzt. Mittlerweile denke ich die Menschen tragen ein Kreuz, weil ihnen die Kraft fehlt ihr eigenes Kreuz des Lebens selbst zu tragen. Im Kreuz finden Christen Kraft und Hoffnung. Dabei ist es nicht einmal belegt, dass Christus an einem Kreuz verstorben ist. Wissenschaftler gehen davon aus, dass Jesus an einem Stamm oder Pfahl seinen Tot fand. In manchen Bibel\u00fcbersetzungen wird auf das griechische Wort \u201estaur\u00f3s\u201c hingewiesen. In der griechischen \u00dcbersetzung wird damit lediglich ein aufrechter Stamm oder Pfahl bezeichnet. Sp\u00e4ter wurde das Wort auch als Bezeichnung f\u00fcr einen Hinrichtungspfahl benutzt, an dem ein Querbalken angebracht war.<\/p>\n<p>Ich pers\u00f6nlich trage ein Kreuz um den Hals, weil ich mir w\u00fcnsche das es Gott gibt und ich an etwas Gutes Glauben m\u00f6chte. Au\u00dferdem verbinde ich mit diesem kleinen, pers\u00f6nlichen Geschenk auch ein St\u00fcck Kindheit. Jeder muss f\u00fcr sich selbst entscheiden ob er gl\u00e4ubig ist und ob er dies auch offen zeigen m\u00f6chte. Muss man es \u00fcberhaupt zeigen? Nat\u00fcrlich nicht! Jeder hat die Freiheit zu Glauben und zu machen was er m\u00f6chte. Nat\u00fcrlich sollte man dabei nicht die Grenzen des anderen \u00fcberschreiten. Aber genau hier f\u00e4ngt das Dilemma mit dem Kreuz an.<\/p>\n<p><strong>Der neue bayerische Ministerpr\u00e4sident Markus S\u00f6der, greift nun in seinem Bundesland durch: Ab sofort werden wieder Kreuze in alle \u00f6ffentlichen Geb\u00e4ude in Bayern aufgeh\u00e4ngt! Gem\u00e4\u00df dem Motto: &#8222;Denen&#8220; zeigen wir, wer unser Leben bestimmt wird das christliche Symbol als Zeichen der Macht und des m\u00e4chtigen Abendlandes missbraucht. Markus S\u00f6der vertritt die Meinung, dass dies ein, Zitat: &#8222;klares Bekenntnis zu unserer bayerischen Identit\u00e4t und christlichen Werten&#8220; darstellt. Nun gilt der Bayer im Allgemeinen nicht gerade als Leisetreter, jedoch ein Kreuz als Bekenntnis zur bayerischen Identit\u00e4t zu benutzen finde ich pers\u00f6nlich doch ein wenig \u00fcbertrieben. Bisher vertrat ich die Meinung, dass es sich bei dem Kreuz um ein christliches Symbol handelte?!\u00a0<\/strong><strong>Der EKD-Ratsvorsitzende Heinrich Bedford-Strohm sagte k\u00fcrzlich:\u201c Niemand darf ein religi\u00f6ses Symbol wie das Kreuz f\u00fcr politische Zwecke missbrauchen\u201c. Diese These wird durch Pfarrer Heiko Kuschel von der evangelischen Kirche untermauert: \u201eDas Kreuz ist kein Traditionssymbol bayrischer Identit\u00e4t. Es steht f\u00fcr das Christentum. Es taugt nicht als politisches Symbol f\u00fcr Ausgrenzung. Wer heute noch im Zeichen des Kreuzes andere bek\u00e4mpft statt ihnen zu helfen, hat den christlichen Glauben nicht verstanden\u201c.<\/strong><\/p>\n<p>Stimmt, ich sehe das genauso!! Dabei spielt das Kruzifix, also Kreuz mit Christusfigur, in der evangelischen Kirche keine so gewichtige Rolle wie in der katholischen Kirche. In ganz alten evangelischen Kirchen, wie zum Beispiel in unserer evangelischen Kirche in Dirmingen, h\u00e4ngen diese Kreuze noch aus alter Tradition. Die Darstellung des gekreuzigten Jesus ist jedoch eher in katholischen Kirchen \u00fcblich. In der evangelischen Kirche hingegen ist das Kreuz ohne Christusfigur als Symbol f\u00fcr den auferstandenen Jesus viel h\u00e4ufiger vorhanden. Im Prinzip ist es jedoch ganz egal welches Kreuz wo h\u00e4ngt und wer auf welche Traditionen setzt. Ich habe ein Problem damit, dass wir nicht mehr selbst entscheiden k\u00f6nnen was richtig oder falsch f\u00fcr unser eigenes Leben ist. In unserem Land herrscht doch Religionsfreiheit und zudem auch noch Meinungsfreiheit. Warum glauben wir, dass nur wir die richtigen Antworten auf die Fragen der Zeit haben? Ist das nicht furchtbar arrogant? Bei diesem Gedanken f\u00e4llt mir das Lied \u201eSt\u00fcck vom Himmel\u201c von Herbert Gr\u00f6nemeyer ein:<\/p>\n<p><strong>\u201eEin St\u00fcck vom Himmel,ein Platz von Gott,ein Stuhl im Orbit,wir sitzen alle in einem Boot! Hier ist dein Haus,hier ist was z\u00e4hlt. Du bist \u00fcberdacht von einer grandiosen Welt. Religionen sind zu schonen, sie sind f\u00fcr Moral gemacht. Da ist nicht eine hehre Lehre,kein Gott hat kl\u00fcger gedacht,ist im Vorteil, im Vorteil.\u201c(Liedtext: Gr\u00f6nemeyer)<\/strong><\/p>\n<p>Sind wir tats\u00e4chlich im Vorteil oder w\u00e4re es nicht besser gemeinsam mit anderen die Zukunft zu gestalten. Die j\u00fcngsten Ereignisse in unserem Land machen mich echt nachdenklich! Eine Ethik-Kommission entscheidet, dass zwei Rapper mit antisemitischen, homophoben und frauenfeindlichen Texten einen der gr\u00f6\u00dften Musikpreise \u00fcberreicht bekommen. Unfassbar! Was mich jedoch ebenfalls beunruhig ist das Verhalten der anderen Seite. Die These: \u201eWer nicht mit uns ist, ist gegen uns\u201c kann es nicht funktionieren! Es kann nicht sein, dass Promis \u00f6ffentlich in Kritik geraten nur weil sie nicht klare Kante zeigen oder nicht gleich ihren ECHO zur\u00fcckgeben. Das ist der falsche Weg! Lasst uns vielmehr den rechten Hetzern das Handwerk legen! \u00dcberhaupt scheint der alte Judenhass in unserem Land wieder aufzuflackern. Dabei wurde in der Vergangenheit nicht nur das Kreuz, sondern auch Martin Luther und seine Thesen von den falschen Machtmenschen missbraucht. Es ist kein Geheimnis, dass Luther zu seiner Zeit ein bekennender Gegner der Juden war. Die Evangelische Kirche bezeichnet diese Tatsache noch heute als dunkles Kapitel. Die Haltung des Reformators zu den Juden war besch\u00e4mend. Auf der anderen Seite war Luther ein Kind seiner Zeit. Wie w\u00fcrde er heute reagieren, wenn er w\u00fcsste, dass sich viele Jahrhunderte sp\u00e4ter ein NS-Regime auf ihn beruft? \u00a0Auch wenn es keine Verbindung zu den Nazis gibt, bleibt Luthers Judenhass f\u00fcr die evangelische Kirche ein schwieriges Erbe. Wann lernen wir endlich das Glaubensfreiheit in unserem Gesetzbuch verankert ist? Ich m\u00f6chte mich nicht mehr damit besch\u00e4ftigen m\u00fcssen wer eine Kippa tr\u00e4gt, eine Burka anzieht oder wo ein Kreuz aufgeh\u00e4ngt werden muss. Dies sollte in unserer heutigen Zeit eine Selbstverst\u00e4ndlichkeit sein!<\/p>\n<p><strong>\u201eWelche Armee ist heilig? Du glaubst nicht besser als ich! Bibel ist nicht zum Einigeln, die Erde ist unsere Pflicht! Sie ist freundlich, freundlich -wir eher nicht. Welches Ideal heiligt die Mittel? Wer l\u00f6scht jetzt den Brand? Legionen von Kreuzrittern haben sich blindw\u00fctig verrannt. Alles unendlich, warum unendlich\u201c? (Liedtext: Gr\u00f6nemeyer)<\/strong><\/p>\n<p>Es ist unser Land und wenn wir uns nicht irgendwann vor unseren Kindern sch\u00e4men m\u00f6chten, m\u00fcssen wir die Grundwerte und Tugenden unserer ureigenen Zivilisation wieder ernstnehmen. Niemand kann etwas f\u00fcr seine Herkunft. Der Geburtsort ist reiner Zufall! Der Liedermacher Wolf Biermann sagte einmal<strong>: \u201eEs ist ganz egal an was ein Mensch glaubt, wichtig ist, dass er glaubt\u201c.<\/strong> Wenn wir ein freies Land sein m\u00f6chten, wird es Zeit dies zu beweisen. Lasst uns leben und leben lassen. Glaubensfreiheit zu gew\u00e4hren ist eine Form des Respekts.<\/p>\n<p><strong>\u201eEs gibt keinen Feind, es gibt keinen Sieg. Nichts kann niemand verleiden, keiner hat sein Leben verdient. Es gibt genug f\u00fcr alle, es gibt viel schnelles Geld, wir haben raue Mengen, und wir teilen diese Welt, und wir stehen in der Pflicht. Ein St\u00fcck vom Himmel, der Platz von Gott. Es gibt Milliarden Farben, und jede ist ein eigenes Rot. Hier ist dein Heim, dies unsere Zeit. Wir machen vieles richtig, doch wir machen&#8217;s uns nicht leicht Dies ist mein Haus, dies ist mein Ziel&#8220;. (Liedtext: Gr\u00f6nemeyer)<\/strong><\/p>\n<p><strong>Wer nichts beweist, der beweist schon verdammt viel.<\/strong><\/p>\n<p>In der vergangenen Woche habe ich mein kleines Kreuz verloren. Ich glaube fest daran, dass ich es wiederfinden werde und der Glaube versetzt bekanntlich Berge !<\/p>\n","protected":false},"excerpt":{"rendered":"<p>Seit meinem 8. Lebensjahr trage ich ein kleines Kreuz um meinen Hals. Irgendwie geh\u00f6rt das Teil zu mir und ich k\u00e4me nie auf die Idee es abzustreifen. Manchmal nehme ich das kleine goldene Kreuz in meine Hand und frage mich warum ich mich nicht davon trennen kann. Eigentlich ist es ein Kreuz mit dem Kreuz! F\u00fcr die Christen hingegen ist<\/p>\n","protected":false},"author":1,"featured_media":1190,"comment_status":"open","ping_status":"closed","sticky":false,"template":"","format":"standard","meta":{"_crdt_document":"","footnotes":""},"categories":[1,47],"tags":[91,75,211,210,212],"class_list":["post-1185","post","type-post","status-publish","format-standard","has-post-thumbnail","hentry","category-allgemein","category-meine-kirche","tag-christen","tag-evangelische-kirche","tag-kirche-dirmingen","tag-kreuz","tag-religionsfreiheit"],"_links":{"self":[{"href":"https:\/\/echta-derminga.de\/index.php?rest_route=\/wp\/v2\/posts\/1185","targetHints":{"allow":["GET"]}}],"collection":[{"href":"https:\/\/echta-derminga.de\/index.php?rest_route=\/wp\/v2\/posts"}],"about":[{"href":"https:\/\/echta-derminga.de\/index.php?rest_route=\/wp\/v2\/types\/post"}],"author":[{"embeddable":true,"href":"https:\/\/echta-derminga.de\/index.php?rest_route=\/wp\/v2\/users\/1"}],"replies":[{"embeddable":true,"href":"https:\/\/echta-derminga.de\/index.php?rest_route=%2Fwp%2Fv2%2Fcomments&post=1185"}],"version-history":[{"count":2,"href":"https:\/\/echta-derminga.de\/index.php?rest_route=\/wp\/v2\/posts\/1185\/revisions"}],"predecessor-version":[{"id":1188,"href":"https:\/\/echta-derminga.de\/index.php?rest_route=\/wp\/v2\/posts\/1185\/revisions\/1188"}],"wp:featuredmedia":[{"embeddable":true,"href":"https:\/\/echta-derminga.de\/index.php?rest_route=\/wp\/v2\/media\/1190"}],"wp:attachment":[{"href":"https:\/\/echta-derminga.de\/index.php?rest_route=%2Fwp%2Fv2%2Fmedia&parent=1185"}],"wp:term":[{"taxonomy":"category","embeddable":true,"href":"https:\/\/echta-derminga.de\/index.php?rest_route=%2Fwp%2Fv2%2Fcategories&post=1185"},{"taxonomy":"post_tag","embeddable":true,"href":"https:\/\/echta-derminga.de\/index.php?rest_route=%2Fwp%2Fv2%2Ftags&post=1185"}],"curies":[{"name":"wp","href":"https:\/\/api.w.org\/{rel}","templated":true}]}}