{"id":11860,"date":"2022-01-16T13:26:55","date_gmt":"2022-01-16T12:26:55","guid":{"rendered":"https:\/\/echta-derminga.de\/?p=11860"},"modified":"2022-01-16T13:32:26","modified_gmt":"2022-01-16T12:32:26","slug":"der-turmhahn-historischer-blick-ueber-das-dorf","status":"publish","type":"post","link":"https:\/\/echta-derminga.de\/?p=11860","title":{"rendered":"Was erz\u00e4hlt uns der Turmhahn &#8211; Historischer Blick \u00fcber das Dorf"},"content":{"rendered":"\n<p class=\"has-medium-font-size wp-block-paragraph\"><strong>Besuch des Turmhahns der evangelischen Kirche zu Dirmingen in den H\u00e4usern der Gemeinde vom 06.- 09. August 1936<\/strong><\/p>\n\n\n\n<p class=\"has-medium-font-size wp-block-paragraph\"><strong>Der evangelischen Pfarrer Wilhelm Engel hat uns mit seinen beiden B\u00fcchern wichtige Zeitdokumente hinterlassen. <\/strong><\/p>\n\n\n\n<p class=\"has-medium-font-size wp-block-paragraph\"><strong>In seinem Werk &#8222;Gedenket den vorigen Tagen&#8220; finden wir den &#8222;Besuch des Turmhahns&#8220; aus dem Jahre 1936. In diesen phantasievollen Zeilen werden  wichtige Hinweise \u00fcber die Geschichte unseres Heimatortes verdeutlicht. <\/strong><\/p>\n\n\n\n<p class=\"has-text-align-center has-large-font-size wp-block-paragraph\"><strong><em>Der Turmhahn<\/em><\/strong><\/p>\n\n\n\n<p class=\"has-text-align-center has-white-color has-primary-background-color has-text-color has-background has-medium-font-size wp-block-paragraph\">Gr\u00fc\u00df Gott, ihr meine lieben Leut, f\u00fcrwahr, ein seltner Gast kommt heut ! Ich komm -ihr seht es mir doch an &#8211; als euer alter Kirchturmhahn.<\/p>\n\n\n\n<p class=\"has-text-align-center has-white-color has-primary-background-color has-text-color has-background has-medium-font-size wp-block-paragraph\">Ich bin schon hundertneunzig Jahr und lebe noch ! trotz mancher G&#8217;fahr, in die ich- hoch ob eurer Welt- auf meinen Kirchturm bin gestellt.<\/p>\n\n\n\n<p class=\"has-text-align-center has-white-color has-primary-background-color has-text-color has-background has-medium-font-size wp-block-paragraph\">Schon manchmal war ich operiert, mit Flicken vielerlei geziert; am rechten Fu\u00df hab ich den Sporn zu meinem gro\u00dfen Leid verlor &#8217;n<\/p>\n\n\n\n<p class=\"has-text-align-center has-white-color has-primary-background-color has-text-color has-background has-medium-font-size wp-block-paragraph\">den Bart hat mir der Rost verzehrt, was \u00fcbrig ist, ist nichts mehr wert. Mein Schwanz steht noch zu meiner Freud, er ist auch manchmal schon erneut.<\/p>\n\n\n\n<p class=\"has-text-align-center has-white-color has-primary-background-color has-text-color has-background has-medium-font-size wp-block-paragraph\">Am schlimmsten ist mein Leib getroffen: klaffend steht eine Wunde offen. Hier schlug einst eine Kugel ein, es sollt mein letztes St\u00fcndlein sein.<\/p>\n\n\n\n<p class=\"has-text-align-center has-white-color has-primary-background-color has-text-color has-background has-medium-font-size wp-block-paragraph\">Oh weh! Ich wackelte gar sehr, es dreht&#8216; die Welt sich um mich her. Jedoch als kampfgewohnter Mann nahm ich bald stramme Haltung an, lie\u00df Wunde immer Wunde sein und schaut&#8216; in euer Dorf hinein.<\/p>\n\n\n\n<p class=\"has-text-align-center has-white-color has-primary-background-color has-text-color has-background has-medium-font-size wp-block-paragraph\">Fast jeden kenn&#8216; ich von dem Tag, da er in wei\u00dfem Kissen lag, und man in einem frohen Zug ihn hin zur heil &#8218;gen Taufe trug.<\/p>\n\n\n\n<p class=\"has-text-align-center has-white-color has-primary-background-color has-text-color has-background has-medium-font-size wp-block-paragraph\">Und als ihr wurdet konfirmiert, sah ich euch rosmariengeziert, mit neuen Kleidern angetan, vom Pfarrhaus her zur Kirche nahen, Und waren um kaum ein paar Jahr, kamt ihr schon zu dem Traualtar. <\/p>\n\n\n\n<p class=\"has-text-align-center has-white-color has-primary-background-color has-text-color has-background has-medium-font-size wp-block-paragraph\">Den Poschdevatter, den alten Mann, sah ich, als er ein Kind noch, an. Wie lang kommt aus dem Velteshaus der Veltes Vatter schon heraus.<\/p>\n\n\n\n<p class=\"has-text-align-center has-white-color has-primary-background-color has-text-color has-background has-medium-font-size wp-block-paragraph\">Die Kamme Mamme schon als Kind lief durch das Dorf, wie heut, geschwind. Ich sah schon ihrer Ahnen viel, am Lebensanfang und am Ziel, als man sie senkte tief hinab, zur letzten Ruh&#8216; ins Erdengrab.<\/p>\n\n\n\n<p class=\"has-text-align-center has-white-color has-primary-background-color has-text-color has-background has-medium-font-size wp-block-paragraph\">Ich merkt&#8216; auf meinem hohen Sitz, wie Menschenwitz und Aberwitz und alles, was so stolz dasteht, einmal wie Staub und Rauch verweht.<\/p>\n\n\n\n<p class=\"has-text-align-center has-white-color has-primary-background-color has-text-color has-background has-medium-font-size wp-block-paragraph\">Am Sonntag wohnte ich stets treu, dem Preis der Ehre Gottes bei. Ich stimmte mit der ganzen G&#8217;mein in jedes Lob- und Danklied ein. Ich rief mit ihr aus Leid und Weh zum Herre Christ das Kyrie.<\/p>\n\n\n\n<p class=\"has-text-align-center has-white-color has-primary-background-color has-text-color has-background has-medium-font-size wp-block-paragraph\">Ich sehe jeden mir recht an, der sich zu Gottes Wort will nah&#8217;n und freu&#8216; mich, wenn in dichten Reih&#8217;n ihr tretet in das Kirchlein ein.<\/p>\n\n\n\n<p class=\"has-text-align-center has-white-color has-primary-background-color has-text-color has-background has-medium-font-size wp-block-paragraph\">Ihr Exweiler tut mir oft leid; denn euer Kirchweg ist recht weit. Doch m\u00fc\u00dft durch Regen ihr und Sturm, so denkt an mich auf meinem Turm.<\/p>\n\n\n\n<p class=\"has-text-align-center has-white-color has-primary-background-color has-text-color has-background has-medium-font-size wp-block-paragraph\">Ihr Berschweiler seid besser dran; ein guter Weg f\u00fchrt euch heran, und wenn es gar nicht anders geht, der Jochem zur Verf\u00fcgung steht.<\/p>\n\n\n\n<p class=\"has-text-align-center has-white-color has-primary-background-color has-text-color has-background has-medium-font-size wp-block-paragraph\">Wie war&#8217;s bei euern V\u00e4tern noch ! die mussten durch manch Wasserloch, durch Lehm und Schlick hierher sich nah&#8217;n wahrhaftig, ihr seid besser dran.<\/p>\n\n\n\n<p class=\"has-text-align-center has-white-color has-primary-background-color has-text-color has-background has-medium-font-size wp-block-paragraph\">Ob ihr darum auch flei\u00dfig kommt, wie es dem rechten Christen frommt ? Du Jakob, Hannickel und Velten, Marie, Lies, Katt -kommt ihr nur selten, oder kommt ihr allzeit mit Freuden, sooft die lieben Glocken l\u00e4uten ?<\/p>\n\n\n\n<p class=\"has-text-align-center has-white-color has-primary-background-color has-text-color has-background has-medium-font-size wp-block-paragraph\">Die Glocken sind mir herzlich Freund, weil wir auf einem Turm vereint; sie riefen aus dem Glockenturm bald Frieden, aber auch bald Sturm, wie \u00fcber Wald und Feld und Rain bald Regen ging, bald Sonnenschein.<\/p>\n\n\n\n<p class=\"has-text-align-center has-white-color has-primary-background-color has-text-color has-background has-medium-font-size wp-block-paragraph\">Wie oft sah in dem Lauf der Zeiten zur Saat und Ernte ich euch schreiten, wie es nach Gottes Wort ja geht, solange unsere Erde steht.<\/p>\n\n\n\n<p class=\"has-text-align-center has-white-color has-primary-background-color has-text-color has-background has-medium-font-size wp-block-paragraph\">Ich seh&#8216; auch schon seit hundert Jahren den Bergmann in die Grube fahren; zu Fu\u00df ging&#8217;s erst, dann mit der Bahn, jetzt ist auch schon das Auto dran.<\/p>\n\n\n\n<p class=\"has-text-align-center has-white-color has-primary-background-color has-text-color has-background has-medium-font-size wp-block-paragraph\">Oft denk&#8216; ich, wie soll&#8217;s weiter gehn ? Schon kann ich ja die Menschen sehn im Flugzeug \u00fcber mich hinschweben! Was werd&#8216; ich alles noch erleben !<\/p>\n\n\n\n<p class=\"has-text-align-center has-white-color has-primary-background-color has-text-color has-background has-medium-font-size wp-block-paragraph\">Doch ich hab Zeit ! &#8211; macht mich nur sch\u00f6n, so will ich wieder oben stehn auf meinem hocherhob&#8217;nen Sitz in Sonne, Regen, Sturm und Blitz, und ihr seht mich von unten an! So bin ich euer Kirchturmhahn.<\/p>\n\n\n\n<p class=\"has-medium-font-size wp-block-paragraph\"><strong>Beim lesen dieses Gedichtes wird mir immer wieder klar, wie verg\u00e4nglich doch unser Dasein auf dieser wunderbaren Erde ist. Wir alle sind nur ein kleiner Sandkorn am Strand des Lebens.<\/strong> <strong>Es gibt Dinge auf diesem Planeten die uns alle \u00fcberleben werden. Manchmal tut Demut gut !<\/strong><\/p>\n\n\n\n<div class=\"wp-block-image\"><figure class=\"aligncenter size-full\"><img loading=\"lazy\" decoding=\"async\" width=\"640\" height=\"858\" src=\"https:\/\/echta-derminga.de\/wp-content\/uploads\/2022\/01\/han-1.jpg\" alt=\"\" class=\"wp-image-11869\" srcset=\"https:\/\/echta-derminga.de\/wp-content\/uploads\/2022\/01\/han-1.jpg 640w, https:\/\/echta-derminga.de\/wp-content\/uploads\/2022\/01\/han-1-224x300.jpg 224w\" sizes=\"auto, (max-width: 640px) 100vw, 640px\" \/><\/figure><\/div>\n","protected":false},"excerpt":{"rendered":"<p>Besuch des Turmhahns der evangelischen Kirche zu Dirmingen in den H\u00e4usern der Gemeinde vom 06.- 09. August 1936 Der evangelischen Pfarrer Wilhelm Engel hat uns mit seinen beiden B\u00fcchern wichtige Zeitdokumente hinterlassen. In seinem Werk &#8222;Gedenket den vorigen Tagen&#8220; finden wir den &#8222;Besuch des Turmhahns&#8220; aus dem Jahre 1936. In diesen phantasievollen Zeilen werden wichtige Hinweise \u00fcber die Geschichte unseres<\/p>\n","protected":false},"author":1,"featured_media":11877,"comment_status":"open","ping_status":"closed","sticky":false,"template":"","format":"standard","meta":{"_crdt_document":"","footnotes":""},"categories":[1,9,8],"tags":[5,85,618,968,127,310],"class_list":["post-11860","post","type-post","status-publish","format-standard","has-post-thumbnail","hentry","category-allgemein","category-dorfgetratsche","category-sellemols-und-awweile","tag-dirmingen","tag-evangelische-kirche-dirmingen","tag-gemeinde-eppelborn","tag-kirchturmhahn","tag-landkreis-neunkirchen","tag-saarland"],"_links":{"self":[{"href":"https:\/\/echta-derminga.de\/index.php?rest_route=\/wp\/v2\/posts\/11860","targetHints":{"allow":["GET"]}}],"collection":[{"href":"https:\/\/echta-derminga.de\/index.php?rest_route=\/wp\/v2\/posts"}],"about":[{"href":"https:\/\/echta-derminga.de\/index.php?rest_route=\/wp\/v2\/types\/post"}],"author":[{"embeddable":true,"href":"https:\/\/echta-derminga.de\/index.php?rest_route=\/wp\/v2\/users\/1"}],"replies":[{"embeddable":true,"href":"https:\/\/echta-derminga.de\/index.php?rest_route=%2Fwp%2Fv2%2Fcomments&post=11860"}],"version-history":[{"count":12,"href":"https:\/\/echta-derminga.de\/index.php?rest_route=\/wp\/v2\/posts\/11860\/revisions"}],"predecessor-version":[{"id":11879,"href":"https:\/\/echta-derminga.de\/index.php?rest_route=\/wp\/v2\/posts\/11860\/revisions\/11879"}],"wp:featuredmedia":[{"embeddable":true,"href":"https:\/\/echta-derminga.de\/index.php?rest_route=\/wp\/v2\/media\/11877"}],"wp:attachment":[{"href":"https:\/\/echta-derminga.de\/index.php?rest_route=%2Fwp%2Fv2%2Fmedia&parent=11860"}],"wp:term":[{"taxonomy":"category","embeddable":true,"href":"https:\/\/echta-derminga.de\/index.php?rest_route=%2Fwp%2Fv2%2Fcategories&post=11860"},{"taxonomy":"post_tag","embeddable":true,"href":"https:\/\/echta-derminga.de\/index.php?rest_route=%2Fwp%2Fv2%2Ftags&post=11860"}],"curies":[{"name":"wp","href":"https:\/\/api.w.org\/{rel}","templated":true}]}}