{"id":11935,"date":"2022-01-23T13:29:52","date_gmt":"2022-01-23T12:29:52","guid":{"rendered":"https:\/\/echta-derminga.de\/?p=11935"},"modified":"2022-01-23T14:17:33","modified_gmt":"2022-01-23T13:17:33","slug":"in-sachen-ortsvorsteher-von-einkaufszentren-einer-impfaktion-und-der-picobello-sammelaktion","status":"publish","type":"post","link":"https:\/\/echta-derminga.de\/?p=11935","title":{"rendered":"In Sachen Ortsvorsteher: Von geplanten Einkaufszentren, einer Impfaktion und der picobello-Sammelaktion"},"content":{"rendered":"\n<p class=\"has-medium-font-size wp-block-paragraph\">Eine emotionale Sitzungswoche liegt hinter den Mitgliedern des Orts- und Gemeinderates. Die Pl\u00e4ne zum Neubau eines Einkaufszentrums am \u201eHierscheider Graben\u201c zwischen Eppelborn und Hierscheid haben auch in Dirmingen f\u00fcr Unruhe gesorgt. Ich kann Ihnen versichern, dass sich die f\u00fcr Dirmingen zust\u00e4ndige Projektleitung \u201eRatisbona\u201c auf ihrem Weg befindet. Der geplante Bau eins Einkaufszentrums am \u201eHierscheider Graben\u201c sollte jedoch nicht mit dem Neubau eines Verbrauchermarktes in Dirmingen in Verbindung gebracht werden. Besonders in den sozialen Medien wird derzeit emotional und teilweise auch mit harter Klinge diskutiert. Die Vermutung, dass die Investitionen am \u201eHierscheider Graben\u201c ein Sargnagel f\u00fcr die Dirminger Pl\u00e4ne bedeuten w\u00fcrden, entziehen sich jeder Grundlage. Vielmehr wurde der Bau des Dirminger NETTO-Marktes in ein entsprechendes Einzelhandelsgutachten und in die \u00dcberlegungen der Verwaltungsspitze mit einbezogen. Nat\u00fcrlich kann jedes Bauvorhaben auf seinem Weg irgendwann auch einmal ins Stocken geraten oder Scheitern. Immerhin m\u00fcssen bis zu einem Neubau zahlreiche H\u00fcrden genommen werden. Dabei muss man den verwaltungstechnischen Ablauf der Tr\u00e4ger \u00f6ffentlicher Belange ebenso mit einbeziehen, wie z.B die Abwicklung von privaten Grundst\u00fccken. Hinzu geh\u00f6rt die Pr\u00fcfung eines Bodengutachtens, eines L\u00e4rmschutzgutachtes oder auch die Einrichtung von Retentionsm\u00f6glichkeiten. Das alles ben\u00f6tigte Zeit, die man auch gerne einmal w\u00e4hrend seiner Arbeit falsch einsch\u00e4tzen kann. Nat\u00fcrlich sind wir bez\u00fcglich des Neubaus unseres Verbrauchermarktes etwas in Verzug geraten. Ich kann die Ungeduld nachvollziehen und w\u00fcrde mir ebenfalls w\u00fcnschen, dass wir einen Schritt weiterw\u00e4ren. Wir befinden uns jedoch in einem laufenden Verfahren, in dem jede zust\u00e4ndige Beh\u00f6rde ihre Zeit ben\u00f6tigt. Die Entwicklung des Verfahrens wird au\u00dferdem von den Auswirkungen der anhaltenden Pandemie ausgebremst. W\u00e4hrend eines solchen Bauprojektes muss vieles beachtet und umgesetzt werden. Dabei kommen auch Dinge zum Vorschein die man vorher nicht in Betracht ziehen konnte. Nicht zuletzt geht es auch um private Interessen mit denen man respektvoll umgehen sollte. Ich stehe im engen Kontakt mit B\u00fcrgermeister Dr. Feld und bin bez\u00fcglich des Baus unseres Verbrauchermarktes weiterhin zuversichtlich. Auch die Mitarbeiter unserer Verwaltung machen eine gute Arbeit und befinden sich im st\u00e4ndigen Austausch mit dem Projektleiter. Bei allem Verst\u00e4ndnis sollten wir Ruhe und Besonnenheit bewahren.<\/p>\n\n\n\n<figure class=\"wp-block-gallery has-nested-images columns-default is-cropped wp-block-gallery-1 is-layout-flex wp-block-gallery-is-layout-flex\">\n<figure class=\"wp-block-image size-large\"><img loading=\"lazy\" decoding=\"async\" width=\"700\" height=\"385\" data-id=\"11945\" src=\"https:\/\/echta-derminga.de\/wp-content\/uploads\/2022\/01\/dorf-700x385-1.png\" alt=\"\" class=\"wp-image-11945\" srcset=\"https:\/\/echta-derminga.de\/wp-content\/uploads\/2022\/01\/dorf-700x385-1.png 700w, https:\/\/echta-derminga.de\/wp-content\/uploads\/2022\/01\/dorf-700x385-1-300x165.png 300w\" sizes=\"auto, (max-width: 700px) 100vw, 700px\" \/><\/figure>\n\n\n\n<figure class=\"wp-block-image size-large\"><img loading=\"lazy\" decoding=\"async\" width=\"700\" height=\"445\" data-id=\"11946\" src=\"https:\/\/echta-derminga.de\/wp-content\/uploads\/2022\/01\/271850735_1019158928942164_1561595005832904684_n-1-700x445.jpg\" alt=\"\" class=\"wp-image-11946\" srcset=\"https:\/\/echta-derminga.de\/wp-content\/uploads\/2022\/01\/271850735_1019158928942164_1561595005832904684_n-1-700x445.jpg 700w, https:\/\/echta-derminga.de\/wp-content\/uploads\/2022\/01\/271850735_1019158928942164_1561595005832904684_n-1-300x191.jpg 300w, https:\/\/echta-derminga.de\/wp-content\/uploads\/2022\/01\/271850735_1019158928942164_1561595005832904684_n-1-768x488.jpg 768w, https:\/\/echta-derminga.de\/wp-content\/uploads\/2022\/01\/271850735_1019158928942164_1561595005832904684_n-1.jpg 1000w\" sizes=\"auto, (max-width: 700px) 100vw, 700px\" \/><\/figure>\n<\/figure>\n\n\n\n<p class=\"has-medium-font-size wp-block-paragraph\"><strong>2. Dirminger Impfaktion in der Dirminger Borrwieshalle<\/strong><\/p>\n\n\n\n<p class=\"has-medium-font-size wp-block-paragraph\">Am Mittwoch, 19. Dezember fand in der Borrwieshalle eine weitere Impfaktion statt. Die Praxis von Dr. Ezzddin f\u00fchrte Erst-Zweit- und Booster Impfungen durch. Die Aktion wurde gut angenommen wobei der gr\u00f6\u00dfte Ansturm bereits hinter uns liegt. Ich m\u00f6chte mich herzlich bei Dr. Ezzdin und seinem Team bedanken. Vielen Dank auch an meine ehrenamtlichen Helferinnen und Helfer Catherine R\u00f6diger und Ralf Urmoneit. Auch unserer Verwaltung um B\u00fcrgermeister Dr. Andreas Feld und den Mitarbeitern der Haustechnik m\u00f6chte ich f\u00fcr die Unterst\u00fctzung danken. Im Kampf gegen die immer noch vorherrschende Pandemie wurde in Dirmingen bereits vieles geleistet. Ich freue mich, dass zahlreiche Menschen erneut unser Angebot angenommen haben.<\/p>\n\n\n\n<figure class=\"wp-block-gallery has-nested-images columns-default is-cropped wp-block-gallery-2 is-layout-flex wp-block-gallery-is-layout-flex\">\n<figure class=\"wp-block-image size-large\"><img loading=\"lazy\" decoding=\"async\" width=\"700\" height=\"479\" data-id=\"11938\" src=\"https:\/\/echta-derminga.de\/wp-content\/uploads\/2022\/01\/272023322_4751283021633052_8160100986684679932_n-700x479.jpg\" alt=\"\" class=\"wp-image-11938\" srcset=\"https:\/\/echta-derminga.de\/wp-content\/uploads\/2022\/01\/272023322_4751283021633052_8160100986684679932_n-700x479.jpg 700w, https:\/\/echta-derminga.de\/wp-content\/uploads\/2022\/01\/272023322_4751283021633052_8160100986684679932_n-300x205.jpg 300w, https:\/\/echta-derminga.de\/wp-content\/uploads\/2022\/01\/272023322_4751283021633052_8160100986684679932_n-768x526.jpg 768w, https:\/\/echta-derminga.de\/wp-content\/uploads\/2022\/01\/272023322_4751283021633052_8160100986684679932_n.jpg 960w\" sizes=\"auto, (max-width: 700px) 100vw, 700px\" \/><\/figure>\n\n\n\n<figure class=\"wp-block-image size-large\"><img loading=\"lazy\" decoding=\"async\" width=\"700\" height=\"511\" data-id=\"11939\" src=\"https:\/\/echta-derminga.de\/wp-content\/uploads\/2022\/01\/272106878_4751282878299733_1291774265270504316_n-700x511.jpg\" alt=\"\" class=\"wp-image-11939\" srcset=\"https:\/\/echta-derminga.de\/wp-content\/uploads\/2022\/01\/272106878_4751282878299733_1291774265270504316_n-700x511.jpg 700w, https:\/\/echta-derminga.de\/wp-content\/uploads\/2022\/01\/272106878_4751282878299733_1291774265270504316_n-300x219.jpg 300w, https:\/\/echta-derminga.de\/wp-content\/uploads\/2022\/01\/272106878_4751282878299733_1291774265270504316_n-768x561.jpg 768w, https:\/\/echta-derminga.de\/wp-content\/uploads\/2022\/01\/272106878_4751282878299733_1291774265270504316_n.jpg 870w\" sizes=\"auto, (max-width: 700px) 100vw, 700px\" \/><\/figure>\n\n\n\n<figure class=\"wp-block-image size-large\"><img loading=\"lazy\" decoding=\"async\" width=\"700\" height=\"543\" data-id=\"11940\" src=\"https:\/\/echta-derminga.de\/wp-content\/uploads\/2022\/01\/272106084_4751277888300232_2211807769783999901_n-1-700x543.jpg\" alt=\"\" class=\"wp-image-11940\" srcset=\"https:\/\/echta-derminga.de\/wp-content\/uploads\/2022\/01\/272106084_4751277888300232_2211807769783999901_n-1-700x543.jpg 700w, https:\/\/echta-derminga.de\/wp-content\/uploads\/2022\/01\/272106084_4751277888300232_2211807769783999901_n-1-300x233.jpg 300w, https:\/\/echta-derminga.de\/wp-content\/uploads\/2022\/01\/272106084_4751277888300232_2211807769783999901_n-1-768x595.jpg 768w, https:\/\/echta-derminga.de\/wp-content\/uploads\/2022\/01\/272106084_4751277888300232_2211807769783999901_n-1.jpg 1000w\" sizes=\"auto, (max-width: 700px) 100vw, 700px\" \/><\/figure>\n<\/figure>\n\n\n\n<p class=\"has-medium-font-size wp-block-paragraph\"><strong>Saarland picobello- Aktion in Dirmingen<\/strong><\/p>\n\n\n\n<p class=\"has-medium-font-size wp-block-paragraph\">Das Thema Umweltverschmutzung spielt auch in unserem Heimatort eine gewichtige Rolle. W\u00f6chentlich m\u00fcssen wir uns \u00fcber unz\u00e4hlige Vergehen \u00e4rgern. Auf der anderen Seite gibt es viele Landsleute, die sich aktiv einsetzen und den Umwelts\u00fcndern den Kampf angesagt haben. Nach einem Jahr Corona bedingter Pause findet nun am 18.\/19. M\u00e4rz 2022 die j\u00e4hrliche picobello Sammelaktion des Saarlandes statt. Vereine, Organisationen und auch B\u00fcrgerinnen und B\u00fcrger, die sich an der Aktion beteiligen m\u00f6chten, k\u00f6nnen sich bei mir unter 06827\/800780 oder per Mail unter <a href=\"mailto:kleinfranki@t-online.de\">kleinfranki@t-online.de<\/a> anmelden.<\/p>\n\n\n\n<figure class=\"wp-block-gallery has-nested-images columns-default is-cropped wp-block-gallery-3 is-layout-flex wp-block-gallery-is-layout-flex\">\n<figure class=\"wp-block-image size-large\"><img loading=\"lazy\" decoding=\"async\" width=\"960\" height=\"722\" data-id=\"9548\" src=\"https:\/\/echta-derminga.de\/wp-content\/uploads\/2021\/05\/178158406_3911192385642124_4918362066713008991_n.jpg\" alt=\"\" class=\"wp-image-9548\" srcset=\"https:\/\/echta-derminga.de\/wp-content\/uploads\/2021\/05\/178158406_3911192385642124_4918362066713008991_n.jpg 960w, https:\/\/echta-derminga.de\/wp-content\/uploads\/2021\/05\/178158406_3911192385642124_4918362066713008991_n-300x226.jpg 300w, https:\/\/echta-derminga.de\/wp-content\/uploads\/2021\/05\/178158406_3911192385642124_4918362066713008991_n-700x526.jpg 700w, https:\/\/echta-derminga.de\/wp-content\/uploads\/2021\/05\/178158406_3911192385642124_4918362066713008991_n-768x578.jpg 768w\" sizes=\"auto, (max-width: 960px) 100vw, 960px\" \/><\/figure>\n\n\n\n<figure class=\"wp-block-image size-large\"><img loading=\"lazy\" decoding=\"async\" width=\"368\" height=\"310\" data-id=\"11949\" src=\"https:\/\/echta-derminga.de\/wp-content\/uploads\/2022\/01\/picobello22-600x325-3.jpg\" alt=\"\" class=\"wp-image-11949\" srcset=\"https:\/\/echta-derminga.de\/wp-content\/uploads\/2022\/01\/picobello22-600x325-3.jpg 368w, https:\/\/echta-derminga.de\/wp-content\/uploads\/2022\/01\/picobello22-600x325-3-300x253.jpg 300w\" sizes=\"auto, (max-width: 368px) 100vw, 368px\" \/><\/figure>\n<\/figure>\n\n\n\n<p class=\"has-medium-font-size wp-block-paragraph\"><strong>Stra\u00dfensch\u00e4den sorgen f\u00fcr erheblichen \u00c4rgernis<\/strong><\/p>\n\n\n\n<p class=\"has-medium-font-size wp-block-paragraph\">Durch den Wechsel von Frost und N\u00e4sse kommt kommt es auf unseren Stra\u00dfen immer wieder zu Sprengung der vorhandenen Asphaltschicht. Wenn Autos wiederholt \u00fcber den gel\u00f6sten Asphalt fahren, kommt es zu den bekannten Schlagl\u00f6chern. Jedes Jahr im Winter entstehen auf unseren Stra\u00dfen neue Sch\u00e4den. Nat\u00fcrlich fehlt es auch unserer Gemeinde an Geld und Arbeitskraft um alle Schlagl\u00f6cher umgehen zu beseitigen. Wir befinden uns, wie eine Vielzahl anderer Kommunen, in einem gewissen Sanierunsgstau. Ich bitte hier wirklich um Verst\u00e4ndnis f\u00fcr die Mitarbeiter der Verwaltung. Nat\u00fcrlich m\u00fcssen diese Schlagl\u00f6cher systematisch beseitigt werden. Die Gefahr f\u00fcr die Verkehrsteilnehmer und auch insbesondere f\u00fcr Fu\u00dfg\u00e4nger ist erheblich. In Dirmingen gibt es einige Stra\u00dfen in denen es gr\u00f6\u00dfere Stra\u00dfensch\u00e4den gibt. Die Stra\u00dfen &#8222;Am Render&#8220;, &#8222;H\u00f6ppesb\u00fcsch&#8220; und &#8222;Am D\u00f6rrwald&#8220; geh\u00f6ren zu diesen sanierungsbed\u00fcrftigen Stra\u00dfen. Besonders in den letzten Wochen gab es vermehrt R\u00fcckmeldungen besorgter Anwohner. Ich freue mich dar\u00fcber, dass die darauffolgenden Gespr\u00e4che sehr fair und konstruktiv gef\u00fchrt wurden. Die entsprechenden Stra\u00dfenstellen mit ihren Schlagl\u00f6chern wurden der Verwaltung mitgeteilt. Leider ist in vielen Stra\u00dfen eine gro\u00dfangelegte Sanierungsma\u00dfnahme notwendig. Die Ausbesserung mit Fl\u00fcssigasphalt hilft in den meisten F\u00e4llen nur kurzzeitig.<\/p>\n\n\n\n<figure class=\"wp-block-gallery has-nested-images columns-default is-cropped wp-block-gallery-4 is-layout-flex wp-block-gallery-is-layout-flex\">\n<figure class=\"wp-block-image size-large\"><img loading=\"lazy\" decoding=\"async\" width=\"700\" height=\"532\" data-id=\"11952\" src=\"https:\/\/echta-derminga.de\/wp-content\/uploads\/2022\/01\/20220118_145341-700x532.jpg\" alt=\"\" class=\"wp-image-11952\" srcset=\"https:\/\/echta-derminga.de\/wp-content\/uploads\/2022\/01\/20220118_145341-700x532.jpg 700w, https:\/\/echta-derminga.de\/wp-content\/uploads\/2022\/01\/20220118_145341-300x228.jpg 300w, https:\/\/echta-derminga.de\/wp-content\/uploads\/2022\/01\/20220118_145341-768x584.jpg 768w, https:\/\/echta-derminga.de\/wp-content\/uploads\/2022\/01\/20220118_145341.jpg 800w\" sizes=\"auto, (max-width: 700px) 100vw, 700px\" \/><\/figure>\n\n\n\n<figure class=\"wp-block-image size-large\"><img loading=\"lazy\" decoding=\"async\" width=\"700\" height=\"457\" data-id=\"11953\" src=\"https:\/\/echta-derminga.de\/wp-content\/uploads\/2022\/01\/20220118_151125-700x457.jpg\" alt=\"\" class=\"wp-image-11953\" srcset=\"https:\/\/echta-derminga.de\/wp-content\/uploads\/2022\/01\/20220118_151125-700x457.jpg 700w, https:\/\/echta-derminga.de\/wp-content\/uploads\/2022\/01\/20220118_151125-300x196.jpg 300w, https:\/\/echta-derminga.de\/wp-content\/uploads\/2022\/01\/20220118_151125-768x501.jpg 768w, https:\/\/echta-derminga.de\/wp-content\/uploads\/2022\/01\/20220118_151125.jpg 800w\" sizes=\"auto, (max-width: 700px) 100vw, 700px\" \/><\/figure>\n<\/figure>\n\n\n\n<p class=\"has-medium-font-size wp-block-paragraph\"><strong>Zuk\u00fcnftige \u201eManfred Klein Br\u00fccke\u201c noch nicht fertiggestellt!<\/strong><\/p>\n\n\n\n<p class=\"has-medium-font-size wp-block-paragraph\">Die beiden neuen Fu\u00dfg\u00e4ngerbr\u00fccken \u00fcber der Alsbach (Grundschule) und \u00fcber der Ill (Br\u00fchlpark) wurden seitens der zust\u00e4ndigen Firma noch nicht fertiggestellt. Ich verstehe, dass viele B\u00fcrgerinnen und B\u00fcrger langsam ungeduldig werden und eine Fertigstellung herbeisehnen. Das zust\u00e4ndige Bauamt hat mich dar\u00fcber informiert, dass die Abschlussarbeiten demn\u00e4chst durchgef\u00fchrt werden. Danach stehen die Br\u00fccken zur Verf\u00fcgung. Bis zu diesem Zeitpunkt sollten die Br\u00fccken eigentlich noch nicht benutzt werden. Besonders im Br\u00fchlpark kommt es in letzter Zeit immer wieder dazu, dass Menschen die Absperrung unerlaubt entfernen und diese sogar zerst\u00f6ren oder in die Illbach werfen. Ich m\u00f6chte darauf hinweisen, dass es sich hierbei um eine Straftat handelt. Sollten Sie Hinweise \u00fcber solche unn\u00f6tigen Aktionen haben, bitte ich Sie diese der Polizei mitzuteilen.<\/p>\n\n\n\n<figure class=\"wp-block-gallery has-nested-images columns-default is-cropped wp-block-gallery-5 is-layout-flex wp-block-gallery-is-layout-flex\">\n<figure class=\"wp-block-image size-large\"><img loading=\"lazy\" decoding=\"async\" width=\"700\" height=\"494\" data-id=\"11955\" src=\"https:\/\/echta-derminga.de\/wp-content\/uploads\/2022\/01\/20220122_204735-700x494.jpg\" alt=\"\" class=\"wp-image-11955\" srcset=\"https:\/\/echta-derminga.de\/wp-content\/uploads\/2022\/01\/20220122_204735-700x494.jpg 700w, https:\/\/echta-derminga.de\/wp-content\/uploads\/2022\/01\/20220122_204735-300x212.jpg 300w, https:\/\/echta-derminga.de\/wp-content\/uploads\/2022\/01\/20220122_204735-768x542.jpg 768w, https:\/\/echta-derminga.de\/wp-content\/uploads\/2022\/01\/20220122_204735.jpg 774w\" sizes=\"auto, (max-width: 700px) 100vw, 700px\" \/><\/figure>\n\n\n\n<figure class=\"wp-block-image size-large\"><img loading=\"lazy\" decoding=\"async\" width=\"1200\" height=\"540\" data-id=\"11850\" src=\"https:\/\/echta-derminga.de\/wp-content\/uploads\/2022\/01\/brueckr.jpg\" alt=\"\" class=\"wp-image-11850\" srcset=\"https:\/\/echta-derminga.de\/wp-content\/uploads\/2022\/01\/brueckr.jpg 1200w, https:\/\/echta-derminga.de\/wp-content\/uploads\/2022\/01\/brueckr-300x135.jpg 300w, https:\/\/echta-derminga.de\/wp-content\/uploads\/2022\/01\/brueckr-700x315.jpg 700w, https:\/\/echta-derminga.de\/wp-content\/uploads\/2022\/01\/brueckr-768x346.jpg 768w\" sizes=\"auto, (max-width: 1200px) 100vw, 1200px\" \/><\/figure>\n<\/figure>\n\n\n\n<p class=\"has-medium-font-size wp-block-paragraph\"><strong>Liebe Mitb\u00fcrgerinnen und liebe Mitb\u00fcrger, mit Freude habe ich zur Kenntnis genommen, dass unsere Vereine Zuversicht sch\u00f6pfen und erste Veranstaltungen geplant werden. Auch die Saisonale Veranstaltung &#8222;Fr\u00fchling auf Finkenrech&#8220; soll laut der TKZ des Landkreises stattfinden. Der SV Dirmingen feiert in diesem Jahr sein 100 Jubil\u00e4um und der Kulturverein hat erste Ideen gesammelt. Unsere beiden Ballsportvereine SVD und TVD m\u00f6chten in diesem Jahr ihre gro\u00dfangelegten Dorfturniere ausrichten. Ich finde dies ist ein gutes Signal f\u00fcr unsere Dorfgemeinschaft. Hingegen m\u00fcssen wir erneut auf die Durchf\u00fchrung unserer geliebten Kappensitzungen des KKV Dirmingen verzichten.<\/strong><\/p>\n\n\n\n<p class=\"has-medium-font-size wp-block-paragraph\">Ich w\u00fcnsche Ihnen in diesen immer noch schwierigen Zeiten viel Mut und Zuversicht. Schmieden Sie ihre Pl\u00e4ne und lassen Sie sich nicht entmutigen. <\/p>\n\n\n\n<p class=\"has-medium-font-size wp-block-paragraph\"><strong>Es ist unser Dorf und wenn nicht WIR, wer sonst ?!<\/strong><\/p>\n\n\n\n<p class=\"has-medium-font-size wp-block-paragraph\">In diesem Sinne eine gute und entspannte Zeit.<\/p>\n\n\n\n<p class=\"has-medium-font-size wp-block-paragraph\">Ihr Ortsvorsteher <\/p>\n\n\n\n<p class=\"has-medium-font-size wp-block-paragraph\">Frank Klein<\/p>\n","protected":false},"excerpt":{"rendered":"<p>Eine emotionale Sitzungswoche liegt hinter den Mitgliedern des Orts- und Gemeinderates. Die Pl\u00e4ne zum Neubau eines Einkaufszentrums am \u201eHierscheider Graben\u201c zwischen Eppelborn und Hierscheid haben auch in Dirmingen f\u00fcr Unruhe gesorgt. Ich kann Ihnen versichern, dass sich die f\u00fcr Dirmingen zust\u00e4ndige Projektleitung \u201eRatisbona\u201c auf ihrem Weg befindet. Der geplante Bau eins Einkaufszentrums am \u201eHierscheider Graben\u201c sollte jedoch nicht mit dem<\/p>\n","protected":false},"author":1,"featured_media":11937,"comment_status":"open","ping_status":"closed","sticky":false,"template":"","format":"standard","meta":{"_crdt_document":"","footnotes":""},"categories":[1,9,812],"tags":[],"class_list":["post-11935","post","type-post","status-publish","format-standard","has-post-thumbnail","hentry","category-allgemein","category-dorfgetratsche","category-ortsvorsteher-dirmingen"],"_links":{"self":[{"href":"https:\/\/echta-derminga.de\/index.php?rest_route=\/wp\/v2\/posts\/11935","targetHints":{"allow":["GET"]}}],"collection":[{"href":"https:\/\/echta-derminga.de\/index.php?rest_route=\/wp\/v2\/posts"}],"about":[{"href":"https:\/\/echta-derminga.de\/index.php?rest_route=\/wp\/v2\/types\/post"}],"author":[{"embeddable":true,"href":"https:\/\/echta-derminga.de\/index.php?rest_route=\/wp\/v2\/users\/1"}],"replies":[{"embeddable":true,"href":"https:\/\/echta-derminga.de\/index.php?rest_route=%2Fwp%2Fv2%2Fcomments&post=11935"}],"version-history":[{"count":13,"href":"https:\/\/echta-derminga.de\/index.php?rest_route=\/wp\/v2\/posts\/11935\/revisions"}],"predecessor-version":[{"id":11962,"href":"https:\/\/echta-derminga.de\/index.php?rest_route=\/wp\/v2\/posts\/11935\/revisions\/11962"}],"wp:featuredmedia":[{"embeddable":true,"href":"https:\/\/echta-derminga.de\/index.php?rest_route=\/wp\/v2\/media\/11937"}],"wp:attachment":[{"href":"https:\/\/echta-derminga.de\/index.php?rest_route=%2Fwp%2Fv2%2Fmedia&parent=11935"}],"wp:term":[{"taxonomy":"category","embeddable":true,"href":"https:\/\/echta-derminga.de\/index.php?rest_route=%2Fwp%2Fv2%2Fcategories&post=11935"},{"taxonomy":"post_tag","embeddable":true,"href":"https:\/\/echta-derminga.de\/index.php?rest_route=%2Fwp%2Fv2%2Ftags&post=11935"}],"curies":[{"name":"wp","href":"https:\/\/api.w.org\/{rel}","templated":true}]}}