{"id":11973,"date":"2022-02-02T17:32:16","date_gmt":"2022-02-02T16:32:16","guid":{"rendered":"https:\/\/echta-derminga.de\/?p=11973"},"modified":"2022-02-02T20:16:37","modified_gmt":"2022-02-02T19:16:37","slug":"wie-in-einem-schlechten-krimi-meine-gedanken-zu-den-ereignissen-in-kusel","status":"publish","type":"post","link":"https:\/\/echta-derminga.de\/?p=11973","title":{"rendered":"Wie in einem schlechten Krimi &#8211; Meine Gedanken zu den Ereignissen in Kusel"},"content":{"rendered":"\n<p class=\"has-medium-font-size wp-block-paragraph\"><strong>Jeden Sonntag liege ich auf meiner Couch und schaue mir den neusten Tatort an. Von befreundeten Polizisten werde ich daf\u00fcr kopfsch\u00fcttelt bel\u00e4chelt. Mit meiner T\u00fcte Chips bewaffnet strecke ich entspannt die F\u00fc\u00dfe in die H\u00f6he und kann mir sicher sein, dass am Ende immer das Gute gewinnt. Besonders der letzte Saar-Tatort hat es mir angetan. Ich habe mich unheimlich \u00fcber 9 Mio. Menschen gefreut die einen Blick auf die saarl\u00e4ndische Polizeiarbeit werfen konnten. Die meisten TV- Kommissare sind mir mit ihren St\u00e4rken und Schw\u00e4chen bestens bekannt. Ich kenne Ballauf, Schenk, Borowski, Faber, B\u00f6nisch, Dorn, Lessing, B\u00f6rne, Thiel und nat\u00fcrlich auch Sch\u00fcrk und H\u00f6lzer aus Saarbr\u00fccken. \u00a0Mehr als 90 % der Krimis enden mit einem Happy End. Nat\u00fcrlich habe ich mich schon oft gefragt, was echte Polizisten von den TV-Krimis halten. Die \u00fcberwiegende Mehrheit der Beamten wird diesen Filmen wahrscheinlich nicht viel abgewinnen k\u00f6nnen. Ganz \u00e4hnlich wird es sich mit den vielen Arztfilmen verhalten. Ich glaube nicht, dass sich sehr viele echte \u00c4rzte diese Filme anschauen. Nur wer die wirkliche Wahrheit kennt, kann einsch\u00e4tzen wieviel Wahrheit im Film steckt.<\/strong><\/p>\n\n\n\n<p class=\"has-medium-font-size wp-block-paragraph\">Seit Montag, 31. Januar ist mir die Lust auf Tatort vergangen. Mit Schrecken habe ich fr\u00fch morgens, auf meinem Weg zur Arbeit, von dem f\u00fcrchterlichen Mord an zwei Polizisten erfahren. Wie mag dieser Tatort wohl ausgesehen haben? Ehrlich gesagt: Ich m\u00f6chte es \u00fcberhaupt nicht wissen. Zwei junge Menschen wurden einfach so aus dem Leben gerissen. Die 24-j\u00e4hrige Polizeianw\u00e4rterin war gerade einmal ein Jahr \u00e4lter als meine j\u00fcngste Tochter und ihr 29-j\u00e4hriger Kollege im gleichen Jahrgang wie mein baldiger Schwiegersohn.<\/p>\n\n\n\n<p class=\"has-medium-font-size wp-block-paragraph\"><strong>Na Frank, wo ist nun dein Spa\u00df an Spannung, Gewalt und Abgrund? Oder, gehe ich gerade zu hart mit mir selbst in Gericht? Was mit einer normalen Polizeikontrolle begann, endete in einer echten Trag\u00f6die. Dabei ist diesmal alles echt und nichts gespielt. Das ganze Land steht unter Schock.<\/strong><\/p>\n\n\n\n<p class=\"has-medium-font-size wp-block-paragraph\">Nach meiner Zeit im Bergbau kann ich mir sehr wohl vorstellen, was es bedeutet einen toten Kameraden zu bergen. Diese Bilder bekommt man nie mehr aus dem Kopf. Ich muss gestehen, dass mich dieser schreckliche Mord sehr ber\u00fchrt hat. Ich kann nicht begreifen, wie man eine solche Tat ver\u00fcben kann. Im Moment wei\u00df ich nicht so richtig, wie ich damit umgehen soll. Ich bin w\u00fctend, entt\u00e4uscht und traurig. Dabei waren mir die beiden Polizisten nicht pers\u00f6nlich bekannt. Ich kannte bestenfalls ihr Umfeld und einige ihrer entfernte Freunde. Die sozialen Medien geben T\u00e4ter und Opfern ein Gesicht. Ich ertappe ich mich dabei, wie ich das Netz nach Infos und Bildern durchst\u00f6bere. Wo ist mein Anstand geblieben? Ich werde f\u00fcndig und sehe zwei junge, gutaussehende Menschen. Beide standen mitten im Leben und hatten bestimmt noch vieles auf ihrer pers\u00f6nlichen Agenda: Karriere, Familie, Urlaub. Der pers\u00f6nliche Lebensfilm war l\u00e4ngst noch nicht fertiggeschrieben. Vieles war noch auf dem Weg und bleibt jetzt unausgesprochen. Es tut mir leid !<\/p>\n\n\n\n<p class=\"has-medium-font-size wp-block-paragraph\"><strong>Ich finde auch die Polizeifahndung mit dem Bild eines vermeidlichen T\u00e4ters. Wenn man so fr\u00fch Ross und Reiter nennt, muss man sich seiner Sache sicher sein. Ich kenne einen der Verd\u00e4chtigen! Er war mir bekannt. Allein diese Tatsache macht es mir nicht leicht. Wir kannten uns sehr fl\u00fcchtig vom Sehen und bis auf den t\u00e4glichen Morgengru\u00df habe ich nie einen Satz mit ihm gewechselt. Obwohl er in meinem Leben keine Rolle spielte, l\u00e4sst mich seine Tat nicht mehr los. Pl\u00f6tzlich ist alles nah und echt. Kein Bildschirm, keine T\u00fcte Chips und auch kein Happy- End. Das wahre Leben kann grausam sein.<\/strong><\/p>\n\n\n\n<p class=\"has-medium-font-size wp-block-paragraph\">Noch am selben Abend wurden die beiden Hauptverd\u00e4chtigen festgenommen. Nach den ersten Pressekonferenzen wurde deutlich, wie brutal und sinnlos die Tat tats\u00e4chlich ablief. F\u00fcr mich r\u00fccken die Details der Tat in den Hintergrund. Pl\u00f6tzlich habe ich kein Interesse mehr an detaillierten Kleinigkeiten. Ich m\u00f6chte nicht wissen, was sich genau am Tatort abgespielt hat. Offensichtlich wurde jedoch gute Polizeiarbeit geleistet. Zumindest wurden schnell zwei potenzielle Verd\u00e4chtige festgenommen und sitzen nun in Untersuchungshaft. Ich frage mich, wie es den Familien der Opfer aber auch der T\u00e4ter geht. Wie lebt man mit einem solchen Verbrechen ?<\/p>\n\n\n\n<p class=\"has-medium-font-size wp-block-paragraph\"><strong>Nat\u00fcrlich bleibt jedem Verd\u00e4chtigen bis zu seiner Verurteilung die Unschuldsvermutung. Ich werde jedoch das Gef\u00fchl nicht los, dass wir uns alle unserer Sache sicher sind. Immerhin hat einer der T\u00e4ter zugegeben zumindest vor Ort gewesen zu sein. Kann es tats\u00e4chlich sein? Ist es m\u00f6glich das jemand nur um seine Wilderei zu verschleiern einen Mord ver\u00fcbt? Wie tief ist dieser Abgrund? Diese uns\u00e4gliche Tat hat mir wieder mal vor Augen gef\u00fchrt, dass unser Leben schnell und unerwartet enden kann. Das wahre Leben ist viel h\u00e4rter als jeder TV- Krimi!<\/strong><\/p>\n","protected":false},"excerpt":{"rendered":"<p>Jeden Sonntag liege ich auf meiner Couch und schaue mir den neusten Tatort an. Von befreundeten Polizisten werde ich daf\u00fcr kopfsch\u00fcttelt bel\u00e4chelt. Mit meiner T\u00fcte Chips bewaffnet strecke ich entspannt die F\u00fc\u00dfe in die H\u00f6he und kann mir sicher sein, dass am Ende immer das Gute gewinnt. Besonders der letzte Saar-Tatort hat es mir angetan. Ich habe mich unheimlich \u00fcber<\/p>\n","protected":false},"author":1,"featured_media":11975,"comment_status":"open","ping_status":"closed","sticky":false,"template":"","format":"standard","meta":{"_crdt_document":"","footnotes":""},"categories":[1,9],"tags":[618,972,127,310],"class_list":["post-11973","post","type-post","status-publish","format-standard","has-post-thumbnail","hentry","category-allgemein","category-dorfgetratsche","tag-gemeinde-eppelborn","tag-kusel","tag-landkreis-neunkirchen","tag-saarland"],"_links":{"self":[{"href":"https:\/\/echta-derminga.de\/index.php?rest_route=\/wp\/v2\/posts\/11973","targetHints":{"allow":["GET"]}}],"collection":[{"href":"https:\/\/echta-derminga.de\/index.php?rest_route=\/wp\/v2\/posts"}],"about":[{"href":"https:\/\/echta-derminga.de\/index.php?rest_route=\/wp\/v2\/types\/post"}],"author":[{"embeddable":true,"href":"https:\/\/echta-derminga.de\/index.php?rest_route=\/wp\/v2\/users\/1"}],"replies":[{"embeddable":true,"href":"https:\/\/echta-derminga.de\/index.php?rest_route=%2Fwp%2Fv2%2Fcomments&post=11973"}],"version-history":[{"count":6,"href":"https:\/\/echta-derminga.de\/index.php?rest_route=\/wp\/v2\/posts\/11973\/revisions"}],"predecessor-version":[{"id":11995,"href":"https:\/\/echta-derminga.de\/index.php?rest_route=\/wp\/v2\/posts\/11973\/revisions\/11995"}],"wp:featuredmedia":[{"embeddable":true,"href":"https:\/\/echta-derminga.de\/index.php?rest_route=\/wp\/v2\/media\/11975"}],"wp:attachment":[{"href":"https:\/\/echta-derminga.de\/index.php?rest_route=%2Fwp%2Fv2%2Fmedia&parent=11973"}],"wp:term":[{"taxonomy":"category","embeddable":true,"href":"https:\/\/echta-derminga.de\/index.php?rest_route=%2Fwp%2Fv2%2Fcategories&post=11973"},{"taxonomy":"post_tag","embeddable":true,"href":"https:\/\/echta-derminga.de\/index.php?rest_route=%2Fwp%2Fv2%2Ftags&post=11973"}],"curies":[{"name":"wp","href":"https:\/\/api.w.org\/{rel}","templated":true}]}}