{"id":11976,"date":"2022-02-02T17:50:45","date_gmt":"2022-02-02T16:50:45","guid":{"rendered":"https:\/\/echta-derminga.de\/?p=11976"},"modified":"2022-02-02T20:20:24","modified_gmt":"2022-02-02T19:20:24","slug":"in-sachen-ortsvorsteher-von-traurigen-nachrichten-verdienten-befoerderungen-und-einer-erfolgreichen-sammelaktion","status":"publish","type":"post","link":"https:\/\/echta-derminga.de\/?p=11976","title":{"rendered":"In Sachen Ortsvorsteher: Von traurigen Nachrichten, verdienten Bef\u00f6rderungen und einer erfolgreichen Sammelaktion"},"content":{"rendered":"\n<p class=\"has-medium-font-size wp-block-paragraph\">Die vergangene Woche standen im Zeichen der Trauer und Erinnerung. Anl\u00e4sslich des Gedenktages f\u00fcr die Opfer des Nationalsozialismus fand in der evangelischen Kirche eine emotionale Veranstaltung statt. Der M\u00e4nnerkreis der evangelischen Kirchengemeinde hatte zu einer Soiree eingeladen. Leider waren nicht besonders viele Menschen der Einladung gefolgt. Schade, die Veranstalter hatte sich viel M\u00fche gemacht und schlie\u00dflich ging es auch um das Gedenken der Opfer unseres Heimatortes. Dennoch war die Veranstaltung f\u00fcr alle Beteiligten eine echte Herzensangelegenheit.&nbsp; Immerhin fielen in unserer Gemeinde 18 Menschen dem Euthanasie Programm der Nazis zum Opfer. Dabei wurden auch drei Menschen aus unserem Heimatort in der T\u00f6tungsanstalt Hadamer get\u00f6tet. Im Mai dieses Jahres soll der erste Stolperstein in der Gemeinde Eppelborn, f\u00fcr den Dirminger Rudolf Wohlfart, gelegt werden. Der Gedenkstein wird vor seinem Haus, in der Illingerstra\u00dfe, den B\u00fcrgersteig verlegt. Ich m\u00f6chte mich schon heute bei der Familie Wohlfart f\u00fcr ihr Engagement bedanken.<\/p>\n\n\n\n<p class=\"has-medium-font-size wp-block-paragraph\"><strong>Gedenken an Alt-B\u00fcrgermeister Fritz-Hermann Lutz<\/strong><\/p>\n\n\n\n<p class=\"has-medium-font-size wp-block-paragraph\">In der vergangenen Woche erreichte uns die traurige Nachricht vom Tod unseres ehemaligen B\u00fcrgermeisters Fritz-Hermann Lutz. Der Alt-B\u00fcrgermeister hat sich im Laufe seiner Amtszeit auch um unseren Heimatort verdient gemacht. Mit seiner Durchsetzungskraft und seiner hohen fachlichen Kompetenz f\u00fcllte Fritz-Hermann Lutz sein Amt bis zum Ruhestand mit viel Engagement und Heimatliebe aus. Ich bin mir sicher, dass auch viele Dirmingerinnen und Dirminger dem ehemaligen Rathauschef ein w\u00fcrdiges Andenken verleihen werden. Der Alt-B\u00fcrgermeister hat unsere Heimatgemeinde gepr\u00e4gt. Gerne erinnere ich mich an viele sch\u00f6ne Begegnungen. Obwohl wir nicht immer die gleiche politische Meinung vertraten, hatten wir doch immer ein respektvolles Miteinander. Mein Mitgef\u00fchl geht an alle Familienangeh\u00f6rigen sowie alle seine Freunde und Weggef\u00e4hrten. <\/p>\n\n\n\n<figure class=\"wp-block-gallery has-nested-images columns-default is-cropped wp-block-gallery-1 is-layout-flex wp-block-gallery-is-layout-flex\">\n<figure class=\"wp-block-image size-large\"><img loading=\"lazy\" decoding=\"async\" width=\"700\" height=\"483\" data-id=\"11978\" src=\"https:\/\/echta-derminga.de\/wp-content\/uploads\/2022\/02\/wape-700x483.jpeg\" alt=\"\" class=\"wp-image-11978\" srcset=\"https:\/\/echta-derminga.de\/wp-content\/uploads\/2022\/02\/wape-700x483.jpeg 700w, https:\/\/echta-derminga.de\/wp-content\/uploads\/2022\/02\/wape-300x207.jpeg 300w, https:\/\/echta-derminga.de\/wp-content\/uploads\/2022\/02\/wape-768x530.jpeg 768w, https:\/\/echta-derminga.de\/wp-content\/uploads\/2022\/02\/wape.jpeg 1351w\" sizes=\"auto, (max-width: 700px) 100vw, 700px\" \/><\/figure>\n\n\n\n<figure class=\"wp-block-image size-large\"><img loading=\"lazy\" decoding=\"async\" width=\"700\" height=\"525\" data-id=\"11979\" src=\"https:\/\/echta-derminga.de\/wp-content\/uploads\/2022\/02\/Foto-2-700x525.jpg\" alt=\"\" class=\"wp-image-11979\" srcset=\"https:\/\/echta-derminga.de\/wp-content\/uploads\/2022\/02\/Foto-2-700x525.jpg 700w, https:\/\/echta-derminga.de\/wp-content\/uploads\/2022\/02\/Foto-2-300x225.jpg 300w, https:\/\/echta-derminga.de\/wp-content\/uploads\/2022\/02\/Foto-2-768x576.jpg 768w, https:\/\/echta-derminga.de\/wp-content\/uploads\/2022\/02\/Foto-2.jpg 800w\" sizes=\"auto, (max-width: 700px) 100vw, 700px\" \/><\/figure>\n\n\n\n<figure class=\"wp-block-image size-large\"><img loading=\"lazy\" decoding=\"async\" width=\"700\" height=\"543\" data-id=\"11980\" src=\"https:\/\/echta-derminga.de\/wp-content\/uploads\/2022\/02\/dirmingen687-700x543.jpg\" alt=\"\" class=\"wp-image-11980\" srcset=\"https:\/\/echta-derminga.de\/wp-content\/uploads\/2022\/02\/dirmingen687-700x543.jpg 700w, https:\/\/echta-derminga.de\/wp-content\/uploads\/2022\/02\/dirmingen687-300x233.jpg 300w, https:\/\/echta-derminga.de\/wp-content\/uploads\/2022\/02\/dirmingen687-768x596.jpg 768w, https:\/\/echta-derminga.de\/wp-content\/uploads\/2022\/02\/dirmingen687.jpg 800w\" sizes=\"auto, (max-width: 700px) 100vw, 700px\" \/><\/figure>\n<\/figure>\n\n\n\n<p class=\"has-medium-font-size wp-block-paragraph\"><strong>Erfolgreiche Sternsingeraktion 2022<\/strong><\/p>\n\n\n\n<p class=\"has-medium-font-size wp-block-paragraph\">In der vergangenen Woche besuchte mich Gisela Busse vom katholischen Pfarrgemeinderat St. Wendelinus. Anl\u00e4sslich der diesj\u00e4hrigen Dreik\u00f6nigsaktion wurden an 13 Orten in Praxen, Gesch\u00e4ften und B\u00fcror\u00e4umen Sammelb\u00fcchsen aufgestellt. Auch im Ortsvorsteherb\u00fcro konnten die Menschen Geld spenden. Leider war es auch in diesem Jahr nicht m\u00f6glich, dass unsere Sterns\u00e4nger von Haus zu Haus wanderten und ihren Segenswunsch \u00fcbergaben. Die Mitglieder des Pfarrgemeinderates freuten sich \u00fcber die gute Zusammenarbeit in der Dorfgemeinschaft und m\u00f6chten sich auch an dieser Stelle ganz herzlich bedanken. Mein Dank geht an dieser Stelle noch einmal an alle die sich um die Sterns\u00e4ngeraktion 2022 verdient gemacht haben.<\/p>\n\n\n\n<div class=\"wp-block-image\"><figure class=\"aligncenter size-large\"><img loading=\"lazy\" decoding=\"async\" width=\"700\" height=\"716\" src=\"https:\/\/echta-derminga.de\/wp-content\/uploads\/2022\/02\/1-700x716.jpg\" alt=\"\" class=\"wp-image-11983\" srcset=\"https:\/\/echta-derminga.de\/wp-content\/uploads\/2022\/02\/1-700x716.jpg 700w, https:\/\/echta-derminga.de\/wp-content\/uploads\/2022\/02\/1-293x300.jpg 293w, https:\/\/echta-derminga.de\/wp-content\/uploads\/2022\/02\/1-768x786.jpg 768w, https:\/\/echta-derminga.de\/wp-content\/uploads\/2022\/02\/1.jpg 900w\" sizes=\"auto, (max-width: 700px) 100vw, 700px\" \/><\/figure><\/div>\n\n\n\n<p class=\"has-medium-font-size wp-block-paragraph\"><strong>Herzlichen Gl\u00fcckwunsch zur Bef\u00f6rderung<\/strong><\/p>\n\n\n\n<p class=\"has-medium-font-size wp-block-paragraph\">In der vergangenen Woche hatte B\u00fcrgermeister Dr. Feld die F\u00fchrung des L\u00f6schbezirks Dirmingen ins Rathaus gebeten. W\u00e4hrend einer kleinen Feststunde sollten einige verdiente Feuerwehrm\u00e4nner bef\u00f6rdert werden. B\u00fcrgermeister Feld lobte das Engagement unseres L\u00f6schbezirks und bef\u00f6rderte mit Fabian Schorr, Alexander Br\u00fcck und Christian Feit drei Feuerwehrm\u00e4nner aus dem Stand des Oberfeuerwehrmanns zum L\u00f6schmeister. Im Anschluss durfte ich den bef\u00f6rderten Feuerwehrm\u00e4nnern meine Gratulation aussprechen. Ich m\u00f6chte meine Gl\u00fcckw\u00fcnsche an dieser Stelle wiederholen. Wir haben in Dirmingen einen ausgezeichneten L\u00f6schbezirk mit vielen engagierten Feuerwehrleuten. Vielen Dank f\u00fcr das ehrenamtliche Engagement zum Wohle unseres Heimatortes.<\/p>\n\n\n\n<div class=\"wp-block-image\"><figure class=\"aligncenter size-large\"><img loading=\"lazy\" decoding=\"async\" width=\"700\" height=\"423\" src=\"https:\/\/echta-derminga.de\/wp-content\/uploads\/2022\/02\/neuiii-700x423.jpg\" alt=\"\" class=\"wp-image-11984\" srcset=\"https:\/\/echta-derminga.de\/wp-content\/uploads\/2022\/02\/neuiii-700x423.jpg 700w, https:\/\/echta-derminga.de\/wp-content\/uploads\/2022\/02\/neuiii-300x181.jpg 300w, https:\/\/echta-derminga.de\/wp-content\/uploads\/2022\/02\/neuiii-768x464.jpg 768w, https:\/\/echta-derminga.de\/wp-content\/uploads\/2022\/02\/neuiii.jpg 1000w\" sizes=\"auto, (max-width: 700px) 100vw, 700px\" \/><\/figure><\/div>\n\n\n\n<p class=\"has-medium-font-size wp-block-paragraph\"><strong>Saarland picobello- Aktion in Dirmingen<\/strong><\/p>\n\n\n\n<p class=\"has-medium-font-size wp-block-paragraph\">Das Thema Umweltverschmutzung spielt auch in unserem Heimatort eine gewichtige Rolle. W\u00f6chentlich m\u00fcssen wir uns \u00fcber unz\u00e4hlige Vergehen \u00e4rgern. Auf der anderen Seite gibt es viele Landsleute, die sich aktiv einsetzen und den Umwelts\u00fcndern den Kampf angesagt haben. Nach einem Jahr Corona bedingter Pause findet nun am 18.\/19. M\u00e4rz 2022 die j\u00e4hrliche picobello Sammelaktion des Saarlandes statt. Vereine, Organisationen und auch B\u00fcrgerinnen und B\u00fcrger, die sich an der Aktion beteiligen m\u00f6chten, k\u00f6nnen sich bei mir unter 06827\/800780 oder per Mail unter kleinfranki@t-online.de anmelden.<\/p>\n\n\n\n<p class=\"has-medium-font-size wp-block-paragraph\"><strong>Die Nachricht von den schrecklichen Ereignissen in Kusel haben uns alle entsetzt. Ich m\u00f6chte die Gelegenheit nutzen und allen Polizistinnen und Polizisten in unserem Land und insbesondere in unserer Heimatgemeinde meinen Dank auszusprechen. Viel zu oft vergessen wir, wie wichtig und wertvolle ihre Arbeit ist. Mein Mitgef\u00fchl gilt den Familien und Hinterbliebenen. <\/strong><\/p>\n\n\n\n<p class=\"has-medium-font-size wp-block-paragraph\"><strong>Am Ende sollte jedoch immer alles gut, sollte es noch nicht gut sein, ist es leider noch nicht zu Ende.<\/strong><\/p>\n\n\n\n<p class=\"has-medium-font-size wp-block-paragraph\">In diesem Sinne.<\/p>\n\n\n\n<p class=\"has-medium-font-size wp-block-paragraph\">Ihr Ortsvorsteher<\/p>\n\n\n\n<p class=\"has-medium-font-size wp-block-paragraph\">Frank Klein<\/p>\n\n\n\n<p class=\"wp-block-paragraph\">.<\/p>\n","protected":false},"excerpt":{"rendered":"<p>Die vergangene Woche standen im Zeichen der Trauer und Erinnerung. Anl\u00e4sslich des Gedenktages f\u00fcr die Opfer des Nationalsozialismus fand in der evangelischen Kirche eine emotionale Veranstaltung statt. Der M\u00e4nnerkreis der evangelischen Kirchengemeinde hatte zu einer Soiree eingeladen. Leider waren nicht besonders viele Menschen der Einladung gefolgt. Schade, die Veranstalter hatte sich viel M\u00fche gemacht und schlie\u00dflich ging es auch um<\/p>\n","protected":false},"author":1,"featured_media":11984,"comment_status":"open","ping_status":"closed","sticky":false,"template":"","format":"standard","meta":{"_crdt_document":"","footnotes":""},"categories":[1,9,812],"tags":[5,618,127,634,795],"class_list":["post-11976","post","type-post","status-publish","format-standard","has-post-thumbnail","hentry","category-allgemein","category-dorfgetratsche","category-ortsvorsteher-dirmingen","tag-dirmingen","tag-gemeinde-eppelborn","tag-landkreis-neunkirchen","tag-ortsvorsteher","tag-ortsvorsteher-dirmingen"],"_links":{"self":[{"href":"https:\/\/echta-derminga.de\/index.php?rest_route=\/wp\/v2\/posts\/11976","targetHints":{"allow":["GET"]}}],"collection":[{"href":"https:\/\/echta-derminga.de\/index.php?rest_route=\/wp\/v2\/posts"}],"about":[{"href":"https:\/\/echta-derminga.de\/index.php?rest_route=\/wp\/v2\/types\/post"}],"author":[{"embeddable":true,"href":"https:\/\/echta-derminga.de\/index.php?rest_route=\/wp\/v2\/users\/1"}],"replies":[{"embeddable":true,"href":"https:\/\/echta-derminga.de\/index.php?rest_route=%2Fwp%2Fv2%2Fcomments&post=11976"}],"version-history":[{"count":7,"href":"https:\/\/echta-derminga.de\/index.php?rest_route=\/wp\/v2\/posts\/11976\/revisions"}],"predecessor-version":[{"id":11998,"href":"https:\/\/echta-derminga.de\/index.php?rest_route=\/wp\/v2\/posts\/11976\/revisions\/11998"}],"wp:featuredmedia":[{"embeddable":true,"href":"https:\/\/echta-derminga.de\/index.php?rest_route=\/wp\/v2\/media\/11984"}],"wp:attachment":[{"href":"https:\/\/echta-derminga.de\/index.php?rest_route=%2Fwp%2Fv2%2Fmedia&parent=11976"}],"wp:term":[{"taxonomy":"category","embeddable":true,"href":"https:\/\/echta-derminga.de\/index.php?rest_route=%2Fwp%2Fv2%2Fcategories&post=11976"},{"taxonomy":"post_tag","embeddable":true,"href":"https:\/\/echta-derminga.de\/index.php?rest_route=%2Fwp%2Fv2%2Ftags&post=11976"}],"curies":[{"name":"wp","href":"https:\/\/api.w.org\/{rel}","templated":true}]}}