{"id":12039,"date":"2022-02-13T15:26:15","date_gmt":"2022-02-13T14:26:15","guid":{"rendered":"https:\/\/echta-derminga.de\/?p=12039"},"modified":"2022-03-31T13:01:01","modified_gmt":"2022-03-31T12:01:01","slug":"hass-und-hetze-im-netz-zur-meinungsfreiheit-gehoert-immer-auch-respekt","status":"publish","type":"post","link":"https:\/\/echta-derminga.de\/?p=12039","title":{"rendered":"Hass und Hetze im Netz &#8211; Zur Meinungsfreiheit geh\u00f6rt immer auch Respekt"},"content":{"rendered":"\n<p class=\"has-medium-font-size wp-block-paragraph\"><strong>Einer repr\u00e4sentativen Umfrage zufolge haben 70 % aller Amts- und Mandatstr\u00e4ger in unserem Land bereits Hass oder Gewalt im Netz erlebt m\u00fcssen. Besonders w\u00e4hrend der Pandemie gewann die Hasswelle gegen Kommunalpolitiker zusehends an Schwung. Schon klar, die Verbreitung von Hass und Hetze im Internet betrifft alle Menschen und bestimmt nicht nur Politiker oder Menschen die im Augenmerk der Gesellschaft stehen. Dabei reichen die Attacken von Beleidigungen und Bedrohungen bis hin zum Aufruf von Gewalt. Grunds\u00e4tzlich m\u00fcssen immer mehr Menschen des \u00f6ffentlichen Lebens mit Bedrohungen sowie Hass und Hetze im Netz leben. Nach dem Mord an zwei jungen Polizisten wurde im Internet sogar dazu aufgerufen die Polizisten auf Landwege zu locken, um sie zu erschie\u00dfen. Das ganze Prozedere ist an Geschmacklosigkeit kaum noch zu \u00fcberbieten.<\/strong><\/p>\n\n\n\n<p class=\"has-medium-font-size wp-block-paragraph\">Im Februar 2022 hat die Bundestagsabgeordnete K\u00fcnast einen wichtigen Prozess zum Thema Datenschutz in den sozialen Medien gewonnen. Zuk\u00fcnftig m\u00fcssen die sozialen Medien bei Beleidigungen oder Drohungen Ross und Reiter namentlich benennen. Ein kleiner Hoffnungsschimmer ist schwierigen Zeiten. Machen wir uns nichts vor, es wird auch zuk\u00fcnftig immer wieder zu Drohungen gegen\u00fcber Ehrenamtlichen oder Kommunalpolitkern kommen. Bei allem Verst\u00e4ndnis, die Pers\u00f6nlichkeitsrechte von Menschen, die sich \u00f6ffentlich engagieren, m\u00fcssen gesch\u00fctzt werden. Dabei geht es nicht nur um Abgeordnete, Amtstr\u00e4ger oder Kommunalpolitiker, sondern um alle Menschen die sich gesellschaftlich engagieren. Ich denke hier unter anderem auch an Polizisten, Feuerwehrleute oder Sanit\u00e4ter.<\/p>\n\n\n\n<p class=\"has-medium-font-size wp-block-paragraph\"><strong>Meinungsfreiheit ist ein hohes und wichtiges Gut, dass wir mit allen Mitteln sch\u00fctzen sollten. Gut, dass die sozialen Medien jedem Menschen die M\u00f6glichkeit bieten seine Meinung laut zu \u00e4u\u00dfern. Das geh\u00f6rt zur Demokratie und bringt uns alle weiter. Gerade die Leisesten m\u00fcssen lauter wahrgenommen werden. Schade nur, dass nicht jeder mit seinen M\u00f6glichkeiten umgehen kann.<\/strong> <strong>Offensichtlich geht es nur noch um die da oben gegen die da unten !<\/strong><\/p>\n\n\n\n<p class=\"has-medium-font-size wp-block-paragraph\">Der Kommunalpolitik geht es nicht gut. Die verschiedenen Ortsvereine leiden unter massiven Mitgliederschwund. Die politischen Vereine haben es immer schwerer die Listen f\u00fcr Orts- oder Gemeinder\u00e4te zu besetzen. Auch dies ist mit Sicherheit der Entwicklung in den sozialen Medien geschuldet. Als Politiker, ganz gleich welcher Farbe, bist du grunds\u00e4tzlich Freiwild f\u00fcr jede Form von Diffamierung. Dabei ist gerade das pers\u00f6nliche Engagement in der Bundes-, Landes -und Kommunalpolitik enorm wichtig f\u00fcr unser gesellschaftliches Leben. Dabei muss man auch nicht unbedingt Mitglied in einer Partei sein. Ich finde die politischen Vereine vor Ort sollten auch verst\u00e4rkt auf Nichtmitglieder setzen und diese bei der Listenaufstellung ber\u00fccksichtigen.<\/p>\n\n\n\n<p class=\"has-medium-font-size wp-block-paragraph\"><strong>Keine Frage, besonders die Gro\u00dfparteien zu denen ich mittlerweile alle im Bundestag befindlichen Farben z\u00e4hle, haben sich in den letzten Jahren nicht mit Ruhm bekleckert. Nur selten ist es gelungen die Menschen mitzunehmen und Entscheidungen verst\u00e4ndlich zu erl\u00e4utern. Dennoch glaube ich fest daran, dass jeder Politiker\/in zun\u00e4chst ausschlie\u00dflich ihrem Gewissen verschuldet ist. Besonders in der Kommunalpolitik trifft niemand eine Entscheidung nur um andere zu \u00e4rgern. Ich habe es an dieser Stelle schon einmal geschrieben. In unserer Gesellschaft gibt es nur noch schwarz und wei\u00df. Die Farbe grau ist vollends im Nirgendwo verschwunden. Niemand geht mehr auf den anderen zu. Wer nicht mit mir ist, ist gegen mich! Diese Entwicklung ist nicht gut und schadet unserer Gemeinschaft.<\/strong><\/p>\n\n\n\n<p class=\"has-medium-font-size wp-block-paragraph\">Wenn man sich einmal den Wochenplan eines Kommunalpolitikers genauer anschaut, kommt man leicht ins Staunen. Neben der t\u00e4glichen Arbeit muss eine Vielzahl von Terminen wahrgenommen werden. Das ganze f\u00fcr einen \u00fcberschaubaren finanziellen Ausgleich. Der Terminplan beinhaltet: Gemeinde- Ortsratssitzungen, Ausschusssitzungen, Geburtstage, Jubil\u00e4en, B\u00fcrgertermine, Vereinstermine sowie stundenlange Schreibtischarbeit. Das alles f\u00fcr das Ehrenamt und in den Dienst der Bev\u00f6lkerung. Mit der Mitgliedschaft in einer Partei kommen weitere Aufgaben hinzu: Delegiertenversammlungen, Verbandssitzungen, Ortsvereinssitzungen und schlie\u00dflich auch Wahlkampftermine. &nbsp;<\/p>\n\n\n\n<p class=\"has-medium-font-size wp-block-paragraph\"><strong>Genug gejammert, dass ganze sollte vielmehr sensibilisieren und nicht erschrecken. Es gibt genug zu tun und die meisten Kommunalpolitiker machen ihre Arbeit zum Wohle der Bev\u00f6lkerung sehr gut und auch gerne. Dabei geh\u00f6rt Kritik nat\u00fcrlich zum demokratischen Verst\u00e4ndnis. Wir m\u00fcssen uns aber nicht alles gefallen lassen. Pers\u00f6nliche Diffamierungen sind immer v\u00f6llig unangebracht. Respekt ist eine Aufgabe und sollte wieder mehr in unser aller Bewusstsein ger\u00fcckt werden. Unsere Kommunalpolitiker sollten wieder mehr Schutz und Anerkennung erfahren. Schlie\u00dflich handelt es sich bei Kommunalpolitkern um unsere direkten Nachbarn. Wir m\u00fcssen unbedingt dar\u00fcber nachdenken, wie wir zuk\u00fcnftig miteinander umgehen. Was derzeit in den sozialen Medien passiert, ist an Schamlosigkeit nicht mehr zu \u00fcberbieten.<\/strong><\/p>\n\n\n\n<p class=\"has-medium-font-size wp-block-paragraph\">Hasskommentare mit dem Aufruf zum Mord oder zur Vergewaltigung sind mittlerweile an der Tagesordnung. Das Ganze beginnt bei uns Zuhause vor der eigenen Haust\u00fcr. Ich selbst habe schon fragw\u00fcrdige Mails oder Kommentare erhalten, die zumindest unvorteilhaft geschrieben wurden. Das Beispiel \u201eHierscheider Graben\u201c hat verdeutlicht, dass der angeschlagene Ton immer h\u00e4rter wird. Einen Kommunalpolitiker wegen seiner Einstellung oder der selbst getroffenen Entscheidung zu kritisieren ist vollkommen in Ordnung und geh\u00f6rt zur Demokratie. Schlimm wird es jedoch, wenn man dabei nur noch sein eigenes Recht verfolgt, keine andere Meinung zul\u00e4sst und sich massiv im Ton vergreift. Jemandem Korruption vorzuwerfen ist ein starkes St\u00fcck. Das Netzt vereint uns in unserem Tun und Handeln. Dabei findet man in jeder Hinsicht stehts einen gemeinsamen Freund oder Feind. Ein gemeinsames Feindbilder aufzubauen hilft in der eigenen Argumentation und ermutigt dazu h\u00e4rter zu agieren oder sich in einer Gruppe zu versammeln.<\/p>\n\n\n\n<p class=\"has-medium-font-size wp-block-paragraph\"><strong>Gibt nur noch schwarz oder wei\u00df? Ich sehne mich nach der Farbe grau. Wo sind die Leute, die versuchen die Wahrheit in der Mitte zu finden. Warum f\u00e4llt es uns so schwer aufeinander zuzugehen? Merke:  &#8222;Wenn du mit dem Zeigefinger&nbsp;auf einen Menschen zeigst, dann denk daran, dass drei Finger auf dich selbst gerichtet sind!&#8220;<\/strong><\/p>\n","protected":false},"excerpt":{"rendered":"<p>Einer repr\u00e4sentativen Umfrage zufolge haben 70 % aller Amts- und Mandatstr\u00e4ger in unserem Land bereits Hass oder Gewalt im Netz erlebt m\u00fcssen. Besonders w\u00e4hrend der Pandemie gewann die Hasswelle gegen Kommunalpolitiker zusehends an Schwung. Schon klar, die Verbreitung von Hass und Hetze im Internet betrifft alle Menschen und bestimmt nicht nur Politiker oder Menschen die im Augenmerk der Gesellschaft stehen.<\/p>\n","protected":false},"author":1,"featured_media":12045,"comment_status":"closed","ping_status":"closed","sticky":false,"template":"","format":"standard","meta":{"_crdt_document":"","footnotes":""},"categories":[1,902,46],"tags":[5,618,127,310],"class_list":["post-12039","post","type-post","status-publish","format-standard","has-post-thumbnail","hentry","category-allgemein","category-meine-meinung","category-meine-politik","tag-dirmingen","tag-gemeinde-eppelborn","tag-landkreis-neunkirchen","tag-saarland"],"_links":{"self":[{"href":"https:\/\/echta-derminga.de\/index.php?rest_route=\/wp\/v2\/posts\/12039","targetHints":{"allow":["GET"]}}],"collection":[{"href":"https:\/\/echta-derminga.de\/index.php?rest_route=\/wp\/v2\/posts"}],"about":[{"href":"https:\/\/echta-derminga.de\/index.php?rest_route=\/wp\/v2\/types\/post"}],"author":[{"embeddable":true,"href":"https:\/\/echta-derminga.de\/index.php?rest_route=\/wp\/v2\/users\/1"}],"replies":[{"embeddable":true,"href":"https:\/\/echta-derminga.de\/index.php?rest_route=%2Fwp%2Fv2%2Fcomments&post=12039"}],"version-history":[{"count":6,"href":"https:\/\/echta-derminga.de\/index.php?rest_route=\/wp\/v2\/posts\/12039\/revisions"}],"predecessor-version":[{"id":12070,"href":"https:\/\/echta-derminga.de\/index.php?rest_route=\/wp\/v2\/posts\/12039\/revisions\/12070"}],"wp:featuredmedia":[{"embeddable":true,"href":"https:\/\/echta-derminga.de\/index.php?rest_route=\/wp\/v2\/media\/12045"}],"wp:attachment":[{"href":"https:\/\/echta-derminga.de\/index.php?rest_route=%2Fwp%2Fv2%2Fmedia&parent=12039"}],"wp:term":[{"taxonomy":"category","embeddable":true,"href":"https:\/\/echta-derminga.de\/index.php?rest_route=%2Fwp%2Fv2%2Fcategories&post=12039"},{"taxonomy":"post_tag","embeddable":true,"href":"https:\/\/echta-derminga.de\/index.php?rest_route=%2Fwp%2Fv2%2Ftags&post=12039"}],"curies":[{"name":"wp","href":"https:\/\/api.w.org\/{rel}","templated":true}]}}