{"id":12073,"date":"2022-02-19T14:13:40","date_gmt":"2022-02-19T13:13:40","guid":{"rendered":"https:\/\/echta-derminga.de\/?p=12073"},"modified":"2022-02-20T17:10:05","modified_gmt":"2022-02-20T16:10:05","slug":"in-sachen-ortsvorsteher-von-tollen-aktionen-einem-neuen-geschaeftsmodel-und-dem-grossen-reinemachen","status":"publish","type":"post","link":"https:\/\/echta-derminga.de\/?p=12073","title":{"rendered":"In Sachen Ortsvorsteher: Von tollen Aktionen, einem neuen Gesch\u00e4ftsmodel und dem gro\u00dfen Reinemachen"},"content":{"rendered":"\n<p class=\"has-medium-font-size wp-block-paragraph\">Liebe Dirmingerinnen und Dirminger, ganz bestimmt haben Sie es schon anhand der zahlreichen Plakate in unserem Dorf festgestellt: Der Wahlkampf hat begonnen! Die Wahl des 17. Landtages des Saarlandes findet am 27. M\u00e4rz 2022 statt. Die Wahlbenachrichtigungen werden den B\u00fcrgerinnen und B\u00fcrgern der Gemeinde Eppelborn in den n\u00e4chsten Tagen zugestellt. Den Wahlbenachrichtigungsbrief sollten Sie bitte gut aufbewahren und am Wahlsonntag mit in das Wahllokal bringen. Auf der R\u00fcckseite der Wahlbenachrichtigung finden Sie einen personalisierten Antrag auf \u00dcbersendung von Briefwahlunterlagen. Wenn Sie ihre Briefwahlunterlagen anfordern m\u00f6chten, sollten Sie den Antrag auf Erteilung eines Wahlscheines ausf\u00fcllen und diesen bei der Gemeindeverwaltung Eppelborn abgeben. Die Briefwahlunterlagen k\u00f6nnen ab dem 01.M\u00e4rz an Werktagen, montags bis freitags in der Zeit von 8.00 Uhr bis 12.00 Uhr, montags bis donnerstags von 14.00 Uhr bis 15.30 Uhr und dienstags bis 18.00 Uhr, beantragt werden. Das Briefwahlb\u00fcro ist zudem an folgenden Samstagen in der Zeit von 9.00 Uhr bis 12.00 Uhr ge\u00f6ffnet: 05.03., 12.03. und am 19.03.2022. <strong>Unsere \u00f6rtlichen politischen Ortsvereine werden Ihnen bei Anfragen bestimmt beratend zur Seite stehen.<\/strong> Sollten Sie Fragen haben, k\u00f6nnen Sie mich gerne jederzeit kontaktieren. Ich m\u00f6chte Sie h\u00f6flichst bitten von Ihrem Wahlrecht Gebrauch zu machen.<\/p>\n\n\n\n<div class=\"wp-block-image\"><figure class=\"aligncenter size-large\"><img loading=\"lazy\" decoding=\"async\" width=\"700\" height=\"490\" src=\"https:\/\/echta-derminga.de\/wp-content\/uploads\/2022\/02\/IMG-20220219-WA0023-700x490.jpg\" alt=\"\" class=\"wp-image-12090\" srcset=\"https:\/\/echta-derminga.de\/wp-content\/uploads\/2022\/02\/IMG-20220219-WA0023-700x490.jpg 700w, https:\/\/echta-derminga.de\/wp-content\/uploads\/2022\/02\/IMG-20220219-WA0023-300x210.jpg 300w, https:\/\/echta-derminga.de\/wp-content\/uploads\/2022\/02\/IMG-20220219-WA0023-768x537.jpg 768w, https:\/\/echta-derminga.de\/wp-content\/uploads\/2022\/02\/IMG-20220219-WA0023.jpg 936w\" sizes=\"auto, (max-width: 700px) 100vw, 700px\" \/><figcaption>Wahlkampf in Dirmingen<\/figcaption><\/figure><\/div>\n\n\n\n<p class=\"has-medium-font-size wp-block-paragraph\"><strong>KKV Dirmingen vers\u00fc\u00dft Kindern eine traurige Fastnacht<\/strong><\/p>\n\n\n\n<p class=\"has-medium-font-size wp-block-paragraph\">Der KKV Dirmingen hat auch in diesem Jahr mit einer vorbildlichen Aktion auf sich Aufmerksam gemacht. Nachdem unsere \u201eFaasebooze\u201c auch in diesem Jahr auf die Durchf\u00fchrung ihrer geliebten Kappensitzungen verzichten mussten, wurde erneut nach Alternative gesucht, um an dem fastn\u00e4chtlichen Brauchtum zu erinnern. Dabei besuchte eine Delegation des Elferrates des KKV Dirmingen unseren Kindergarten, die Grundschule Dependance Wiesbach-Dirmingen und die Rotenbergschule mit einer s\u00fc\u00dfen \u00dcberraschung. Im Gep\u00e4ck hatten die wackeren Elferr\u00e4te viele s\u00fc\u00dfe Leckereien und nat\u00fcrlich  \u201eFassend-Kichelcha\u201c. Als Mitglied des Elferrates und bekennender \u201eFassebooze\u201c lie\u00df ich es mir nicht nehmen diese Aktion aktiv zu begleiten. <strong>Gerne habe ich die Kosten der \u201eFaasend-Kichelcha\u201c f\u00fcr diese wunderbare Aktion \u00fcbernommen.<\/strong> Es war mir eine Ehre den Kindern, den Eltern, den Lehrern, den Erziehern und auch meinen Freunden des KKV Dirmingen eine Freude zu machen. In der kommenden Woche werden die Kinder unserer Kita &#8222;Pusteblume&#8220; beschenkt. Der KKV wird auch in diesem Jahr mit einem virtuellen Angebot um die Ecke kommen. <strong>Mit der tatkr\u00e4ftigen Unterst\u00fctzung des KKV- Urgesteins Benno Fries und seiner Tochter Dagmar wird am Fastnachtswochenende ein sch\u00f6nes Video ver\u00f6ffentlicht.<\/strong> Zwei Jahre ohne \u201eDerminga Faasend\u201c sind zu lang. Ich hoffe, dass dies die letzte Session wird in der wir ohne unsere geliebte Fastnacht auskommen m\u00fcssen. Allen &#8222;Faasebooze&#8220; ein dreifaches &#8222;Hoppla Hopp&#8220; !!<\/p>\n\n\n\n<figure class=\"wp-block-gallery has-nested-images columns-default is-cropped wp-block-gallery-1 is-layout-flex wp-block-gallery-is-layout-flex\">\n<figure class=\"wp-block-image size-large\"><img loading=\"lazy\" decoding=\"async\" width=\"1121\" height=\"715\" data-id=\"12085\" src=\"https:\/\/echta-derminga.de\/wp-content\/uploads\/2022\/02\/1-3.jpg\" alt=\"\" class=\"wp-image-12085\" srcset=\"https:\/\/echta-derminga.de\/wp-content\/uploads\/2022\/02\/1-3.jpg 1121w, https:\/\/echta-derminga.de\/wp-content\/uploads\/2022\/02\/1-3-300x191.jpg 300w, https:\/\/echta-derminga.de\/wp-content\/uploads\/2022\/02\/1-3-700x446.jpg 700w, https:\/\/echta-derminga.de\/wp-content\/uploads\/2022\/02\/1-3-768x490.jpg 768w\" sizes=\"auto, (max-width: 1121px) 100vw, 1121px\" \/><\/figure>\n\n\n\n<figure class=\"wp-block-image size-large\"><img loading=\"lazy\" decoding=\"async\" width=\"1314\" height=\"836\" data-id=\"12083\" src=\"https:\/\/echta-derminga.de\/wp-content\/uploads\/2022\/02\/4-1.jpg\" alt=\"\" class=\"wp-image-12083\" srcset=\"https:\/\/echta-derminga.de\/wp-content\/uploads\/2022\/02\/4-1.jpg 1314w, https:\/\/echta-derminga.de\/wp-content\/uploads\/2022\/02\/4-1-300x191.jpg 300w, https:\/\/echta-derminga.de\/wp-content\/uploads\/2022\/02\/4-1-700x445.jpg 700w, https:\/\/echta-derminga.de\/wp-content\/uploads\/2022\/02\/4-1-768x489.jpg 768w\" sizes=\"auto, (max-width: 1314px) 100vw, 1314px\" \/><\/figure>\n\n\n\n<figure class=\"wp-block-image size-large\"><img loading=\"lazy\" decoding=\"async\" width=\"900\" height=\"506\" data-id=\"12086\" src=\"https:\/\/echta-derminga.de\/wp-content\/uploads\/2022\/02\/3.jpg\" alt=\"\" class=\"wp-image-12086\" srcset=\"https:\/\/echta-derminga.de\/wp-content\/uploads\/2022\/02\/3.jpg 900w, https:\/\/echta-derminga.de\/wp-content\/uploads\/2022\/02\/3-300x169.jpg 300w, https:\/\/echta-derminga.de\/wp-content\/uploads\/2022\/02\/3-700x394.jpg 700w, https:\/\/echta-derminga.de\/wp-content\/uploads\/2022\/02\/3-768x432.jpg 768w\" sizes=\"auto, (max-width: 900px) 100vw, 900px\" \/><\/figure>\n<\/figure>\n\n\n\n<p class=\"has-medium-font-size wp-block-paragraph\"><strong>Saarland picobello- Aktion in Dirmingen<\/strong><\/p>\n\n\n\n<p class=\"has-medium-font-size wp-block-paragraph\">Das Thema Umweltverschmutzung spielt auch in unserem Heimatort eine gewichtige Rolle. W\u00f6chentlich m\u00fcssen wir uns \u00fcber unz\u00e4hlige Vergehen \u00e4rgern. Auf der anderen Seite gibt es viele Landsleute, die sich aktiv einsetzen und den Umwelts\u00fcndern den Kampf angesagt haben. Nach einem Jahr coronabedingter Pause findet nun am 18.\/19. M\u00e4rz 2022 die j\u00e4hrliche picobello Sammelaktion des Saarlandes statt. V<strong>ereine, Organisationen und auch B\u00fcrgerinnen und B\u00fcrger, die sich an der Aktion beteiligen m\u00f6chten, k\u00f6nnen sich bei mir unter 06827\/800780 oder per Mail unter kleinfranki@t-online.de anmelden.<\/strong> Treffpunkt ist am Samstag, 19. M\u00e4rz 2022 um 09 Uhr 30 am Feuerwehrger\u00e4tehaus Dirmingen.<\/p>\n\n\n\n<figure class=\"wp-block-gallery has-nested-images columns-default is-cropped wp-block-gallery-2 is-layout-flex wp-block-gallery-is-layout-flex\">\n<figure class=\"wp-block-image size-large\"><img loading=\"lazy\" decoding=\"async\" width=\"466\" height=\"315\" data-id=\"11948\" src=\"https:\/\/echta-derminga.de\/wp-content\/uploads\/2022\/01\/picobello22-600x325-2.jpg\" alt=\"\" class=\"wp-image-11948\" srcset=\"https:\/\/echta-derminga.de\/wp-content\/uploads\/2022\/01\/picobello22-600x325-2.jpg 466w, https:\/\/echta-derminga.de\/wp-content\/uploads\/2022\/01\/picobello22-600x325-2-300x203.jpg 300w\" sizes=\"auto, (max-width: 466px) 100vw, 466px\" \/><\/figure>\n\n\n\n<figure class=\"wp-block-image size-large\"><img loading=\"lazy\" decoding=\"async\" width=\"2560\" height=\"1459\" data-id=\"9388\" src=\"https:\/\/echta-derminga.de\/wp-content\/uploads\/2021\/04\/20210410_111939-1-scaled.jpg\" alt=\"\" class=\"wp-image-9388\" srcset=\"https:\/\/echta-derminga.de\/wp-content\/uploads\/2021\/04\/20210410_111939-1-scaled.jpg 2560w, https:\/\/echta-derminga.de\/wp-content\/uploads\/2021\/04\/20210410_111939-1-300x171.jpg 300w, https:\/\/echta-derminga.de\/wp-content\/uploads\/2021\/04\/20210410_111939-1-700x399.jpg 700w, https:\/\/echta-derminga.de\/wp-content\/uploads\/2021\/04\/20210410_111939-1-768x438.jpg 768w, https:\/\/echta-derminga.de\/wp-content\/uploads\/2021\/04\/20210410_111939-1-1536x875.jpg 1536w, https:\/\/echta-derminga.de\/wp-content\/uploads\/2021\/04\/20210410_111939-1-2048x1167.jpg 2048w\" sizes=\"auto, (max-width: 2560px) 100vw, 2560px\" \/><\/figure>\n<\/figure>\n\n\n\n<p class=\"has-medium-font-size wp-block-paragraph\"><strong>Vivi\u2019s Dorfautomat mit neuem Angebot<\/strong><\/p>\n\n\n\n<p class=\"has-medium-font-size wp-block-paragraph\">Das Gesch\u00e4ftsmodel \u201eVivi\u2019s Dorfautomat\u201c wurde mit einem weiteren Automaten erweitert. Der Eisautomat vom Edelherrmann steht seit neustem neben dem Verpflegungsautomaten und wurde mit leckeren Eisspezialit\u00e4ten bef\u00fcllt. Insgesamt sind 16 Sorten wie.z.b Cookie Dough Eis, Gebrannte Mandeln Eis, Walnuss Premium, Tiramisu, Haselnuss Piemonte, Mascarpone Kinder Country Eis, Pistazien, Cashew Salted Carmel im Automaten vorhanden. Ich w\u00fcnsche Vivi und J\u00fcrgen Lautemann viel Erfolg und alles Gute bei ihrem neuen Projekt. \u00dcberhaupt hat sich die Au\u00dfendarstellung des Dorfautomaten wesentlich ver\u00e4ndert. <strong>Die Station ergibt nun ein Top-Bild in der Dorfmitte.<\/strong><\/p>\n\n\n\n<div class=\"wp-block-image\"><figure class=\"aligncenter size-large\"><img loading=\"lazy\" decoding=\"async\" width=\"700\" height=\"338\" src=\"https:\/\/echta-derminga.de\/wp-content\/uploads\/2022\/02\/20220216_142145-700x338.jpg\" alt=\"\" class=\"wp-image-12077\" srcset=\"https:\/\/echta-derminga.de\/wp-content\/uploads\/2022\/02\/20220216_142145-700x338.jpg 700w, https:\/\/echta-derminga.de\/wp-content\/uploads\/2022\/02\/20220216_142145-300x145.jpg 300w, https:\/\/echta-derminga.de\/wp-content\/uploads\/2022\/02\/20220216_142145-768x370.jpg 768w, https:\/\/echta-derminga.de\/wp-content\/uploads\/2022\/02\/20220216_142145.jpg 900w\" sizes=\"auto, (max-width: 700px) 100vw, 700px\" \/><figcaption>ViV&#8217;s Dorfautomaten- Station <\/figcaption><\/figure><\/div>\n\n\n\n<p class=\"has-medium-font-size wp-block-paragraph\"><strong>31. Eppelborner Figurentheater<\/strong><\/p>\n\n\n\n<p class=\"has-medium-font-size wp-block-paragraph\">Nach einer pandemiebedingten Zwangspause findet in diesem die 31. Auflage de Eppelborner Figurentheatertage statt. B\u00fcrgermeister Feld erkl\u00e4rt in einer Pressemitteilung \u201eWenn wir auch in diesem Jahr deutlich weniger Vorstellungen haben werden als vor der Pandemie, so sind die Vorstellungen der Theaterb\u00fchnen dennoch ein gutes und wichtiges Signal f\u00fcr die Zukunft der Kultur in unserer Gemeinde. Gerade das Figurentheater hatte immer sein Publikum und verdient es, nach der Pandemie zu neuem Leben erweckt zu werden.\u201c Insgesamt wird es im Zeitraum vom 8. M\u00e4rz bis zum 20. M\u00e4rz sechs Auff\u00fchrungen im big Eppel geben. Start ist am Dienstag, 8. M\u00e4rz 2022 um 16.00 Uhr im big Epple. Zum Abschluss der Eppelborner Figurentheatertage warten am Sonntag, 20. M\u00e4rz 2022, gleich zwei Vorstellungen des Figurentheaters auf die kleinen und gro\u00dfen Zuschauerinnen und Zuschauer. Einlass zu allen sechs Vorstellungen ist jeweils eine Stunde vor Vorstellungsbeginn. Es gelten die jeweiligen Corona-Regeln. <strong>Das Kulturamt unserer Gemeinde hat gro\u00dfartige Arbeit geleistet. Es ist nicht selbstverst\u00e4ndlich, dass die Figurentheater nach einer Zeit voller Entbehrungen wieder stattfinden kann.<\/strong> INFO: Tickets zu allen Veranstaltungen sowie weitere Informationen gibt es im big Eppel unter Tel.: (06881)89 69 681 oder unter www.bigeppel.de<\/p>\n\n\n\n<p class=\"has-medium-font-size wp-block-paragraph\"><strong>Verkehrsrechtliche \u00c4nderungen im Bereich der Berschweiler und B\u00f6llingerstrasse<\/strong><\/p>\n\n\n\n<p class=\"has-medium-font-size wp-block-paragraph\">Die Verkehrssituation in der Dirminger Berschweilerstra\u00dfe und B\u00f6llingerstra\u00dfe besch\u00e4ftigt seit geraumer Zeit unseren Ortsrat. Dabei ging es in vielen Debatten um eine Geschwindigkeitsbegrenzung in der B\u00f6llingerstrasse und die Sicherstellung der Sichtachse Berschweilerstrasse &#8211; Einm\u00fcndung B\u00f6llingerstrasse. Die Gemeindeverwaltung um B\u00fcrgermeister Feld hat nun richtungsweisende Ma\u00dfnahmen veranlasst. Neben der Geschwindigkeitsbegrenzung in der B\u00f6llingerstrasse wird sich in den n\u00e4chsten Tagen intensiv um die Sichtungsachse in der Berschweilerstrasse gek\u00fcmmert. <strong>Ich freue mich \u00fcber diese positive Entwicklung und m\u00f6chte mich ganz herzlich bei B\u00fcrgermeister Feld und seiner Verwaltung bedanken.<\/strong><\/p>\n\n\n\n<p class=\"has-medium-font-size wp-block-paragraph\"><strong>Die Band PERLREGEN aus Eppelborn-Dirmingen hat einen Song f\u00fcr den guten Zweck aufgenommen<\/strong><\/p>\n\n\n\n<p class=\"has-medium-font-size wp-block-paragraph\">Am 15. Februar wurde am \u201eInternationale Kinderkrebstag\u201c an die vielen krebskranken Kinder in unserer Welt erinnert. J\u00e4hrlich erkranken 250.000 Kinder weltweit an der heimt\u00fcckischen Krankheit. Die Dirminger Band PERLREGEN hat nun auf eine sehr emotionale Art und Weise dieses Thema aufgegriffen. In enger Abstimmung mit einer betroffenen Familie, hat die Band ihren neuen Song \u201eBitte bleib\u201c ver\u00f6ffentlicht. Zeitgleich startete die Band PERLREGEN einen Aufruf zum Spenden. Vor etwa einem halben Jahr wurden Thomas Lapp und Martina Schlaucher von Familie H\u00fcbner aus Magdeburg mit dem Wunsch kontaktiert, diesen Song zu schreiben. Die Familie verlor 2018 ihre Tochter Alina Michelle im Alter von gerade mal zwei Jahren an den Krebs. Sie setzen sich seither f\u00fcr die Krebshilfe ein. Zu ihren Aktionen geh\u00f6rt auch ein j\u00e4hrlich stattfindendes Wohnzimmerkonzert in ihrer Heimat Magdeburg, welches zu Gunsten des Magdeburger F\u00f6rdervereins krebskranker Kinder e.V. stattfindet. Dieses Jahr durfte auch die Dirminger Band PERLREGEN live zur Unterst\u00fctzung dabei sein. Den Text zu \u201eBitte Bleib\u201c hat Martina Schlaucher zusammen mit Nadine H\u00fcbner, der Mama von Alina Michelle geschrieben. Arrangiert wurde der Song in zwei Versionen \u2013 Radio Edit und -Acoustic. Seit 15. Februar 2022 sind beide Videos zum Song auf YouTube ver\u00f6ffentlicht und nat\u00fcrlich auch auf allen g\u00e4ngigen Streaming Portalen zu finden. <a href=\"http:\/\/www.perlregen.de\/bittebleib\">www.perlregen.de\/bittebleib<\/a>. <strong>Auf der Seite der Band Perlregen finden Sie auch Infos wie Sie am besten Spenden k\u00f6nnen.<\/strong> Ich w\u00fcnsche der Band PERLREGEN viel Erfolg.<\/p>\n\n\n\n<div class=\"wp-block-image\"><figure class=\"aligncenter size-full\"><img loading=\"lazy\" decoding=\"async\" width=\"685\" height=\"685\" src=\"https:\/\/echta-derminga.de\/wp-content\/uploads\/2022\/02\/Perlregen.jpg\" alt=\"\" class=\"wp-image-12078\" srcset=\"https:\/\/echta-derminga.de\/wp-content\/uploads\/2022\/02\/Perlregen.jpg 685w, https:\/\/echta-derminga.de\/wp-content\/uploads\/2022\/02\/Perlregen-300x300.jpg 300w, https:\/\/echta-derminga.de\/wp-content\/uploads\/2022\/02\/Perlregen-150x150.jpg 150w, https:\/\/echta-derminga.de\/wp-content\/uploads\/2022\/02\/Perlregen-90x90.jpg 90w, https:\/\/echta-derminga.de\/wp-content\/uploads\/2022\/02\/Perlregen-75x75.jpg 75w\" sizes=\"auto, (max-width: 685px) 100vw, 685px\" \/><\/figure><\/div>\n\n\n\n<p class=\"has-medium-font-size wp-block-paragraph\"><strong>Gemeinde Eppelborn verabschiedet sich von B\u00fcrgermeister a.D Fritz-Hermann Lutz<\/strong><\/p>\n\n\n\n<p class=\"has-medium-font-size wp-block-paragraph\">Mit einem w\u00fcrdigen Gottesdienst und emotionalen Trauerreden durfte sich die Gemeinde von ihrem B\u00fcrgermeister a.D. verabschieden. Rund 200 Personen waren am Freitag, 11.02.22 in den big Eppel gekommen, um sich von dem verstorbenen Altb\u00fcrgermeister zu verabschieden. B\u00fcrgermeister Fritz-Hermann Lutz war 28 Jahre lang (von 1984 bis 2012) bis zu seiner Pensionierung B\u00fcrgermeister der Gemeinde Eppelborn. B\u00fcrgermeister Andreas Feld und der saarl\u00e4ndische Ministerpr\u00e4sident Tobias Hans erinnerten in ihrer emotionalen Abschiedsrede an das Wirken des verdienten Alt- B\u00fcrgermeisters. Unter den Trauerg\u00e4sten waren unter anderem Bundesministerin a.D. Annegret Kramp-Karrenbauer, Bundesminister a.D. Peter Altmaier, Bundesverfassungsrichter Peter M\u00fcller, Ministerin Monika Bachmann, die Staatssekret\u00e4re Stephan Kolling und Roland Theis, Staatssekret\u00e4rin a.D. Gaby Sch\u00e4fer, Neunkirchens Landrat S\u00f6ren Meng, B\u00fcrgermeisterin a.D. Birgit M\u00fcller-Closset sowie zahlreiche ehemalige B\u00fcrgermeisterkollegen des Verstorbenen sowie die Ortsvorsteher unserer Gemeinde Eppelborn. <strong>Ich habe es als meine Verpflichtung gegen\u00fcber den Menschen unseres Dorfes gesehen dem Alt- B\u00fcrgermeister Lutz die letzte Ehre zu erweisen. Es war mir eine Ehre diesen gro\u00dfartigen Kommunalpolitiker gekannt zu haben. Ich bin mir sicher, dass die Menschen in Dirmingen dem B\u00fcrgermeister a.D ein w\u00fcrdiges Andenken verleihen werden.<\/strong> Bei der anschlie\u00dfenden Beisetzung auf dem Friedhof in Eppelborn sorgte die Dirmingerin Nina Heidemann f\u00fcr einen emotionalen H\u00f6hepunkt. Auch der Fanfarenzug Eppelborn und der Instrumentalverein Eppelborn Feuerwehr verliehen der Veranstaltung einen w\u00fcrdevollen Rahmen.<\/p>\n\n\n\n<div class=\"wp-block-image\"><figure class=\"aligncenter size-large\"><img loading=\"lazy\" decoding=\"async\" width=\"700\" height=\"457\" src=\"https:\/\/echta-derminga.de\/wp-content\/uploads\/2022\/02\/07_Trauerfeier-12-Large-1024x669-1-700x457.jpg\" alt=\"\" class=\"wp-image-12080\" srcset=\"https:\/\/echta-derminga.de\/wp-content\/uploads\/2022\/02\/07_Trauerfeier-12-Large-1024x669-1-700x457.jpg 700w, https:\/\/echta-derminga.de\/wp-content\/uploads\/2022\/02\/07_Trauerfeier-12-Large-1024x669-1-300x196.jpg 300w, https:\/\/echta-derminga.de\/wp-content\/uploads\/2022\/02\/07_Trauerfeier-12-Large-1024x669-1-768x502.jpg 768w, https:\/\/echta-derminga.de\/wp-content\/uploads\/2022\/02\/07_Trauerfeier-12-Large-1024x669-1.jpg 1024w\" sizes=\"auto, (max-width: 700px) 100vw, 700px\" \/><figcaption>Quelle: Gemeinde Eppelborn<\/figcaption><\/figure><\/div>\n\n\n\n<p class=\"has-medium-font-size wp-block-paragraph\">Liebe Mitb\u00fcrgerinnen und Mitb\u00fcrger, der M\u00e4rz wird aller Voraussicht nach einige richtungsweisende \u00c4nderungen mit sich bringen. Wir alle haben die Hoffnung, die schlimmste Zeit dieser Pandemie hinter uns gelassen zu haben. Passen Sie jedoch weiterhin gut auf sich auf. Dieser Bazillus wirkt manchmal wie ein Wolf im Schafspelz !<\/p>\n\n\n\n<p class=\"has-medium-font-size wp-block-paragraph\"><strong>Am Montag, 15. M\u00e4rz 2022 wird die neue Illbr\u00fccke zum \u201eBr\u00fchlpark\u201c feierlich eingeweiht. Auf Initiative unseres B\u00fcrgermeisters erh\u00e4lt die Br\u00fccke den Namen:\u201c Manfred Klein-Br\u00fccke\u201c. Ich finde dies ist eine wunderbare Geste f\u00fcr unseren verstorbenen Ortsvorsteher Manfred Klein. Der Kulturverein Dirmingen hat mir w\u00e4hrenddessen zugesagt diese Veranstaltung zu begleiten. Der Dirminger Songwriter Mac Gabler hat eigens zu diesem Anlass ein Lied verfasst. Wir alle sind bereit und freuen uns auf einen sch\u00f6nen Tag der in einer wundervollen Geste endet. Die Br\u00fccke wird bis dahin fertiggestellt sein. In diesem Zusammenhang m\u00f6chte ich um Verst\u00e4ndnis werben: Manche Dinge brauchen ihre Zeit. Ich w\u00fcnsche mir manchmal etwas mehr Geduld. Sie alle k\u00f6nnen versichert sein, dass wir t\u00e4glich damit besch\u00e4ftigt sind unseren Heimatort aufzuwerten. Dabei m\u00fcssen wir immer wieder feststellen, dass gerade zu Zeiten der Pandemie vieles l\u00e4nger braucht. Dies gilt f\u00fcr den Bau eines Verbrauchermarktes genauso wie die Fertigstellung der Illbr\u00fccke. Manches braucht eben Zeit. Wir sind jedoch dran und geben t\u00e4glich das Beste ! <\/strong><\/p>\n\n\n\n<div class=\"wp-block-image\"><figure class=\"aligncenter size-large\"><img loading=\"lazy\" decoding=\"async\" width=\"700\" height=\"315\" src=\"https:\/\/echta-derminga.de\/wp-content\/uploads\/2022\/01\/brueckr-700x315.jpg\" alt=\"\" class=\"wp-image-11850\" srcset=\"https:\/\/echta-derminga.de\/wp-content\/uploads\/2022\/01\/brueckr-700x315.jpg 700w, https:\/\/echta-derminga.de\/wp-content\/uploads\/2022\/01\/brueckr-300x135.jpg 300w, https:\/\/echta-derminga.de\/wp-content\/uploads\/2022\/01\/brueckr-768x346.jpg 768w, https:\/\/echta-derminga.de\/wp-content\/uploads\/2022\/01\/brueckr.jpg 1200w\" sizes=\"auto, (max-width: 700px) 100vw, 700px\" \/><figcaption>Zuk\u00fcnftige &#8222;Manfred Klein &#8211; Br\u00fccke&#8220;<\/figcaption><\/figure><\/div>\n\n\n\n<p class=\"has-medium-font-size wp-block-paragraph\"><strong>In diesem Sinne w\u00fcnsche ich Ihnen mit einem arabischen Sprichwort eine gute und entspannte Zeit:<\/strong><\/p>\n\n\n\n<p class=\"has-text-align-center has-medium-font-size wp-block-paragraph\"><strong>&#8222;Humor und Geduld sind zwei Kamele, mit denen du durch jede W\u00fcste kommst.&#8220;<\/strong><\/p>\n\n\n\n<p class=\"has-medium-font-size wp-block-paragraph\">In diesem Sinne<\/p>\n\n\n\n<p class=\"has-medium-font-size wp-block-paragraph\">Ihr Ortsvorsteher<\/p>\n\n\n\n<p class=\"has-medium-font-size wp-block-paragraph\"><em>Frank Klein<\/em><\/p>\n\n\n\n<div class=\"wp-block-image\"><figure class=\"aligncenter size-large\"><img loading=\"lazy\" decoding=\"async\" width=\"700\" height=\"884\" src=\"https:\/\/echta-derminga.de\/wp-content\/uploads\/2022\/02\/07_Titelseite-aussen-Large-2-811x1024-1-700x884.jpg\" alt=\"\" class=\"wp-image-12093\" srcset=\"https:\/\/echta-derminga.de\/wp-content\/uploads\/2022\/02\/07_Titelseite-aussen-Large-2-811x1024-1-700x884.jpg 700w, https:\/\/echta-derminga.de\/wp-content\/uploads\/2022\/02\/07_Titelseite-aussen-Large-2-811x1024-1-238x300.jpg 238w, https:\/\/echta-derminga.de\/wp-content\/uploads\/2022\/02\/07_Titelseite-aussen-Large-2-811x1024-1-768x970.jpg 768w, https:\/\/echta-derminga.de\/wp-content\/uploads\/2022\/02\/07_Titelseite-aussen-Large-2-811x1024-1.jpg 811w\" sizes=\"auto, (max-width: 700px) 100vw, 700px\" \/><\/figure><\/div>\n","protected":false},"excerpt":{"rendered":"<p>Liebe Dirmingerinnen und Dirminger, ganz bestimmt haben Sie es schon anhand der zahlreichen Plakate in unserem Dorf festgestellt: Der Wahlkampf hat begonnen! Die Wahl des 17. Landtages des Saarlandes findet am 27. M\u00e4rz 2022 statt. Die Wahlbenachrichtigungen werden den B\u00fcrgerinnen und B\u00fcrgern der Gemeinde Eppelborn in den n\u00e4chsten Tagen zugestellt. Den Wahlbenachrichtigungsbrief sollten Sie bitte gut aufbewahren und am Wahlsonntag<\/p>\n","protected":false},"author":1,"featured_media":12076,"comment_status":"open","ping_status":"closed","sticky":false,"template":"","format":"standard","meta":{"_crdt_document":"","footnotes":""},"categories":[1,812],"tags":[5,618,127,634,795,310],"class_list":["post-12073","post","type-post","status-publish","format-standard","has-post-thumbnail","hentry","category-allgemein","category-ortsvorsteher-dirmingen","tag-dirmingen","tag-gemeinde-eppelborn","tag-landkreis-neunkirchen","tag-ortsvorsteher","tag-ortsvorsteher-dirmingen","tag-saarland"],"_links":{"self":[{"href":"https:\/\/echta-derminga.de\/index.php?rest_route=\/wp\/v2\/posts\/12073","targetHints":{"allow":["GET"]}}],"collection":[{"href":"https:\/\/echta-derminga.de\/index.php?rest_route=\/wp\/v2\/posts"}],"about":[{"href":"https:\/\/echta-derminga.de\/index.php?rest_route=\/wp\/v2\/types\/post"}],"author":[{"embeddable":true,"href":"https:\/\/echta-derminga.de\/index.php?rest_route=\/wp\/v2\/users\/1"}],"replies":[{"embeddable":true,"href":"https:\/\/echta-derminga.de\/index.php?rest_route=%2Fwp%2Fv2%2Fcomments&post=12073"}],"version-history":[{"count":17,"href":"https:\/\/echta-derminga.de\/index.php?rest_route=\/wp\/v2\/posts\/12073\/revisions"}],"predecessor-version":[{"id":12105,"href":"https:\/\/echta-derminga.de\/index.php?rest_route=\/wp\/v2\/posts\/12073\/revisions\/12105"}],"wp:featuredmedia":[{"embeddable":true,"href":"https:\/\/echta-derminga.de\/index.php?rest_route=\/wp\/v2\/media\/12076"}],"wp:attachment":[{"href":"https:\/\/echta-derminga.de\/index.php?rest_route=%2Fwp%2Fv2%2Fmedia&parent=12073"}],"wp:term":[{"taxonomy":"category","embeddable":true,"href":"https:\/\/echta-derminga.de\/index.php?rest_route=%2Fwp%2Fv2%2Fcategories&post=12073"},{"taxonomy":"post_tag","embeddable":true,"href":"https:\/\/echta-derminga.de\/index.php?rest_route=%2Fwp%2Fv2%2Ftags&post=12073"}],"curies":[{"name":"wp","href":"https:\/\/api.w.org\/{rel}","templated":true}]}}