{"id":12113,"date":"2023-02-21T17:40:11","date_gmt":"2023-02-21T16:40:11","guid":{"rendered":"https:\/\/echta-derminga.de\/?p=12113"},"modified":"2023-02-21T20:25:06","modified_gmt":"2023-02-21T19:25:06","slug":"zerreisst-den-mantel-der-gleichgueltigkeit-den-ihr-um-euer-herz-gelegt-warum-die-geschwister-scholl-bis-heute-als-vorbild-dienen","status":"publish","type":"post","link":"https:\/\/echta-derminga.de\/?p=12113","title":{"rendered":"&#8222;Zerrei\u00dft den Mantel der Gleichg\u00fcltigkeit, den Ihr um Euer Herz gelegt!&#8220;- 80 Jahre nach ihrem gewaltsamen Tod &#8211; Was w\u00fcrden Sophie, Hans und die Anderen heute denken und tun ?"},"content":{"rendered":"\n<p class=\"has-medium-font-size wp-block-paragraph\"><strong>Seit einigen Jahren besch\u00e4ftige ich mich mit der Geschichte von Sophie Scholl und frage mich bis heute:&nbsp;<\/strong> <strong>Wer war Sophie Scholl und woher nahm Sie ihre Kraft.<\/strong><\/p>\n\n\n\n<p class=\"has-medium-font-size wp-block-paragraph\"><strong>Obwohl der Aufstand der \u201eWei\u00dfen Rose\u201c letztendlich ohne Erfolg blieb, gilt Sophie Scholl bis heute als bedeutende Pers\u00f6nlichkeit. Damals gab es nur wenige Menschen, die sich trauten, Widerstand zu leisten. Sophie Scholl hatte w\u00e4hrend ihres Verh\u00f6rs die M\u00f6glichkeit gehabt einen anderen Weg zu w\u00e4hlen. Sie hielt den Kurs und stand zu ihren inhaftierten Mitstreitern. Viele sehen heute in Sophie Scholl eine Art Superheldin. War Sie das tats\u00e4chlich ? Heute wird die gute Sophie mit Filmen, B\u00fcchern oder auf Gem\u00e4lden und Briefmarken geehrt. Auf der anderen Seite wird die Widerstandsk\u00e4mpferin f\u00fcr politische Zwecke benutzt und verunglimpft. Dabei machten Sie gerade ihre Nat\u00fcrlichkeit, ihre Lebensfreude und ihre Standhaftigkeit zu einem besonderen Menschen. War Sie wirklich so besonders oder interpretieren wir tats\u00e4chlich zuviel in dieses M\u00e4dchen hinein ? Ihr damaliger Verlobter Fritz Hartnagelsagte sagte einmal, dass Sie ein \u201eganz normales M\u00e4dchen, mit Schw\u00e4chen und \u00c4ngsten\u201c gewesen sei.<\/strong><\/p>\n\n\n\n<p class=\"has-medium-font-size wp-block-paragraph\">Ich pers\u00f6nlich verehre Sophie Scholl wegen ihrem Gottvertrauen, ihrem starken Glauben, ihrem Gerechtigkeitssinn, ihrer Standhaftigkeit und ihrer Menschlichkeit. Soviel Mut h\u00e4tte ich pers\u00f6nlich, mit nur 21 Jahren, niemals gehabt. Zugegebenerma\u00dfen habe ich mir nach dem lesen meines Buches ein eigens Bild von Sophie Scholl gemacht. Gerne sehe ich mir ihre alten Fotos an und frage mich dabei immer wieder wer dieses tapfere M\u00e4dchen wirklich war. Ich werde kein Bild mehr der guten Sophie Scholl ver\u00f6ffentlichen. Obwohl ich mir sicher war, dass ich ein gemeinfreies Bild f\u00fcr einen Blogeintrag gew\u00e4hlt hatte, musste ich ein saftige Strafe wegen Versto\u00df gegen die Bildrechte bezahlen. Da meint man es gut, und bekommt noch einen auf den Deckel. Ich kann mir nicht vorstellen, dass dies im Sinne der Familie Scholl gewesen w\u00e4re. <\/p>\n\n\n\n<p class=\"has-medium-font-size wp-block-paragraph\"><strong>Wir schreiben das Jahr 2023. In Europa herrscht wieder Krieg. Russland wirft der Ukraine rechtsradikales Gedankengut vor und unterstellt der Regierung eine antifaschistische Haltung. Haben wir wirklich nichts aus unserer Geschichte gelernt ? Was w\u00fcrden Sophie, Hans und die Anderen zu diesen neuerlichen Vorw\u00fcrfen sagen ? Oder m\u00fcssen wir \u00fcberhaupt gar nicht \u00fcber den Tellerrand hinausblicken. Faschismus und Antisemitismus gibt es doch auch noch heute in unserem Heimatland. Wieder m\u00fcssen Menschen f\u00fcr eine Ideologie in den Krieg ziehen und sterben. Was w\u00fcrde die gute Sophie dazu sagen ?<\/strong><\/p>\n\n\n\n<blockquote class=\"wp-block-quote is-layout-flow wp-block-quote-is-layout-flow\">\n<p class=\"has-medium-font-size wp-block-paragraph\"><strong>\u00abIch kann es nicht begreifen, dass nun dauernd Menschen in Lebensgefahr gebracht werden<br>von anderen Menschen. Ich kann es nie begreifen und ich finde es entsetzlich. Sag nicht, es ist<br>f\u00fcr\u2019s Vaterland.\u00bb<\/strong><\/p>\n<cite><strong>Sophie Scholl<\/strong><\/cite><\/blockquote>\n\n\n\n<p class=\"has-medium-font-size wp-block-paragraph\"><strong>Am 18. Februar 1943 wurden f\u00fchrende Mitglieder der M\u00fcnchner Widerstandsgruppe &#8222;Wei\u00dfe Rose&#8220; nach einer Flugblattaktion an der M\u00fcnchner Universit\u00e4t verhaftet und nur vier Tage sp\u00e4ter durch das Fallbeil hingerichtet. Hans und Sophie Scholl bildeten den Kern der \u201cWei\u00dfe Rose\u201d. Sophie Scholl ist als eine Ikone des Widerstands gegen den Nationalsozialismus in die Geschichtsb\u00fccher gegangen. Bei all ihrem Wirken wurde Sie durch einen tiefen christlichen Glauben getragen. Bis heute gelten Sie und ihr Bruder Hans Scholl als wichtigste Pers\u00f6nlichkeiten im Widerstand gegen das NS-Regime. Sophie Scholl ist heute Heldin, Vorbild und Freiheitsk\u00e4mpferin. Mit ihrer Person vereinbart man Menschlichkeit und Zivilcourage. F\u00fcr viele Menschen erf\u00fcllt Sophie Scholl eine Vorbildfunktion. Ich m\u00f6chte mich da beim besten Willen nicht ausschlie\u00dfen.<\/strong> <strong>F\u00fcr mich ist Sophie Scholl ein echtes Vorbild.<\/strong><\/p>\n\n\n\n<p class=\"has-medium-font-size wp-block-paragraph\">Die Biologie-Studentin Sophie Scholl wurde am 9. Mai 1921 geboren. Die Eltern von Hans und Sophie legten gro\u00dfen Wert auf selbst\u00e4ndiges Denken und menschliche Werte. Der Vater hatte im Ersten Weltkrieg den Dienst mit der Waffe verweigert und war als Sanit\u00e4ter an die Front gezogen. W\u00e4hrend des Nationalsozialismus lie\u00df er sich den Kontakt zu j\u00fcdischen Freunden nicht verbieten.<\/p>\n\n\n\n<p class=\"has-medium-font-size wp-block-paragraph\"><strong>Hans und Sophie Scholl waren zun\u00e4chst vom Nationalsozialismus begeistert. W\u00e4hrend Hans in der Hitlerjugend Karriere machte, trat Sophie dem &#8222;Bund deutscher M\u00e4del&#8220; bei und stieg schon bald zur F\u00fchrungspers\u00f6nlichkeit auf. Im Jahre 1942 war der Glaube an Hitler und sein Regime erloschen. Die Geschwister merkten, dass ihr eigener christlicher Glaube und ihre moralischen \u00dcberzeugungen nicht mit den Zielen der Nationalsozialisten \u00fcbereinstimmten. Hans Scholl fasste den Entschluss etwas gegen das verbrecherische Nazi-Regime zu unternehmen. Angesichts des Schicksals der verfolgten und deportierten Juden wollten die Geschwister ein Zeichen setzen. Die Widerstandsgruppe \u201eWei\u00dfe Rose\u201c formierte sich und plante erste Aktionen. Die &#8222;Wei\u00dfe Rose&#8220; bestand im wesentlichen aus Studenten. Auch der Saarbr\u00fccker Willi Graf war Mitglied in dieser Widerstandsgruppe. Willi Graf wohnte in St. Johann und ging in Saarbr\u00fccken zur Schule. <\/strong><\/p>\n\n\n\n<p class=\"has-medium-font-size wp-block-paragraph\">Ich habe es an dieser Stelle schon mehrmals betont: F\u00fcr mich sind die Geschwister Scholl wahre Helden die im Grunde mehr Heimatliebe in sich getragen haben, als es alle Nazischergen zusammen. Gerade in der heutigen Zeit erinnern uns die Mitglieder der \u201eWei\u00dfen Rose\u201c daran, dass es wichtig ist Zeichen zu setzen und sich gegeben falls auch zu widersetzen. In einer Zeit, in der politischer Widerstand mit dem Tod bestraft wurde, k\u00e4mpfte die \u201eWei\u00dfe Rose\u201c gegen ein Regime das grausamer nicht h\u00e4tte sein k\u00f6nnen. Schon allein ihr bedingungsloser Mut machte die Geschwister Scholl zur Legende. <\/p>\n\n\n\n<p class=\"has-medium-font-size wp-block-paragraph\"><strong>Im Januar 1943 hilft Sophie Scholl bei der Herstellung und Verteilung des f\u00fcnften Flugblatts der \u201eWei\u00dfe Rose\u201c. In ihren Flugbl\u00e4ttern rief die &#8222;Weise Rose&#8220; die Bev\u00f6lkerung massiv zum Widerstand auf. Das unn\u00f6tige Blutvergie\u00dfen in Stalingrad oder in den Konzentrationslagern sollte ein Ende nehmen. Nach ihrer Verhaftung mussten sich die Mitglieder der Widerstandsbewegung einem tagelangen Verh\u00f6r unterziehen. Dabei wurde schnell deutlich, dass die Beweislast gegen Sophie Scholl und ihren Bruder erdr\u00fcckend war. V\u00f6llig uneigenn\u00fctzig versucht sich Sophie Scholl als Hauptakteurin der Wei\u00dfen Rose darzustellen, um die Freunde zu sch\u00fctzen.<\/strong><\/p>\n\n\n\n<p class=\"has-medium-font-size wp-block-paragraph\">Wenn man den historischen Berichten glauben darf, war Sophie Scholl eine beeindruckende Pers\u00f6nlichkeit, die mit Mut in den Tod ging. Trotz mehrerer Angebote der Nazis stand Sophie zu ihrer lebensbedrohlichen \u00dcberzeugung. Selbst als sie wusste, dass sie mit dem Tode rechnen musste, stand Sophie zu ihrem Handeln. Zum Ende ihrer pers\u00f6nlichen Stellungnahme sagte Sophie: <strong>\u201cWenn die Frage an mich gerichtet wird, ob ich auch jetzt noch der Meinung sei, richtig gehandelt zu haben, so muss ich hierauf mit \u2018ja\u2019 antworten, und zwar aus den eingangs angegebenen Gr\u00fcnden.\u201d<\/strong><\/p>\n\n\n\n<p class=\"has-medium-font-size wp-block-paragraph\"><strong>Es ist noch nicht vorbei! \u00dcberall auf der Welt, nicht nur in Deutschland, sind Rechtspopulisten auf dem Vormarsch. Der Rechtsruck ist deutlich sp\u00fcrbar und kaum noch von der Hand zu weisen. Menschen wie Sophie Scholl, Hans Scholl, Hans Schmorell, Kurt Huber, Christoph Probst und dem im Saarland geboren Willi Graf fehlen heute und werden dringend gebraucht. Sophie Scholl war die einzige Frau im Kreis der \u201eWei\u00dfen Rose\u201c. Welche Gemeinde oder Landkreis hat heute keine Schule, die den Namen Sophie Scholl tr\u00e4gt? Wie gerne h\u00e4tte ich einmal ein Glas Wein oder ein Bier mit den Widerst\u00e4ndlern getrunken. Einfach mal reden und zuh\u00f6ren. Ich glaube Sophie Scholl h\u00e4tte auch heute eine starke Stimme und kein Problem damit diese zu erheben.<\/strong><\/p>\n\n\n\n<blockquote class=\"wp-block-quote has-medium-font-size is-layout-flow wp-block-quote-is-layout-flow\">\n<p class=\"has-medium-font-size wp-block-paragraph\"><strong>\u00abZerrei\u00dft den Mantel der Gleichg\u00fcltigkeit, den Ihr um Euer Herz gelegt!\u00bb \u00abIch kann es nicht begreifen, dass nun dauernd Menschen in Lebensgefahr gebracht werden von anderen Menschen. Ich kann es nie begreifen und ich finde es entsetzlich. Sag nicht, es ist f\u00fcr&#8217;s Vaterland.\u00bb<\/strong><\/p>\n<cite><strong>Sophie Scholl<\/strong><\/cite><\/blockquote>\n\n\n\n<p class=\"has-medium-font-size wp-block-paragraph\">H\u00e4tte ich diesen Mut gehabt? Ist es nicht viel leichter die Augen zu schlie\u00dfen und mit dem Strom zu schwimmen? Was geht in einem 21-j\u00e4hrigen M\u00e4dchen vor, dass den Tod vor Augen hat und dennoch stur den Kurs h\u00e4lt? W\u00e4hrend ihrer Gerichtsverhandlung schrieb Sophie Scholl auf die R\u00fcckseite des Protokolls: <strong>&#8222;Freiheit&#8220;<\/strong><\/p>\n\n\n\n<p class=\"has-medium-font-size wp-block-paragraph\"><strong>Sophie Scholl ist bis heute eine der bedeutsamsten Pers\u00f6nlichkeiten unseres Landes. Am Ende hat Sie sich bewusst f\u00fcr den Widerstand und ihren Tod entschieden. Als ihr im dreit\u00e4gigen Verh\u00f6r Milde angeboten wurde, wenn sie sich als Mitl\u00e4uferin der &#8222;Wei\u00dfen Rose&#8220; ausgeben w\u00fcrde, lehnte sie ab. Praktisch war dies ihr Todesurteil. Sophie Scholl entschied sich f\u00fcr das Fallbeil.<\/strong><\/p>\n\n\n\n<blockquote class=\"wp-block-quote has-medium-font-size is-layout-flow wp-block-quote-is-layout-flow\">\n<p class=\"has-medium-font-size wp-block-paragraph\"><strong>Ich bin nach wie vor der Meinung, das Beste getan zu haben, was ich gerade jetzt f\u00fcr mein Volk tun konnte. Ich bereue deshalb meine Handlungsweise nicht und will die Folgen, die mir aus meiner Handlungsweise erwachsen, auf mich nehmen.<\/strong><\/p>\n<cite><strong>Sophie Scholl<\/strong><\/cite><\/blockquote>\n\n\n\n<p class=\"has-medium-font-size wp-block-paragraph\">Ich frage mich was die Mitglieder der \u201eWei\u00dfen Rose\u201c heute sagen und denken w\u00fcrden. W\u00e4ren sie entt\u00e4uscht von uns? W\u00fcrden sie sich kopfsch\u00fcttelnd abwenden und uns fragen, warum wir uns den ganzen &#8222;rechten M\u00fcll&#8220; schon wieder antun? <strong>Hans Scholl sagte einmal: \u201eVergesst nicht, dass ein jedes Volk diejenige Regierung verdient, die es ertr\u00e4gt\u201c.<\/strong><\/p>\n\n\n\n<p class=\"has-medium-font-size wp-block-paragraph\">Als am 22. Februar 1943 der Scharfrichter Johann Reichhart die drei junge Studenten Hans (24) und Sophie Scholl (21) und ihr Freund Christoph Probst (23) hinrichtete, starben diese f\u00fcr die Freiheit und ihre christlichen Werte. Sie starben aber auch in Liebe zu ihrem Heimatland. Ich glaube fest daran, dass die Geschwister Scholl das gro\u00dfe Ganze im Blick hatten und am Ende nur das Beste f\u00fcr ihre Heimat wollten.<\/p>\n\n\n\n<blockquote class=\"wp-block-quote is-layout-flow wp-block-quote-is-layout-flow\">\n<p class=\"has-medium-font-size wp-block-paragraph\"><strong>\u201eSteh zu den Dingen, an die du glaubst.<\/strong>&nbsp;<strong>Auch, wenn du alleine dort stehst&#8220;<\/strong>,<\/p>\n<cite><strong>Sophie Scholl<\/strong><\/cite><\/blockquote>\n\n\n\n<p class=\"has-medium-font-size wp-block-paragraph\"><strong>Ganz oft sehe ich mir eines ihrer Bilder an und frage mich: Wer war dieses junge M\u00e4dchen? Wer war Sophie Scholl? \u00dcbermittelt ist ihre Liebe zur Musik und zur Kunst. Sophie tanzte gerne und spielt Klavier au\u00dferdem war sie ist eine talentierte Zeichnerin. Zeitzeugen beschrieben Sophie Scholl als verletzbar und verletzend, zartf\u00fchlend und willk\u00fcrlich, gl\u00e4ubig und zweifelnd.<\/strong><\/p>\n\n\n\n<p class=\"has-medium-font-size wp-block-paragraph\">Viele Zitate der Geschwister Scholl wurden uns als Verm\u00e4chtnis hinterlassen. Manche dieser S\u00e4tze sind mahnend und beschw\u00f6rend, w\u00e4hrend andere wiederum voller Hoffnung und St\u00e4rke sind.<\/p>\n\n\n\n<blockquote class=\"wp-block-quote has-medium-font-size is-layout-flow wp-block-quote-is-layout-flow\">\n<p class=\"has-medium-font-size wp-block-paragraph\"><strong>\u201cMan muss etwas machen, um selbst keine Schuld zu haben. Dazu brauchen wir einen harten Geist und ein weiches Herz. Wir haben alle unsere Ma\u00dfst\u00e4be in uns selbst, nur suchen wir sie zu wenig\u201c.<\/strong><\/p>\n<cite><strong>Sophie Scholl<\/strong><\/cite><\/blockquote>\n\n\n\n<p class=\"has-medium-font-size wp-block-paragraph\"><strong>Was k\u00f6nnen wir also von Sophie, Hans und den Anderen lernen. Ich f\u00fcr meinen Teil bewundere ihre Beharrlichkeit, ihren Mut, ihre Zivilcourage, die Freiheitsliebe, ihre N\u00e4chstenliebe und ihre Heimatliebe. Ja, genau auch die Heimatliebe spielte f\u00fcr Sophie Scholl eine Rolle. Im Gegensatz zu den Nazi-Schergen hatte Heimat f\u00fcr sie jedoch eine ganz andere Bedeutung. Ganz deutlich sp\u00fcrbar wird dies in meinem Lieblingszitat von Sophie Scholl:<\/strong><\/p>\n\n\n\n<blockquote class=\"wp-block-quote has-medium-font-size is-layout-flow wp-block-quote-is-layout-flow\">\n<p class=\"has-medium-font-size wp-block-paragraph\"><strong>\u201eIch dr\u00fccke mein Gesicht an seine dunkle, warme Rinde und sp\u00fcre Heimat \u2013 und bin so uns\u00e4glich dankbar in diesem Augenblick.\u201c<\/strong><\/p>\n<cite><strong>Sophie Scholl<\/strong><\/cite><\/blockquote>\n\n\n\n<p class=\"has-medium-font-size wp-block-paragraph\"><strong>In den letzten Monaten ihres kurzen Lebens war Sophie Scholl eine mutige K\u00e4mpferin im Widerstand gegen das totalit\u00e4re NS-Regime. In ihrem Leben vor dem Widerstand war sie ein ganz normales M\u00e4dchen.<\/strong><\/p>\n\n\n\n<p class=\"has-medium-font-size wp-block-paragraph\"><strong>&#8222;So ein herrlicher Tag, und ich soll gehen. Aber was liegt an unserem Leben, wenn wir es damit schaffen, Tausende von Menschen aufzur\u00fctteln und wachzur\u00fctteln&#8220;,<\/strong> so lautet der inzwischen vielzitierte letzte Satz von Sophie Scholl. <strong>Gesagt hat sie diese Worte am 22. Februar 1943 &#8211; am Tag ihrer Hinrichtung.<\/strong> Der Scharfrichter Johann Reichhart soll sp\u00e4ter einmal gesagt haben, dass er noch nie jemanden gesehen habe, der so tapfer war wie Sophie Scholl aus dem Leben ging. Sophie Scholl hat bis zuletzt niemanden verraten und die anderen Mitglieder der &#8222;Wei\u00dfen Rose&#8220; gesch\u00fctzt. Sie starb f\u00fcr ihre Ideale. Bis zum Ende stellte sie sich und ihren Bruder Hans als die Hauptakteure der Widerstandsbewegung in den Vordergrund. <strong>Sie stand Auf und f\u00fcr andere Ein !<\/strong><\/p>\n\n\n\n<p class=\"has-medium-font-size wp-block-paragraph\"><strong>Hans Scholl\u2019s letzten Worte unter dem Fallbeil waren: \u201e Es lebe die Freiheit!\u201c<\/strong><\/p>\n","protected":false},"excerpt":{"rendered":"<p>Seit einigen Jahren besch\u00e4ftige ich mich mit der Geschichte von Sophie Scholl und frage mich bis heute:&nbsp; Wer war Sophie Scholl und woher nahm Sie ihre Kraft. Obwohl der Aufstand der \u201eWei\u00dfen Rose\u201c letztendlich ohne Erfolg blieb, gilt Sophie Scholl bis heute als bedeutende Pers\u00f6nlichkeit. Damals gab es nur wenige Menschen, die sich trauten, Widerstand zu leisten. Sophie Scholl hatte<\/p>\n","protected":false},"author":1,"featured_media":14721,"comment_status":"open","ping_status":"closed","sticky":false,"template":"","format":"standard","meta":{"_crdt_document":"","footnotes":""},"categories":[1,902],"tags":[5,618,794,127,76,77],"class_list":["post-12113","post","type-post","status-publish","format-standard","has-post-thumbnail","hentry","category-allgemein","category-meine-meinung","tag-dirmingen","tag-gemeinde-eppelborn","tag-hans-scholl","tag-landkreis-neunkirchen","tag-sophie-scholl","tag-weisse-rose"],"_links":{"self":[{"href":"https:\/\/echta-derminga.de\/index.php?rest_route=\/wp\/v2\/posts\/12113","targetHints":{"allow":["GET"]}}],"collection":[{"href":"https:\/\/echta-derminga.de\/index.php?rest_route=\/wp\/v2\/posts"}],"about":[{"href":"https:\/\/echta-derminga.de\/index.php?rest_route=\/wp\/v2\/types\/post"}],"author":[{"embeddable":true,"href":"https:\/\/echta-derminga.de\/index.php?rest_route=\/wp\/v2\/users\/1"}],"replies":[{"embeddable":true,"href":"https:\/\/echta-derminga.de\/index.php?rest_route=%2Fwp%2Fv2%2Fcomments&post=12113"}],"version-history":[{"count":33,"href":"https:\/\/echta-derminga.de\/index.php?rest_route=\/wp\/v2\/posts\/12113\/revisions"}],"predecessor-version":[{"id":14730,"href":"https:\/\/echta-derminga.de\/index.php?rest_route=\/wp\/v2\/posts\/12113\/revisions\/14730"}],"wp:featuredmedia":[{"embeddable":true,"href":"https:\/\/echta-derminga.de\/index.php?rest_route=\/wp\/v2\/media\/14721"}],"wp:attachment":[{"href":"https:\/\/echta-derminga.de\/index.php?rest_route=%2Fwp%2Fv2%2Fmedia&parent=12113"}],"wp:term":[{"taxonomy":"category","embeddable":true,"href":"https:\/\/echta-derminga.de\/index.php?rest_route=%2Fwp%2Fv2%2Fcategories&post=12113"},{"taxonomy":"post_tag","embeddable":true,"href":"https:\/\/echta-derminga.de\/index.php?rest_route=%2Fwp%2Fv2%2Ftags&post=12113"}],"curies":[{"name":"wp","href":"https:\/\/api.w.org\/{rel}","templated":true}]}}