{"id":12169,"date":"2022-02-27T12:31:18","date_gmt":"2022-02-27T11:31:18","guid":{"rendered":"https:\/\/echta-derminga.de\/?p=12169"},"modified":"2022-03-31T13:00:13","modified_gmt":"2022-03-31T12:00:13","slug":"unsere-narren-so-traurig-wie-der-clown-pierrot-schlechte-zeiten-fuer-faasebooze","status":"publish","type":"post","link":"https:\/\/echta-derminga.de\/?p=12169","title":{"rendered":"Unsere Narren, so traurig, wie der Clown Pierrot &#8211; Schlechte Zeiten f\u00fcr &#8222;Faasebooze&#8220;"},"content":{"rendered":"\n<p class=\"has-medium-font-size wp-block-paragraph\"><strong>Jean-Gaspard Deburau war ein b\u00f6hmisch-franz\u00f6sischer Pantomime, der im fr\u00fchen 19 Jahrhundert die Figur des Pierrots entwickelte. Der Pierrot ist ein trauriger Clown, den man heute h\u00f6chstens noch bei besonderen Maskenb\u00e4llen findet. Durch den Pantomime Deburau wurde der Pierrot weltber\u00fchmt. &nbsp;Dabei wurde die Figur des Pierrots keineswegs b\u00f6sartig, sondern vielmehr bemitleidenswert und bewusst naiv dargestellt. Als ich im Netz auf die Figur des traurigen Clowns Pierrot stie\u00df, kam mir der Gedanke zu diesem Blogeintrag. Irgendwie erinnert mich diese traurige Figur an die vielen \u201eFaasebooze\u201c in unserem Land. Der Pierrot steht als Sinnbild f\u00fcr die vielen kleinen Karnevalisten, die entt\u00e4uscht der diesj\u00e4hrigen Fastnacht -Session nachtrauern. Der \u201eFaasebooze\u201c als trauriger Clown dem man das Lachen verboten hat. Eine tragische, aber auch reale Vorstellung.<\/strong><\/p>\n\n\n\n<p class=\"has-medium-font-size wp-block-paragraph\">Schon wieder f\u00e4llt das fastn\u00e4chtliche Treiben der Pandemie zum Opfer. W\u00e4hrend in der Karnevalshochburg von K\u00f6ln, D\u00fcsseldorf und Mainz zumindest die gro\u00dfen Prunk- und Fernsehsitzungen geplant waren, hatte man im beschaulichen Saarland beizeiten alle Gro\u00dfveranstaltungen abgesagt. Im zweiten Jahr hintereinander m\u00fcssen die Karnevalisten in unserem Land ohne das hei\u00dfgeliebte fastn\u00e4chtliche Treiben auskommen. Der erneute Ausfall der Fastnacht trifft die vielen Karnevalsvereine an der Saar sehr hart.<\/p>\n\n\n\n<figure class=\"wp-block-gallery has-nested-images columns-default is-cropped wp-block-gallery-1 is-layout-flex wp-block-gallery-is-layout-flex\">\n<figure class=\"wp-block-image size-large\"><img loading=\"lazy\" decoding=\"async\" width=\"723\" height=\"529\" data-id=\"12179\" src=\"https:\/\/echta-derminga.de\/wp-content\/uploads\/2022\/02\/000.bmp\" alt=\"\" class=\"wp-image-12179\" srcset=\"https:\/\/echta-derminga.de\/wp-content\/uploads\/2022\/02\/000.bmp 723w, https:\/\/echta-derminga.de\/wp-content\/uploads\/2022\/02\/000-300x220.jpg 300w, https:\/\/echta-derminga.de\/wp-content\/uploads\/2022\/02\/000-700x512.jpg 700w\" sizes=\"auto, (max-width: 723px) 100vw, 723px\" \/><\/figure>\n\n\n\n<figure class=\"wp-block-image size-large\"><img loading=\"lazy\" decoding=\"async\" width=\"756\" height=\"470\" data-id=\"12178\" src=\"https:\/\/echta-derminga.de\/wp-content\/uploads\/2022\/02\/1964-22.bmp\" alt=\"\" class=\"wp-image-12178\" srcset=\"https:\/\/echta-derminga.de\/wp-content\/uploads\/2022\/02\/1964-22.bmp 756w, https:\/\/echta-derminga.de\/wp-content\/uploads\/2022\/02\/1964-22-300x187.jpg 300w, https:\/\/echta-derminga.de\/wp-content\/uploads\/2022\/02\/1964-22-700x435.jpg 700w\" sizes=\"auto, (max-width: 756px) 100vw, 756px\" \/><\/figure>\n\n\n\n<figure class=\"wp-block-image size-large\"><img loading=\"lazy\" decoding=\"async\" width=\"741\" height=\"462\" data-id=\"12177\" src=\"https:\/\/echta-derminga.de\/wp-content\/uploads\/2022\/02\/1964-2.bmp\" alt=\"\" class=\"wp-image-12177\" srcset=\"https:\/\/echta-derminga.de\/wp-content\/uploads\/2022\/02\/1964-2.bmp 741w, https:\/\/echta-derminga.de\/wp-content\/uploads\/2022\/02\/1964-2-300x187.jpg 300w, https:\/\/echta-derminga.de\/wp-content\/uploads\/2022\/02\/1964-2-700x436.jpg 700w\" sizes=\"auto, (max-width: 741px) 100vw, 741px\" \/><\/figure>\n<\/figure>\n\n\n\n<p class=\"has-medium-font-size wp-block-paragraph\"><strong>Als w\u00e4re die Pandemie nicht schon schlimm genug, versetzte nun auch noch der Kriegsausbruch in der Ukraine nicht nur die Narren in Schrecken. Gerade als man zumindest ein wenig Licht am Ende des Tunnels vermutete, schlug die Nachricht vom Angriff auf die Ukraine sprichw\u00f6rtlich wie eine Bombe ein. Seit der Gr\u00fcndung der Kolpingfamilie Dirmingen, im Jahre 1955, wird in unserem Dorf j\u00e4hrlich der Fastnachtsbrauchtum mit der Kappensitzung gepflegt. Bis zum Jahre 1977 wurde die Sitzung im Gasthaus \u201eHesedenz\u201c durchgef\u00fchrt. Danach wurde die Veranstaltung aus Platzgr\u00fcnden in die Borrwieshalle verlegt.<\/strong> <strong>Genau dort in der Borrwieshalle ist eine Kappensitzung aufgrund der immer noch anhaltenden Pandemie undenkbar. Das Schunkeln, singen, tanzen und K\u00fcssen geh\u00f6rt untrennbar zur f\u00fcnften Jahreszeit. Die aktuellen Corona-Vorschriften lassen eine Innenveranstaltungen mit \u00fcber 250 Menschen in der Halle nicht zu. Wie soll man mit Abstand, Maskenpflicht und Tanzverbot unbeschwert Fastnacht feiern. Die neuerlichen Lockerungen in unserem Bundesland reichen bei weitem nicht aus und kommen zudem auch zu sp\u00e4t.<\/strong><\/p>\n\n\n\n<p class=\"has-medium-font-size wp-block-paragraph\">Die Verantwortlichen des KKV Dirmingen haben sich ihren Entschluss nicht leicht gemacht. Noch im Dezember hatte man die Hoffnung eine Kappensitzung unter bestimmten Richtlinien durchf\u00fchren zu k\u00f6nnen. Die neue Omikron Variante lie\u00df am Ende jedoch keinen Spielraum. Die Kinder- und Jugendgarden sowie unsere Show- und Gro\u00dfgarde befanden sich bereits in der hei\u00dfen Vorbereitungsphase. Auch unsere B\u00fcttenredner waren bereits mit der Feinabstimmung besch\u00e4ftigt.<\/p>\n\n\n\n<figure class=\"wp-block-gallery has-nested-images columns-default is-cropped wp-block-gallery-2 is-layout-flex wp-block-gallery-is-layout-flex\">\n<figure class=\"wp-block-image size-large\"><img loading=\"lazy\" decoding=\"async\" width=\"1088\" height=\"739\" data-id=\"12183\" src=\"https:\/\/echta-derminga.de\/wp-content\/uploads\/2022\/02\/Fasend84Teil1.bmp\" alt=\"\" class=\"wp-image-12183\" srcset=\"https:\/\/echta-derminga.de\/wp-content\/uploads\/2022\/02\/Fasend84Teil1.bmp 1088w, https:\/\/echta-derminga.de\/wp-content\/uploads\/2022\/02\/Fasend84Teil1-300x204.jpg 300w, https:\/\/echta-derminga.de\/wp-content\/uploads\/2022\/02\/Fasend84Teil1-700x475.jpg 700w, https:\/\/echta-derminga.de\/wp-content\/uploads\/2022\/02\/Fasend84Teil1-768x522.jpg 768w\" sizes=\"auto, (max-width: 1088px) 100vw, 1088px\" \/><\/figure>\n\n\n\n<figure class=\"wp-block-image size-large\"><img loading=\"lazy\" decoding=\"async\" width=\"1428\" height=\"954\" data-id=\"12182\" src=\"https:\/\/echta-derminga.de\/wp-content\/uploads\/2022\/02\/Fas-9.jpg\" alt=\"\" class=\"wp-image-12182\" srcset=\"https:\/\/echta-derminga.de\/wp-content\/uploads\/2022\/02\/Fas-9.jpg 1428w, https:\/\/echta-derminga.de\/wp-content\/uploads\/2022\/02\/Fas-9-300x200.jpg 300w, https:\/\/echta-derminga.de\/wp-content\/uploads\/2022\/02\/Fas-9-700x468.jpg 700w, https:\/\/echta-derminga.de\/wp-content\/uploads\/2022\/02\/Fas-9-768x513.jpg 768w\" sizes=\"auto, (max-width: 1428px) 100vw, 1428px\" \/><\/figure>\n\n\n\n<figure class=\"wp-block-image size-large\"><img loading=\"lazy\" decoding=\"async\" width=\"1163\" height=\"769\" data-id=\"12181\" src=\"https:\/\/echta-derminga.de\/wp-content\/uploads\/2022\/02\/00.bmp\" alt=\"\" class=\"wp-image-12181\" srcset=\"https:\/\/echta-derminga.de\/wp-content\/uploads\/2022\/02\/00.bmp 1163w, https:\/\/echta-derminga.de\/wp-content\/uploads\/2022\/02\/00-300x198.jpg 300w, https:\/\/echta-derminga.de\/wp-content\/uploads\/2022\/02\/00-700x463.jpg 700w, https:\/\/echta-derminga.de\/wp-content\/uploads\/2022\/02\/00-768x508.jpg 768w\" sizes=\"auto, (max-width: 1163px) 100vw, 1163px\" \/><\/figure>\n<\/figure>\n\n\n\n<p class=\"has-medium-font-size wp-block-paragraph\"><strong>Dennoch kam die Absage der \u201eDerminga Faasend\u201c keineswegs \u00fcberraschend. Irgendwie konnte jeder nach dem Anstieg der Inzidenzzahlen damit rechnen. Man stelle sich einen Fu\u00dfballer ohne Ball, einen Tennisspieler ohne Schl\u00e4ger oder einen Schwimmer ohne Wasser vor. Alle diese Sportarten durften w\u00e4hrend der Pandemie ihrem Hobby oder der eigenen Berufung folgen. Bei den Karnevalisten sieht das seit zwei Jahren anders aus. Ein Karnevalsverein ohne eine Kappensitzung, ohne einen Umzug, ohne Schunkeln, ohne Lachen und ohne Tanzen. Wie soll das funktionieren ? Ein Karnevalsverein ohne Fastnacht ist, obwohl nur schwer vorstellbar, zur bitteren Realit\u00e4t geworden. Der pl\u00f6tzliche Kriegsausbruch bedeutete das endg\u00fcltige Aus f\u00fcr alle kleineren fastn\u00e4chtlichen Aktivit\u00e4ten. Diejenigen die zumindest etwas kleines N\u00e4rrisches auf die Beine stellen wollten, mussten ihre Pl\u00e4ne mit den ersten Bomben beerdigen. Wer hat in diesen Zeiten noch Lust zum Feiern ?<\/strong><\/p>\n\n\n\n<p class=\"has-medium-font-size wp-block-paragraph\">Wie soll sich ein Verein in diesen Zeiten \u00fcber Wasser halten? Von was sollen die Kosten getragen werden und wie h\u00e4lt man die Mitglieder bei Laune? Den Karnevalsvereinen ergeht es wie vielen anderen Leidgenossen in der Unterhaltungsbranche. Die Kultur in unserem Land liegt am Boden. Wahrscheinlich werden wir erst viel sp\u00e4ter erkennen welchen Schaden die Pandemie und auch der Kriegsausbruch in Europa unserer Kultur zugef\u00fcgt hat.<\/p>\n\n\n\n<figure class=\"wp-block-gallery has-nested-images columns-default is-cropped wp-block-gallery-3 is-layout-flex wp-block-gallery-is-layout-flex\">\n<figure class=\"wp-block-image size-large\"><img loading=\"lazy\" decoding=\"async\" width=\"800\" height=\"600\" data-id=\"12187\" src=\"https:\/\/echta-derminga.de\/wp-content\/uploads\/2022\/02\/4-2.jpg\" alt=\"\" class=\"wp-image-12187\" srcset=\"https:\/\/echta-derminga.de\/wp-content\/uploads\/2022\/02\/4-2.jpg 800w, https:\/\/echta-derminga.de\/wp-content\/uploads\/2022\/02\/4-2-300x225.jpg 300w, https:\/\/echta-derminga.de\/wp-content\/uploads\/2022\/02\/4-2-700x525.jpg 700w, https:\/\/echta-derminga.de\/wp-content\/uploads\/2022\/02\/4-2-768x576.jpg 768w\" sizes=\"auto, (max-width: 800px) 100vw, 800px\" \/><\/figure>\n\n\n\n<figure class=\"wp-block-image size-large\"><img loading=\"lazy\" decoding=\"async\" width=\"800\" height=\"600\" data-id=\"12186\" src=\"https:\/\/echta-derminga.de\/wp-content\/uploads\/2022\/02\/3-1.jpg\" alt=\"\" class=\"wp-image-12186\" srcset=\"https:\/\/echta-derminga.de\/wp-content\/uploads\/2022\/02\/3-1.jpg 800w, https:\/\/echta-derminga.de\/wp-content\/uploads\/2022\/02\/3-1-300x225.jpg 300w, https:\/\/echta-derminga.de\/wp-content\/uploads\/2022\/02\/3-1-700x525.jpg 700w, https:\/\/echta-derminga.de\/wp-content\/uploads\/2022\/02\/3-1-768x576.jpg 768w\" sizes=\"auto, (max-width: 800px) 100vw, 800px\" \/><\/figure>\n\n\n\n<figure class=\"wp-block-image size-large\"><img loading=\"lazy\" decoding=\"async\" width=\"1032\" height=\"774\" data-id=\"12185\" src=\"https:\/\/echta-derminga.de\/wp-content\/uploads\/2022\/02\/1-1-1.jpg\" alt=\"\" class=\"wp-image-12185\" srcset=\"https:\/\/echta-derminga.de\/wp-content\/uploads\/2022\/02\/1-1-1.jpg 1032w, https:\/\/echta-derminga.de\/wp-content\/uploads\/2022\/02\/1-1-1-300x225.jpg 300w, https:\/\/echta-derminga.de\/wp-content\/uploads\/2022\/02\/1-1-1-700x525.jpg 700w, https:\/\/echta-derminga.de\/wp-content\/uploads\/2022\/02\/1-1-1-768x576.jpg 768w\" sizes=\"auto, (max-width: 1032px) 100vw, 1032px\" \/><\/figure>\n<\/figure>\n\n\n\n<p class=\"has-medium-font-size wp-block-paragraph\"><strong>Die Kunst- und Unterhaltungsbranche, die neben k\u00fcnstlerischen und kulturellen Einrichtungen auch Sport-Dienstleistungen beinhaltet, erwirtschaftete bis zur Pandemie j\u00e4hrlich einen Umsatz von 45,2 Milliarden Euro. W\u00e4hrend der Bazillus tobte, wurden zahleiche Unternehmen geschlossen und Mitarbeiter entlassen. Das langsame Sterben der Unterhaltungsbranche wurde durch die Pandemie beschleunigt. Viele werden diese Zeit nicht unbeschadet \u00fcberstehen. Bei allem Verst\u00e4ndnis f\u00fcr die vielen verschiedenen Hygienerichtlinien bez\u00fcglich der Pandemie erwarte ich von den Verantwortlichen in unserem Land eine Antwort auf die Sorgen und N\u00f6ten unserer Kultur. Neben den Karnevalsvereinen haben in den letzten beiden Jahren auch Theatervereine, Musikvereine aber auch Solok\u00fcnstler, Bands und Gruppen sowie Arbeitnehmer\/innen in der Unterhaltungsbranche harte Einschnitte ertragen m\u00fcssen.<\/strong><\/p>\n\n\n\n<p class=\"has-medium-font-size wp-block-paragraph\">Der Pierrot oder in unserem Fall die Karnevalisten haben ihr Lachen verloren und schauen betr\u00fcbt in eine ungewisse Zukunft. Der Blick geht nach vorne. Werden wir die n\u00e4chste Session wieder gemeinsam feiern k\u00f6nnen? Man muss es sich auf der Zunge zergehen lassen: Die letzte \u201eDerminga Kappensitzung\u201c fand im Jahre 2020 statt. Seitdem versucht der KKV Dirmingen sich mit kleinen Aktionen in Erinnerung rufen. Mit Unterst\u00fctzung des KKV -Urgesteins Benno Fries und seiner Tochter Dagmar versuchte der KKV zumindest virtuell an das n\u00e4rrische Treiben zu erinnern. Kurz vor dem Ver\u00f6ffentlichungstermin mussten unsere &#8222;Faasebooze&#8220; aus urheberrechtlichen Gr\u00fcnden von einer Ver\u00f6ffentlichung Abstand nehmen. Hingegen wurde die Schulaktion des KKV Dirmingen mit \u201eKichelcha\u201c und Wurfmaterial zu einem echten Erfolg.<\/p>\n\n\n\n<figure class=\"wp-block-gallery has-nested-images columns-default is-cropped wp-block-gallery-4 is-layout-flex wp-block-gallery-is-layout-flex\">\n<figure class=\"wp-block-image size-large\"><img loading=\"lazy\" decoding=\"async\" width=\"2560\" height=\"1536\" data-id=\"12192\" src=\"https:\/\/echta-derminga.de\/wp-content\/uploads\/2022\/02\/20160206_153826.jpg\" alt=\"\" class=\"wp-image-12192\" srcset=\"https:\/\/echta-derminga.de\/wp-content\/uploads\/2022\/02\/20160206_153826.jpg 2560w, https:\/\/echta-derminga.de\/wp-content\/uploads\/2022\/02\/20160206_153826-300x180.jpg 300w, https:\/\/echta-derminga.de\/wp-content\/uploads\/2022\/02\/20160206_153826-700x420.jpg 700w, https:\/\/echta-derminga.de\/wp-content\/uploads\/2022\/02\/20160206_153826-768x461.jpg 768w, https:\/\/echta-derminga.de\/wp-content\/uploads\/2022\/02\/20160206_153826-1536x922.jpg 1536w, https:\/\/echta-derminga.de\/wp-content\/uploads\/2022\/02\/20160206_153826-2048x1229.jpg 2048w, https:\/\/echta-derminga.de\/wp-content\/uploads\/2022\/02\/20160206_153826-500x300.jpg 500w\" sizes=\"auto, (max-width: 2560px) 100vw, 2560px\" \/><\/figure>\n\n\n\n<figure class=\"wp-block-image size-large\"><img loading=\"lazy\" decoding=\"async\" width=\"800\" height=\"533\" data-id=\"12190\" src=\"https:\/\/echta-derminga.de\/wp-content\/uploads\/2022\/02\/11-1.jpg\" alt=\"\" class=\"wp-image-12190\" srcset=\"https:\/\/echta-derminga.de\/wp-content\/uploads\/2022\/02\/11-1.jpg 800w, https:\/\/echta-derminga.de\/wp-content\/uploads\/2022\/02\/11-1-300x200.jpg 300w, https:\/\/echta-derminga.de\/wp-content\/uploads\/2022\/02\/11-1-700x466.jpg 700w, https:\/\/echta-derminga.de\/wp-content\/uploads\/2022\/02\/11-1-768x512.jpg 768w\" sizes=\"auto, (max-width: 800px) 100vw, 800px\" \/><\/figure>\n\n\n\n<figure class=\"wp-block-image size-large\"><img loading=\"lazy\" decoding=\"async\" width=\"800\" height=\"599\" data-id=\"12189\" src=\"https:\/\/echta-derminga.de\/wp-content\/uploads\/2022\/02\/5.jpg\" alt=\"\" class=\"wp-image-12189\" srcset=\"https:\/\/echta-derminga.de\/wp-content\/uploads\/2022\/02\/5.jpg 800w, https:\/\/echta-derminga.de\/wp-content\/uploads\/2022\/02\/5-300x225.jpg 300w, https:\/\/echta-derminga.de\/wp-content\/uploads\/2022\/02\/5-700x524.jpg 700w, https:\/\/echta-derminga.de\/wp-content\/uploads\/2022\/02\/5-768x575.jpg 768w\" sizes=\"auto, (max-width: 800px) 100vw, 800px\" \/><\/figure>\n<\/figure>\n\n\n\n<p class=\"has-medium-font-size wp-block-paragraph\"><strong>Mit dem Ausfall der Fastnacht geht die sch\u00f6nste Jahreszeit verloren. Dabei trauern wir nicht nur unserer Kappensitzung nach, sondern auch den vielen wundersch\u00f6nen Veranstaltungen der Stra\u00dfenfastnacht. Kein Nachtumzug in Macherbach, keine Rathausst\u00fcrmung in Eppelborn, kein \u201eFaasend-Umzug\u201d in Berschweiler und auch ein n\u00e4rrischer Lindwurm in Bubach- Calmesweiler. Viele Traditionen werden in dieser Zeit einfach \u00fcber den Haufen geworfen. Nat\u00fcrlich ist jedes Menschenleben mehr wert als ein lustiger Abend in n\u00e4rrischer Gesellschaft. Dennoch schmerzt der Verlust der eigenen Kultur nicht nur die vielen Vereine, sondern auch diejenigen die gerne Fastnacht feiern.<\/strong><\/p>\n\n\n\n<p class=\"has-medium-font-size wp-block-paragraph\">Erneut erleben wir also ein trostloses Fastnachtswochenende mit einem traurigen Rosenmontag. Die wenigsten k\u00f6nnen sich daran erinnern, dass es auch in Dirmingen mal einen Rosenmontagsumzug gab. Dabei spielte die Wahl eines Dirminger Prinzenpaares und eine gro\u00dfe Verhaftungswelle am \u201cFaasend-Dienstag\u201d eine gro\u00dfe Rolle. Damals wurden Kommunalpolitiker, Gesch\u00e4ftsleute und Lehrer verhaftet. Die Gefangenen konnten sich sp\u00e4ter im \u201cHesedenz-Saal\u201d bei Speisen und Getr\u00e4nken freikaufen. Am sogenannten \u201cVeilchen-Dienstag\u201d wurde ein Krammarkt durchgef\u00fchrt. Woher der Name Veilchendienstag kommt, scheint nicht eindeutig gekl\u00e4rt. Es ist nahe liegend, dass wie der Nelkensamstag, Tulpensonntag oder Orchideensonntag die floralen Namen so sch\u00f6n zum Rosenmontag passten.<\/p>\n\n\n\n<figure class=\"wp-block-gallery has-nested-images columns-default is-cropped wp-block-gallery-5 is-layout-flex wp-block-gallery-is-layout-flex\">\n<figure class=\"wp-block-image size-large\"><img loading=\"lazy\" decoding=\"async\" width=\"2560\" height=\"1920\" data-id=\"12196\" src=\"https:\/\/echta-derminga.de\/wp-content\/uploads\/2022\/02\/DSCF6127-scaled.jpg\" alt=\"\" class=\"wp-image-12196\" srcset=\"https:\/\/echta-derminga.de\/wp-content\/uploads\/2022\/02\/DSCF6127-scaled.jpg 2560w, https:\/\/echta-derminga.de\/wp-content\/uploads\/2022\/02\/DSCF6127-300x225.jpg 300w, https:\/\/echta-derminga.de\/wp-content\/uploads\/2022\/02\/DSCF6127-700x525.jpg 700w, https:\/\/echta-derminga.de\/wp-content\/uploads\/2022\/02\/DSCF6127-768x576.jpg 768w, https:\/\/echta-derminga.de\/wp-content\/uploads\/2022\/02\/DSCF6127-1536x1152.jpg 1536w, https:\/\/echta-derminga.de\/wp-content\/uploads\/2022\/02\/DSCF6127-2048x1536.jpg 2048w\" sizes=\"auto, (max-width: 2560px) 100vw, 2560px\" \/><\/figure>\n\n\n\n<figure class=\"wp-block-image size-large\"><img loading=\"lazy\" decoding=\"async\" width=\"2560\" height=\"1920\" data-id=\"12195\" src=\"https:\/\/echta-derminga.de\/wp-content\/uploads\/2022\/02\/DSCF6083-scaled.jpg\" alt=\"\" class=\"wp-image-12195\" srcset=\"https:\/\/echta-derminga.de\/wp-content\/uploads\/2022\/02\/DSCF6083-scaled.jpg 2560w, https:\/\/echta-derminga.de\/wp-content\/uploads\/2022\/02\/DSCF6083-300x225.jpg 300w, https:\/\/echta-derminga.de\/wp-content\/uploads\/2022\/02\/DSCF6083-700x525.jpg 700w, https:\/\/echta-derminga.de\/wp-content\/uploads\/2022\/02\/DSCF6083-768x576.jpg 768w, https:\/\/echta-derminga.de\/wp-content\/uploads\/2022\/02\/DSCF6083-1536x1152.jpg 1536w, https:\/\/echta-derminga.de\/wp-content\/uploads\/2022\/02\/DSCF6083-2048x1536.jpg 2048w\" sizes=\"auto, (max-width: 2560px) 100vw, 2560px\" \/><\/figure>\n\n\n\n<figure class=\"wp-block-image size-large\"><img loading=\"lazy\" decoding=\"async\" width=\"2000\" height=\"1325\" data-id=\"12194\" src=\"https:\/\/echta-derminga.de\/wp-content\/uploads\/2022\/02\/85103672_2525631277565781_5613321981546987520_o.jpg\" alt=\"\" class=\"wp-image-12194\" srcset=\"https:\/\/echta-derminga.de\/wp-content\/uploads\/2022\/02\/85103672_2525631277565781_5613321981546987520_o.jpg 2000w, https:\/\/echta-derminga.de\/wp-content\/uploads\/2022\/02\/85103672_2525631277565781_5613321981546987520_o-300x200.jpg 300w, https:\/\/echta-derminga.de\/wp-content\/uploads\/2022\/02\/85103672_2525631277565781_5613321981546987520_o-700x464.jpg 700w, https:\/\/echta-derminga.de\/wp-content\/uploads\/2022\/02\/85103672_2525631277565781_5613321981546987520_o-768x509.jpg 768w, https:\/\/echta-derminga.de\/wp-content\/uploads\/2022\/02\/85103672_2525631277565781_5613321981546987520_o-1536x1018.jpg 1536w\" sizes=\"auto, (max-width: 2000px) 100vw, 2000px\" \/><\/figure>\n<\/figure>\n\n\n\n<p class=\"has-medium-font-size wp-block-paragraph\"><strong>In Dirmingen wurde schon immer gerne \u201eFaasend\u201c gefeiert. Dazu geh\u00f6rten auch allerlei n\u00e4rrischer Br\u00e4uche und Sitten. Dabei waren die sogenannten \u201cHeischebr\u00e4uche\u201d besonders bei Kindern sehr beliebt. Wisst ihr noch: \u201e\u2026bin e kleener Keenich, geb man net se wenich\u2026..\u201c Die verkleideten sich zu Rosenmontag oder Veilchendienstag um &#8222;singen zu gehen&#8220; oder &#8222;klingeln zu gehen&#8220;. Heute ist dieses Brauchtum l\u00e4ngst aus der Mode geraten. Schon vor dem ersten Weltkrieg war man in Dirmingen bem\u00fcht, den Fastnachtsbrauchtum aufzuwerten. Schon im Jahre 1903 erschien ein sogenanntes \u201eLiederbuch der Gesellschaft\u201c, mit vielen n\u00e4rrischen Stimmungsliedern. Die Dirminger Fastnachtsgesellschaft \u201cD\u2019moss senn\u201d rief in diesem Jahr erstmals zum n\u00e4rrischen Treiben mit diversen B\u00e4llen und gro\u00dfem Fastnachtsumzug auf. Im Jahre 1905 stand das ganze Fastnachts-Wochenende unter dem Motto: \u201dDirminger Faschingsfeier im Jahre des Humors 1905\u2033. Ein entsprechendes Werbeplakat ist zeitgleich das \u00e4lteste vorhandene Dokument \u00fcber karnevalistisches Treiben in unserem Dorf.<\/strong><\/p>\n\n\n<div class=\"wp-block-image\">\n<figure class=\"aligncenter size-large\"><img loading=\"lazy\" decoding=\"async\" width=\"700\" height=\"1293\" src=\"https:\/\/echta-derminga.de\/wp-content\/uploads\/2022\/02\/Fas-2-700x1293.jpg\" alt=\"\" class=\"wp-image-12205\" srcset=\"https:\/\/echta-derminga.de\/wp-content\/uploads\/2022\/02\/Fas-2-700x1293.jpg 700w, https:\/\/echta-derminga.de\/wp-content\/uploads\/2022\/02\/Fas-2-162x300.jpg 162w, https:\/\/echta-derminga.de\/wp-content\/uploads\/2022\/02\/Fas-2-768x1418.jpg 768w, https:\/\/echta-derminga.de\/wp-content\/uploads\/2022\/02\/Fas-2-832x1536.jpg 832w, https:\/\/echta-derminga.de\/wp-content\/uploads\/2022\/02\/Fas-2.jpg 900w\" sizes=\"auto, (max-width: 700px) 100vw, 700px\" \/><\/figure>\n<\/div>\n\n\n<p class=\"has-medium-font-size wp-block-paragraph\">Vor dem zweiten Weltkrieg hatte sich der damalige Dirminger Handwerkerverein und der Theaterverein Dirmingen um die Durchf\u00fchrung der Fastnacht mit Umzug und Kram \u2013 und Viehmarkt bem\u00fcht. Im Jahre 1955 fand der erste Maskenball der Kolpingfamilie Dirmingen im \u201eHesendez-Saal\u201c statt. Im Jahre 2003 wurde der heutige Kolping Karnevalsverein als Untergruppierung der Kolpingsfamilie gegr\u00fcndet. Seitdem ist unser KKV Dirmingen bem\u00fcht das fastn\u00e4chtliche Brauchtum unseres Heimatortes aufzuwerten. Das Ganze, nat\u00fcrlich nur, wenn man sie l\u00e4sst.<\/p>\n\n\n\n<p class=\"has-medium-font-size wp-block-paragraph\"><strong>\u201eFaasend\u201c hat immer etwas mit Heimat und eigener Identit\u00e4t zu tun. Es ist sch\u00f6n mit seinen Leuten oder seinem Verein die Fastnacht zu feiern, die gleichen Farben zu tragen und den gleichen Ausruf zu schmettern. Dabei spielt auch Stolz und ein gewisses \u201cWir-Gef\u00fchl\u201d eine gewichtige Rolle. Unser Dorf, unsere Sprache, unser Verein. Wichtig ist, dass schon unseren Kindern diese Werte beigebracht werden. Ein Sprichwort sagt: &#8222;Besseres kann kein Volk vererben, Als der eigenen V\u00e4ter Brauch. Wenn des Volkes Br\u00e4uche sterben, Stirbt des Volkes Seele auch.&#8220;<\/strong><\/p>\n\n\n\n<figure class=\"wp-block-gallery has-nested-images columns-default is-cropped wp-block-gallery-6 is-layout-flex wp-block-gallery-is-layout-flex\">\n<figure class=\"wp-block-image size-large\"><img loading=\"lazy\" decoding=\"async\" width=\"773\" height=\"539\" data-id=\"12201\" src=\"https:\/\/echta-derminga.de\/wp-content\/uploads\/2022\/02\/1964-333.bmp\" alt=\"\" class=\"wp-image-12201\" srcset=\"https:\/\/echta-derminga.de\/wp-content\/uploads\/2022\/02\/1964-333.bmp 773w, https:\/\/echta-derminga.de\/wp-content\/uploads\/2022\/02\/1964-333-300x209.jpg 300w, https:\/\/echta-derminga.de\/wp-content\/uploads\/2022\/02\/1964-333-700x488.jpg 700w, https:\/\/echta-derminga.de\/wp-content\/uploads\/2022\/02\/1964-333-768x536.jpg 768w\" sizes=\"auto, (max-width: 773px) 100vw, 773px\" \/><\/figure>\n\n\n\n<figure class=\"wp-block-image size-large\"><img loading=\"lazy\" decoding=\"async\" width=\"600\" height=\"718\" data-id=\"12199\" src=\"https:\/\/echta-derminga.de\/wp-content\/uploads\/2022\/02\/Kultur-1.jpg\" alt=\"\" class=\"wp-image-12199\" srcset=\"https:\/\/echta-derminga.de\/wp-content\/uploads\/2022\/02\/Kultur-1.jpg 600w, https:\/\/echta-derminga.de\/wp-content\/uploads\/2022\/02\/Kultur-1-251x300.jpg 251w\" sizes=\"auto, (max-width: 600px) 100vw, 600px\" \/><\/figure>\n\n\n\n<figure class=\"wp-block-image size-large\"><img loading=\"lazy\" decoding=\"async\" width=\"1220\" height=\"1252\" data-id=\"12198\" src=\"https:\/\/echta-derminga.de\/wp-content\/uploads\/2022\/02\/dirmingen973.jpg\" alt=\"\" class=\"wp-image-12198\" srcset=\"https:\/\/echta-derminga.de\/wp-content\/uploads\/2022\/02\/dirmingen973.jpg 1220w, https:\/\/echta-derminga.de\/wp-content\/uploads\/2022\/02\/dirmingen973-292x300.jpg 292w, https:\/\/echta-derminga.de\/wp-content\/uploads\/2022\/02\/dirmingen973-700x718.jpg 700w, https:\/\/echta-derminga.de\/wp-content\/uploads\/2022\/02\/dirmingen973-768x788.jpg 768w\" sizes=\"auto, (max-width: 1220px) 100vw, 1220px\" \/><\/figure>\n<\/figure>\n\n\n\n<p class=\"has-medium-font-size wp-block-paragraph\">Klar ist, unsere Br\u00e4uche sind Volks- und Kulturgut. Unsere Traditionen und Sitten spiegeln die eigene Kulturlandschaft wider und helfen diese zu bewahren. Dabei ist besonders unsere Mundart wichtig f\u00fcr die eigene Identit\u00e4t unserer Dorfgemeinschaft. Der \u201cBrauchtum\u201d kann zur Sozialisierung beitragen. Unsere Sitten, Traditionen und Br\u00e4uche werden meistens durch feststehenden Termin im Jahreskreislauf vorgegeben: Fastnacht, Ostern, Maifest, Kirmes, Advent oder Weihnachten. Das alles spielt im l\u00e4ndlichen Raum eine erhebliche Rolle.&nbsp; Unsere Kinder und Jugendliche wissen kaum noch, wo der Ursprung der vielen Traditionen liegt. Wir haben die Aufgabe den Karnevalsbrauchtum vorzuleben. Wie aber soll dies in Zeiten der Pandemie gelingen?<\/p>\n\n\n\n<p class=\"has-medium-font-size wp-block-paragraph\"><strong>Es bleibt dabei, auch die diesj\u00e4hrige Session f\u00e4llt einem miesen Bazillus und einem uns\u00e4glichen Krieg zum Opfer. Ber\u00fchrungen, Emotionen und gute Laune gehen verloren. Schon wieder sind wir dazu verurteilt, beim Zuschauen der vielen Videos in Erinnerung zu Schwelgen. Es bleibt ein ungutes Gef\u00fchl getragen von der Sorge, dass diese Pandemie am Ende mehr kaputt gemacht hat, als wir uns alle ausmalen k\u00f6nnen. Die n\u00e4rrische f\u00fcnfte Jahreszeit findet bekanntlich nur einmal im Jahr statt. Ich hoffe, dass die Entwicklung des karnevalistischen Brauchtums lediglich gehemmt aber nicht aufgehalten wurde. Es liegt in der Natur des Narren aufzustehen und weiterzumachen.<\/strong><\/p>\n\n\n<div class=\"wp-block-image\">\n<figure class=\"aligncenter size-large\"><img loading=\"lazy\" decoding=\"async\" width=\"700\" height=\"420\" src=\"https:\/\/echta-derminga.de\/wp-content\/uploads\/2022\/02\/20150131_134354-700x420.jpg\" alt=\"\" class=\"wp-image-12200\" srcset=\"https:\/\/echta-derminga.de\/wp-content\/uploads\/2022\/02\/20150131_134354-700x420.jpg 700w, https:\/\/echta-derminga.de\/wp-content\/uploads\/2022\/02\/20150131_134354-300x180.jpg 300w, https:\/\/echta-derminga.de\/wp-content\/uploads\/2022\/02\/20150131_134354-768x461.jpg 768w, https:\/\/echta-derminga.de\/wp-content\/uploads\/2022\/02\/20150131_134354-1536x922.jpg 1536w, https:\/\/echta-derminga.de\/wp-content\/uploads\/2022\/02\/20150131_134354-2048x1229.jpg 2048w, https:\/\/echta-derminga.de\/wp-content\/uploads\/2022\/02\/20150131_134354-500x300.jpg 500w\" sizes=\"auto, (max-width: 700px) 100vw, 700px\" \/><\/figure>\n<\/div>","protected":false},"excerpt":{"rendered":"<p>Jean-Gaspard Deburau war ein b\u00f6hmisch-franz\u00f6sischer Pantomime, der im fr\u00fchen 19 Jahrhundert die Figur des Pierrots entwickelte. Der Pierrot ist ein trauriger Clown, den man heute h\u00f6chstens noch bei besonderen Maskenb\u00e4llen findet. Durch den Pantomime Deburau wurde der Pierrot weltber\u00fchmt. &nbsp;Dabei wurde die Figur des Pierrots keineswegs b\u00f6sartig, sondern vielmehr bemitleidenswert und bewusst naiv dargestellt. Als ich im Netz auf die<\/p>\n","protected":false},"author":1,"featured_media":12176,"comment_status":"closed","ping_status":"closed","sticky":false,"template":"","format":"standard","meta":{"_crdt_document":"","footnotes":""},"categories":[1,9,44],"tags":[5,967,618,36,127,310],"class_list":["post-12169","post","type-post","status-publish","format-standard","has-post-thumbnail","hentry","category-allgemein","category-dorfgetratsche","category-meine-faasend","tag-dirmingen","tag-fastnacht-2022","tag-gemeinde-eppelborn","tag-kkv-dirmingen","tag-landkreis-neunkirchen","tag-saarland"],"_links":{"self":[{"href":"https:\/\/echta-derminga.de\/index.php?rest_route=\/wp\/v2\/posts\/12169","targetHints":{"allow":["GET"]}}],"collection":[{"href":"https:\/\/echta-derminga.de\/index.php?rest_route=\/wp\/v2\/posts"}],"about":[{"href":"https:\/\/echta-derminga.de\/index.php?rest_route=\/wp\/v2\/types\/post"}],"author":[{"embeddable":true,"href":"https:\/\/echta-derminga.de\/index.php?rest_route=\/wp\/v2\/users\/1"}],"replies":[{"embeddable":true,"href":"https:\/\/echta-derminga.de\/index.php?rest_route=%2Fwp%2Fv2%2Fcomments&post=12169"}],"version-history":[{"count":17,"href":"https:\/\/echta-derminga.de\/index.php?rest_route=\/wp\/v2\/posts\/12169\/revisions"}],"predecessor-version":[{"id":12496,"href":"https:\/\/echta-derminga.de\/index.php?rest_route=\/wp\/v2\/posts\/12169\/revisions\/12496"}],"wp:featuredmedia":[{"embeddable":true,"href":"https:\/\/echta-derminga.de\/index.php?rest_route=\/wp\/v2\/media\/12176"}],"wp:attachment":[{"href":"https:\/\/echta-derminga.de\/index.php?rest_route=%2Fwp%2Fv2%2Fmedia&parent=12169"}],"wp:term":[{"taxonomy":"category","embeddable":true,"href":"https:\/\/echta-derminga.de\/index.php?rest_route=%2Fwp%2Fv2%2Fcategories&post=12169"},{"taxonomy":"post_tag","embeddable":true,"href":"https:\/\/echta-derminga.de\/index.php?rest_route=%2Fwp%2Fv2%2Ftags&post=12169"}],"curies":[{"name":"wp","href":"https:\/\/api.w.org\/{rel}","templated":true}]}}