{"id":12211,"date":"2022-02-27T14:06:49","date_gmt":"2022-02-27T13:06:49","guid":{"rendered":"https:\/\/echta-derminga.de\/?p=12211"},"modified":"2022-02-27T15:34:34","modified_gmt":"2022-02-27T14:34:34","slug":"in-sachen-ortvorsteher-von-einer-traurigen-fastnacht-einem-schoenen-geburtstag-einem-kinder-casting-und-einer-online-sprechstunde","status":"publish","type":"post","link":"https:\/\/echta-derminga.de\/?p=12211","title":{"rendered":"In Sachen Ortsvorsteher: Von einer traurigen Fastnacht, einem sch\u00f6nen Geburtstag, einem &#8222;Kinder-Casting&#8220; und einer &#8222;online- Sprechstunde&#8220;"},"content":{"rendered":"\n<p class=\"has-medium-font-size wp-block-paragraph\">Liebe Dirmingerinnen, liebe Dirminger, unser Heimatort und insbesondere der KKV Dirmingen erleben erneut eine traurige Fastnacht. Die letzte Kappensitzung liegt mittlerweile zwei Jahre zur\u00fcck und besonders die Kinder und Jugendliche leiden unter dieser Entwicklung. Mitten in diese ohnehin trostlose Zeit platzte die Nachricht vom Kriegsausbruch in der Ukraine. Als w\u00e4re die Pandemie nicht schon schlimm genug. Nein, es sind wahrhaftig keine leichte Zeiten. Meine Gro\u00dfmutter sagte immer:&#8220;&#8230;.es kann nichts so schlecht sein, dass es nicht auch f\u00fcr etwas gut ist.&#8220; Vielleicht sensibilisiert uns diese schwierige Zeit auf das Wesentliche. Ich bin \u00fcberzeugt, dass unsere Dorfgemeinschaft erstarkt aus dieser Zeit herausgehen wird. Lassen Sie uns zuversichtlich und mutig in die Zukunft blicken.<\/p>\n\n\n\n<p class=\"has-medium-font-size wp-block-paragraph\"><strong>&#8222;Online-Sprechstunde&#8220; in den sozialen Medien<\/strong><\/p>\n\n\n\n<p class=\"has-medium-font-size wp-block-paragraph\">Das Ortsvorsteherb\u00fcro im evangelischen Gemeindehaus in der Ortsmitte ist jeden Mittwoch in der Zeit von 18:00 &#8211; 19:30 Uhr ge\u00f6ffnet. Dabei wird auch das Angebot des B\u00fcrgertreffs gut angenommen. Menschen kommen auf eine Tasse Kaffee vorbei um sich im gemeinsamen Gespr\u00e4ch zu informieren oder ihren Frust abzulassen. Ich m\u00f6chte mein Angebot der B\u00fcrgern\u00e4he mit einem weiteren Angebot erg\u00e4nzen. <strong>Am Dienstag, 01. M\u00e4rz um 18:30 Uhr m\u00f6chte ich eine erste &#8222;online- Sprechstunde&#8220; durchf\u00fchren. <\/strong>Die Gruppe &#8222;Echte Derminga&#8220; bietet dazu in den sozialen Medien eine optimale Fl\u00e4che. Ich werde um 18:30 ein &#8222;live-Video&#8220; auf Facebook schalten um somit mit allen interessierten B\u00fcrgerinnen und B\u00fcrger in den Dialog zu treten. Vielleicht nutzen wir diese M\u00f6glichkeit um uns auszutauschen, Probleme aufzuzeigen und Missverst\u00e4ndnisse zu l\u00f6sen. Ich m\u00f6chte Sie herzlich einladen von diesem &#8222;online-Angebot&#8220; Gebrauch zu machen. <\/p>\n\n\n\n<p class=\"has-medium-font-size wp-block-paragraph\"><strong>Herzlichen Gl\u00fcckwunsch zum 90. Wiegenfest<\/strong><\/p>\n\n\n\n<p class=\"has-medium-font-size wp-block-paragraph\">Am Samstag, 26. Februar feierte Frau Gisela Potiers ihren 90. Geburtstag. Gemeinsam mit B\u00fcrgermeister Dr. Andreas Feld durfte ich der Dirmingerin einen Besuch abstatten. W\u00e4hrend der B\u00fcrgermeister die Gl\u00fcckw\u00fcnsche des Ministerpr\u00e4sidenten Tobias Hans, des Landrates S\u00f6ren Meng und seines Hauses \u00fcberbrachte, durfte ich die Geburtstagsgr\u00fc\u00dfe des Ortsrates \u00fcbermitteln. Im Kreise der Familie wurde gem\u00e4\u00df den vorliegenden Hygiene Richtlinien gefeiert. Frau Gisela Potiers berichtete von ihrem Lebensweg und ihrer Liebe zur Natur. Wir haben uns im Kreise der Familie sehr wohl gef\u00fchlt. Vielen lieben Dank f\u00fcr die herzliche Einladung. Ich m\u00f6chte auch an dieser Stelle meine Gl\u00fcckw\u00fcnsche wiederholen: Ich w\u00fcnsche Frau Potiers alles erdenklich Gute sowie viel Gl\u00fcck und Gesundheit.<\/p>\n\n\n\n<div class=\"wp-block-image\"><figure class=\"aligncenter size-large\"><img loading=\"lazy\" decoding=\"async\" width=\"700\" height=\"555\" src=\"https:\/\/echta-derminga.de\/wp-content\/uploads\/2022\/02\/Poters-Blog-700x555.jpg\" alt=\"\" class=\"wp-image-12213\" srcset=\"https:\/\/echta-derminga.de\/wp-content\/uploads\/2022\/02\/Poters-Blog-700x555.jpg 700w, https:\/\/echta-derminga.de\/wp-content\/uploads\/2022\/02\/Poters-Blog-300x238.jpg 300w, https:\/\/echta-derminga.de\/wp-content\/uploads\/2022\/02\/Poters-Blog-768x609.jpg 768w, https:\/\/echta-derminga.de\/wp-content\/uploads\/2022\/02\/Poters-Blog.jpg 1300w\" sizes=\"auto, (max-width: 700px) 100vw, 700px\" \/><\/figure><\/div>\n\n\n\n<p class=\"has-medium-font-size wp-block-paragraph\"><strong>Empfang einer KKV -Delegation im Ortsvorsteherb\u00fcro diente als kleines Dankesch\u00f6n !<\/strong><\/p>\n\n\n\n<p class=\"has-medium-font-size wp-block-paragraph\">Am Fastnachtssamstag,26. Februar 2022 hatte ich eine Delegation des KKV Dirmingen ins Ortsvorsteherb\u00fcro geladen. Ich wollte die Gelegenheit nutzen um mich bei den Verantwortlichen des KKV Dirmingen zu bedanken. Die Absage aller karnevalistischen Aktivit\u00e4ten haben auch die &#8222;Derminga Faasebooze&#8220; hart getroffen. Nach der erneuten pandemiebedingten Absage der &#8222;Derminga Kappensitzungen&#8220; wurden aufgrund des Kriegsausbruches in der Ukraine alle alternativen karnevalistischen Aktionen abgesagt werden. Wer hat in dieser schrecklichen Zeit noch Lust zu feiern ? Ich finde, dass der Karneval eine optimale M\u00f6glichkeit bietet um auf Solidarit\u00e4t, Zusammenhalt und Frieden aufmerksam zu machen. Der KKV Dirmingen versucht gerade in diesen Zeiten mit viel Liebe den n\u00e4rrischen Brauchtum zu erhalten und zu pflegen. Dies wurde bei einer Schulaktion mit &#8222;Kichelcha&#8220; und Wurfmaterial genauso deutlich wie bei der geplanten Ver\u00f6ffentlichung einer virtuellen Kappensitzung. Leider musste der KKV aus urheberrechtlichen Gr\u00fcnden von einer Ver\u00f6ffentlichung Abstand nehmen. In K\u00fcrze wurde jedoch eine L\u00f6sung gefunden um zumindest den Kindern, Eltern und Akteuren eine kleine Freude zu bereiten. Bei meinem Empfang im OV- B\u00fcro dankte ich den Mitgliedern, Trainerinnen und Akteuren des KKV Dirmngen f\u00fcr ihr ehrenamtliches Engagement f\u00fcr unseren Heimatort Dirmingen. Sch\u00f6n, dass der Verein trotz aller Probleme an dem n\u00e4rrischen Brauchtum festh\u00e4lt. Um die Zukunft unseres Karnevalvereins ist mir nicht bange. Auch der zweite Beigeordnete der Gemeinde Eppelborn Bastian Michels folgte meiner Einladung. Au\u00dferdem hatte ich die Mitglieder des Ortsrates und den Vorsitzenden Kulturvereins Dirmingen Raimund Klein eingeladen. Der KKV Dirmingen ist ein wichtiger Bestandteil unserer Dorfgemeinschaft. Besonders gefreut hat mich der Besuch des Dirmingers J\u00f6rg Ruf der als Karnevalspr\u00e4sident der &#8222;Roten Funken Neunkirchen&#8220; zu Gast war und uns seine Aufwertung machte. Hoppla Hopp !<\/p>\n\n\n\n<div class=\"wp-block-image\"><figure class=\"aligncenter size-large\"><img loading=\"lazy\" decoding=\"async\" width=\"700\" height=\"393\" src=\"https:\/\/echta-derminga.de\/wp-content\/uploads\/2022\/02\/KKV-Empfang-700x393.jpg\" alt=\"\" class=\"wp-image-12214\" srcset=\"https:\/\/echta-derminga.de\/wp-content\/uploads\/2022\/02\/KKV-Empfang-700x393.jpg 700w, https:\/\/echta-derminga.de\/wp-content\/uploads\/2022\/02\/KKV-Empfang-300x169.jpg 300w, https:\/\/echta-derminga.de\/wp-content\/uploads\/2022\/02\/KKV-Empfang-768x432.jpg 768w, https:\/\/echta-derminga.de\/wp-content\/uploads\/2022\/02\/KKV-Empfang.jpg 1000w\" sizes=\"auto, (max-width: 700px) 100vw, 700px\" \/><\/figure><\/div>\n\n\n\n<figure class=\"wp-block-gallery has-nested-images columns-default is-cropped wp-block-gallery-1 is-layout-flex wp-block-gallery-is-layout-flex\">\n<figure class=\"wp-block-image size-large\"><img loading=\"lazy\" decoding=\"async\" width=\"2560\" height=\"1254\" data-id=\"12215\" src=\"https:\/\/echta-derminga.de\/wp-content\/uploads\/2022\/02\/20220226_185104-scaled.jpg\" alt=\"\" class=\"wp-image-12215\" srcset=\"https:\/\/echta-derminga.de\/wp-content\/uploads\/2022\/02\/20220226_185104-scaled.jpg 2560w, https:\/\/echta-derminga.de\/wp-content\/uploads\/2022\/02\/20220226_185104-300x147.jpg 300w, https:\/\/echta-derminga.de\/wp-content\/uploads\/2022\/02\/20220226_185104-700x343.jpg 700w, https:\/\/echta-derminga.de\/wp-content\/uploads\/2022\/02\/20220226_185104-768x376.jpg 768w, https:\/\/echta-derminga.de\/wp-content\/uploads\/2022\/02\/20220226_185104-1536x752.jpg 1536w, https:\/\/echta-derminga.de\/wp-content\/uploads\/2022\/02\/20220226_185104-2048x1003.jpg 2048w\" sizes=\"auto, (max-width: 2560px) 100vw, 2560px\" \/><\/figure>\n\n\n\n<figure class=\"wp-block-image size-large\"><img loading=\"lazy\" decoding=\"async\" width=\"1100\" height=\"778\" data-id=\"12216\" src=\"https:\/\/echta-derminga.de\/wp-content\/uploads\/2022\/02\/KKV-Empfang-3.jpg\" alt=\"\" class=\"wp-image-12216\" srcset=\"https:\/\/echta-derminga.de\/wp-content\/uploads\/2022\/02\/KKV-Empfang-3.jpg 1100w, https:\/\/echta-derminga.de\/wp-content\/uploads\/2022\/02\/KKV-Empfang-3-300x212.jpg 300w, https:\/\/echta-derminga.de\/wp-content\/uploads\/2022\/02\/KKV-Empfang-3-700x495.jpg 700w, https:\/\/echta-derminga.de\/wp-content\/uploads\/2022\/02\/KKV-Empfang-3-768x543.jpg 768w\" sizes=\"auto, (max-width: 1100px) 100vw, 1100px\" \/><\/figure>\n\n\n\n<figure class=\"wp-block-image size-large\"><img loading=\"lazy\" decoding=\"async\" width=\"709\" height=\"447\" data-id=\"12217\" src=\"https:\/\/echta-derminga.de\/wp-content\/uploads\/2022\/02\/Empfang-4-2.jpg\" alt=\"\" class=\"wp-image-12217\" srcset=\"https:\/\/echta-derminga.de\/wp-content\/uploads\/2022\/02\/Empfang-4-2.jpg 709w, https:\/\/echta-derminga.de\/wp-content\/uploads\/2022\/02\/Empfang-4-2-300x189.jpg 300w, https:\/\/echta-derminga.de\/wp-content\/uploads\/2022\/02\/Empfang-4-2-700x441.jpg 700w\" sizes=\"auto, (max-width: 709px) 100vw, 709px\" \/><\/figure>\n<\/figure>\n\n\n\n<p class=\"has-medium-font-size wp-block-paragraph\"><strong>PERLEGEN setzt auf Nachwuchs !<\/strong><\/p>\n\n\n\n<p class=\"has-medium-font-size wp-block-paragraph\"><strong>Unter dem Motto \u201eF\u00f6rderung der Jugend\u201c<\/strong>\u00a0sucht die Band Perlregen insgesamt 5 Nachwuchstalente im Alter zwischen 9 und 12 Jahren. Am 12. &amp; 13. M\u00e4rz 2022 findet aus diesem Anlass ein Casting in der Dirminger Borrwieshalle statt, bei dem sich junge S\u00e4ngerinnen und S\u00e4nger vorstellen k\u00f6nnen. Anmelden k\u00f6nnen sich alle Interessierten unter folgendem Link\u00a0<a href=\"http:\/\/www.perlregen.de\/kidscasting\">www.perlregen.de\/kidscasting<\/a> Wichtig! Mit der Teilnahme am Casting sind die Eltern\/ Erziehungsberechtigten damit einverstanden, dass Fotos \/ Videos gemacht werden. Diese Medien werden selbstverst\u00e4ndlich diskret behandelt, nicht ver\u00f6ffentlicht und dienen ausschliesslich der Auswertung. Mindestens 1 Erziehungsberechtigte\/r muss beim Casting anwesend sein. Das Casting findet am\u00a0<strong>Samstag, den 12. M\u00e4rz 2022 von 15:00 &#8211; 18:00 Uhr<\/strong>\u00a0und am\u00a0<strong>Sonntag, den 13. M\u00e4rz 2022 von 10:00 -14:00 Uhr<\/strong>\u00a0im Nebenraum der Borrwieshalle, Urexweilerstra\u00dfe in 66571 Dirmingen statt.<\/p>\n\n\n\n<figure class=\"wp-block-gallery has-nested-images columns-default is-cropped wp-block-gallery-2 is-layout-flex wp-block-gallery-is-layout-flex\">\n<figure class=\"wp-block-image size-large\"><img loading=\"lazy\" decoding=\"async\" width=\"560\" height=\"797\" data-id=\"12220\" src=\"https:\/\/echta-derminga.de\/wp-content\/uploads\/2022\/02\/Kids-Casting-1.png\" alt=\"\" class=\"wp-image-12220\" srcset=\"https:\/\/echta-derminga.de\/wp-content\/uploads\/2022\/02\/Kids-Casting-1.png 560w, https:\/\/echta-derminga.de\/wp-content\/uploads\/2022\/02\/Kids-Casting-1-211x300.png 211w\" sizes=\"auto, (max-width: 560px) 100vw, 560px\" \/><\/figure>\n\n\n\n<figure class=\"wp-block-image size-large\"><img loading=\"lazy\" decoding=\"async\" width=\"2000\" height=\"1428\" data-id=\"12221\" src=\"https:\/\/echta-derminga.de\/wp-content\/uploads\/2022\/02\/Pressefoto_quer.jpg\" alt=\"\" class=\"wp-image-12221\" srcset=\"https:\/\/echta-derminga.de\/wp-content\/uploads\/2022\/02\/Pressefoto_quer.jpg 2000w, https:\/\/echta-derminga.de\/wp-content\/uploads\/2022\/02\/Pressefoto_quer-300x214.jpg 300w, https:\/\/echta-derminga.de\/wp-content\/uploads\/2022\/02\/Pressefoto_quer-700x500.jpg 700w, https:\/\/echta-derminga.de\/wp-content\/uploads\/2022\/02\/Pressefoto_quer-768x548.jpg 768w, https:\/\/echta-derminga.de\/wp-content\/uploads\/2022\/02\/Pressefoto_quer-1536x1097.jpg 1536w\" sizes=\"auto, (max-width: 2000px) 100vw, 2000px\" \/><\/figure>\n<\/figure>\n\n\n\n<p class=\"has-medium-font-size wp-block-paragraph\"><strong>Glasfaserausbau in Dirmingen<\/strong><\/p>\n\n\n\n<p class=\"has-medium-font-size wp-block-paragraph\">Mit der Er\u00f6ffnung ihres B\u00fcros in der Ortsmitte von Eppelborn hat die Firma SaarL.Y.T.E einen weiteren, wichtigen Schritt auf dem Weg zum fl\u00e4chendeckenden Glasfaserausbau in unserer Gemeinde gemacht. Noch in diesem Jahr soll mit dem Glasfaserausbau in unserer Geeminde begonnen werden. Kundinnen und Kunden k\u00f6nnen sich im Infocenter im big Eppel unverbindlich informieren und beraten lassen. Mit einer transparenten Tarifstruktur richtet es sich das Unternehmen an alle B\u00fcrgerinnen und B\u00fcrger, die zuk\u00fcnftig die Vorteile von Glasfaser nutzen wollen. Nutzen Sie das lokale Angebot, informieren Sie sich und nutzen Sie die Vorteile, die SaarL.Y.T.E ihnen bietet. Alle weiteren Informationen unter www.saarlyte.de. Auf der Seite des Unternehmens finden Sie auch eine Interessenbekundung. Umso mehr Menschen aus unserem Dorf ihr Interesse bekunden, umso fr\u00fcher k\u00f6nnen die Arbeiten in Dirmingen beginnen. Hier der Link zur Interessenbekundung: https:\/\/www.saarlyte.de\/<\/p>\n\n\n\n<p class=\"has-medium-font-size wp-block-paragraph\"><strong>Saarland picobello- Aktion in Dirmingen<\/strong><\/p>\n\n\n\n<p class=\"has-medium-font-size wp-block-paragraph\">Das Thema Umweltverschmutzung spielt auch in unserem Heimatort eine gewichtige Rolle. W\u00f6chentlich m\u00fcssen wir uns \u00fcber unz\u00e4hlige Vergehen \u00e4rgern. Auf der anderen Seite gibt es viele Landsleute, die sich aktiv einsetzen und den Umwelts\u00fcndern den Kampf angesagt haben. Nach einem Jahr coronabedingter Pause findet nun am 18.\/19. M\u00e4rz 2022 die j\u00e4hrliche picobello Sammelaktion des Saarlandes statt. V<strong>ereine, Organisationen und auch B\u00fcrgerinnen und B\u00fcrger, die sich an der Aktion beteiligen m\u00f6chten, k\u00f6nnen sich bei mir unter 06827\/800780 oder per Mail unter kleinfranki@t-online.de anmelden.<\/strong>&nbsp;Treffpunkt ist am Samstag, 19. M\u00e4rz 2022 um 09 Uhr 30 am Feuerwehrger\u00e4tehaus Dirmingen. <\/p>\n\n\n\n<figure class=\"wp-block-gallery has-nested-images columns-default is-cropped wp-block-gallery-3 is-layout-flex wp-block-gallery-is-layout-flex\">\n<figure class=\"wp-block-image size-large\"><img loading=\"lazy\" decoding=\"async\" width=\"466\" height=\"315\" data-id=\"11948\" src=\"https:\/\/echta-derminga.de\/wp-content\/uploads\/2022\/01\/picobello22-600x325-2.jpg\" alt=\"\" class=\"wp-image-11948\" srcset=\"https:\/\/echta-derminga.de\/wp-content\/uploads\/2022\/01\/picobello22-600x325-2.jpg 466w, https:\/\/echta-derminga.de\/wp-content\/uploads\/2022\/01\/picobello22-600x325-2-300x203.jpg 300w\" sizes=\"auto, (max-width: 466px) 100vw, 466px\" \/><\/figure>\n\n\n\n<figure class=\"wp-block-image size-large\"><img loading=\"lazy\" decoding=\"async\" width=\"2560\" height=\"1459\" data-id=\"9385\" src=\"https:\/\/echta-derminga.de\/wp-content\/uploads\/2021\/04\/20210410_111939-scaled.jpg\" alt=\"\" class=\"wp-image-9385\" srcset=\"https:\/\/echta-derminga.de\/wp-content\/uploads\/2021\/04\/20210410_111939-scaled.jpg 2560w, https:\/\/echta-derminga.de\/wp-content\/uploads\/2021\/04\/20210410_111939-300x171.jpg 300w, https:\/\/echta-derminga.de\/wp-content\/uploads\/2021\/04\/20210410_111939-700x399.jpg 700w, https:\/\/echta-derminga.de\/wp-content\/uploads\/2021\/04\/20210410_111939-768x438.jpg 768w, https:\/\/echta-derminga.de\/wp-content\/uploads\/2021\/04\/20210410_111939-1536x875.jpg 1536w, https:\/\/echta-derminga.de\/wp-content\/uploads\/2021\/04\/20210410_111939-2048x1167.jpg 2048w\" sizes=\"auto, (max-width: 2560px) 100vw, 2560px\" \/><\/figure>\n<\/figure>\n\n\n\n<p class=\"has-medium-font-size wp-block-paragraph\">Wie Sie feststellen werden, befinden wir uns trotz allen Problemen inmitten unseres Tun und Handelns. Wir m\u00fcssen weitermachen und d\u00fcrfen uns nicht von den aktuellen Nachrichten entmutigen lassen. Ich m\u00f6chte Sie herzlich dazu einladen mitzumachen. Nutzen Sie mein Angebot der &#8222;online-Sprechstunde&#8220; oder besuchen Sie mich einfach in meinem B\u00fcro in der Ortsmitte. <\/p>\n\n\n\n<p class=\"has-medium-font-size wp-block-paragraph\"><strong>Bitte denken Sie immer daran: Am Ende wird alles gut. Sollte es noch nicht gut sein, ist es noch nicht zu Ende Es \u00e4ndert sich ohnehin nichts, wenn wir es nicht \u00e4ndern m\u00f6chten. <\/strong><\/p>\n\n\n\n<p class=\"has-medium-font-size wp-block-paragraph\">In diesem Sinne<\/p>\n\n\n\n<p class=\"has-medium-font-size wp-block-paragraph\">Ihr Ortsvorsteher<\/p>\n\n\n\n<p class=\"has-medium-font-size wp-block-paragraph\"><em>Frank Klein<\/em><\/p>\n","protected":false},"excerpt":{"rendered":"<p>Liebe Dirmingerinnen, liebe Dirminger, unser Heimatort und insbesondere der KKV Dirmingen erleben erneut eine traurige Fastnacht. Die letzte Kappensitzung liegt mittlerweile zwei Jahre zur\u00fcck und besonders die Kinder und Jugendliche leiden unter dieser Entwicklung. Mitten in diese ohnehin trostlose Zeit platzte die Nachricht vom Kriegsausbruch in der Ukraine. Als w\u00e4re die Pandemie nicht schon schlimm genug. Nein, es sind wahrhaftig<\/p>\n","protected":false},"author":1,"featured_media":12215,"comment_status":"open","ping_status":"closed","sticky":false,"template":"","format":"standard","meta":{"_crdt_document":"","footnotes":""},"categories":[1,9,812],"tags":[5,618,127,634,795,310],"class_list":["post-12211","post","type-post","status-publish","format-standard","has-post-thumbnail","hentry","category-allgemein","category-dorfgetratsche","category-ortsvorsteher-dirmingen","tag-dirmingen","tag-gemeinde-eppelborn","tag-landkreis-neunkirchen","tag-ortsvorsteher","tag-ortsvorsteher-dirmingen","tag-saarland"],"_links":{"self":[{"href":"https:\/\/echta-derminga.de\/index.php?rest_route=\/wp\/v2\/posts\/12211","targetHints":{"allow":["GET"]}}],"collection":[{"href":"https:\/\/echta-derminga.de\/index.php?rest_route=\/wp\/v2\/posts"}],"about":[{"href":"https:\/\/echta-derminga.de\/index.php?rest_route=\/wp\/v2\/types\/post"}],"author":[{"embeddable":true,"href":"https:\/\/echta-derminga.de\/index.php?rest_route=\/wp\/v2\/users\/1"}],"replies":[{"embeddable":true,"href":"https:\/\/echta-derminga.de\/index.php?rest_route=%2Fwp%2Fv2%2Fcomments&post=12211"}],"version-history":[{"count":13,"href":"https:\/\/echta-derminga.de\/index.php?rest_route=\/wp\/v2\/posts\/12211\/revisions"}],"predecessor-version":[{"id":12233,"href":"https:\/\/echta-derminga.de\/index.php?rest_route=\/wp\/v2\/posts\/12211\/revisions\/12233"}],"wp:featuredmedia":[{"embeddable":true,"href":"https:\/\/echta-derminga.de\/index.php?rest_route=\/wp\/v2\/media\/12215"}],"wp:attachment":[{"href":"https:\/\/echta-derminga.de\/index.php?rest_route=%2Fwp%2Fv2%2Fmedia&parent=12211"}],"wp:term":[{"taxonomy":"category","embeddable":true,"href":"https:\/\/echta-derminga.de\/index.php?rest_route=%2Fwp%2Fv2%2Fcategories&post=12211"},{"taxonomy":"post_tag","embeddable":true,"href":"https:\/\/echta-derminga.de\/index.php?rest_route=%2Fwp%2Fv2%2Ftags&post=12211"}],"curies":[{"name":"wp","href":"https:\/\/api.w.org\/{rel}","templated":true}]}}