{"id":12275,"date":"2022-03-07T12:06:11","date_gmt":"2022-03-07T11:06:11","guid":{"rendered":"https:\/\/echta-derminga.de\/?p=12275"},"modified":"2022-03-31T12:59:41","modified_gmt":"2022-03-31T11:59:41","slug":"in-sachen-ortsvorsteher-von-einem-partner-der-feuerwehr-dem-fruehling-auf-finkenrech-und-unserem-besorgten-blick-in-die-ukraine","status":"publish","type":"post","link":"https:\/\/echta-derminga.de\/?p=12275","title":{"rendered":"In Sachen Ortsvorsteher: Von einem &#8222;Partner der Feuerwehr&#8220;, dem &#8222;Fr\u00fchling auf Finkenrech&#8220; und unserem besorgten Blick in die Ukraine"},"content":{"rendered":"\n<p class=\"has-medium-font-size wp-block-paragraph\">Liebe Landsleute, t\u00e4glich erreichen uns neue schreckliche Nachrichten aus der Ukraine. Auch die Menschen in unserem Heimatort sind betroffen und m\u00f6chten helfen. Viele B\u00fcrgerinnen und B\u00fcrger haben mich bereits kontaktiert um ihre Hilfe in Form von Geld- oder Sachspenden anzubieten. Auch unsere Heimatgemeinde rechnet in den kommenden Wochen vermehrt mit Fl\u00fcchtlingen aus der ukrainischen Zivilbev\u00f6lkerung. Von daher finde ich es gut und richtig, dass die Gemeindeverwaltung dazu aufruft Wohnraum zur Verf\u00fcgung zu stellen. B\u00fcrgermeister Dr. Andreas Feld bittet alle Eppelborner B\u00fcrger zu pr\u00fcfen, ob die Vermietung von freistehendem Wohnraum f\u00fcr Fl\u00fcchtlinge m\u00f6glich w\u00e4re. <strong>Sollten Sie Wohnraum f\u00fcr Fl\u00fcchtlinge aus der Ukraine zur Verf\u00fcgung stellen k\u00f6nnen, wird gebeten sich im Rathaus Eppelborn bei Sabine Girnus, (06881) 969-245, girnus.sabine@eppelborn.de zu melden.<\/strong> Gerne stehe auch ich mit Rat und Tat zur Verf\u00fcgung. Die Gemeindeverwaltung wird die Angebote sammeln und bei Bedarf auf die Eigent\u00fcmer zukommen. Aktuell wurde noch keine Sammelaktion f\u00fcr Sachspenden in Dirmingen geplant. Sollten Sie jedoch Sachspenden abgeben wollen, m\u00f6chte ich Ihnen die Aktion der Feuerwehr Berschweiler ans Herz legen. Am Dienstag, 08. M\u00e4rz kann man in der Zeit von 17:00 Uhr bis 18:30 Uhr seine Spenden im evangelischen Gemeindehaus abgeben. \u00dcberhaupt finden Sie diesbez\u00fcglich zahlreiche Angebote in unserer Region. Machen Sie Gebrauch davon und helfen Sie zu Helfen. Wenn Sie Geld spenden m\u00f6chten, empfehle ich Ihnen den Spendenaufruf des Landkreises Neunkirchen gemeinsam mit allen saarl\u00e4ndischen Landkreisen mit dem Spendenkonto bei der Kreissparkasse Saarpfalz, DE24 5945 0010 1030 6152 88, BIC: SALADE51HOM, Empf\u00e4nger: SPK-KooperationDPG-SpohnsHaus. Jede Spende ist herzlich Willkommen.<\/p>\n\n\n\n<p class=\"has-medium-font-size wp-block-paragraph\"><strong>Firma GERMA wird zum \u201ePartner der Feuerwehr\u201c ausgezeichnet<\/strong><\/p>\n\n\n\n<p class=\"has-medium-font-size wp-block-paragraph\">Am vergangenen Freitag,04. M\u00e4rz durfte ich an einer Feststunde in der Dirminger Firma GERMA teilnehmen. Das Unternehmen wurde offiziell als \u201ePartner der Feuerwehr\u201c ausgezeichnet. Diese besondere Ehrung basiert auf einer jahrelangen Unterst\u00fctzung der Feuerwehr in der Gemeinde Eppelborn. B\u00fcrgermeister Dr. Feld dankte der bisherigen Gesch\u00e4ftsf\u00fchrerin Frau Scherer und dem k\u00fcnftigen Gesch\u00e4ftsf\u00fchrer Frank Kartes f\u00fcr das Engagement. Die Firma GERMA \u00fcberreichte im dieser Feststunde eine \u00dcbungst\u00fcr an die Feuerwehr unserer Gemeinde. &nbsp;Mit dieser \u00dcbungst\u00fcr kann unsere Wehr die wichtigen und oft erforderlichen T\u00fcr\u00f6ffnungen im Brandfall \u00fcben. Gerne habe ich w\u00e4hrend dieser Feststunde das Wort ergriffen und den Dank der Dirminger Bev\u00f6lkerung \u00fcbermittelt. Auch die Menschen unseres Heimatortes profitieren von einer gut funktionierenden und engagierten Feuerwehr. Unternehmen wie die Firma GERMA leisten wichtige Unterst\u00fctzung. Ich m\u00f6chte der Gesch\u00e4ftsf\u00fchrung der Firma GERMA auch an dieser Stelle ganz herzlich danken. Zu den Ehreng\u00e4sten geh\u00f6rte auch unser Wehrf\u00fchrer Andreas Gross sowie die L\u00f6schbezirksf\u00fchrer bzw. Stellvertreter aus allen L\u00f6schbezirken. Von der Dirminger Feuerwehr war L\u00f6schbezirksf\u00fchrer Heino Molter anwesend.<\/p>\n\n\n<div class=\"wp-block-image\">\n<figure class=\"aligncenter size-large\"><img loading=\"lazy\" decoding=\"async\" width=\"700\" height=\"576\" src=\"https:\/\/echta-derminga.de\/wp-content\/uploads\/2022\/03\/Screenshot_20220306-155608_Instagram-700x576.jpg\" alt=\"\" class=\"wp-image-12286\" srcset=\"https:\/\/echta-derminga.de\/wp-content\/uploads\/2022\/03\/Screenshot_20220306-155608_Instagram-700x576.jpg 700w, https:\/\/echta-derminga.de\/wp-content\/uploads\/2022\/03\/Screenshot_20220306-155608_Instagram-300x247.jpg 300w, https:\/\/echta-derminga.de\/wp-content\/uploads\/2022\/03\/Screenshot_20220306-155608_Instagram-768x631.jpg 768w, https:\/\/echta-derminga.de\/wp-content\/uploads\/2022\/03\/Screenshot_20220306-155608_Instagram.jpg 1080w\" sizes=\"auto, (max-width: 700px) 100vw, 700px\" \/><\/figure>\n<\/div>\n\n\n<figure class=\"wp-block-gallery has-nested-images columns-default is-cropped wp-block-gallery-1 is-layout-flex wp-block-gallery-is-layout-flex\">\n<figure class=\"wp-block-image size-large\"><img loading=\"lazy\" decoding=\"async\" width=\"900\" height=\"623\" data-id=\"12287\" src=\"https:\/\/echta-derminga.de\/wp-content\/uploads\/2022\/03\/01.jpg\" alt=\"\" class=\"wp-image-12287\" srcset=\"https:\/\/echta-derminga.de\/wp-content\/uploads\/2022\/03\/01.jpg 900w, https:\/\/echta-derminga.de\/wp-content\/uploads\/2022\/03\/01-300x208.jpg 300w, https:\/\/echta-derminga.de\/wp-content\/uploads\/2022\/03\/01-700x485.jpg 700w, https:\/\/echta-derminga.de\/wp-content\/uploads\/2022\/03\/01-768x532.jpg 768w\" sizes=\"auto, (max-width: 900px) 100vw, 900px\" \/><\/figure>\n\n\n\n<figure class=\"wp-block-image size-large\"><img loading=\"lazy\" decoding=\"async\" width=\"960\" height=\"720\" data-id=\"12288\" src=\"https:\/\/echta-derminga.de\/wp-content\/uploads\/2022\/03\/02.jpg\" alt=\"\" class=\"wp-image-12288\" srcset=\"https:\/\/echta-derminga.de\/wp-content\/uploads\/2022\/03\/02.jpg 960w, https:\/\/echta-derminga.de\/wp-content\/uploads\/2022\/03\/02-300x225.jpg 300w, https:\/\/echta-derminga.de\/wp-content\/uploads\/2022\/03\/02-700x525.jpg 700w, https:\/\/echta-derminga.de\/wp-content\/uploads\/2022\/03\/02-768x576.jpg 768w\" sizes=\"auto, (max-width: 960px) 100vw, 960px\" \/><\/figure>\n<\/figure>\n\n\n\n<p class=\"has-medium-font-size wp-block-paragraph\"><strong>Fr\u00fchling auf Finkenrech &#8211; Vorverkauf im Ortsvorsteherb\u00fcro<\/strong><\/p>\n\n\n\n<p class=\"has-medium-font-size wp-block-paragraph\">Am 23. und 24. April ist es endlich wieder soweit! Die Tourismus- und Kulturzentrale des Landkreises&nbsp;Neunkirchen&nbsp;veranstaltet wieder die saisonale Veranstaltung &#8222;Fr\u00fchling au Finkenrech&#8220;. Wir d\u00fcrfen uns an beiden Festtagen samstags und sonntags zwischen 11 Uhr und 18 Uhr auf rund 60 Aussteller, eine Menge kulinarische K\u00f6stlichkeiten sowie regionale Handwerkskunst und tolle Live-Musik freuen. Neben dem Bauernmarkt lockt immer auch die tolle Live-Musik die G\u00e4ste aus der Region an. Samstags werden Sie von den Bands &#8222;ARA&#8220; und &#8222;Yannisha&#8220; unterhalten. Sonntags spielt zun\u00e4chst der Musikverein Wiesbach, ehe am Nachmittag die Band &#8222;Infinite Range&#8220; f\u00fcr gute Stimmung sorgt.&nbsp;F\u00fcr das leibliche Wohl wird mit einer Vielfalt an regionalen Speisen und Getr\u00e4nken gesorgt sein. So k\u00f6nnen Sie sich beispielsweise auf Lyonerpfanne, Kartoffelwaffeln, Flammkuchen, Dibbelabbes und s\u00fc\u00dfe K\u00f6stlichkeiten wie z.B. Baumstriezel und Cr\u00eapes freuen. Auch Dirminger Vereine werden diese Veranstaltung aktiv unterst\u00fctzen. Ich bin sehr stolz darauf, dass eine solche Veranstaltung in Dirmingen angeboten wird. Der Besuch der Veranstaltung ist nur mit vorab erworbenen Tickets m\u00f6glich. Diese sind ab dem 09. M\u00e4rz online unter www.finkenrech.de erh\u00e4ltlich (E-Tickets ohne Versandgeb\u00fchren). Der Ticketpreis pro Person betr\u00e4gt 4,00 \u20ac. Kinder unter 6 Jahren sind kostenlos (bitte trotzdem ein entsprechendes Ticket f\u00fcr 0,00 \u20ac buchen). <strong>In diesem Jahr k\u00f6nnen die Tickets erstmals auch in meinem Ortsvorsteherb\u00fcro, mittwochs von 18:00 bis 19:30 Uhr k\u00e4uflich erworben werden. <\/strong>Dieses Angebot soll auch denjenigen dienen, die keine M\u00f6glichkeit haben ihre Tickets online zu erwerben. Die Tickets sind den ganzen Tag \u00fcber g\u00fcltig.<\/p>\n\n\n<div class=\"wp-block-image\">\n<figure class=\"aligncenter size-large\"><img loading=\"lazy\" decoding=\"async\" width=\"700\" height=\"467\" src=\"https:\/\/echta-derminga.de\/wp-content\/uploads\/2022\/03\/275124401_5441802722517129_7019947015917029704_n-700x467.jpg\" alt=\"\" class=\"wp-image-12280\" srcset=\"https:\/\/echta-derminga.de\/wp-content\/uploads\/2022\/03\/275124401_5441802722517129_7019947015917029704_n-700x467.jpg 700w, https:\/\/echta-derminga.de\/wp-content\/uploads\/2022\/03\/275124401_5441802722517129_7019947015917029704_n-300x200.jpg 300w, https:\/\/echta-derminga.de\/wp-content\/uploads\/2022\/03\/275124401_5441802722517129_7019947015917029704_n-768x513.jpg 768w, https:\/\/echta-derminga.de\/wp-content\/uploads\/2022\/03\/275124401_5441802722517129_7019947015917029704_n-1536x1025.jpg 1536w, https:\/\/echta-derminga.de\/wp-content\/uploads\/2022\/03\/275124401_5441802722517129_7019947015917029704_n.jpg 2048w\" sizes=\"auto, (max-width: 700px) 100vw, 700px\" \/><figcaption>Quelle: TKN Landkreis Neunkrichen<\/figcaption><\/figure>\n<\/div>\n\n\n<p class=\"has-medium-font-size wp-block-paragraph\"><strong>Eistr\u00e4ume erf\u00fcllen sich noch im M\u00e4rz<\/strong><\/p>\n\n\n\n<p class=\"has-medium-font-size wp-block-paragraph\">Der Gesch\u00e4ftsf\u00fchrer des Eiswagens &#8222;Eistraum&#8220; Antonio Candela hat mich dar\u00fcber informiert, dass noch in diesem M\u00e4rz die Er\u00f6ffnung geplant ist. Freuen wir uns auf die leckeren Eisspezialit\u00e4ten in der Dirminger Ortsmitte. Der Eiswagen wird auch in diesem Jahr das Gewerbe in unserer Dorfmitte bereichern. Ich w\u00fcnsche dem &#8222;Eistraum&#8220; viel Erfolg !<\/p>\n\n\n\n<p class=\"has-medium-font-size wp-block-paragraph\"><strong>PERLEGEN setzt auf Nachwuchs!<\/strong><\/p>\n\n\n\n<p class=\"has-medium-font-size wp-block-paragraph\">Unter dem Motto \u201eF\u00f6rderung der Jugend\u201c sucht die Band Perlregen insgesamt 5 Nachwuchstalente im Alter zwischen 9 und 12 Jahren. Am 12. &amp; 13. M\u00e4rz 2022 findet aus diesem Anlass ein Casting in der Dirminger Borrwieshalle statt, bei dem sich junge S\u00e4ngerinnen und S\u00e4nger vorstellen k\u00f6nnen. Anmelden k\u00f6nnen sich alle Interessierten unter folgendem Link www.perlregen.de\/kidscasting Wichtig! Mit der Teilnahme am Casting sind die Eltern\/ Erziehungsberechtigten damit einverstanden, dass Fotos \/ Videos gemacht werden. Diese Medien werden selbstverst\u00e4ndlich diskret behandelt, nicht ver\u00f6ffentlicht und dienen ausschliesslich der Auswertung. Mindestens 1 Erziehungsberechtigte\/r muss beim Casting anwesend sein. Das Casting findet am Samstag, den 12. M\u00e4rz 2022 von 15:00 \u2013 18:00 Uhr und am Sonntag, den 13. M\u00e4rz 2022 von 10:00 -14:00 Uhr im Nebenraum der Borrwieshalle, Urexweilerstra\u00dfe in 66571 Dirmingen statt.<\/p>\n\n\n\n<figure class=\"wp-block-gallery has-nested-images columns-default is-cropped wp-block-gallery-2 is-layout-flex wp-block-gallery-is-layout-flex\">\n<figure class=\"wp-block-image size-large\"><img loading=\"lazy\" decoding=\"async\" width=\"2000\" height=\"1428\" data-id=\"12221\" src=\"https:\/\/echta-derminga.de\/wp-content\/uploads\/2022\/02\/Pressefoto_quer.jpg\" alt=\"\" class=\"wp-image-12221\" srcset=\"https:\/\/echta-derminga.de\/wp-content\/uploads\/2022\/02\/Pressefoto_quer.jpg 2000w, https:\/\/echta-derminga.de\/wp-content\/uploads\/2022\/02\/Pressefoto_quer-300x214.jpg 300w, https:\/\/echta-derminga.de\/wp-content\/uploads\/2022\/02\/Pressefoto_quer-700x500.jpg 700w, https:\/\/echta-derminga.de\/wp-content\/uploads\/2022\/02\/Pressefoto_quer-768x548.jpg 768w, https:\/\/echta-derminga.de\/wp-content\/uploads\/2022\/02\/Pressefoto_quer-1536x1097.jpg 1536w\" sizes=\"auto, (max-width: 2000px) 100vw, 2000px\" \/><\/figure>\n\n\n\n<figure class=\"wp-block-image size-large\"><img loading=\"lazy\" decoding=\"async\" width=\"560\" height=\"797\" data-id=\"12220\" src=\"https:\/\/echta-derminga.de\/wp-content\/uploads\/2022\/02\/Kids-Casting-1.png\" alt=\"\" class=\"wp-image-12220\" srcset=\"https:\/\/echta-derminga.de\/wp-content\/uploads\/2022\/02\/Kids-Casting-1.png 560w, https:\/\/echta-derminga.de\/wp-content\/uploads\/2022\/02\/Kids-Casting-1-211x300.png 211w\" sizes=\"auto, (max-width: 560px) 100vw, 560px\" \/><\/figure>\n<\/figure>\n\n\n\n<p class=\"has-medium-font-size wp-block-paragraph\"><strong>Glasfaserausbau in Dirmingen<\/strong><\/p>\n\n\n\n<p class=\"has-medium-font-size wp-block-paragraph\">Es scheint Bewegung in die Sache zu kommen. In den letzten Tagen h\u00e4uften sich die Anfragen bez\u00fcglich des Glasfaserausbaus in unserer Gemeinde. Mit der Er\u00f6ffnung ihres B\u00fcros in der Ortsmitte von Eppelborn hat die Firma SaarL.Y.T.E einen weiteren, wichtigen Schritt auf dem Weg zum fl\u00e4chendeckenden Glasfaserausbau in unserer Gemeinde gemacht. Noch in diesem Jahr soll mit dem Glasfaserausbau in unserer Gemeinde begonnen werden. <strong>Kundinnen und Kunden k\u00f6nnen sich im Infocenter im big Eppel unverbindlich informieren und beraten lassen. <\/strong>Mit einer transparenten Tarifstruktur richtet es sich das Unternehmen an alle B\u00fcrgerinnen und B\u00fcrger, die zuk\u00fcnftig die Vorteile von Glasfaser nutzen wollen. Nutzen Sie das lokale Angebot, informieren Sie sich und nutzen Sie die Vorteile, die SaarL.Y.T.E ihnen bietet. <strong>Auf der Seite des Unternehmens finden Sie auch eine Interessenbekundung. Umso mehr Menschen aus unserem Dorf ihr Interesse bekunden, umso fr\u00fcher k\u00f6nnen die Arbeiten in Dirmingen beginnen.<\/strong> Hier der Link zur Interessenbekundung: https:\/\/www.saarlyte.de\/<\/p>\n\n\n<div class=\"wp-block-image\">\n<figure class=\"aligncenter size-large\"><img loading=\"lazy\" decoding=\"async\" width=\"700\" height=\"468\" src=\"https:\/\/echta-derminga.de\/wp-content\/uploads\/2022\/03\/36_Saarlyte-Gross-700x468.jpg\" alt=\"\" class=\"wp-image-12283\" srcset=\"https:\/\/echta-derminga.de\/wp-content\/uploads\/2022\/03\/36_Saarlyte-Gross-700x468.jpg 700w, https:\/\/echta-derminga.de\/wp-content\/uploads\/2022\/03\/36_Saarlyte-Gross-300x200.jpg 300w, https:\/\/echta-derminga.de\/wp-content\/uploads\/2022\/03\/36_Saarlyte-Gross-768x514.jpg 768w, https:\/\/echta-derminga.de\/wp-content\/uploads\/2022\/03\/36_Saarlyte-Gross-1536x1028.jpg 1536w, https:\/\/echta-derminga.de\/wp-content\/uploads\/2022\/03\/36_Saarlyte-Gross.jpg 1614w\" sizes=\"auto, (max-width: 700px) 100vw, 700px\" \/><figcaption>Gesch\u00e4ftsstelle der Saarlyte in der Eppelborner Ortsmitte<\/figcaption><\/figure>\n<\/div>\n\n\n<p class=\"has-medium-font-size wp-block-paragraph\"><strong>Saarland picobello- Aktion in Dirmingen<\/strong><\/p>\n\n\n\n<p class=\"has-medium-font-size wp-block-paragraph\">Mitmachen ! Das Thema Umweltverschmutzung spielt auch in unserem Heimatort eine gewichtige Rolle. W\u00f6chentlich m\u00fcssen wir uns \u00fcber unz\u00e4hlige Vergehen \u00e4rgern. Auf der anderen Seite gibt es viele Landsleute, die sich aktiv einsetzen und den Umwelts\u00fcndern den Kampf angesagt haben. Nach einem Jahr Corona bedingter Pause findet nun am 18.\/19. M\u00e4rz 2022 die j\u00e4hrliche picobello Sammelaktion des Saarlandes statt. Vereine, Organisationen und auch B\u00fcrgerinnen und B\u00fcrger, die sich an der Aktion beteiligen m\u00f6chten, k\u00f6nnen sich bei mir unter 06827\/800780 oder per Mail unter kleinfranki@t-online.de anmelden. Treffpunkt ist am Samstag, 19. M\u00e4rz 2022 um 09 Uhr 30 am Feuerwehrger\u00e4tehaus Dirmingen.<\/p>\n\n\n\n<figure class=\"wp-block-gallery has-nested-images columns-default is-cropped wp-block-gallery-3 is-layout-flex wp-block-gallery-is-layout-flex\">\n<figure class=\"wp-block-image size-large\"><img loading=\"lazy\" decoding=\"async\" width=\"466\" height=\"315\" data-id=\"11948\" src=\"https:\/\/echta-derminga.de\/wp-content\/uploads\/2022\/01\/picobello22-600x325-2.jpg\" alt=\"\" class=\"wp-image-11948\" srcset=\"https:\/\/echta-derminga.de\/wp-content\/uploads\/2022\/01\/picobello22-600x325-2.jpg 466w, https:\/\/echta-derminga.de\/wp-content\/uploads\/2022\/01\/picobello22-600x325-2-300x203.jpg 300w\" sizes=\"auto, (max-width: 466px) 100vw, 466px\" \/><\/figure>\n\n\n\n<figure class=\"wp-block-image size-large\"><img loading=\"lazy\" decoding=\"async\" width=\"2560\" height=\"1459\" data-id=\"9388\" src=\"https:\/\/echta-derminga.de\/wp-content\/uploads\/2021\/04\/20210410_111939-1-scaled.jpg\" alt=\"\" class=\"wp-image-9388\" srcset=\"https:\/\/echta-derminga.de\/wp-content\/uploads\/2021\/04\/20210410_111939-1-scaled.jpg 2560w, https:\/\/echta-derminga.de\/wp-content\/uploads\/2021\/04\/20210410_111939-1-300x171.jpg 300w, https:\/\/echta-derminga.de\/wp-content\/uploads\/2021\/04\/20210410_111939-1-700x399.jpg 700w, https:\/\/echta-derminga.de\/wp-content\/uploads\/2021\/04\/20210410_111939-1-768x438.jpg 768w, https:\/\/echta-derminga.de\/wp-content\/uploads\/2021\/04\/20210410_111939-1-1536x875.jpg 1536w, https:\/\/echta-derminga.de\/wp-content\/uploads\/2021\/04\/20210410_111939-1-2048x1167.jpg 2048w\" sizes=\"auto, (max-width: 2560px) 100vw, 2560px\" \/><\/figure>\n<\/figure>\n\n\n\n<p class=\"has-medium-font-size wp-block-paragraph\">Liebe B\u00fcrgerinnen, liebe B\u00fcrger, am Dienstag, 15. M\u00e4rz 2022 findet an der neuen Illbr\u00fccke ( zum Br\u00fchlpark und Bahnhof) eine Feststunde statt. Die neue Br\u00fccke wird an diesem Todestag unseres ehemaligen Ortsvorstehers Manfred Klein seinen Namen verleihen bekommen. Zuk\u00fcnftig wird die Br\u00fccke mit einem Schild ausgestattet und tr\u00e4gt den Namen &#8222;Manfred-Klein-Br\u00fccke&#8220;. Ich freue mich \u00fcber dieses Andenken und m\u00f6chte alle interessierten B\u00fcrgerinnen und B\u00fcrger ganz herzlich einladen. Der Kulturverein Dirmingen wird f\u00fcr das leibliche Wohl sorgen und Mac Gabler wird die passende Musik beitragen. B\u00fcrgermeister Dr. Feld, Umweltminister Reinhold Jost und meine Wenigkeit werden die Br\u00fccke im Laufe dieser Feststunde einweihen.<\/p>\n\n\n\n<p class=\"has-medium-font-size wp-block-paragraph\"><strong>Am Sonntag, 27. M\u00e4rz finden die Wahlen zum saarl\u00e4ndischen Landtag statt. Bitte machen Sie von ihrem Wahlrecht Gebrauch.<\/strong> <strong>Unsere politischen Ortsvereine leisten bei der Beantragung der Briefwahl gerne Unterst\u00fctzung.<\/strong><\/p>\n\n\n\n<p class=\"has-medium-font-size wp-block-paragraph\">Die t\u00e4glichen Nachrichten aus der Ukraine und die zuletzt wieder ansteigenden Inzidenzzahlen der anhaltenden Pandemie erschweren uns den Alltag. Nutzen Sie ihre Zeit zu einem Spaziergang und genie\u00dfen Sie die Vielfalt der Natur. Dirmingen hat vieles zu bieten. Wir sollten uns gerade in diesen Zeiten auch den Moment nehmen die eigene Seele baumeln zu lassen.<\/p>\n\n\n\n<p class=\"has-medium-font-size wp-block-paragraph\"><strong>In diesem Sinne w\u00fcnsche ich Ihnen eine angenehme Zeit.<\/strong><\/p>\n\n\n\n<p class=\"has-medium-font-size wp-block-paragraph\">Ihr Ortsvorsteher<\/p>\n\n\n\n<p class=\"has-medium-font-size wp-block-paragraph\">Frank Klein<\/p>\n\n\n\n<figure class=\"wp-block-gallery has-nested-images columns-default is-cropped wp-block-gallery-4 is-layout-flex wp-block-gallery-is-layout-flex\">\n<figure class=\"wp-block-image size-large\"><img loading=\"lazy\" decoding=\"async\" width=\"1240\" height=\"1754\" data-id=\"12282\" src=\"https:\/\/echta-derminga.de\/wp-content\/uploads\/2022\/03\/275446010_7361810820527028_6505842241286865100_n.jpg\" alt=\"\" class=\"wp-image-12282\" srcset=\"https:\/\/echta-derminga.de\/wp-content\/uploads\/2022\/03\/275446010_7361810820527028_6505842241286865100_n.jpg 1240w, https:\/\/echta-derminga.de\/wp-content\/uploads\/2022\/03\/275446010_7361810820527028_6505842241286865100_n-212x300.jpg 212w, https:\/\/echta-derminga.de\/wp-content\/uploads\/2022\/03\/275446010_7361810820527028_6505842241286865100_n-700x990.jpg 700w, https:\/\/echta-derminga.de\/wp-content\/uploads\/2022\/03\/275446010_7361810820527028_6505842241286865100_n-768x1086.jpg 768w, https:\/\/echta-derminga.de\/wp-content\/uploads\/2022\/03\/275446010_7361810820527028_6505842241286865100_n-1086x1536.jpg 1086w\" sizes=\"auto, (max-width: 1240px) 100vw, 1240px\" \/><\/figure>\n\n\n\n<figure class=\"wp-block-image size-large\"><img loading=\"lazy\" decoding=\"async\" width=\"570\" height=\"806\" data-id=\"12271\" src=\"https:\/\/echta-derminga.de\/wp-content\/uploads\/2022\/03\/Manne.png\" alt=\"\" class=\"wp-image-12271\" srcset=\"https:\/\/echta-derminga.de\/wp-content\/uploads\/2022\/03\/Manne.png 570w, https:\/\/echta-derminga.de\/wp-content\/uploads\/2022\/03\/Manne-212x300.png 212w\" sizes=\"auto, (max-width: 570px) 100vw, 570px\" \/><\/figure>\n<\/figure>\n","protected":false},"excerpt":{"rendered":"<p>Liebe Landsleute, t\u00e4glich erreichen uns neue schreckliche Nachrichten aus der Ukraine. Auch die Menschen in unserem Heimatort sind betroffen und m\u00f6chten helfen. Viele B\u00fcrgerinnen und B\u00fcrger haben mich bereits kontaktiert um ihre Hilfe in Form von Geld- oder Sachspenden anzubieten. Auch unsere Heimatgemeinde rechnet in den kommenden Wochen vermehrt mit Fl\u00fcchtlingen aus der ukrainischen Zivilbev\u00f6lkerung. Von daher finde ich es<\/p>\n","protected":false},"author":1,"featured_media":12286,"comment_status":"closed","ping_status":"closed","sticky":false,"template":"","format":"standard","meta":{"_crdt_document":"","footnotes":""},"categories":[1,9,812],"tags":[5,618,127,634,795,310],"class_list":["post-12275","post","type-post","status-publish","format-standard","has-post-thumbnail","hentry","category-allgemein","category-dorfgetratsche","category-ortsvorsteher-dirmingen","tag-dirmingen","tag-gemeinde-eppelborn","tag-landkreis-neunkirchen","tag-ortsvorsteher","tag-ortsvorsteher-dirmingen","tag-saarland"],"_links":{"self":[{"href":"https:\/\/echta-derminga.de\/index.php?rest_route=\/wp\/v2\/posts\/12275","targetHints":{"allow":["GET"]}}],"collection":[{"href":"https:\/\/echta-derminga.de\/index.php?rest_route=\/wp\/v2\/posts"}],"about":[{"href":"https:\/\/echta-derminga.de\/index.php?rest_route=\/wp\/v2\/types\/post"}],"author":[{"embeddable":true,"href":"https:\/\/echta-derminga.de\/index.php?rest_route=\/wp\/v2\/users\/1"}],"replies":[{"embeddable":true,"href":"https:\/\/echta-derminga.de\/index.php?rest_route=%2Fwp%2Fv2%2Fcomments&post=12275"}],"version-history":[{"count":14,"href":"https:\/\/echta-derminga.de\/index.php?rest_route=\/wp\/v2\/posts\/12275\/revisions"}],"predecessor-version":[{"id":12494,"href":"https:\/\/echta-derminga.de\/index.php?rest_route=\/wp\/v2\/posts\/12275\/revisions\/12494"}],"wp:featuredmedia":[{"embeddable":true,"href":"https:\/\/echta-derminga.de\/index.php?rest_route=\/wp\/v2\/media\/12286"}],"wp:attachment":[{"href":"https:\/\/echta-derminga.de\/index.php?rest_route=%2Fwp%2Fv2%2Fmedia&parent=12275"}],"wp:term":[{"taxonomy":"category","embeddable":true,"href":"https:\/\/echta-derminga.de\/index.php?rest_route=%2Fwp%2Fv2%2Fcategories&post=12275"},{"taxonomy":"post_tag","embeddable":true,"href":"https:\/\/echta-derminga.de\/index.php?rest_route=%2Fwp%2Fv2%2Ftags&post=12275"}],"curies":[{"name":"wp","href":"https:\/\/api.w.org\/{rel}","templated":true}]}}