{"id":12321,"date":"2024-06-15T12:49:54","date_gmt":"2024-06-15T11:49:54","guid":{"rendered":"https:\/\/echta-derminga.de\/?p=12321"},"modified":"2024-06-15T12:49:56","modified_gmt":"2024-06-15T11:49:56","slug":"ganz-im-geiste-des-turnvater-jahns-turnen-und-leichtathletik-beim-tv-04-dirmingen","status":"publish","type":"post","link":"https:\/\/echta-derminga.de\/?p=12321","title":{"rendered":"Ganz im Geiste des Turnvater Jahns ? &#8211; Turnen und Leichtathletik beim TV 04 Dirmingen"},"content":{"rendered":"\n<p class=\"has-medium-font-size wp-block-paragraph\"><strong>Im Jahre 1904 wurde der TV 04 Dirmingen ins Leben gerufen. Bei der Vereinsgr\u00fcndung, am 06. M\u00e4rz 1904, ging es den Mitgliedern einzig und allein um die k\u00f6rperliche Ert\u00fcchtigung. Jahre zuvor hatte der bekannte Turnvater Jahn die Turnger\u00e4te Reck und Barren ins Bewusstsein der Menschen gebracht. Mit den neu erschaffenen Grundlagen erlebte das Turnen besonders gegen Ende des 19. Jahrhunderts einen wahren Aufschwung.<\/strong><\/p>\n\n\n\n<p class=\"has-medium-font-size wp-block-paragraph\">Zur Gr\u00fcndungsversammlung in das Gasthaus Kammer waren damals 20 junge M\u00e4nner erschienen. Jakob Gabler wurde zum ersten Vorsitzenden des Vereins gew\u00e4hlt. Gem\u00e4\u00df den Idealen von Turnvater Jahn setzte der Verein zun\u00e4chst ausschlie\u00dflich auf k\u00f6rperliche Ert\u00fcchtigung, Geselligkeit und \u00fcberraschenderweise auch auf das Theaterspielen. Bereits im Jahr 1911 strebte der junge Verein den Bau eines eigenen Turnplatzes an. Kurze Zeit sp\u00e4ter wollte der Verein die Errichtung einer Sporthalle in Dirmingen umsetzen. Beide Vorhaben scheiterten an den finanziellen M\u00f6glichkeiten.<\/p>\n\n\n\n<p class=\"has-medium-font-size wp-block-paragraph\"><strong>Die Gemeinde Dirmingen stellte den ehemaligen Exerzierplatz auf Kirschborn in der N\u00e4he der heutigen Wassertretanlage zur Verf\u00fcgung.&nbsp; Dieser Platz war jedoch relativ weit entfernt von der Dorfmitte. Zum \u00dcbungsbetrieb nutzte der Verein deshalb den Br\u00fchl, den heutigen Br\u00fchlpark und eine Fl\u00e4che im Hap (Flut Hapenuff). Neben dem Turnen wurde auch Leichtathletik, Schlagball, Faustball und Schleuderball gespielt. Im Jahr 1912 bekam der Verein die Ausrichtung eines Kreisturn- und Spielfestes zugesprochen. Mit dieser ersten gro\u00dfen Veranstaltung r\u00fcckte der junge Verein erstmals in den Blickfang der \u00d6ffentlichkeit. W\u00e4hrend dieser Veranstaltung wurde die neue Vereinsfahne feierlich eingewiehen.<\/strong><\/p>\n\n\n\n<figure class=\"wp-block-gallery has-nested-images columns-default is-cropped wp-block-gallery-1 is-layout-flex wp-block-gallery-is-layout-flex\">\n<figure class=\"wp-block-image size-large\"><img loading=\"lazy\" decoding=\"async\" width=\"640\" height=\"1061\" data-id=\"12332\" src=\"https:\/\/echta-derminga.de\/wp-content\/uploads\/2022\/03\/dirmingen1015.jpg\" alt=\"\" class=\"wp-image-12332\" srcset=\"https:\/\/echta-derminga.de\/wp-content\/uploads\/2022\/03\/dirmingen1015.jpg 640w, https:\/\/echta-derminga.de\/wp-content\/uploads\/2022\/03\/dirmingen1015-181x300.jpg 181w\" sizes=\"auto, (max-width: 640px) 100vw, 640px\" \/><\/figure>\n\n\n\n<figure class=\"wp-block-image size-large\"><img loading=\"lazy\" decoding=\"async\" width=\"640\" height=\"1021\" data-id=\"12331\" src=\"https:\/\/echta-derminga.de\/wp-content\/uploads\/2022\/03\/dirmingen1018.jpg\" alt=\"\" class=\"wp-image-12331\" srcset=\"https:\/\/echta-derminga.de\/wp-content\/uploads\/2022\/03\/dirmingen1018.jpg 640w, https:\/\/echta-derminga.de\/wp-content\/uploads\/2022\/03\/dirmingen1018-188x300.jpg 188w\" sizes=\"auto, (max-width: 640px) 100vw, 640px\" \/><\/figure>\n\n\n\n<figure class=\"wp-block-image size-large\"><img loading=\"lazy\" decoding=\"async\" width=\"640\" height=\"901\" data-id=\"12330\" src=\"https:\/\/echta-derminga.de\/wp-content\/uploads\/2022\/03\/dirmingen1019.jpg\" alt=\"\" class=\"wp-image-12330\" srcset=\"https:\/\/echta-derminga.de\/wp-content\/uploads\/2022\/03\/dirmingen1019.jpg 640w, https:\/\/echta-derminga.de\/wp-content\/uploads\/2022\/03\/dirmingen1019-213x300.jpg 213w\" sizes=\"auto, (max-width: 640px) 100vw, 640px\" \/><\/figure>\n<\/figure>\n\n\n\n<p class=\"has-medium-font-size wp-block-paragraph\">Der Erste Weltkrieg beendete die Entwicklung des Vereins. Das Vereinsleben kam zum Erliegen. Von 88, m\u00e4nnlichen Mitgliedern, wurden 57 zu den Waffen gerufen. Nach dem Ersten Weltkrieg erholte sich der Verein \u00fcberraschenderweise sehr schnell und verf\u00fcgte im Jahre 1918 wieder \u00fcber fast 100 Mitglieder. Der Stellenwert eines Vereins war damals viel h\u00f6her angesiedelt als in den heutigen Tagen. Die Menschen suchten im Vereinsleben Heimat und Abwechslung.<\/p>\n\n\n\n<p class=\"has-medium-font-size wp-block-paragraph\"><strong>Wie auch in vielen anderen Turnvereinen, existierte beim TV 04 Dirmingen eine sogenannte vaterl\u00e4ndliche Gesinnung. Der TV 04 Dirmingen war naturgem\u00e4\u00df ein Kind seiner Zeit, wobei man diese Entwicklung keineswegs mit dem folgenden Nationalsozialismus in Verbindung bringen sollte. Tats\u00e4chlich d\u00fcrfte die patriotische Einstellung vieler Turnvereine jedoch dem aufkommenden Bestreben der Nationalsozialisten in die H\u00e4nde gespielt haben. Grunds\u00e4tzlich gilt: Gute und Schlechte Leute gab es schon damals in jedem Verein.<\/strong> <strong>Bis heute ist die Aufarbeitung der NS-Geschehnisse, im Zusammenhang mit der Rolle der Turnbewegung ein wichtiges Anliegen des Deutschen Turnerbundes. Die kritische Auseinandersetzung mit der eigenen Geschichte hat viel mit der Rolle des Turnvater Jahns zu tun. Friedrich Ludwig Jahn gr\u00fcndete am 13.&nbsp;November 1810&nbsp;den geheimen Deutschen Bund&nbsp;zur Befreiung und Einigung Deutschlands. Diese Gemeinschaft stand ausschlie\u00dflich M\u00e4nnern \u201edeutscher Abstammung\u201c offen. Dabei waren Juden, selbst wenn sie zum Christentum konvertiert waren, von der Mitgliedschaft ausgeschlossen. Ich pers\u00f6nlich glaube nicht, dass die Geschichte des Turnvaters ma\u00dfgebliche Einwirkungen auf die Entwicklung unseres Turnvereins hatte. Vielmehr suchten die Menschen in unserem Dorf eine passende Alternative ihre Freizeit sinnvoll zu gestalten. Eine Mitgliedschaft im Turnverein zog Geselligkeit und k\u00f6rperliche Fitness mit sich.<\/strong><\/p>\n\n\n\n<figure class=\"wp-block-gallery has-nested-images columns-default is-cropped wp-block-gallery-2 is-layout-flex wp-block-gallery-is-layout-flex\">\n<figure class=\"wp-block-image size-large\"><img loading=\"lazy\" decoding=\"async\" width=\"640\" height=\"423\" data-id=\"12335\" src=\"https:\/\/echta-derminga.de\/wp-content\/uploads\/2022\/03\/dirmingen1020.jpg\" alt=\"\" class=\"wp-image-12335\" srcset=\"https:\/\/echta-derminga.de\/wp-content\/uploads\/2022\/03\/dirmingen1020.jpg 640w, https:\/\/echta-derminga.de\/wp-content\/uploads\/2022\/03\/dirmingen1020-300x198.jpg 300w\" sizes=\"auto, (max-width: 640px) 100vw, 640px\" \/><\/figure>\n\n\n\n<figure class=\"wp-block-image size-large\"><img loading=\"lazy\" decoding=\"async\" width=\"640\" height=\"420\" data-id=\"12334\" src=\"https:\/\/echta-derminga.de\/wp-content\/uploads\/2022\/03\/dirmingen1023.jpg\" alt=\"\" class=\"wp-image-12334\" srcset=\"https:\/\/echta-derminga.de\/wp-content\/uploads\/2022\/03\/dirmingen1023.jpg 640w, https:\/\/echta-derminga.de\/wp-content\/uploads\/2022\/03\/dirmingen1023-300x197.jpg 300w\" sizes=\"auto, (max-width: 640px) 100vw, 640px\" \/><\/figure>\n\n\n\n<figure class=\"wp-block-image size-large\"><img loading=\"lazy\" decoding=\"async\" width=\"640\" height=\"408\" data-id=\"12333\" src=\"https:\/\/echta-derminga.de\/wp-content\/uploads\/2022\/03\/dirmingen1022.jpg\" alt=\"\" class=\"wp-image-12333\" srcset=\"https:\/\/echta-derminga.de\/wp-content\/uploads\/2022\/03\/dirmingen1022.jpg 640w, https:\/\/echta-derminga.de\/wp-content\/uploads\/2022\/03\/dirmingen1022-300x191.jpg 300w\" sizes=\"auto, (max-width: 640px) 100vw, 640px\" \/><\/figure>\n<\/figure>\n\n\n\n<p class=\"has-medium-font-size wp-block-paragraph\">Am 3. Juli 1921 beteiligte sich der TVD am Gauturnfest in St. Wendel. Die Vereinsmitglieder nutzten diese Veranstaltung um die vor der Beschlagnahme der Besatzungsm\u00e4chte gerettet Vereinsfahne zu pr\u00e4sentieren. Der franz\u00f6sischen Besatzungsmacht war diese Pr\u00e4sentation und die damit verbundene Aufwertung der v\u00e4terl\u00e4ndlichen Gesinnung ein Dorn im Auge. Schon in den 1920-er Jahren verf\u00fcgte der Verein \u00fcber eine gute Leichtathletikgruppe. Dabei stand insbesondere die Laufdisziplin im Vordergrund. Mitglieder des Vereins durften Bliesgau- und Saarlandmeisterschaften feiern. Dabei wurden Landesbestzeiten und neue Rekorde aufgestellt. Am 17. Juli 1921 veranstaltete der TVD ein Kreisturn- und Spielfest im Br\u00fchl, dem heutigen Br\u00fchlpark. In den Jahren von 1926 \u2013 1936 nahm der Verein mit gro\u00dfem Erfolg an regionalen Turnfesten teil. Dabei wurden durch aktive Turner mehrere Landes- und Gaumeisterschaften errungen. Der Landesrekord von Hermann Wagner sen. \u00fcber 1500 m in nur 4:00,5 Minuten wurde erst 1950 gebrochen.<\/p>\n\n\n\n<p class=\"has-medium-font-size wp-block-paragraph\"><strong>Im Jahre 1925 nahm der Turnverein einen erneuten Anlauf, um einen eigenen Turnplatz zu errichten. Dabei erkl\u00e4rte sich jedes Vereinsmitglied dazu bereit, 40 Reichsmark zu spenden. Zum Vergleich: Um 40 Reichsmark aufzubringen, musste ein Bergmann damals etwa eine Woche arbeiten! Diese Geste der Mitglieder spricht f\u00fcr sich und zeigt die Verbindung und Solidarit\u00e4t zu dem eigenen Verein. Der Turnverein erwarb mit diesem Geld ein Grundst\u00fcck auf dem Belker. Im April 1927 erfolgte der erste Spatenstich. Durch eine gro\u00dfe Eigenleistung der Mitglieder wurde der neue Turnplatz auf dem Belker, dem heutigen Sportplatz, fertiggestellt. Vom 10. bis 12. August 1929 wurde durch die Ausrichtung eines Gauturnfestes die neue Sportanlage eingeweiht. Damals konnte noch niemand ahnen, dass diese Sportst\u00e4tte einmal die Heimat des SV Dirmingen w\u00fcrde. Das Gauturnfest sorgte jedenfalls f\u00fcr gro\u00dfes Aufsehen. In ganz Dirmingen wurde ausgiebig mit einem Festzug und mehreren Festb\u00e4llen gefeiert.<\/strong><\/p>\n\n\n\n<figure class=\"wp-block-gallery has-nested-images columns-default is-cropped wp-block-gallery-3 is-layout-flex wp-block-gallery-is-layout-flex\">\n<figure class=\"wp-block-image size-large\"><img loading=\"lazy\" decoding=\"async\" width=\"640\" height=\"420\" data-id=\"12338\" src=\"https:\/\/echta-derminga.de\/wp-content\/uploads\/2022\/03\/dirmingen1024.jpg\" alt=\"\" class=\"wp-image-12338\" srcset=\"https:\/\/echta-derminga.de\/wp-content\/uploads\/2022\/03\/dirmingen1024.jpg 640w, https:\/\/echta-derminga.de\/wp-content\/uploads\/2022\/03\/dirmingen1024-300x197.jpg 300w\" sizes=\"auto, (max-width: 640px) 100vw, 640px\" \/><\/figure>\n\n\n\n<figure class=\"wp-block-image size-large\"><img loading=\"lazy\" decoding=\"async\" width=\"640\" height=\"417\" data-id=\"12337\" src=\"https:\/\/echta-derminga.de\/wp-content\/uploads\/2022\/03\/dirmingen1005.jpg\" alt=\"\" class=\"wp-image-12337\" srcset=\"https:\/\/echta-derminga.de\/wp-content\/uploads\/2022\/03\/dirmingen1005.jpg 640w, https:\/\/echta-derminga.de\/wp-content\/uploads\/2022\/03\/dirmingen1005-300x195.jpg 300w\" sizes=\"auto, (max-width: 640px) 100vw, 640px\" \/><\/figure>\n\n\n\n<figure class=\"wp-block-image size-large\"><img loading=\"lazy\" decoding=\"async\" width=\"640\" height=\"457\" data-id=\"12336\" src=\"https:\/\/echta-derminga.de\/wp-content\/uploads\/2022\/03\/dirmingen1004.jpg\" alt=\"\" class=\"wp-image-12336\" srcset=\"https:\/\/echta-derminga.de\/wp-content\/uploads\/2022\/03\/dirmingen1004.jpg 640w, https:\/\/echta-derminga.de\/wp-content\/uploads\/2022\/03\/dirmingen1004-300x214.jpg 300w\" sizes=\"auto, (max-width: 640px) 100vw, 640px\" \/><\/figure>\n<\/figure>\n\n\n\n<p class=\"has-medium-font-size wp-block-paragraph\">Im Jahre 1929 wurde die Abteilung Handball gegr\u00fcndet. W\u00e4hrend den ver\u00e4nderten politischen Verh\u00e4ltnissen und den damit verbundenen Kriegswirren des zweiten Weltkrieges musste der vereinseigene Turnplatz auf dem Belker an die Gemeinde verkauft werden. Erneut litt der Verein unter den politischen Verh\u00e4ltnissen. Mitglieder wurden an die Front gerufen und kamen nicht wieder Nachhause. Im Jahre 1940 existierte der Verein praktisch nicht mehr.<\/p>\n\n\n\n<p class=\"has-medium-font-size wp-block-paragraph\"><strong>Am 29. Dezember 1945 wurde eine neue Verordnung \u00fcber die Umbildung der Sportvereine im Saargebiet verabschiedet.&nbsp;Jedes Dorf durfte lediglich einen Verein bilden, der alle Sportarten integrierte. Diese Vereine wurden Omni-Sportvereine genannt. Die gleiche Reglung wurde damals auch f\u00fcr kulturelle Vereine getroffen. Bereits 1946 wurden erstmals wieder Handballspiele angesetzt. Ein neues Vereinsgesetz vom 13.07.1950 erm\u00f6glichte die Neugr\u00fcndung des Turnverein Dirmingen. In der Gr\u00fcndungsversammlung, in Kammer-Wirtschaft, wurde Karl Hell zum Vorsitzenden gew\u00e4hlt. Der Verein teilte sich in die Sparten Turnen, Leichtathletik und Handball auf. In den 1950-er Jahren wurden auf dem Belker die Illtalkampfspiele durchgef\u00fchrt. Dabei konnte ein Mitglied des Vereins die DTB Meisterschaft im Jugend F\u00fcnfkampf-Meisterschaft erringen. Diese Turnveranstaltung leitete praktisch das Ende einer \u00c4ra ein.<\/strong><\/p>\n\n\n\n<figure class=\"wp-block-gallery has-nested-images columns-default is-cropped wp-block-gallery-4 is-layout-flex wp-block-gallery-is-layout-flex\">\n<figure class=\"wp-block-image size-large\"><img loading=\"lazy\" decoding=\"async\" width=\"640\" height=\"854\" data-id=\"12358\" src=\"https:\/\/echta-derminga.de\/wp-content\/uploads\/2022\/03\/dirmingen1014.jpg\" alt=\"\" class=\"wp-image-12358\" srcset=\"https:\/\/echta-derminga.de\/wp-content\/uploads\/2022\/03\/dirmingen1014.jpg 640w, https:\/\/echta-derminga.de\/wp-content\/uploads\/2022\/03\/dirmingen1014-225x300.jpg 225w\" sizes=\"auto, (max-width: 640px) 100vw, 640px\" \/><\/figure>\n\n\n\n<figure class=\"wp-block-image size-large\"><img loading=\"lazy\" decoding=\"async\" width=\"640\" height=\"961\" data-id=\"12342\" src=\"https:\/\/echta-derminga.de\/wp-content\/uploads\/2022\/03\/dirmingen1026.jpg\" alt=\"\" class=\"wp-image-12342\" srcset=\"https:\/\/echta-derminga.de\/wp-content\/uploads\/2022\/03\/dirmingen1026.jpg 640w, https:\/\/echta-derminga.de\/wp-content\/uploads\/2022\/03\/dirmingen1026-200x300.jpg 200w\" sizes=\"auto, (max-width: 640px) 100vw, 640px\" \/><\/figure>\n\n\n\n<figure class=\"wp-block-image size-large\"><img loading=\"lazy\" decoding=\"async\" width=\"640\" height=\"879\" data-id=\"12341\" src=\"https:\/\/echta-derminga.de\/wp-content\/uploads\/2022\/03\/dirmingen1028.jpg\" alt=\"\" class=\"wp-image-12341\" srcset=\"https:\/\/echta-derminga.de\/wp-content\/uploads\/2022\/03\/dirmingen1028.jpg 640w, https:\/\/echta-derminga.de\/wp-content\/uploads\/2022\/03\/dirmingen1028-218x300.jpg 218w\" sizes=\"auto, (max-width: 640px) 100vw, 640px\" \/><\/figure>\n<\/figure>\n\n\n\n<p class=\"has-medium-font-size wp-block-paragraph\">In den folgenden Jahren gerieten das Turnen und auch die Leichtathletik immer mehr ins Hintertreffen. Im Bereich des Breitensports wuden jedoch neue Wege eingeschlagen. Es entstanden zun\u00e4chst das Hausfrauenturnen, das Kinderturnen und sp\u00e4ter eine Gymnastikgruppe. Neben dem Handball wurden auch erfolgreich Prellball und V\u00f6lkerball gespielt. Das Turnen spielt also bis heute eine gewichtige Rolle beim TVD. Gut f\u00fcr den Verein, gut f\u00fcr das Dorf !<\/p>\n\n\n\n<p class=\"has-medium-font-size wp-block-paragraph\"><strong>Und dann, gibt es da noch den Handball. Aber dass, \u2026ist eine andere Geschichte.<\/strong><\/p>\n\n\n\n<p class=\"has-medium-font-size wp-block-paragraph\">Infos \u00fcber den TV 04 Dirmingen findet man auf http:\/\/www.tv04dirmingen.de\/ <\/p>\n\n\n\n<p class=\"has-medium-font-size wp-block-paragraph\">Quelle: Vereinschronik TV 04 Dirmingen und eigene Recherche<\/p>\n","protected":false},"excerpt":{"rendered":"<p>Im Jahre 1904 wurde der TV 04 Dirmingen ins Leben gerufen. Bei der Vereinsgr\u00fcndung, am 06. M\u00e4rz 1904, ging es den Mitgliedern einzig und allein um die k\u00f6rperliche Ert\u00fcchtigung. Jahre zuvor hatte der bekannte Turnvater Jahn die Turnger\u00e4te Reck und Barren ins Bewusstsein der Menschen gebracht. Mit den neu erschaffenen Grundlagen erlebte das Turnen besonders gegen Ende des 19. Jahrhunderts<\/p>\n","protected":false},"author":1,"featured_media":12329,"comment_status":"closed","ping_status":"closed","sticky":false,"template":"","format":"standard","meta":{"_crdt_document":"","footnotes":""},"categories":[1,9,8],"tags":[1143,5,618,127,310,325],"class_list":["post-12321","post","type-post","status-publish","format-standard","has-post-thumbnail","hentry","category-allgemein","category-dorfgetratsche","category-sellemols-und-awweile","tag-120-jahre-tv-04-dirmingen","tag-dirmingen","tag-gemeinde-eppelborn","tag-landkreis-neunkirchen","tag-saarland","tag-tv-04-dirmingen"],"_links":{"self":[{"href":"https:\/\/echta-derminga.de\/index.php?rest_route=\/wp\/v2\/posts\/12321","targetHints":{"allow":["GET"]}}],"collection":[{"href":"https:\/\/echta-derminga.de\/index.php?rest_route=\/wp\/v2\/posts"}],"about":[{"href":"https:\/\/echta-derminga.de\/index.php?rest_route=\/wp\/v2\/types\/post"}],"author":[{"embeddable":true,"href":"https:\/\/echta-derminga.de\/index.php?rest_route=\/wp\/v2\/users\/1"}],"replies":[{"embeddable":true,"href":"https:\/\/echta-derminga.de\/index.php?rest_route=%2Fwp%2Fv2%2Fcomments&post=12321"}],"version-history":[{"count":20,"href":"https:\/\/echta-derminga.de\/index.php?rest_route=\/wp\/v2\/posts\/12321\/revisions"}],"predecessor-version":[{"id":12362,"href":"https:\/\/echta-derminga.de\/index.php?rest_route=\/wp\/v2\/posts\/12321\/revisions\/12362"}],"wp:featuredmedia":[{"embeddable":true,"href":"https:\/\/echta-derminga.de\/index.php?rest_route=\/wp\/v2\/media\/12329"}],"wp:attachment":[{"href":"https:\/\/echta-derminga.de\/index.php?rest_route=%2Fwp%2Fv2%2Fmedia&parent=12321"}],"wp:term":[{"taxonomy":"category","embeddable":true,"href":"https:\/\/echta-derminga.de\/index.php?rest_route=%2Fwp%2Fv2%2Fcategories&post=12321"},{"taxonomy":"post_tag","embeddable":true,"href":"https:\/\/echta-derminga.de\/index.php?rest_route=%2Fwp%2Fv2%2Ftags&post=12321"}],"curies":[{"name":"wp","href":"https:\/\/api.w.org\/{rel}","templated":true}]}}