{"id":12412,"date":"2022-03-23T16:33:10","date_gmt":"2022-03-23T15:33:10","guid":{"rendered":"https:\/\/echta-derminga.de\/?p=12412"},"modified":"2022-03-31T12:52:13","modified_gmt":"2022-03-31T11:52:13","slug":"dirmingen-in-quarantaene-guten-tag-herr-bazillus-ich-haette-auf-ihre-bekanntschaft-verzichten-koennen","status":"publish","type":"post","link":"https:\/\/echta-derminga.de\/?p=12412","title":{"rendered":"Dirmingen in Quarant\u00e4ne &#8211; Guten Tag Herr Bazillus, ich h\u00e4tte auf ihre Bekanntschaft verzichten k\u00f6nnen !"},"content":{"rendered":"\n<p class=\"has-medium-font-size wp-block-paragraph\"><strong>Meine Frau blickte mich irritiert an und fragte: \u201eNoch ein Test? Man meint gerade du suchst die Infektion.\u201c Seit Tagen hatte ich ein mulmiges Gef\u00fchl. Offensichtlich versuchte mein K\u00f6rper mich zu warnen und sendete mir irgendwelche Signale. Misst, h\u00e4tte ich nicht wenigstens eine Woche sp\u00e4ter erkrankten k\u00f6nnen? Mein Terminkalender war bis zum \u00dcberlaufen gef\u00fcllt. Nun kam meine Corona-Infektion zu einem wirklich ungelegenen Zeitpunkt. Auf der anderen Seite: Wann kommt eine Krankheit schon mal gelegen ?  Sonntagsmittags bekam ich ekelhafte Kopfschmerzen. Der erste Selbsttest fiel bereits positiv aus. Ich traute dem Ergebnis nicht und entschloss mich das n\u00e4chste Schnelltestzentrum anzufahren. Dachte ich es mir doch: negativ! Alles halb so schlimm. Bestimmt nur die Grippe. Am Abend unterzog ich mich zwei weiteren Schnelltests und kam zu der Erkenntnis, dass diese beiden neuen Ergebnisse nichts Gutes bedeuteten. Beide Tests waren positiv! Ein PCR Test bei meinem Hausarzt brachte die Klarheit: Der b\u00f6se Bazillus hatte mich erwischt!<\/strong><\/p>\n\n\n\n<p class=\"has-medium-font-size wp-block-paragraph\">F\u00fcr viele Menschen ist das Coronavirus noch immer nicht greifbar. Ich gebe zu, mir ging es \u00e4hnlich. Seit dem Beginn der Pandemie blieb ich vor einer Infektion verschont. Das ist nun Geschichte, ich bin infiziert mit dem b\u00f6sen Bazillus. Gro\u00dfe Sorgen plagten mich nicht. Grunds\u00e4tzlich bin ich ein positiver Mensch und gehe mit einem gewissen Gottvertrauen durch das Leben. Ein Anruf meiner \u00c4rztin besorgte mir jedoch einige Sorgenfalten: \u201eDu bist hoch infekti\u00f6s und solltest dich von deiner Familie fernhalten.\u201c Aha, dass h\u00f6rte sich aber nicht gut an.<\/p>\n\n\n\n<p class=\"has-medium-font-size wp-block-paragraph\"><strong>Gesagt, getan? Nicht so ganz. Wie soll das in einem Einfamilienhaushalt gelingen? Wie geht es weiter und was bringt mir diese Krankheit. Muss ich am Ende mit einem schweren Krankheitsverlauf rechnen ? Meine Impfung und die folgende \u201eBoosterung\u201c machten mich eigentlich zuversichtlich. In den letzten Wochen hatte man vermehrt von milden Krankheitsverl\u00e4ufen geh\u00f6rt. Warum sollte es jetzt ausgerechnet mich hart treffen ? Nat\u00fcrlich wuchs auch in mir die Hoffnung auf einen milden Krankheitsverlauf.<\/strong><\/p>\n\n\n\n<p class=\"has-medium-font-size wp-block-paragraph\">Bei den meisten Covid -19 Erkrankung ist der Krankheitsverlauf unvorhersehbar und individuell verschieden. Im Hause Klein schl\u00e4ft man sich in der Regel gesund. Eine gute Idee, wenn da nicht st\u00e4ndig eine verstopfte Nase und ein unangenehmer trockener Husten st\u00f6ren w\u00fcrden. Eine COVID-19-Erkrankung kann ganz \u00e4hnliche Symptome aufweisen wie eine gew\u00f6hnliche Grippe. Zu den h\u00e4ufigsten Krankheitszeichen z\u00e4hlen trockener Husten, Schnupfen und Fieber. Genau dieses volle Programm wurde mir zuteil. Vielen Dank lieber Bazillus, zu viel der Ehre, w\u00e4re nicht n\u00f6tig gewesen.<\/p>\n\n\n\n<p class=\"has-medium-font-size wp-block-paragraph\"><strong>Dabei kam ich noch gut davon.<\/strong> <strong>Im schlechtesten Fall kann eine Infektion eine Reihe weiterer Symptome mit sich ziehen. Dabei kommt es zu Kurzatmigkeit oder auch dem Verlust des Geruchs- und Geschmackssinns sowie Muskel- und Gelenkschmerzen. Gottlob blieb mir mein Geruchs- und Geschmacksinn erhalten. Nicht auszudenken dieser w\u00e4re mir abhandengekommen. Am schlimmsten trifft es jedoch diejenigen, die an einem Krankenhausaufenthalt nicht vorbeikommen. Die Zahl derer die in den Kliniken um ihr Leben f\u00fcrchten m\u00fcssen, ist immer noch viel zu hoch.<\/strong><\/p>\n\n\n\n<p class=\"has-medium-font-size wp-block-paragraph\">Obwohl man eigentlich t\u00e4glich damit h\u00e4tte rechnen k\u00f6nnen, kam die Krankheit f\u00fcr mich pl\u00f6tzlich, heftig und unerwartet. Besonders die ersten beiden Tage waren echt unangenehm. Das schlimmste ist die Quarant\u00e4ne. T\u00e4glich bin ich damit besch\u00e4ftigt, den noch gesunden Mitmenschen in unserem Haus nicht zur Gefahr zu werden. Gottlob spielte das Wetter mit und das t\u00e4gliche L\u00fcften wurde nicht noch zur Qual. Tats\u00e4chlich machte ich mir gro\u00dfe Sorgen um meine Leute. Ich fragte mich, mit welchen Menschen ich in letzter Zeit Kontakt hatte und, wen ich alles getroffen und wom\u00f6glich angesteckt haben k\u00f6nnte. Gottlob hatte ich Urlaub. Das bedeutet, dass ich nicht so viele Menschen angetroffen habe wie in der Regel auf Arbeit.<\/p>\n\n\n\n<p class=\"has-medium-font-size wp-block-paragraph\"><strong>Nun hat mich also die Seuche erwischt und ich frage mich, was diese Krankheit so anders macht und was sie letztendlich von der Grippe unterscheidet. Dabei macht allein schon die Ansteckungsgefahr den Unterschied aus. Schon zwei Tage nach meiner Infektion hat es auch meinen Stiefsohn erwischt. Dabei hatte ich zu ihm noch die wenigsten Ber\u00fchrungspunkte.<\/strong><\/p>\n\n\n\n<p class=\"has-medium-font-size wp-block-paragraph\">Die Geschichte meiner Corona- Infektion ist schnell berichtet. Sagen wir mal so: Einen milden Krankheitsverlauf h\u00e4tte ich mir anders vorgestellt. Geplagt von schweren Kopfschmerzen, trockenem Husten und Schnupfen liege ich auf der Couch und suche den Schlaf. Die Symptome \u00e4hneln tats\u00e4chlich einer schweren Grippe. Am Ende bin ich davon \u00fcberzeugt, dass ich privilegiert bin. Viele Menschen hat es weitaus h\u00e4rter und schlimmer getroffen. Irgendwie beschleicht mich das Gef\u00fchl, dass die Menschen in unserem Dorf aktuell stark betroffen sind. Das halbe Dorf scheint in Quarant\u00e4ne zu sein. Diejenigen die bisher verschont blieben sollen auch weiterhin das Gl\u00fcck auf ihrer Seite haben. Diesen Bazillus braucht kein Mensch !<\/p>\n\n\n\n<p class=\"has-medium-font-size wp-block-paragraph\"><strong>Nach zwei appetitlosen Tagen genie\u00dfe ich mein erstes Fr\u00fchst\u00fcck und lese in der Zeitung, dass immer noch viele Menschen keinen Impfschutz haben. Wir leben in einem freien Land und jeder mag seine Gr\u00fcnde haben. Ich m\u00f6chte mir aber nicht vorstellen, wie es mir ohne Impfung und der folgenden \u201eBoosterung\u201c ergangen w\u00e4re. Die volle Ladung Infektion ohne Impfschutz muss man sich nicht geben. Nun sitze oder liege ich also Zuhause und fiebere meiner Genesung und der baldigen Freitestung entgegen. Das Leben ist sch\u00f6n und ich habe eigentlich noch so einiges vor der Brust. Es gibt noch vieles zu tun und die derzeitige &#8222;Zeitenwende&#8220; gibt uns kaum Luft zum Atmen. W\u00e4re es da nicht sch\u00f6n, wenn wir zumindest einmal diesen verdammten Virus hinter uns lassen k\u00f6nnten?<\/strong><\/p>\n\n\n<div class=\"wp-block-image\">\n<figure class=\"aligncenter size-large\"><img loading=\"lazy\" decoding=\"async\" width=\"700\" height=\"949\" src=\"https:\/\/echta-derminga.de\/wp-content\/uploads\/2022\/03\/20220323_155000-700x949.jpg\" alt=\"\" class=\"wp-image-12416\" srcset=\"https:\/\/echta-derminga.de\/wp-content\/uploads\/2022\/03\/20220323_155000-700x949.jpg 700w, https:\/\/echta-derminga.de\/wp-content\/uploads\/2022\/03\/20220323_155000-221x300.jpg 221w, https:\/\/echta-derminga.de\/wp-content\/uploads\/2022\/03\/20220323_155000-768x1041.jpg 768w, https:\/\/echta-derminga.de\/wp-content\/uploads\/2022\/03\/20220323_155000.jpg 1000w\" sizes=\"auto, (max-width: 700px) 100vw, 700px\" \/><\/figure>\n<\/div>","protected":false},"excerpt":{"rendered":"<p>Meine Frau blickte mich irritiert an und fragte: \u201eNoch ein Test? Man meint gerade du suchst die Infektion.\u201c Seit Tagen hatte ich ein mulmiges Gef\u00fchl. Offensichtlich versuchte mein K\u00f6rper mich zu warnen und sendete mir irgendwelche Signale. Misst, h\u00e4tte ich nicht wenigstens eine Woche sp\u00e4ter erkrankten k\u00f6nnen? Mein Terminkalender war bis zum \u00dcberlaufen gef\u00fcllt. Nun kam meine Corona-Infektion zu einem<\/p>\n","protected":false},"author":1,"featured_media":12414,"comment_status":"closed","ping_status":"closed","sticky":false,"template":"","format":"standard","meta":{"_crdt_document":"","footnotes":""},"categories":[1,9,902],"tags":[813,802,5,618,127,310],"class_list":["post-12412","post","type-post","status-publish","format-standard","has-post-thumbnail","hentry","category-allgemein","category-dorfgetratsche","category-meine-meinung","tag-corona-pandemie","tag-coronavirus","tag-dirmingen","tag-gemeinde-eppelborn","tag-landkreis-neunkirchen","tag-saarland"],"_links":{"self":[{"href":"https:\/\/echta-derminga.de\/index.php?rest_route=\/wp\/v2\/posts\/12412","targetHints":{"allow":["GET"]}}],"collection":[{"href":"https:\/\/echta-derminga.de\/index.php?rest_route=\/wp\/v2\/posts"}],"about":[{"href":"https:\/\/echta-derminga.de\/index.php?rest_route=\/wp\/v2\/types\/post"}],"author":[{"embeddable":true,"href":"https:\/\/echta-derminga.de\/index.php?rest_route=\/wp\/v2\/users\/1"}],"replies":[{"embeddable":true,"href":"https:\/\/echta-derminga.de\/index.php?rest_route=%2Fwp%2Fv2%2Fcomments&post=12412"}],"version-history":[{"count":7,"href":"https:\/\/echta-derminga.de\/index.php?rest_route=\/wp\/v2\/posts\/12412\/revisions"}],"predecessor-version":[{"id":12421,"href":"https:\/\/echta-derminga.de\/index.php?rest_route=\/wp\/v2\/posts\/12412\/revisions\/12421"}],"wp:featuredmedia":[{"embeddable":true,"href":"https:\/\/echta-derminga.de\/index.php?rest_route=\/wp\/v2\/media\/12414"}],"wp:attachment":[{"href":"https:\/\/echta-derminga.de\/index.php?rest_route=%2Fwp%2Fv2%2Fmedia&parent=12412"}],"wp:term":[{"taxonomy":"category","embeddable":true,"href":"https:\/\/echta-derminga.de\/index.php?rest_route=%2Fwp%2Fv2%2Fcategories&post=12412"},{"taxonomy":"post_tag","embeddable":true,"href":"https:\/\/echta-derminga.de\/index.php?rest_route=%2Fwp%2Fv2%2Ftags&post=12412"}],"curies":[{"name":"wp","href":"https:\/\/api.w.org\/{rel}","templated":true}]}}