{"id":12422,"date":"2022-03-23T18:33:02","date_gmt":"2022-03-23T17:33:02","guid":{"rendered":"https:\/\/echta-derminga.de\/?p=12422"},"modified":"2022-03-31T12:58:21","modified_gmt":"2022-03-31T11:58:21","slug":"landtagswahlen-2022-saarland-saarlandliebe-ein-land-will-neu-nur-mit-gruen-und-verlaesslich-sozial-warum-es-sich-lohnt-zur-wahl-zu-schreiten","status":"publish","type":"post","link":"https:\/\/echta-derminga.de\/?p=12422","title":{"rendered":"Landtagswahlen 2022 &#8211; &#8222;Saarland&#8220;- &#8222;Saarlandliebe&#8220; &#8211; &#8222;Ein Land will neu&#8220;- &#8222;Nur mit Gr\u00fcn&#8220; und &#8222;Verl\u00e4sslich sozial&#8220;-  Warum es sich lohnt zur Wahl zu schreiten !"},"content":{"rendered":"\n<p class=\"has-medium-font-size wp-block-paragraph\"><strong>Wir leben in einer Demokratie und d\u00fcrfen in Freiheit leben. Wir verf\u00fcgen \u00fcber ein Wahlrecht und jeder kann mit seiner Stimme mitentscheiden. Das ist nicht selbstverst\u00e4ndlich. Der Kriegsausbruch in der Ukraine f\u00fchrt uns wieder mal vor Augen, wie wichtig die Verteidigung unserer demokratischen Werte sind. Durch die verschiedenen Wahlen in unserem Land werden die politischen Machtverh\u00e4ltnisse regelm\u00e4\u00dfig neu verteilt. Mit der eigenen Wahlbeteiligung und der Abgabe seiner Stimme kann man in unserem Land mitgestalten. Wer nicht w\u00e4hlt, hat am Ende kein Recht zu jammern. Demokratie, Solidarit\u00e4t und Mitbestimmung sind gro\u00dfartige Errungenschaften, die von Miteinander und von Menschlichkeit zeugen. Ich bin ein gro\u00dfer Fan unseres Grundgesetzes. Dieses Grundgesetz wurde in Zeiten des Aufbruchs, nach einem verheerenden Weltkrieg verfasst. Leider wird dieses Gesetz immer \u00f6fter falsch interpretiert, ausgelegt und missbraucht. Anstatt sich dar\u00fcber zu freuen, dass wir in einem Sozialstaat leben und Freiheit genie\u00dfen d\u00fcrfen, werden gerade in den sozialen Medien die Messer gewetzt und zum Aufstand aufgerufen. Nach Artikel 20 und 28 unseres Grundgesetzes ist der deutsche Staat ein demokratischer und sozialer Bundes- und Rechtsstaat. Schon allein auf dieser Grundlage lohnt es sich fest an die Demokratie zu glauben und daf\u00fcr zu streiten.<\/strong><\/p>\n\n\n\n<p class=\"has-medium-font-size wp-block-paragraph\">Ist es so schlecht bestellt um das Land der &#8222;Dichter und Denker&#8220;? Es soll Leute geben, die legen keinen Wert mehr auf ihr Stimmrecht. Dabei k\u00f6nnen gerade diese Stimmen am Ende entscheidend sein. Wenn es darum geht Extremismus zu verhindern sollte man unbedingt zur Wahl schreiten. Eine hohe Wahlbeteiligung war noch nie gut f\u00fcr extreme Politik. Wenn Stimmen verloren gehen, nutzt das am Ende niemandem. Verzichte ich also auf die Aus\u00fcbung meines Wahlrechtes,  entscheiden somit andere \u00fcber meine Zukunft. Wenn ich selbst entscheiden m\u00f6chte, wer mein Land regiert, muss ich zur Wahl schreiten. Wenn ich einer Partei einen Denkzettel verpassen m\u00f6chte und nicht w\u00e4hlen gehe, muss ich mir dar\u00fcber im Klaren sein, dass meine Stimme verloren geht. Besser w\u00e4re es eine andere Partei zu w\u00e4hlen und somit ein deutliches Zeichen zu setzen. W\u00e4hlen ist B\u00fcrgerpflicht. Dabei kann jeder frei entscheiden, ob er von seinem Wahlrecht Gebrauch macht. Es besteht kein Wahlzwang. Unsere Politik entscheidet \u00fcber die Zukunft unseres Landes. Wir alle sind eingeladen, diese Entwicklung mitzugestalten. Auch wenn man mit der aktuellen politischen Lage nicht immer einverstanden ist, sollte man seiner moralischen Verpflichtung nachkommen. Mit der eigenen Stimme kann ich Einfluss auf das politische Geschehen nehmen. Schlie\u00dflich kann die Entscheidung, wer unser Land regiert, von nur wenigen Stimmen abh\u00e4ngen. <\/p>\n\n\n\n<p class=\"has-medium-font-size wp-block-paragraph\"><strong>Am Sonntag, 27. M\u00e4rz 2022 wird in unserem Heimatland eine neue Landesregierung gew\u00e4hlt. J\u00fcngste Umfragen prognostizieren einen Regierungswechsel. Entschieden ist die Angelegenheit jedoch erst am Sonntagabend. Umfragen dienen bestenfalls als Meinungsbild. Das Wahlergebnis wird alleine von den W\u00e4hlerinnen und W\u00e4hlern gestaltet. Unser Bundesland steht vor gro\u00dfen Herausforderungen. Jeder der mich kennt oder meinen Blog verfolgt, ist \u00fcber meine politische Grundeinstellung informiert. Vielleicht mag meine politische Meinung dem ein oder anderen nicht gefallen. Wichtig ist jedoch Flagge zu zeigen und seine Meinung zu vertreten. Genau dies ist in unserem Land immer noch m\u00f6glich. Niemand bekommt einen Maulkorb verpasst. Jeder darf zu jeder Zeit sagen was ihn besch\u00e4ftigt. Wir d\u00fcrfen demonstrieren und auch mal laut aufschreien und unsere Wut zeigen. Auch wenn das heute viele anzweifeln, m\u00f6chte ich doch deutlich feststellen; Wir leben in einem freien Land !<\/strong><\/p>\n\n\n\n<p class=\"has-medium-font-size wp-block-paragraph\">Auch ich hatte in den letzten Jahren hin und wieder meine Probleme mit der Sozialdemokratie. Die Partei hat die dringend notwendige Ver\u00e4nderung gut \u00fcberstanden. Heute steht die Saar-SPD auch dank einer hervorragenden Spitzenkandidatin Anke Rehlinger wieder auf festen Beinen. Nach 22 Jahren Abstinenz k\u00f6nnte die SPD wieder in die saarl\u00e4ndische Staatskanzlei einziehen. SPD-Spitzenkandidatin Anke Rehlinger hat gute Chancen und k\u00f6nnte mit ihrer Partei st\u00e4rkste Kraft werden. Ich habe Anke Rehlinger als bodenst\u00e4ndige heimatverbundene starke Frau kennen und sch\u00e4tzen gelernt. Durch ihre unkonventionelle Art und Weise ist Sie in der Lage Br\u00fccken zu schlagen. Besonders erfreulich ist die Tatsache, dass die SPD verst\u00e4rkt auf junge Mandatstr\u00e4ger setzt. Der f\u00fcr unseren Landkreis Neunkirchen nominierte Landtagskandidat Damhat Sisamci, aus Ottweiler hat viel Potential und kommt gut an. Die Zeichen stehen gut, abgerechnet wird jedoch erst am Schluss oder besser gesagt am Sonntagabend.<\/p>\n\n\n\n<p class=\"has-medium-font-size wp-block-paragraph\"><strong>Auch anderen Saar-Parteien haben in den letzten Jahren eine solide Parlamentsarbeit geleistet. Bis auf eine Partei, deren Namen ich eigentlich niemals niederschreibe, konnte man durchaus das Gef\u00fchl bekommen, dass es den Mandatstr\u00e4gern immer um die Sache ging. Am Ende spielt es keine Rolle wem ich meine Stimme gebe, Wichtig ist, ich mache von meinem Wahlrecht Gebrauch und verzichte darauf extremistische Parteien zu w\u00e4hlen.<\/strong> <strong>Im Saarland hat die gro\u00dfe Koalition keine schlechte Arbeit gemacht. Sicherlich hat die &#8222;GroKo&#8220; in unserem Bundesland einen Sonderstatus. In unserem kleinen L\u00e4ndchen ist alles etwas enger verwurzelt und so manches vielleicht auch leichter zu kl\u00e4ren. Die M\u00f6glichkeiten einer Regierungsbildung k\u00f6nnte auch nach dieser Wahl \u00fcberschaubar sein.<\/strong><\/p>\n\n\n\n<p class=\"has-medium-font-size wp-block-paragraph\">Um was genau geht es bei dieser Saarlandwahl? Nur um einen neuen Regierungschef oder Chefin? Das Thema Arbeitspl\u00e4tze steht mit Sicherheit ganz oben auf der Agenda. Die Wirtschaftsstruktur im Saarland ist von der Stahl- und Automobilindustrie gepr\u00e4gt. Ohne Ford, ZF und Saarstahl werden an der Saar die Lichter ausgehen. Gesucht werden Alternativen. Wir brauchen Mut und Innovation. Was darf es sein? CDU, SPD, FDP, Gr\u00fcne, Linke. GroKo, Ampel oder Jamaika? Tobias Hans oder Anke Rehlinger oder vielleicht eine faustdicke \u00dcberraschung? Sie lieber W\u00e4hler\/in haben die Qual der Wahl.<\/p>\n\n\n\n<p class=\"has-medium-font-size wp-block-paragraph\"><strong>Ich pers\u00f6nlich lege aus folgendem Grund gro\u00dfe Hoffnungen in diese Wahl: Auch aus unserer Heimatgemeinde werden sich Menschen zur Wahl stellen. Dabei w\u00fcnsche ich mir, dass egal wie diese Wahl endet, unsere Heimatgemeinde von einem m\u00f6glichen Mandatstr\u00e4ger profitiert. B\u00fcrgern\u00e4he und Heimatliebe sind besonders bei einer Landtagswahl wichtige Elemente. Wenn es uns an der Basis nicht gelingt die Menschen mitzunehmen, werden wir es bei zuk\u00fcnftigen Wahlen noch schwerer haben. Dabei freut es mich ungemein, dass die politischen Ortsvereine in unserem Heimatort erneut einen fairen Wahlkampf durchf\u00fchren. Es herrscht ein freundliches Miteinander auf Augenh\u00f6he ohne Aggression und Schuldzuweisung. Genau so soll es sein. Danke an die Verantwortlichen in den Ortsverb\u00e4nden. <\/strong><\/p>\n\n\n\n<p class=\"has-medium-font-size wp-block-paragraph\">Wir leben in Zeiten, in denen Menschen in Europa f\u00fcr ihre demokratischen Grundwerte k\u00e4mpfen und sterben m\u00fcssen. Wissen wir noch, wie gut es uns geht?&nbsp; Europa ist unser Haus und vor unserer Haust\u00fcr brennt es lichterloh! Das Mindeste was wir alle tun k\u00f6nnen, ist ein Zeichen zu setzen. Lasst uns Demokratie leben und gestalten. Das kann mit einer Stimmabgabe beginnen und in einer gro\u00dfen politischen Entscheidungen enden. <\/p>\n\n\n\n<p class=\"has-medium-font-size wp-block-paragraph\"><strong>Bei der Saarlandwahl 2022 werden die Zeichen auf Zukunft gesetzt. Lasst uns respektvoll miteinander umgehen und das gro\u00dfe Ganze im Blick behalten. Ganz gleich wer diese Wahl gewinnt, es wird nicht einfach f\u00fcr unser L\u00e4ndchen werden. Wir m\u00fcssen Zusammenhalt pflegen und Parteigrenzen \u00fcberwinden. Nur so, k\u00f6nnte der Start in eine bessere Zukunft gelingen.<\/strong><\/p>\n\n\n\n<p class=\"has-medium-font-size wp-block-paragraph\"><strong>Gl\u00fcck auf !<\/strong><\/p>\n\n\n<div class=\"wp-block-image\">\n<figure class=\"aligncenter size-large\"><img loading=\"lazy\" decoding=\"async\" width=\"700\" height=\"512\" src=\"https:\/\/echta-derminga.de\/wp-content\/uploads\/2022\/03\/wahl-700x512.jpg\" alt=\"\" class=\"wp-image-12429\" srcset=\"https:\/\/echta-derminga.de\/wp-content\/uploads\/2022\/03\/wahl-700x512.jpg 700w, https:\/\/echta-derminga.de\/wp-content\/uploads\/2022\/03\/wahl-300x219.jpg 300w, https:\/\/echta-derminga.de\/wp-content\/uploads\/2022\/03\/wahl-768x561.jpg 768w, https:\/\/echta-derminga.de\/wp-content\/uploads\/2022\/03\/wahl.jpg 1000w\" sizes=\"auto, (max-width: 700px) 100vw, 700px\" \/><figcaption>Meine Wahl !<\/figcaption><\/figure>\n<\/div>","protected":false},"excerpt":{"rendered":"<p>Wir leben in einer Demokratie und d\u00fcrfen in Freiheit leben. Wir verf\u00fcgen \u00fcber ein Wahlrecht und jeder kann mit seiner Stimme mitentscheiden. Das ist nicht selbstverst\u00e4ndlich. Der Kriegsausbruch in der Ukraine f\u00fchrt uns wieder mal vor Augen, wie wichtig die Verteidigung unserer demokratischen Werte sind. Durch die verschiedenen Wahlen in unserem Land werden die politischen Machtverh\u00e4ltnisse regelm\u00e4\u00dfig neu verteilt. Mit<\/p>\n","protected":false},"author":1,"featured_media":12430,"comment_status":"closed","ping_status":"closed","sticky":false,"template":"","format":"standard","meta":{"_crdt_document":"","footnotes":""},"categories":[1,9,46],"tags":[5,618,127,980,310],"class_list":["post-12422","post","type-post","status-publish","format-standard","has-post-thumbnail","hentry","category-allgemein","category-dorfgetratsche","category-meine-politik","tag-dirmingen","tag-gemeinde-eppelborn","tag-landkreis-neunkirchen","tag-landtagswahl-2022","tag-saarland"],"_links":{"self":[{"href":"https:\/\/echta-derminga.de\/index.php?rest_route=\/wp\/v2\/posts\/12422","targetHints":{"allow":["GET"]}}],"collection":[{"href":"https:\/\/echta-derminga.de\/index.php?rest_route=\/wp\/v2\/posts"}],"about":[{"href":"https:\/\/echta-derminga.de\/index.php?rest_route=\/wp\/v2\/types\/post"}],"author":[{"embeddable":true,"href":"https:\/\/echta-derminga.de\/index.php?rest_route=\/wp\/v2\/users\/1"}],"replies":[{"embeddable":true,"href":"https:\/\/echta-derminga.de\/index.php?rest_route=%2Fwp%2Fv2%2Fcomments&post=12422"}],"version-history":[{"count":13,"href":"https:\/\/echta-derminga.de\/index.php?rest_route=\/wp\/v2\/posts\/12422\/revisions"}],"predecessor-version":[{"id":12493,"href":"https:\/\/echta-derminga.de\/index.php?rest_route=\/wp\/v2\/posts\/12422\/revisions\/12493"}],"wp:featuredmedia":[{"embeddable":true,"href":"https:\/\/echta-derminga.de\/index.php?rest_route=\/wp\/v2\/media\/12430"}],"wp:attachment":[{"href":"https:\/\/echta-derminga.de\/index.php?rest_route=%2Fwp%2Fv2%2Fmedia&parent=12422"}],"wp:term":[{"taxonomy":"category","embeddable":true,"href":"https:\/\/echta-derminga.de\/index.php?rest_route=%2Fwp%2Fv2%2Fcategories&post=12422"},{"taxonomy":"post_tag","embeddable":true,"href":"https:\/\/echta-derminga.de\/index.php?rest_route=%2Fwp%2Fv2%2Ftags&post=12422"}],"curies":[{"name":"wp","href":"https:\/\/api.w.org\/{rel}","templated":true}]}}