{"id":12446,"date":"2022-03-26T17:37:45","date_gmt":"2022-03-26T16:37:45","guid":{"rendered":"https:\/\/echta-derminga.de\/?p=12446"},"modified":"2022-03-31T12:58:32","modified_gmt":"2022-03-31T11:58:32","slug":"musikprojekt-dirmingen-fuer-ukraine-setzt-mit-dem-song-mensch-zu-sein-ein-zeichen","status":"publish","type":"post","link":"https:\/\/echta-derminga.de\/?p=12446","title":{"rendered":"Musikprojekt \u201eDirmingen f\u00fcr Ukraine\u201c setzt mit dem Song \u201eMensch zu sein\u201c ein Zeichen!"},"content":{"rendered":"\n<p class=\"has-medium-font-size wp-block-paragraph\"><strong>Bei einem sch\u00f6nen Glas Rotwein entstand die Idee ein Musikprojekt ins Leben zu rufen. Ziel war es die in Dirmingen vorhandenen Musikerinnen und Musiker f\u00fcr eine Zusammenarbeit zu gewinnen und mit einer eigenen Komposition einen Tontr\u00e4ger zu erstellen. Nach dem Kriegsausbruch in der Ukraine kam ich zu dem Entschluss, dass auch wir Dirminger irgendein Zeichen setzen m\u00fcssen. Mit meinem Kopf voller Gedanken und Ideen kontaktierte ich die Gruppe &#8222;Perlregen&#8220; aus Dirmingen. Thomas Lapp von Perlregen war von der Idee begeistert und nahm umgehend seine bessere H\u00e4lfte und Bandmitglied Martina Schlaucher mit ins Boot. Schon w\u00e4hrend der Pandemie und auch bei der schrecklichen Katastrophe im Ahrtal hat unser Heimatort gro\u00dfe Solidarit\u00e4t gezeigt und mit gro\u00dfangelegten Hilfsaktionen auf sich aufmerksam gemacht.<\/strong><\/p>\n\n\n\n<p class=\"has-medium-font-size wp-block-paragraph\">Mit unserer Solidarit\u00e4t zu den Menschen in der Ukraine waren keineswegs auf uns allein gestellt. Mit gro\u00dfem Respekt und Hochachtung verfolgten wir die gro\u00dfangelegten Sammel-und Spendenaktionen in unserer Nachbarschaft. Gut, dass so vieles auf die Beine gestellt wird. Nun ging es darum, dass auch unser Dorf ein Signal setzt. &nbsp;<\/p>\n\n\n\n<p class=\"has-medium-font-size wp-block-paragraph\">Schon die Widerstandsk\u00e4mpferin Sophie Scholl wusste: <strong>\u201eMan muss etwas machen, um selbst keine Schuld zu haben. Dazu brauchen wir einen harten Geist und ein weiches Herz. Wir haben alle unsere Ma\u00dfst\u00e4be in uns selbst, nur suchen wir sie zu wenig.\u201c<\/strong> Genau diese Ma\u00dfst\u00e4be galt es nun zu \u00fcberpr\u00fcfen um anschlie\u00dfend weitere Mitstreiter und \u201eKrieger des Lichts\u201c f\u00fcr unsere gemeinsame Sache gewinnen.<\/p>\n\n\n\n<p class=\"has-medium-font-size wp-block-paragraph\"><strong>Im ersten Schritt mussten wir also die in Dirmingen vorhandenen M\u00f6glichkeiten abchecken und die Musikerinnen und Musiker kontaktieren und f\u00fcr dieses Projekt begeistern. Dabei haben wir uns zun\u00e4chst auf diejenigen konzentriert, die ihre Musik als Hobby wahrnehmen und bereits Erfahrungen mit dem Mikrophone gesammelt hatten. Schon nach wenigen Tagen und einigen interessanten Telefonaten hatten wir gute Leute am Start. Bei einem ersten gemeinsamen Treffen, in meinem Ortsvorsteherb\u00fcro, wurden f\u00fcr das gemeinsame Projekt Ideen gesammelt. Schnell wurde deutlich, dass es am Ende nicht nur einen Song, sondern vielmehr ein ganzes Album werden sollte. Jede Band und jeder Musiker\/in war eingeladen dem Album einen pers\u00f6nlichen Song hinzuzuf\u00fcgen. Unsere Musiker entschieden sich gemeinsam dazu den kompletten Erl\u00f6s dieses Albums den Opfern des Krieges in der Ukraine zu \u00fcberlassen.<\/strong> <strong>Entschlossenheit, Innovation, Solidarit\u00e4t und Talent<\/strong> <strong>sind gro\u00dfartige Waffen gegen die aktuellen Ereignisse im Osten Europas.<\/strong><\/p>\n\n\n\n<figure class=\"wp-block-gallery has-nested-images columns-default is-cropped wp-block-gallery-1 is-layout-flex wp-block-gallery-is-layout-flex\">\n<figure class=\"wp-block-image size-large\"><img loading=\"lazy\" decoding=\"async\" width=\"800\" height=\"600\" data-id=\"12453\" src=\"https:\/\/echta-derminga.de\/wp-content\/uploads\/2022\/03\/1.jpg\" alt=\"\" class=\"wp-image-12453\" srcset=\"https:\/\/echta-derminga.de\/wp-content\/uploads\/2022\/03\/1.jpg 800w, https:\/\/echta-derminga.de\/wp-content\/uploads\/2022\/03\/1-300x225.jpg 300w, https:\/\/echta-derminga.de\/wp-content\/uploads\/2022\/03\/1-700x525.jpg 700w, https:\/\/echta-derminga.de\/wp-content\/uploads\/2022\/03\/1-768x576.jpg 768w\" sizes=\"auto, (max-width: 800px) 100vw, 800px\" \/><\/figure>\n\n\n\n<figure class=\"wp-block-image size-large\"><img loading=\"lazy\" decoding=\"async\" width=\"800\" height=\"1066\" data-id=\"12454\" src=\"https:\/\/echta-derminga.de\/wp-content\/uploads\/2022\/03\/2.jpg\" alt=\"\" class=\"wp-image-12454\" srcset=\"https:\/\/echta-derminga.de\/wp-content\/uploads\/2022\/03\/2.jpg 800w, https:\/\/echta-derminga.de\/wp-content\/uploads\/2022\/03\/2-225x300.jpg 225w, https:\/\/echta-derminga.de\/wp-content\/uploads\/2022\/03\/2-700x933.jpg 700w, https:\/\/echta-derminga.de\/wp-content\/uploads\/2022\/03\/2-768x1023.jpg 768w\" sizes=\"auto, (max-width: 800px) 100vw, 800px\" \/><\/figure>\n\n\n\n<figure class=\"wp-block-image size-large\"><img loading=\"lazy\" decoding=\"async\" width=\"800\" height=\"1066\" data-id=\"12455\" src=\"https:\/\/echta-derminga.de\/wp-content\/uploads\/2022\/03\/3.jpg\" alt=\"\" class=\"wp-image-12455\" srcset=\"https:\/\/echta-derminga.de\/wp-content\/uploads\/2022\/03\/3.jpg 800w, https:\/\/echta-derminga.de\/wp-content\/uploads\/2022\/03\/3-225x300.jpg 225w, https:\/\/echta-derminga.de\/wp-content\/uploads\/2022\/03\/3-700x933.jpg 700w, https:\/\/echta-derminga.de\/wp-content\/uploads\/2022\/03\/3-768x1023.jpg 768w\" sizes=\"auto, (max-width: 800px) 100vw, 800px\" \/><\/figure>\n<\/figure>\n\n\n\n<p class=\"has-medium-font-size wp-block-paragraph\">Das Musikprojekt \u201eDirmingen f\u00fcr Ukraine\u201c war geboren und sollte nun schnellstm\u00f6glich auf den Weg gebracht werden. Ich kann nicht verhehlen, dass ich unheimlich Stolz auf unsere Musikerinnen und Musiker bin. Schon die erste Demoversion des Songs verpasste mir eine G\u00e4nsehaut. Der Song geht unter die Haut wobei nicht nur die vielen wunderbaren Stimmfarben, sondern auch die feinabgestimmte Melodie begeistert. Der Song wurde von gro\u00dfartigen Musikern eingespielt und ist praktisch von Hand gemacht. Neben dem Lied &#8222;Mensch zu sein&#8220; findet man auf dem Album den Facetten Reichtum unserer Dorfkultur. Verschiedene Musikrichtung werden auf diesem wunderbaren Album f\u00fcr die gute Sache vereint.<\/p>\n\n\n\n<p class=\"has-medium-font-size wp-block-paragraph\"><strong>Das Musikprojekt \u201eDirmingen f\u00fcr Ukraine\u201c wird in K\u00fcrze erscheinen. Wenn alles glatt l\u00e4uft, sollte die CD w\u00e4hrend des Benefizkonzertes von Timo Br\u00fcck, am 09. April 2022, in der evangelischen Kirche Dirmingen vorgestellt werden. Noch vor Ostern d\u00fcrfte das Werk k\u00e4uflich zu erwerben sein. Dabei war es den K\u00fcnstlern ein wichtiges Anliegen den Preis der CD niedrig zu halten damit sich jeder ein Exemplar leisten kann.<\/strong> <strong>Ich m\u00f6chte euch schon heute dieses Album ans Herz legen. Mit dem Kauf dieser CD unterst\u00fctzt ihr nicht nur die Dirminger Kulturlandschaft, sondern auch die vielen Opfer des Krieges in der Ukraine. Au\u00dferdem k\u00f6nnte die Scheibe als passendes Ostergeschenk dienen.<\/strong> <strong>\u201eDirmingen f\u00fcr Ukraine\u201c ist ein Musikprojekt von Dirmingern die bereit waren ein echtes Signal zu setzen! In diesem Projekt steckt enorm viel Herzblut und Dirmingen.<\/strong><\/p>\n\n\n\n<figure class=\"wp-block-gallery has-nested-images columns-default is-cropped wp-block-gallery-2 is-layout-flex wp-block-gallery-is-layout-flex\">\n<figure class=\"wp-block-image size-large\"><img loading=\"lazy\" decoding=\"async\" width=\"720\" height=\"720\" data-id=\"12456\" src=\"https:\/\/echta-derminga.de\/wp-content\/uploads\/2022\/03\/11-1.jpg\" alt=\"\" class=\"wp-image-12456\" srcset=\"https:\/\/echta-derminga.de\/wp-content\/uploads\/2022\/03\/11-1.jpg 720w, https:\/\/echta-derminga.de\/wp-content\/uploads\/2022\/03\/11-1-300x300.jpg 300w, https:\/\/echta-derminga.de\/wp-content\/uploads\/2022\/03\/11-1-700x700.jpg 700w, https:\/\/echta-derminga.de\/wp-content\/uploads\/2022\/03\/11-1-150x150.jpg 150w, https:\/\/echta-derminga.de\/wp-content\/uploads\/2022\/03\/11-1-90x90.jpg 90w, https:\/\/echta-derminga.de\/wp-content\/uploads\/2022\/03\/11-1-75x75.jpg 75w\" sizes=\"auto, (max-width: 720px) 100vw, 720px\" \/><\/figure>\n\n\n\n<figure class=\"wp-block-image size-large\"><img loading=\"lazy\" decoding=\"async\" width=\"1046\" height=\"1566\" data-id=\"12457\" src=\"https:\/\/echta-derminga.de\/wp-content\/uploads\/2022\/03\/33.jpg\" alt=\"\" class=\"wp-image-12457\" srcset=\"https:\/\/echta-derminga.de\/wp-content\/uploads\/2022\/03\/33.jpg 1046w, https:\/\/echta-derminga.de\/wp-content\/uploads\/2022\/03\/33-200x300.jpg 200w, https:\/\/echta-derminga.de\/wp-content\/uploads\/2022\/03\/33-700x1048.jpg 700w, https:\/\/echta-derminga.de\/wp-content\/uploads\/2022\/03\/33-768x1150.jpg 768w, https:\/\/echta-derminga.de\/wp-content\/uploads\/2022\/03\/33-1026x1536.jpg 1026w\" sizes=\"auto, (max-width: 1046px) 100vw, 1046px\" \/><\/figure>\n\n\n\n<figure class=\"wp-block-image size-large\"><img loading=\"lazy\" decoding=\"async\" width=\"678\" height=\"628\" data-id=\"12458\" src=\"https:\/\/echta-derminga.de\/wp-content\/uploads\/2022\/03\/w1200_h630_x1615_y240_SZ_42572249_910090035_RGB_190_1_1_cfb066109292a18fca864ba4e2d95392_1542811867_910090035_e8314d9b90-31a920d41527456d.jpg\" alt=\"\" class=\"wp-image-12458\" srcset=\"https:\/\/echta-derminga.de\/wp-content\/uploads\/2022\/03\/w1200_h630_x1615_y240_SZ_42572249_910090035_RGB_190_1_1_cfb066109292a18fca864ba4e2d95392_1542811867_910090035_e8314d9b90-31a920d41527456d.jpg 678w, https:\/\/echta-derminga.de\/wp-content\/uploads\/2022\/03\/w1200_h630_x1615_y240_SZ_42572249_910090035_RGB_190_1_1_cfb066109292a18fca864ba4e2d95392_1542811867_910090035_e8314d9b90-31a920d41527456d-300x278.jpg 300w\" sizes=\"auto, (max-width: 678px) 100vw, 678px\" \/><\/figure>\n<\/figure>\n\n\n\n<p class=\"has-medium-font-size wp-block-paragraph\">Ohne die Erfahrung und die technischen M\u00f6glichkeiten der Band \u201ePerlregen\u201c w\u00e4re das Projekt nur schwer realisierbar gewesen. Ganz herzlichen Dank an Martina Schlaucher und Thomas Lapp von Perlregen. Gemeinsam f\u00fcr die gute Sache standen folgende Dirminger Musiker\/innen und Akteure vor dem Mikro und spielten den Song &#8222;Mensch zu sein&#8220; ein:<\/p>\n\n\n\n<p class=\"has-medium-font-size wp-block-paragraph\"><strong>Mac Gabler (Gesang, Gitarre), Uwe Hanson (Trompete, Fl\u00fcgelhorn), Timo Br\u00fcck (Piano), Thomas Lapp (Gesang, Gitarre -Perlregen), Martina Schlaucher (Gesang- Perlregen), Annika Klein ( Gesang- AVA), Vanessa Klein (Gesang -AVA), Aileen Schwinn ( Gesang, Gitarre- AVA), Nina Heidemann (Gesang), Sven Gro\u00df (Gesang, Piano), Vanessa Wagner (Gesang, Gitarre) Sprechteil: Lena Gabler und Hans-Peter Hoffmann.<\/strong><\/p>\n\n\n<div class=\"wp-block-image\">\n<figure class=\"aligncenter size-large\"><img loading=\"lazy\" decoding=\"async\" width=\"700\" height=\"700\" src=\"https:\/\/echta-derminga.de\/wp-content\/uploads\/2022\/03\/20220325_131843-700x700.jpg\" alt=\"\" class=\"wp-image-12459\" srcset=\"https:\/\/echta-derminga.de\/wp-content\/uploads\/2022\/03\/20220325_131843-700x700.jpg 700w, https:\/\/echta-derminga.de\/wp-content\/uploads\/2022\/03\/20220325_131843-300x300.jpg 300w, https:\/\/echta-derminga.de\/wp-content\/uploads\/2022\/03\/20220325_131843-150x150.jpg 150w, https:\/\/echta-derminga.de\/wp-content\/uploads\/2022\/03\/20220325_131843-768x768.jpg 768w, https:\/\/echta-derminga.de\/wp-content\/uploads\/2022\/03\/20220325_131843-1536x1536.jpg 1536w, https:\/\/echta-derminga.de\/wp-content\/uploads\/2022\/03\/20220325_131843-2048x2048.jpg 2048w, https:\/\/echta-derminga.de\/wp-content\/uploads\/2022\/03\/20220325_131843-90x90.jpg 90w, https:\/\/echta-derminga.de\/wp-content\/uploads\/2022\/03\/20220325_131843-75x75.jpg 75w\" sizes=\"auto, (max-width: 700px) 100vw, 700px\" \/><\/figure>\n<\/div>\n\n\n<p class=\"has-medium-font-size wp-block-paragraph\">Vielen Dank an alle Beteiligten!<\/p>\n\n\n\n<p class=\"has-medium-font-size wp-block-paragraph\"><strong>Auf diesem wunderbaren Album findet ihr au\u00dferdem Songs von Nina &amp; Sven, Mac Gabler &amp; Timo Br\u00fcck, Perlregen, AVA, Vanessa Wagner, Saitenkl\u00e4nge, Uwe Hanson und Timo Br\u00fcck.<\/strong><\/p>\n\n\n\n<p class=\"has-medium-font-size wp-block-paragraph\">Nun fiebern wir der Ver\u00f6ffentlichung entgegen und verbinden mit diesem Album die Hoffnung, etwas Gutes zu bewirken und die eigene Dorfkultur zu st\u00e4rken. <strong>Um den passenden Akzent zu setzen, wird zeitgleich ein Video ver\u00f6ffentlicht.<\/strong> Ich pers\u00f6nlich verbinde mit dem Album, dem Song und dem Video die Hoffnung, dass unsere Dorfgemeinschaft neue Impulse bekommt und das vorhandene \u201eWIR-Gef\u00fchl\u201c aufgewertet wird.<\/p>\n\n\n\n<p class=\"has-medium-font-size wp-block-paragraph\"><strong>Die Menschen in unserem Dorf haben schon oft bewiesen, dass Sie im Stande sind anzupacken und zu helfen. Solidarit\u00e4t ist in unserem Heimatort viel mehr als nur ein daher gesagtes Wort. Wir Dirminger helfen gerne und setzen dabei immer wieder auch auf die eigene Innovation und neue Ma\u00dfst\u00e4be. Freuen Sie sich auf \u201eDirmingen f\u00fcr Ukraine\u201c und den Song \u201eMensch zu sein\u201c !<\/strong><\/p>\n\n\n<div class=\"wp-block-image\">\n<figure class=\"aligncenter size-large\"><img loading=\"lazy\" decoding=\"async\" width=\"700\" height=\"691\" src=\"https:\/\/echta-derminga.de\/wp-content\/uploads\/2022\/03\/Screenshot_20220326-173026_Gallery-700x691.jpg\" alt=\"\" class=\"wp-image-12461\" srcset=\"https:\/\/echta-derminga.de\/wp-content\/uploads\/2022\/03\/Screenshot_20220326-173026_Gallery-700x691.jpg 700w, https:\/\/echta-derminga.de\/wp-content\/uploads\/2022\/03\/Screenshot_20220326-173026_Gallery-300x296.jpg 300w, https:\/\/echta-derminga.de\/wp-content\/uploads\/2022\/03\/Screenshot_20220326-173026_Gallery-768x759.jpg 768w, https:\/\/echta-derminga.de\/wp-content\/uploads\/2022\/03\/Screenshot_20220326-173026_Gallery-90x90.jpg 90w, https:\/\/echta-derminga.de\/wp-content\/uploads\/2022\/03\/Screenshot_20220326-173026_Gallery-75x75.jpg 75w, https:\/\/echta-derminga.de\/wp-content\/uploads\/2022\/03\/Screenshot_20220326-173026_Gallery.jpg 900w\" sizes=\"auto, (max-width: 700px) 100vw, 700px\" \/><\/figure>\n<\/div>","protected":false},"excerpt":{"rendered":"<p>Bei einem sch\u00f6nen Glas Rotwein entstand die Idee ein Musikprojekt ins Leben zu rufen. Ziel war es die in Dirmingen vorhandenen Musikerinnen und Musiker f\u00fcr eine Zusammenarbeit zu gewinnen und mit einer eigenen Komposition einen Tontr\u00e4ger zu erstellen. Nach dem Kriegsausbruch in der Ukraine kam ich zu dem Entschluss, dass auch wir Dirminger irgendein Zeichen setzen m\u00fcssen. Mit meinem Kopf<\/p>\n","protected":false},"author":1,"featured_media":12463,"comment_status":"closed","ping_status":"closed","sticky":false,"template":"","format":"standard","meta":{"_crdt_document":"","footnotes":""},"categories":[1,9,902],"tags":[981,982,5,985,618,127,984,795,983,310],"class_list":["post-12446","post","type-post","status-publish","format-standard","has-post-thumbnail","hentry","category-allgemein","category-dorfgetratsche","category-meine-meinung","tag-ava","tag-changes","tag-dirmingen","tag-dirmingen-fuer-ukraine","tag-gemeinde-eppelborn","tag-landkreis-neunkirchen","tag-mensch-zu-sein","tag-ortsvorsteher-dirmingen","tag-perlregen","tag-saarland"],"_links":{"self":[{"href":"https:\/\/echta-derminga.de\/index.php?rest_route=\/wp\/v2\/posts\/12446","targetHints":{"allow":["GET"]}}],"collection":[{"href":"https:\/\/echta-derminga.de\/index.php?rest_route=\/wp\/v2\/posts"}],"about":[{"href":"https:\/\/echta-derminga.de\/index.php?rest_route=\/wp\/v2\/types\/post"}],"author":[{"embeddable":true,"href":"https:\/\/echta-derminga.de\/index.php?rest_route=\/wp\/v2\/users\/1"}],"replies":[{"embeddable":true,"href":"https:\/\/echta-derminga.de\/index.php?rest_route=%2Fwp%2Fv2%2Fcomments&post=12446"}],"version-history":[{"count":9,"href":"https:\/\/echta-derminga.de\/index.php?rest_route=\/wp\/v2\/posts\/12446\/revisions"}],"predecessor-version":[{"id":12466,"href":"https:\/\/echta-derminga.de\/index.php?rest_route=\/wp\/v2\/posts\/12446\/revisions\/12466"}],"wp:featuredmedia":[{"embeddable":true,"href":"https:\/\/echta-derminga.de\/index.php?rest_route=\/wp\/v2\/media\/12463"}],"wp:attachment":[{"href":"https:\/\/echta-derminga.de\/index.php?rest_route=%2Fwp%2Fv2%2Fmedia&parent=12446"}],"wp:term":[{"taxonomy":"category","embeddable":true,"href":"https:\/\/echta-derminga.de\/index.php?rest_route=%2Fwp%2Fv2%2Fcategories&post=12446"},{"taxonomy":"post_tag","embeddable":true,"href":"https:\/\/echta-derminga.de\/index.php?rest_route=%2Fwp%2Fv2%2Ftags&post=12446"}],"curies":[{"name":"wp","href":"https:\/\/api.w.org\/{rel}","templated":true}]}}