{"id":12467,"date":"2022-03-30T15:53:06","date_gmt":"2022-03-30T14:53:06","guid":{"rendered":"https:\/\/echta-derminga.de\/?p=12467"},"modified":"2022-03-31T12:57:44","modified_gmt":"2022-03-31T11:57:44","slug":"in-sachen-ortsvorsteher-von-einem-musikprojekt-einer-dorfbewerbung-und-einem-mutwilligen-vandalismus","status":"publish","type":"post","link":"https:\/\/echta-derminga.de\/?p=12467","title":{"rendered":"In Sachen Ortsvorsteher: Von einem Musikprojekt, einer Dorfbewerbung und einem mutwilligen Vandalismus"},"content":{"rendered":"\n<p class=\"has-medium-font-size wp-block-paragraph\"><strong>Das Saarland hat eine neue Landesregierung gew\u00e4hlt. Die Wahlbeteiligung In der Gemeinde Eppelborn lag bei 66, 24 %. In unserem Heimartort Dirmingen hingegen, lag diese mit 61,52 % etwas niedriger. Grunds\u00e4tzlich hat die Wahlbeteiligung im Saarland, im Gegensatz zur letzten Landtagswahl, leicht abgenommen. Ich m\u00f6chte mich bei allen bedanken, die von ihre Wahlrecht Gebrauch gemacht haben. Unser Bundesland wird zuk\u00fcnftig mit Anke Rehlinger eine neue Ministerpr\u00e4sidentin und somit auch eine neue Landesregierung bekommen. Nachdenklich stimmte mich das schwache Ergebnis einer m\u00f6glichen Opposition. Unsere Demokratie lebt von Vielfalt und Meinungsverschiedenheiten. Von daher h\u00e4tte etwas mehr Farbenreichtum dem neuen Landtag gutgetan.<\/strong><\/p>\n\n\n<div class=\"wp-block-image\">\n<figure class=\"aligncenter size-large\"><img loading=\"lazy\" decoding=\"async\" width=\"700\" height=\"496\" src=\"https:\/\/echta-derminga.de\/wp-content\/uploads\/2022\/03\/Ergebnis-Gemeinde-700x496.png\" alt=\"\" class=\"wp-image-12477\" srcset=\"https:\/\/echta-derminga.de\/wp-content\/uploads\/2022\/03\/Ergebnis-Gemeinde-700x496.png 700w, https:\/\/echta-derminga.de\/wp-content\/uploads\/2022\/03\/Ergebnis-Gemeinde-300x213.png 300w, https:\/\/echta-derminga.de\/wp-content\/uploads\/2022\/03\/Ergebnis-Gemeinde-768x544.png 768w, https:\/\/echta-derminga.de\/wp-content\/uploads\/2022\/03\/Ergebnis-Gemeinde.png 799w\" sizes=\"auto, (max-width: 700px) 100vw, 700px\" \/><figcaption>Endergebnis Eppelborn gesamt (Quelle: Gemeinde Eppelborn)<\/figcaption><\/figure>\n<\/div>\n\n\n<p class=\"has-medium-font-size wp-block-paragraph\"><strong>Mit dem Wiesbacher Ortsvorsteher Stefan L\u00f6w (SPD) und dem Habacher Gemeinderatsmitglied Alwin Theobald (CDU) wird unsere Heimatgemeinde zuk\u00fcnftig \u00fcber zwei Landtagsabgeordnete verf\u00fcgen. Ich begr\u00fc\u00dfe diese Entwicklung und m\u00f6chte den beiden Abgeordneten ganz herzlich zu ihrer Wahl gratulieren. Nat\u00fcrlich ist mit diesen beiden Mandaten die Hoffnung verbunden, dass unsere Gemeinde einen Nutzen davontr\u00e4gt. Ich w\u00fcnsche Ortsvorsteher Stefan L\u00f6w und dem Abgeordneten Alwin Theobald viel Gl\u00fcck und gute Entscheidungen zum Wohle unserer Heimatgemeinde.<\/strong><\/p>\n\n\n<div class=\"wp-block-image\">\n<figure class=\"aligncenter size-large\"><img loading=\"lazy\" decoding=\"async\" width=\"700\" height=\"505\" src=\"https:\/\/echta-derminga.de\/wp-content\/uploads\/2022\/03\/Gesamt-Dirmingen-700x505.png\" alt=\"\" class=\"wp-image-12478\" srcset=\"https:\/\/echta-derminga.de\/wp-content\/uploads\/2022\/03\/Gesamt-Dirmingen-700x505.png 700w, https:\/\/echta-derminga.de\/wp-content\/uploads\/2022\/03\/Gesamt-Dirmingen-300x216.png 300w, https:\/\/echta-derminga.de\/wp-content\/uploads\/2022\/03\/Gesamt-Dirmingen-768x554.png 768w, https:\/\/echta-derminga.de\/wp-content\/uploads\/2022\/03\/Gesamt-Dirmingen.png 797w\" sizes=\"auto, (max-width: 700px) 100vw, 700px\" \/><figcaption>Endergebnis Dirmingen (Quelle: Gemeinde Eppelborn)<\/figcaption><\/figure>\n<\/div>\n\n\n<p class=\"has-medium-font-size wp-block-paragraph\"><strong>Streetbuddy wird Opfer von sinnlosen Vandalismus<\/strong><\/p>\n\n\n\n<p class=\"has-medium-font-size wp-block-paragraph\">Nachdem bereits in anderen Ortsteilen \u00e4hnliche Straftaten ver\u00fcbt wurden, hat es nun auch unseren Heimatort erwischt. Eine &#8222;Streetbuddy-Figur&#8220; in der B\u00f6llingerstrasse wurde in den vergangenen Tagen gestohlen. Die Warnfigur stand in der B\u00f6llingerstra\u00dfe, in H\u00f6he der Alsbachbr\u00fccke. Vor einem Jahr durfte ich die Figur finanzieren und der Familie Feit \u00fcbergeben. Dabei imponierte mir schon damals die Einsatzbereitschaft und das soziale Verst\u00e4ndnis von Christian und seiner Ehefrau Christine Feit. Die \u00dcbernahme der Kosten war f\u00fcr mich selbstverst\u00e4ndlich. Christian Feit hingegen stellte sein Privatgrundst\u00fcck zur Verf\u00fcgung und brachte die Figuren in Eigenleistung an. Das nun dieses Engagement der Familie Feit mit F\u00fc\u00dfen getreten wird erachte ich f\u00fcr eine Unversch\u00e4mtheit. Ein &#8222;Streetbuddy&#8220; ist eine Warnfigur, die zur Sicherheit unserer Kinder an gef\u00e4hrlichen oder un\u00fcbersichtlichen Stellen im Stra\u00dfenbereich angebracht wird. In Dirmingen verf\u00fcgen wir derzeit \u00fcber 4 solcher Warnfiguren. Mit dieser Straftat wurden jetzt schon zwei Figuren mutwillig zerst\u00f6rt oder gestohlen. Wir werden uns jedoch nicht unterkriegen lassen und an unserem Weg festhalten. Die Familie Feit hat dankenswerterweise Anzeige erstattet. Sollten Sie Hinweise auf die T\u00e4ter haben k\u00f6nnen sie sich jederzeit bei der n\u00e4chsten Polizeistelle melden. Ich danke der Familie Feit f\u00fcr ihren Einsatz und die gute Zusammenarbeit im Sinne unserer Kinder. <\/p>\n\n\n\n<figure class=\"wp-block-gallery has-nested-images columns-default is-cropped wp-block-gallery-1 is-layout-flex wp-block-gallery-is-layout-flex\">\n<figure class=\"wp-block-image size-large\"><img loading=\"lazy\" decoding=\"async\" width=\"715\" height=\"793\" data-id=\"12470\" src=\"https:\/\/echta-derminga.de\/wp-content\/uploads\/2022\/03\/277522134_5584802198214689_7873845412842047907_n-1-1.jpg\" alt=\"\" class=\"wp-image-12470\" srcset=\"https:\/\/echta-derminga.de\/wp-content\/uploads\/2022\/03\/277522134_5584802198214689_7873845412842047907_n-1-1.jpg 715w, https:\/\/echta-derminga.de\/wp-content\/uploads\/2022\/03\/277522134_5584802198214689_7873845412842047907_n-1-1-270x300.jpg 270w, https:\/\/echta-derminga.de\/wp-content\/uploads\/2022\/03\/277522134_5584802198214689_7873845412842047907_n-1-1-700x776.jpg 700w\" sizes=\"auto, (max-width: 715px) 100vw, 715px\" \/><\/figure>\n\n\n\n<figure class=\"wp-block-image size-large\"><img loading=\"lazy\" decoding=\"async\" width=\"900\" height=\"1311\" data-id=\"7137\" src=\"https:\/\/echta-derminga.de\/wp-content\/uploads\/2020\/08\/3-face.jpg\" alt=\"\" class=\"wp-image-7137\" srcset=\"https:\/\/echta-derminga.de\/wp-content\/uploads\/2020\/08\/3-face.jpg 900w, https:\/\/echta-derminga.de\/wp-content\/uploads\/2020\/08\/3-face-206x300.jpg 206w, https:\/\/echta-derminga.de\/wp-content\/uploads\/2020\/08\/3-face-700x1020.jpg 700w, https:\/\/echta-derminga.de\/wp-content\/uploads\/2020\/08\/3-face-768x1119.jpg 768w\" sizes=\"auto, (max-width: 900px) 100vw, 900px\" \/><\/figure>\n<\/figure>\n\n\n\n<p class=\"has-medium-font-size wp-block-paragraph\"><strong>Musikprojekt \u201eDirmingen f\u00fcr Ukraine\u201c setzt mit Eigenkomposition und CD- Ver\u00f6ffentlichung ein Signal !<\/strong><\/p>\n\n\n\n<p class=\"has-medium-font-size wp-block-paragraph\">Noch vor Ostern wird das Dirminger Musikprojekt \u201eDirmingen f\u00fcr Ukraine\u201c eine eigene CD auf den Markt bringen. Verschiedene Dirminger Musikerinnen und Musiker haben sich zu diesem Projekt zusammengeschlossen. Der komplette Erl\u00f6s dieses Albums kommt der Ukrainehilfe zugute. Mit Hilfe der Dirminger Band &#8222;Perlregen&#8220; wurde sogar ein eigenes Lied komponiert und aufgenommen. Ich bin \u00fcberzeugt davon, dass der Song \u201eMensch zu sein\u201c Sie begeisterten wird. Das Lied wird von der Gruppe &#8222;Perlregen&#8220;, Nina &amp; Sven, AVA, Vanessa Wagner, Timo Br\u00fcck und Uwe Hanson eingespielt. Neben dieser Eigenkomposition finden Sie auf dem Album Solointerpretationen unserer Musikerinnen und Musiker. Sie d\u00fcrfen sich freuen \u00fcber Lieder der Gruppe Perlregen, Mac Gabler, Saitenkl\u00e4nge, AVA, Nina &amp; Sven, Timo Br\u00fcck und Uwe Hanson. Das Album \u201eDirmingen f\u00fcr Ukraine\u201c wird aller Voraussicht nach w\u00e4hrend des Benefizkonzertes von Timo Br\u00fcck am 09. April um 19:00 Uhr in der Evangelischen Kirche vorgestellt.<\/p>\n\n\n<div class=\"wp-block-image\">\n<figure class=\"aligncenter size-large\"><img loading=\"lazy\" decoding=\"async\" width=\"700\" height=\"692\" src=\"https:\/\/echta-derminga.de\/wp-content\/uploads\/2022\/03\/Screenshot_20220326-173026_Gallery-2-700x692.jpg\" alt=\"\" class=\"wp-image-12473\" srcset=\"https:\/\/echta-derminga.de\/wp-content\/uploads\/2022\/03\/Screenshot_20220326-173026_Gallery-2-700x692.jpg 700w, https:\/\/echta-derminga.de\/wp-content\/uploads\/2022\/03\/Screenshot_20220326-173026_Gallery-2-300x297.jpg 300w, https:\/\/echta-derminga.de\/wp-content\/uploads\/2022\/03\/Screenshot_20220326-173026_Gallery-2-768x759.jpg 768w, https:\/\/echta-derminga.de\/wp-content\/uploads\/2022\/03\/Screenshot_20220326-173026_Gallery-2-90x90.jpg 90w, https:\/\/echta-derminga.de\/wp-content\/uploads\/2022\/03\/Screenshot_20220326-173026_Gallery-2-75x75.jpg 75w, https:\/\/echta-derminga.de\/wp-content\/uploads\/2022\/03\/Screenshot_20220326-173026_Gallery-2.jpg 800w\" sizes=\"auto, (max-width: 700px) 100vw, 700px\" \/><figcaption>CD-Cover<\/figcaption><\/figure>\n<\/div>\n\n\n<p class=\"has-medium-font-size wp-block-paragraph\"><strong>&#8222;Unser Dorf hat Zukunft&#8220; &#8211; Dirmingen reicht eigene Bewerbung ein !<\/strong><\/p>\n\n\n\n<p class=\"has-medium-font-size wp-block-paragraph\">Mehr als 450.000 Menschen im Saarland leben im l\u00e4ndlichen Raum. Unsere D\u00f6rfer haben in den letzten Jahren mit einer Vielzahl von Problematiken zu k\u00e4mpfen. Demographischer Wandel, Verst\u00e4dterung, Individualisierung und die daraus resultierenden Ver\u00e4nderungen im Vereins- und Ehrenamtswesen bedrohen das d\u00f6rfliche Leben in seiner hergebrachten Form.&nbsp; An diesem Punkt setzt der Wettbewerb &#8222;Unser Dorf hat Zukunft&#8220; an.&nbsp; Ziel ist es, ehrenamtliches, b\u00fcrgerliches Engagement auszuzeichnen, das den Herausforderungen des l\u00e4ndlichen Raumes aktiv entgegentritt. Der Wettbewerb \u201eUnser Dorf hat Zukunft\u201c des Bundesministeriums f\u00fcr Ern\u00e4hrung und Landwirtschaft ist dreistufig aufgebaut: Es erfolgt ein Kreis-, ein Landes- und ein Bundesentscheid.&nbsp; Ausgezeichnet wird das Dorf, das sich am besten f\u00fcr die Zukunft gewappnet hat. Entscheidend ist, welche Entwicklung das Dorf in den letzten Jahren genommen hat und in welcher Weise die Einwohner hierzu beigetragen haben. Zu diesem Zweck erfolgt eine ganzheitliche Betrachtung der Dorfentwicklung. Dies umfasst die Mitarbeit der Einwohner an der Umgestaltung, das Zusammenwirken mit anderen Ortsteilen und die interkommunale Kooperation. Die unterschiedliche Ausgangsbasis und demographische Entwicklung der einzelnen D\u00f6rfer wird ebenfalls ber\u00fccksichtigt. Teilnahmeberechtigt sind alle D\u00f6rfer im Landkreis Neunkirchen mit maximal 3000 Einwohnern. Der Sieger des Kreiswettbewerbes bekommt ein Preisgeld in H\u00f6he von 1500 \u20ac und qualifiziert sich f\u00fcr den Landesentscheid, bei dem es erneut Geldpreise zu gewinnen gibt. Der Zweitplatzierte erh\u00e4lt einen Betrag von 1000 \u20ac w\u00e4hrend sich der Drittplatzierte noch \u00fcber 500 \u20ac freuen darf. Au\u00dferdem wird das F\u00f6rderprogramm f\u00fcr die nachhaltige Dorfentwicklung fortgeschrieben. Ferner hat jedes zum 27. saarl\u00e4ndischen Landeswettbewerb angemeldete Dorf die Chance, den mit 2.500 \u20ac dotierten Sonderpreis \u201eNachhaltige Dorfentwicklung\u201c des Ministers f\u00fcr Umwelt und Verbraucherschutz zu gewinnen. Analog hierzu wird auf Kreisebene auch erstmals ein mit 300 \u20ac dotierter Nachhaltigkeitspreis ausgelobt. <strong>Aus meiner Sicht der Dinge verf\u00fcgt unser Heimatort \u00fcber gen\u00fcgend Potential um an diesem Wettbewerb teilzunehmen. Von daher habe ich unser Dorf zu diesem Wettbewerb mit einer passenden Bewerbung angemeldet. Was haben wir schon zu verlieren ? <em>(Info-Quelle: Landkreis Neunkirchen)<\/em><\/strong><\/p>\n\n\n<div class=\"wp-block-image\">\n<figure class=\"aligncenter size-full\"><img loading=\"lazy\" decoding=\"async\" width=\"650\" height=\"366\" src=\"https:\/\/echta-derminga.de\/wp-content\/uploads\/2022\/03\/csm_dorfwettbewerb_0003fa401f.jpg\" alt=\"\" class=\"wp-image-12475\" srcset=\"https:\/\/echta-derminga.de\/wp-content\/uploads\/2022\/03\/csm_dorfwettbewerb_0003fa401f.jpg 650w, https:\/\/echta-derminga.de\/wp-content\/uploads\/2022\/03\/csm_dorfwettbewerb_0003fa401f-300x169.jpg 300w\" sizes=\"auto, (max-width: 650px) 100vw, 650px\" \/><\/figure>\n<\/div>\n\n\n<p class=\"has-medium-font-size wp-block-paragraph\"><strong>Benefizkonzert des Pianisten Timo Br\u00fcck<\/strong><\/p>\n\n\n\n<p class=\"has-medium-font-size wp-block-paragraph\">Am Samstag, 09. April findet um 19:00 Uhr in der Evangelischen Kirche in Dirmingen ein Benefizkonzert statt. Der Dirminger Pianist Timo Br\u00fcck hat sich dazu bereiterkl\u00e4rt zugunsten der Ukrainehilfe dieses Konzert zu spielen. Der Eintritt ist frei, wobei Spenden erw\u00fcnscht sind. W\u00e4hrend dieses Konzertes wird das Musikprojekt \u201eDirmingen f\u00fcr Ukraine\u201c ihren Song \u201eMensch zu sein\u201c vorstellen. Herzliche Einladung an alle die sich angesprochen f\u00fchlen. Ich m\u00f6chte Timo Br\u00fcck an dieser Stelle ganz herzlich danken. Dieses Konzert wird gutes bewirken und unsere Dorfkultur aufwerten. <\/p>\n\n\n\n<p class=\"has-medium-font-size wp-block-paragraph\"><strong>Liebe Dirmingerinnen, liebe Dirminger, zwischen Pandemie und Ukrainekonflikt suchen wir gemeinsam nach L\u00f6sungen unser Dorfleben aufzuwerten. Dabei sind es ganz oft die kleinen Dinge des Lebens die uns die Sicht auf das Gute im Leben verdeutlichen. Ich habe durchaus das Gef\u00fchl, dass unsere Dorfgemeinschaft in diesen schweren Zeiten ein St\u00fcckweit zusammengewachsen ist und man sich wieder gegenseitig halt gibt. Dabei sind es viele kleine Gesten die uns Grund zur Hoffnung geben.<\/strong><\/p>\n\n\n\n<p class=\"has-medium-font-size wp-block-paragraph\">In diesem Sinne, lade ich Sie ein ein Zeichen zu setzen. Lassen Sie uns noch enger zusammenrutschen und der Zukunft gelassen entgegenblicken.<\/p>\n\n\n\n<p class=\"has-medium-font-size wp-block-paragraph\">In diesem Sinne<\/p>\n\n\n\n<p class=\"has-medium-font-size wp-block-paragraph\">Ihr Ortsvorsteher<\/p>\n\n\n\n<p class=\"has-medium-font-size wp-block-paragraph\">Frank Klein<\/p>\n\n\n\n<figure class=\"wp-block-gallery has-nested-images columns-default is-cropped wp-block-gallery-2 is-layout-flex wp-block-gallery-is-layout-flex\">\n<figure class=\"wp-block-image size-large\"><img loading=\"lazy\" decoding=\"async\" width=\"444\" height=\"662\" data-id=\"12363\" src=\"https:\/\/echta-derminga.de\/wp-content\/uploads\/2022\/03\/Flag_of_Ukraine.svg_-1.png\" alt=\"\" class=\"wp-image-12363\" srcset=\"https:\/\/echta-derminga.de\/wp-content\/uploads\/2022\/03\/Flag_of_Ukraine.svg_-1.png 444w, https:\/\/echta-derminga.de\/wp-content\/uploads\/2022\/03\/Flag_of_Ukraine.svg_-1-201x300.png 201w\" sizes=\"auto, (max-width: 444px) 100vw, 444px\" \/><\/figure>\n\n\n\n<figure class=\"wp-block-image size-large\"><img loading=\"lazy\" decoding=\"async\" width=\"1448\" height=\"2048\" data-id=\"12481\" src=\"https:\/\/echta-derminga.de\/wp-content\/uploads\/2022\/03\/277674282_515599933409090_4392529447124405634_n.jpg\" alt=\"\" class=\"wp-image-12481\" srcset=\"https:\/\/echta-derminga.de\/wp-content\/uploads\/2022\/03\/277674282_515599933409090_4392529447124405634_n.jpg 1448w, https:\/\/echta-derminga.de\/wp-content\/uploads\/2022\/03\/277674282_515599933409090_4392529447124405634_n-212x300.jpg 212w, https:\/\/echta-derminga.de\/wp-content\/uploads\/2022\/03\/277674282_515599933409090_4392529447124405634_n-700x990.jpg 700w, https:\/\/echta-derminga.de\/wp-content\/uploads\/2022\/03\/277674282_515599933409090_4392529447124405634_n-768x1086.jpg 768w, https:\/\/echta-derminga.de\/wp-content\/uploads\/2022\/03\/277674282_515599933409090_4392529447124405634_n-1086x1536.jpg 1086w\" sizes=\"auto, (max-width: 1448px) 100vw, 1448px\" \/><\/figure>\n<\/figure>\n","protected":false},"excerpt":{"rendered":"<p>Das Saarland hat eine neue Landesregierung gew\u00e4hlt. Die Wahlbeteiligung In der Gemeinde Eppelborn lag bei 66, 24 %. In unserem Heimartort Dirmingen hingegen, lag diese mit 61,52 % etwas niedriger. Grunds\u00e4tzlich hat die Wahlbeteiligung im Saarland, im Gegensatz zur letzten Landtagswahl, leicht abgenommen. Ich m\u00f6chte mich bei allen bedanken, die von ihre Wahlrecht Gebrauch gemacht haben. Unser Bundesland wird zuk\u00fcnftig<\/p>\n","protected":false},"author":1,"featured_media":12483,"comment_status":"closed","ping_status":"closed","sticky":false,"template":"","format":"standard","meta":{"_crdt_document":"","footnotes":""},"categories":[1,9,812],"tags":[5,618,127,795,310],"class_list":["post-12467","post","type-post","status-publish","format-standard","has-post-thumbnail","hentry","category-allgemein","category-dorfgetratsche","category-ortsvorsteher-dirmingen","tag-dirmingen","tag-gemeinde-eppelborn","tag-landkreis-neunkirchen","tag-ortsvorsteher-dirmingen","tag-saarland"],"_links":{"self":[{"href":"https:\/\/echta-derminga.de\/index.php?rest_route=\/wp\/v2\/posts\/12467","targetHints":{"allow":["GET"]}}],"collection":[{"href":"https:\/\/echta-derminga.de\/index.php?rest_route=\/wp\/v2\/posts"}],"about":[{"href":"https:\/\/echta-derminga.de\/index.php?rest_route=\/wp\/v2\/types\/post"}],"author":[{"embeddable":true,"href":"https:\/\/echta-derminga.de\/index.php?rest_route=\/wp\/v2\/users\/1"}],"replies":[{"embeddable":true,"href":"https:\/\/echta-derminga.de\/index.php?rest_route=%2Fwp%2Fv2%2Fcomments&post=12467"}],"version-history":[{"count":9,"href":"https:\/\/echta-derminga.de\/index.php?rest_route=\/wp\/v2\/posts\/12467\/revisions"}],"predecessor-version":[{"id":12484,"href":"https:\/\/echta-derminga.de\/index.php?rest_route=\/wp\/v2\/posts\/12467\/revisions\/12484"}],"wp:featuredmedia":[{"embeddable":true,"href":"https:\/\/echta-derminga.de\/index.php?rest_route=\/wp\/v2\/media\/12483"}],"wp:attachment":[{"href":"https:\/\/echta-derminga.de\/index.php?rest_route=%2Fwp%2Fv2%2Fmedia&parent=12467"}],"wp:term":[{"taxonomy":"category","embeddable":true,"href":"https:\/\/echta-derminga.de\/index.php?rest_route=%2Fwp%2Fv2%2Fcategories&post=12467"},{"taxonomy":"post_tag","embeddable":true,"href":"https:\/\/echta-derminga.de\/index.php?rest_route=%2Fwp%2Fv2%2Ftags&post=12467"}],"curies":[{"name":"wp","href":"https:\/\/api.w.org\/{rel}","templated":true}]}}